{"id":128224,"date":"2019-04-23T14:28:25","date_gmt":"2019-04-23T21:28:25","guid":{"rendered":"https:\/\/www.cetys.mx\/noticias\/?p=128224"},"modified":"2019-04-23T15:53:04","modified_gmt":"2019-04-23T22:53:04","slug":"entrevista-perez-vertti-2019","status":"publish","type":"post","link":"https:\/\/www.cetys.mx\/noticias\/entrevista-perez-vertti-2019\/","title":{"rendered":"Grandes retos para un guerrero de aguas internacionales"},"content":{"rendered":"<p>El nadador <strong>Arturo P\u00e9rez-Vertti<\/strong> obtuvo sus pases al <em>Campeonato Mundial FINA \u201cGwangju 2019\u201d<\/em> y a <em>Juegos Panamericanos \u201cLima 2019\u201d<\/em>, luego de clasificarse durante el pasado <em>Campeonato Nacional de Aguas Abiertas<\/em> en Puerto Morelos, Quintana Roo.<\/p>\n<p>Para el estudiante de <strong>CETYS Universidad Campus Tijuana<\/strong> ser\u00e1 su quinta situaci\u00f3n como mundialista y su tercera presencia en la gran justa continental, objetivos que casi no consegu\u00eda por un inconveniente f\u00edsico.<\/p>\n<p><img loading=\"lazy\" decoding=\"async\" class=\"alignnone size-full wp-image-128230\" src=\"https:\/\/www.cetys.mx\/noticias\/wp-content\/uploads\/2019\/04\/12132485_10207827729910572_5508275901809403542_o-e1556049807811.jpg\" alt=\"\" width=\"956\" height=\"637\" \/><\/p>\n<p><em>\u201cA finales del a\u00f1o pasado tuve una lesi\u00f3n en el hombro, fueron casi cuatro semanas sin poder nadar y otras cuatro de rehabilitaci\u00f3n; estuve en terapia con el Dr. Jos\u00e9 R. Fern\u00e1ndez en Ensenada, donde conoc\u00ed al entrenador Jos\u00e9 Luis Zepeda, llevando tres meses trabajando juntos\u201d.<\/em><\/p>\n<ul>\n<li><strong>Nadaste 10 kil\u00f3metros en una hora con 55 segundos y te quedaste a una u\u00f1a de ser campe\u00f3n nacional. \u00bfContento de cualquier modo? <\/strong><\/li>\n<\/ul>\n<p><em>&#8220;S\u00ed, muy satisfecho con los resultados<\/em> \u2013agreg\u00f3-. <em>Eran pocos boletos disponibles y consegu\u00ed uno. Tuve s\u00f3lo dos meses para entrenar pero me parece haber hecho un estupendo tiempo. Me siento emocionado por estos compromisos que vienen&#8221;.\u00a0<\/em><\/p>\n<p><strong>P\u00e9rez-Vertti<\/strong> estudia el sexto semestre de <strong>Administraci\u00f3n de Empresas<\/strong> y suma 12 a\u00f1os como nadador de alto rendimiento. Adem\u00e1s de Mundiales y Panamericanos, ha representado a M\u00e9xico en <em>Juegos Ol\u00edmpicos \u201cLondres 2012\u201d<\/em> y fue medallista de bronce en <em>Juegos Centroamericanos y del Caribe \u201cVeracruz 2014\u201d<\/em>.<\/p>\n<p><img loading=\"lazy\" decoding=\"async\" class=\"alignnone size-full wp-image-128229\" src=\"https:\/\/www.cetys.mx\/noticias\/wp-content\/uploads\/2019\/04\/WhatsApp-Image-2019-04-16-at-12.29.31-PM-e1556049729450.jpeg\" alt=\"\" width=\"956\" height=\"637\" \/><\/p>\n<p>La gran prueba mundialista en aguas sudcoreanas ser\u00e1 el martes 16 de julio en el <em>Expo Ocean Park<\/em> de Yeosu, al sureste de Gwangju. Despu\u00e9s se trasladar\u00e1 a Per\u00fa donde el domingo 4 de agosto entrar\u00e1 a <em>Laguna Bujama<\/em>, al sur de Lima, para intentar subir al podio panamericano. Para este doble reto, \u00e9l y su entrenador han dise\u00f1ado un plan de entrenamiento que est\u00e1 por aprobarse.<\/p>\n<p><em>\u201cVienen cuatro meses para prepararnos mejor: Queremos trabajar altitud en San Luis Potos\u00ed, despu\u00e9s playa en Quintana Roo<\/em> \u2013agreg\u00f3 el nativo de Ensenada-. <em>Previo al Mundial hay un evento importante en Set\u00fabal (<\/em>al sur de Lisboa, Portugal<em>), donde ser\u00e1 despu\u00e9s un Clasificatorio Ol\u00edmpico hacia \u2018Tokio 2020\u2019; ojal\u00e1 podamos estar ah\u00ed tambi\u00e9n\u201d.<\/em><\/p>\n<ul>\n<li><strong>\u00bfQu\u00e9 tal ha sido el apoyo de la instituci\u00f3n acad\u00e9mica?<\/strong><\/li>\n<\/ul>\n<p><em>&#8220;<strong>CETYS<\/strong> me ha apoyado enteramente en mi carrera deportiva. Aqu\u00ed tengo una excelente formaci\u00f3n con su programa de estudios. Primero en Campus Mexicali, ahora en Campus Tijuana. Estoy muy contento y, por supuesto, al corriente con las materias&#8221;<\/em>, concluy\u00f3.<\/p>\n<p>Un guerrero sigue partiendo mares en el mundo, portando con orgullo el gorro de<strong> M\u00e9xico <\/strong>y el de<strong> Zorros<\/strong>.<\/p>\n<p><img loading=\"lazy\" decoding=\"async\" class=\"alignnone size-full wp-image-128228\" src=\"https:\/\/www.cetys.mx\/noticias\/wp-content\/uploads\/2019\/04\/image00011-1-e1556049335230.jpg\" alt=\"\" width=\"956\" height=\"637\" \/><\/p>\n","protected":false},"excerpt":{"rendered":"<p>El nadador Arturo P\u00e9rez-Vertti obtuvo sus pases al Campeonato Mundial FINA \u201cGwangju 2019\u201d y a Juegos Panamericanos \u201cLima 2019\u201d, luego de clasificarse&#8230;<\/p>\n","protected":false},"author":24,"featured_media":128227,"comment_status":"open","ping_status":"closed","sticky":false,"template":"","format":"standard","meta":{"footnotes":""},"categories":[134,312,125,313],"tags":[233,1737,1215,1779],"class_list":["post-128224","post","type-post","status-publish","format-standard","has-post-thumbnail","hentry","category-campus-tijuana","category-deportes","category-portada","category-vocetys-2","tag-deportes","tag-lima-2019","tag-natacion","tag-tokio-2020","univesidades-cetys-campus-tijuana"],"yoast_head":"<!-- This site is optimized with the Yoast SEO plugin v27.4 - https:\/\/yoast.com\/product\/yoast-seo-wordpress\/ -->\n<title>Grandes retos para un guerrero de aguas internacionales - CETYS<\/title>\n<meta name=\"description\" content=\"Articulo sobre Grandes retos para un guerrero de aguas internacionales\" \/>\n<meta name=\"robots\" content=\"index, follow, max-snippet:-1, max-image-preview:large, max-video-preview:-1\" \/>\n<link rel=\"canonical\" href=\"https:\/\/www.cetys.mx\/noticias\/entrevista-perez-vertti-2019\/\" \/>\n<meta property=\"og:locale\" content=\"es_MX\" \/>\n<meta property=\"og:type\" content=\"article\" \/>\n<meta property=\"og:title\" content=\"Grandes retos para un guerrero de aguas internacionales - CETYS\" \/>\n<meta property=\"og:description\" content=\"Articulo sobre Grandes retos para un guerrero de aguas internacionales\" \/>\n<meta property=\"og:url\" content=\"https:\/\/www.cetys.mx\/noticias\/entrevista-perez-vertti-2019\/\" \/>\n<meta property=\"og:site_name\" content=\"CETYS\" \/>\n<meta property=\"article:publisher\" content=\"https:\/\/www.facebook.com\/cetysuniversidadmxl\/\" \/>\n<meta property=\"article:published_time\" content=\"2019-04-23T21:28:25+00:00\" \/>\n<meta property=\"article:modified_time\" content=\"2019-04-23T22:53:04+00:00\" \/>\n<meta property=\"og:image\" content=\"https:\/\/www.cetys.mx\/noticias\/wp-content\/uploads\/2019\/04\/image00004-e1556049236449.jpg\" \/>\n\t<meta property=\"og:image:width\" content=\"956\" \/>\n\t<meta property=\"og:image:height\" content=\"637\" \/>\n\t<meta property=\"og:image:type\" content=\"image\/jpeg\" \/>\n<meta name=\"author\" content=\"Campus Tijuana\" \/>\n<meta name=\"twitter:card\" content=\"summary_large_image\" \/>\n<meta name=\"twitter:creator\" content=\"@cetysuni\" \/>\n<meta name=\"twitter:site\" content=\"@cetysuni\" \/>\n<meta name=\"twitter:label1\" content=\"Escrito por\" \/>\n\t<meta name=\"twitter:data1\" content=\"Campus Tijuana\" \/>\n\t<meta name=\"twitter:label2\" content=\"Tiempo de lectura\" \/>\n\t<meta name=\"twitter:data2\" content=\"2 minutos\" \/>\n<script type=\"application\/ld+json\" class=\"yoast-schema-graph\">{\"@context\":\"https:\\\/\\\/schema.org\",\"@graph\":[{\"@type\":\"Article\",\"@id\":\"https:\\\/\\\/www.cetys.mx\\\/noticias\\\/entrevista-perez-vertti-2019\\\/#article\",\"isPartOf\":{\"@id\":\"https:\\\/\\\/www.cetys.mx\\\/noticias\\\/entrevista-perez-vertti-2019\\\/\"},\"author\":{\"name\":\"Campus Tijuana\",\"@id\":\"https:\\\/\\\/www.cetys.mx\\\/noticias\\\/#\\\/schema\\\/person\\\/e790051ce60e18ae47cfa87011c8653f\"},\"headline\":\"Grandes retos para un guerrero de aguas internacionales\",\"datePublished\":\"2019-04-23T21:28:25+00:00\",\"dateModified\":\"2019-04-23T22:53:04+00:00\",\"mainEntityOfPage\":{\"@id\":\"https:\\\/\\\/www.cetys.mx\\\/noticias\\\/entrevista-perez-vertti-2019\\\/\"},\"wordCount\":431,\"commentCount\":0,\"image\":{\"@id\":\"https:\\\/\\\/www.cetys.mx\\\/noticias\\\/entrevista-perez-vertti-2019\\\/#primaryimage\"},\"thumbnailUrl\":\"https:\\\/\\\/www.cetys.mx\\\/noticias\\\/wp-content\\\/uploads\\\/2019\\\/04\\\/image00004-e1556049236449.jpg\",\"keywords\":[\"Deportes\",\"Lima 2019\",\"Nataci\u00f3n\",\"Tokio 2020\"],\"articleSection\":[\"Campus Tijuana\",\"Deportes\",\"Portada\",\"VoCETYS\"],\"inLanguage\":\"es\",\"potentialAction\":[{\"@type\":\"CommentAction\",\"name\":\"Comment\",\"target\":[\"https:\\\/\\\/www.cetys.mx\\\/noticias\\\/entrevista-perez-vertti-2019\\\/#respond\"]}]},{\"@type\":\"WebPage\",\"@id\":\"https:\\\/\\\/www.cetys.mx\\\/noticias\\\/entrevista-perez-vertti-2019\\\/\",\"url\":\"https:\\\/\\\/www.cetys.mx\\\/noticias\\\/entrevista-perez-vertti-2019\\\/\",\"name\":\"Grandes retos para un guerrero de aguas internacionales - CETYS\",\"isPartOf\":{\"@id\":\"https:\\\/\\\/www.cetys.mx\\\/noticias\\\/#website\"},\"primaryImageOfPage\":{\"@id\":\"https:\\\/\\\/www.cetys.mx\\\/noticias\\\/entrevista-perez-vertti-2019\\\/#primaryimage\"},\"image\":{\"@id\":\"https:\\\/\\\/www.cetys.mx\\\/noticias\\\/entrevista-perez-vertti-2019\\\/#primaryimage\"},\"thumbnailUrl\":\"https:\\\/\\\/www.cetys.mx\\\/noticias\\\/wp-content\\\/uploads\\\/2019\\\/04\\\/image00004-e1556049236449.jpg\",\"datePublished\":\"2019-04-23T21:28:25+00:00\",\"dateModified\":\"2019-04-23T22:53:04+00:00\",\"author\":{\"@id\":\"https:\\\/\\\/www.cetys.mx\\\/noticias\\\/#\\\/schema\\\/person\\\/e790051ce60e18ae47cfa87011c8653f\"},\"description\":\"Articulo sobre Grandes retos para un guerrero de aguas internacionales\",\"breadcrumb\":{\"@id\":\"https:\\\/\\\/www.cetys.mx\\\/noticias\\\/entrevista-perez-vertti-2019\\\/#breadcrumb\"},\"inLanguage\":\"es\",\"potentialAction\":[{\"@type\":\"ReadAction\",\"target\":[\"https:\\\/\\\/www.cetys.mx\\\/noticias\\\/entrevista-perez-vertti-2019\\\/\"]}]},{\"@type\":\"ImageObject\",\"inLanguage\":\"es\",\"@id\":\"https:\\\/\\\/www.cetys.mx\\\/noticias\\\/entrevista-perez-vertti-2019\\\/#primaryimage\",\"url\":\"https:\\\/\\\/www.cetys.mx\\\/noticias\\\/wp-content\\\/uploads\\\/2019\\\/04\\\/image00004-e1556049236449.jpg\",\"contentUrl\":\"https:\\\/\\\/www.cetys.mx\\\/noticias\\\/wp-content\\\/uploads\\\/2019\\\/04\\\/image00004-e1556049236449.jpg\",\"width\":956,\"height\":637,\"caption\":\"CETYS Tijuana - Nataci\u00f3n\"},{\"@type\":\"BreadcrumbList\",\"@id\":\"https:\\\/\\\/www.cetys.mx\\\/noticias\\\/entrevista-perez-vertti-2019\\\/#breadcrumb\",\"itemListElement\":[{\"@type\":\"ListItem\",\"position\":1,\"name\":\"Inicio\",\"item\":\"https:\\\/\\\/www.cetys.mx\\\/noticias\\\/\"},{\"@type\":\"ListItem\",\"position\":2,\"name\":\"Grandes retos para un guerrero de aguas internacionales\"}]},{\"@type\":\"WebSite\",\"@id\":\"https:\\\/\\\/www.cetys.mx\\\/noticias\\\/#website\",\"url\":\"https:\\\/\\\/www.cetys.mx\\\/noticias\\\/\",\"name\":\"CETYS\",\"description\":\"\",\"potentialAction\":[{\"@type\":\"SearchAction\",\"target\":{\"@type\":\"EntryPoint\",\"urlTemplate\":\"https:\\\/\\\/www.cetys.mx\\\/noticias\\\/?s={search_term_string}\"},\"query-input\":{\"@type\":\"PropertyValueSpecification\",\"valueRequired\":true,\"valueName\":\"search_term_string\"}}],\"inLanguage\":\"es\"},{\"@type\":\"Person\",\"@id\":\"https:\\\/\\\/www.cetys.mx\\\/noticias\\\/#\\\/schema\\\/person\\\/e790051ce60e18ae47cfa87011c8653f\",\"name\":\"Campus Tijuana\",\"url\":\"https:\\\/\\\/www.cetys.mx\\\/noticias\\\/author\\\/campustijuana\\\/\"}]}<\/script>\n<!-- \/ Yoast SEO plugin. -->","yoast_head_json":{"title":"Grandes retos para un guerrero de aguas internacionales - CETYS","description":"Articulo sobre Grandes retos para un guerrero de aguas internacionales","robots":{"index":"index","follow":"follow","max-snippet":"max-snippet:-1","max-image-preview":"max-image-preview:large","max-video-preview":"max-video-preview:-1"},"canonical":"https:\/\/www.cetys.mx\/noticias\/entrevista-perez-vertti-2019\/","og_locale":"es_MX","og_type":"article","og_title":"Grandes retos para un guerrero de aguas internacionales - CETYS","og_description":"Articulo sobre Grandes retos para un guerrero de aguas internacionales","og_url":"https:\/\/www.cetys.mx\/noticias\/entrevista-perez-vertti-2019\/","og_site_name":"CETYS","article_publisher":"https:\/\/www.facebook.com\/cetysuniversidadmxl\/","article_published_time":"2019-04-23T21:28:25+00:00","article_modified_time":"2019-04-23T22:53:04+00:00","og_image":[{"width":956,"height":637,"url":"https:\/\/www.cetys.mx\/noticias\/wp-content\/uploads\/2019\/04\/image00004-e1556049236449.jpg","type":"image\/jpeg"}],"author":"Campus Tijuana","twitter_card":"summary_large_image","twitter_creator":"@cetysuni","twitter_site":"@cetysuni","twitter_misc":{"Escrito por":"Campus Tijuana","Tiempo de lectura":"2 minutos"},"schema":{"@context":"https:\/\/schema.org","@graph":[{"@type":"Article","@id":"https:\/\/www.cetys.mx\/noticias\/entrevista-perez-vertti-2019\/#article","isPartOf":{"@id":"https:\/\/www.cetys.mx\/noticias\/entrevista-perez-vertti-2019\/"},"author":{"name":"Campus Tijuana","@id":"https:\/\/www.cetys.mx\/noticias\/#\/schema\/person\/e790051ce60e18ae47cfa87011c8653f"},"headline":"Grandes retos para un guerrero de aguas internacionales","datePublished":"2019-04-23T21:28:25+00:00","dateModified":"2019-04-23T22:53:04+00:00","mainEntityOfPage":{"@id":"https:\/\/www.cetys.mx\/noticias\/entrevista-perez-vertti-2019\/"},"wordCount":431,"commentCount":0,"image":{"@id":"https:\/\/www.cetys.mx\/noticias\/entrevista-perez-vertti-2019\/#primaryimage"},"thumbnailUrl":"https:\/\/www.cetys.mx\/noticias\/wp-content\/uploads\/2019\/04\/image00004-e1556049236449.jpg","keywords":["Deportes","Lima 2019","Nataci\u00f3n","Tokio 2020"],"articleSection":["Campus Tijuana","Deportes","Portada","VoCETYS"],"inLanguage":"es","potentialAction":[{"@type":"CommentAction","name":"Comment","target":["https:\/\/www.cetys.mx\/noticias\/entrevista-perez-vertti-2019\/#respond"]}]},{"@type":"WebPage","@id":"https:\/\/www.cetys.mx\/noticias\/entrevista-perez-vertti-2019\/","url":"https:\/\/www.cetys.mx\/noticias\/entrevista-perez-vertti-2019\/","name":"Grandes retos para un guerrero de aguas internacionales - CETYS","isPartOf":{"@id":"https:\/\/www.cetys.mx\/noticias\/#website"},"primaryImageOfPage":{"@id":"https:\/\/www.cetys.mx\/noticias\/entrevista-perez-vertti-2019\/#primaryimage"},"image":{"@id":"https:\/\/www.cetys.mx\/noticias\/entrevista-perez-vertti-2019\/#primaryimage"},"thumbnailUrl":"https:\/\/www.cetys.mx\/noticias\/wp-content\/uploads\/2019\/04\/image00004-e1556049236449.jpg","datePublished":"2019-04-23T21:28:25+00:00","dateModified":"2019-04-23T22:53:04+00:00","author":{"@id":"https:\/\/www.cetys.mx\/noticias\/#\/schema\/person\/e790051ce60e18ae47cfa87011c8653f"},"description":"Articulo sobre Grandes retos para un guerrero de aguas internacionales","breadcrumb":{"@id":"https:\/\/www.cetys.mx\/noticias\/entrevista-perez-vertti-2019\/#breadcrumb"},"inLanguage":"es","potentialAction":[{"@type":"ReadAction","target":["https:\/\/www.cetys.mx\/noticias\/entrevista-perez-vertti-2019\/"]}]},{"@type":"ImageObject","inLanguage":"es","@id":"https:\/\/www.cetys.mx\/noticias\/entrevista-perez-vertti-2019\/#primaryimage","url":"https:\/\/www.cetys.mx\/noticias\/wp-content\/uploads\/2019\/04\/image00004-e1556049236449.jpg","contentUrl":"https:\/\/www.cetys.mx\/noticias\/wp-content\/uploads\/2019\/04\/image00004-e1556049236449.jpg","width":956,"height":637,"caption":"CETYS Tijuana - Nataci\u00f3n"},{"@type":"BreadcrumbList","@id":"https:\/\/www.cetys.mx\/noticias\/entrevista-perez-vertti-2019\/#breadcrumb","itemListElement":[{"@type":"ListItem","position":1,"name":"Inicio","item":"https:\/\/www.cetys.mx\/noticias\/"},{"@type":"ListItem","position":2,"name":"Grandes retos para un guerrero de aguas internacionales"}]},{"@type":"WebSite","@id":"https:\/\/www.cetys.mx\/noticias\/#website","url":"https:\/\/www.cetys.mx\/noticias\/","name":"CETYS","description":"","potentialAction":[{"@type":"SearchAction","target":{"@type":"EntryPoint","urlTemplate":"https:\/\/www.cetys.mx\/noticias\/?s={search_term_string}"},"query-input":{"@type":"PropertyValueSpecification","valueRequired":true,"valueName":"search_term_string"}}],"inLanguage":"es"},{"@type":"Person","@id":"https:\/\/www.cetys.mx\/noticias\/#\/schema\/person\/e790051ce60e18ae47cfa87011c8653f","name":"Campus Tijuana","url":"https:\/\/www.cetys.mx\/noticias\/author\/campustijuana\/"}]}},"_links":{"self":[{"href":"https:\/\/www.cetys.mx\/noticias\/wp-json\/wp\/v2\/posts\/128224","targetHints":{"allow":["GET"]}}],"collection":[{"href":"https:\/\/www.cetys.mx\/noticias\/wp-json\/wp\/v2\/posts"}],"about":[{"href":"https:\/\/www.cetys.mx\/noticias\/wp-json\/wp\/v2\/types\/post"}],"author":[{"embeddable":true,"href":"https:\/\/www.cetys.mx\/noticias\/wp-json\/wp\/v2\/users\/24"}],"replies":[{"embeddable":true,"href":"https:\/\/www.cetys.mx\/noticias\/wp-json\/wp\/v2\/comments?post=128224"}],"version-history":[{"count":0,"href":"https:\/\/www.cetys.mx\/noticias\/wp-json\/wp\/v2\/posts\/128224\/revisions"}],"wp:featuredmedia":[{"embeddable":true,"href":"https:\/\/www.cetys.mx\/noticias\/wp-json\/wp\/v2\/media\/128227"}],"wp:attachment":[{"href":"https:\/\/www.cetys.mx\/noticias\/wp-json\/wp\/v2\/media?parent=128224"}],"wp:term":[{"taxonomy":"category","embeddable":true,"href":"https:\/\/www.cetys.mx\/noticias\/wp-json\/wp\/v2\/categories?post=128224"},{"taxonomy":"post_tag","embeddable":true,"href":"https:\/\/www.cetys.mx\/noticias\/wp-json\/wp\/v2\/tags?post=128224"}],"curies":[{"name":"wp","href":"https:\/\/api.w.org\/{rel}","templated":true}]}}