{"id":127756,"date":"2019-04-08T16:09:32","date_gmt":"2019-04-08T23:09:32","guid":{"rendered":"https:\/\/www.cetys.mx\/noticias\/?p=127756"},"modified":"2019-04-11T17:22:44","modified_gmt":"2019-04-12T00:22:44","slug":"maestros-del-centro-de-idiomas-se-capacitan","status":"publish","type":"post","link":"https:\/\/www.cetys.mx\/noticias\/maestros-del-centro-de-idiomas-se-capacitan\/","title":{"rendered":"Maestros del Centro de Idiomas se capacitan"},"content":{"rendered":"<p><img loading=\"lazy\" decoding=\"async\" class=\"alignnone size-full wp-image-127758\" src=\"https:\/\/www.cetys.mx\/noticias\/wp-content\/uploads\/2019\/04\/DSC_0912.jpg\" alt=\"\" width=\"2992\" height=\"2000\" srcset=\"https:\/\/www.cetys.mx\/noticias\/wp-content\/uploads\/2019\/04\/DSC_0912.jpg 2992w, https:\/\/www.cetys.mx\/noticias\/wp-content\/uploads\/2019\/04\/DSC_0912-768x513.jpg 768w\" sizes=\"auto, (max-width: 2992px) 100vw, 2992px\" \/><\/p>\n<p>&nbsp;<\/p>\n<p>&nbsp;<\/p>\n<p>&nbsp;<\/p>\n<p>Con la finalidad de estar mejor preparados y siempre brindar un servicio de calidad, maestros del Centro de Idiomas de CETYS Campus Mexicali participaron en un par de talleres impartidos por acad\u00e9micos del equipo de consultores de MM Publications el pasado jueves 28 de marzo.<\/p>\n<p>&nbsp;<\/p>\n<p>El primero de estos talleres <em>\u00a0Pronunciation: The Highway to Successful Communication<\/em> fue impartido por Roger Espadas quien cuenta con amplia experiencia internacional en la ense\u00f1anza del idioma ingl\u00e9s y quien ense\u00f1\u00f3 a los maestros que la pronunciaci\u00f3n efectiva se puede lograr sin enfocarse en los detalles particulares de la fon\u00e9tica y la fonolog\u00eda. Los maestros aprendieron distintas actividades para ense\u00f1ar esta parte fundamental del idioma ingl\u00e9s.<\/p>\n<p>&nbsp;<\/p>\n<p>El segundo taller <em>Learn Through Play: Games in the English Classroom <\/em>qued\u00f3 a cargo de Gregg Sotiropoulus quien ha viajado por distintos pa\u00edses dando pl\u00e1ticas especializadas en la ense\u00f1anza de este idioma. En este taller los maestros del Centro de Idiomas aprendieron a incorporar actividades l\u00fadicas con fines did\u00e1cticos en su pr\u00e1ctica docente para hacer de sus clases experiencias amenas y efectivas.<\/p>\n<p>&nbsp;<\/p>\n<p>Estos talleres se llevaron a cabo como parte del programa de capacitaci\u00f3n y entrenamiento del Centro de Idiomas a cargo de la maestra Sheila Flores y cuyo prop\u00f3sito es preparar a nuestros maestros y brindarles las herramientas necesarias para que su desempe\u00f1o dentro del aula siempre sea el mejor.<\/p>\n<p>&nbsp;<\/p>\n<p>Si quieres tener clases con maestros profesionales y capacitados, comun\u00edcate con nosotros al 567 37 10 o solicita informaci\u00f3n en nuestra p\u00e1gina de internet.<\/p>\n<p>&nbsp;<\/p>\n<p>S\u00edguenos en Facebook, haz click <a href=\"https:\/\/www.facebook.com\/idiomas.cetysuniversidad\/\"><strong>aqu\u00ed<\/strong><\/a><\/p>\n","protected":false},"excerpt":{"rendered":"<p>&nbsp; &nbsp; &nbsp; Con la finalidad de estar mejor preparados y siempre brindar un servicio de calidad, maestros del Centro de Idiomas&#8230;<\/p>\n","protected":false},"author":104,"featured_media":127757,"comment_status":"open","ping_status":"closed","sticky":false,"template":"","format":"standard","meta":{"footnotes":""},"categories":[3299],"tags":[],"class_list":["post-127756","post","type-post","status-publish","format-standard","has-post-thumbnail","hentry","category-centro-de-idiomas"],"yoast_head":"<!-- This site is optimized with the Yoast SEO plugin v27.4 - https:\/\/yoast.com\/product\/yoast-seo-wordpress\/ -->\n<title>Maestros del Centro de Idiomas se capacitan - CETYS<\/title>\n<meta name=\"description\" content=\"Articulo sobre Maestros del Centro de Idiomas se capacitan\" \/>\n<meta name=\"robots\" content=\"index, follow, max-snippet:-1, max-image-preview:large, max-video-preview:-1\" \/>\n<link rel=\"canonical\" href=\"https:\/\/www.cetys.mx\/noticias\/maestros-del-centro-de-idiomas-se-capacitan\/\" \/>\n<meta property=\"og:locale\" content=\"es_MX\" \/>\n<meta property=\"og:type\" content=\"article\" \/>\n<meta property=\"og:title\" content=\"Maestros del Centro de Idiomas se capacitan - CETYS\" \/>\n<meta property=\"og:description\" content=\"Articulo sobre Maestros del Centro de Idiomas se capacitan\" \/>\n<meta property=\"og:url\" content=\"https:\/\/www.cetys.mx\/noticias\/maestros-del-centro-de-idiomas-se-capacitan\/\" \/>\n<meta property=\"og:site_name\" content=\"CETYS\" \/>\n<meta property=\"article:publisher\" content=\"https:\/\/www.facebook.com\/cetysuniversidadmxl\/\" \/>\n<meta property=\"article:published_time\" content=\"2019-04-08T23:09:32+00:00\" \/>\n<meta property=\"article:modified_time\" content=\"2019-04-12T00:22:44+00:00\" \/>\n<meta property=\"og:image\" content=\"https:\/\/www.cetys.mx\/noticias\/wp-content\/uploads\/2019\/04\/DSC_0899.jpg\" \/>\n\t<meta property=\"og:image:width\" content=\"2992\" \/>\n\t<meta property=\"og:image:height\" content=\"2000\" \/>\n\t<meta property=\"og:image:type\" content=\"image\/jpeg\" \/>\n<meta name=\"author\" content=\"Webmaster CETYS\" \/>\n<meta name=\"twitter:card\" content=\"summary_large_image\" \/>\n<meta name=\"twitter:creator\" content=\"@cetysuni\" \/>\n<meta name=\"twitter:site\" content=\"@cetysuni\" \/>\n<meta name=\"twitter:label1\" content=\"Escrito por\" \/>\n\t<meta name=\"twitter:data1\" content=\"Webmaster CETYS\" \/>\n\t<meta name=\"twitter:label2\" content=\"Tiempo de lectura\" \/>\n\t<meta name=\"twitter:data2\" content=\"1 minuto\" \/>\n<script type=\"application\/ld+json\" class=\"yoast-schema-graph\">{\"@context\":\"https:\\\/\\\/schema.org\",\"@graph\":[{\"@type\":\"Article\",\"@id\":\"https:\\\/\\\/www.cetys.mx\\\/noticias\\\/maestros-del-centro-de-idiomas-se-capacitan\\\/#article\",\"isPartOf\":{\"@id\":\"https:\\\/\\\/www.cetys.mx\\\/noticias\\\/maestros-del-centro-de-idiomas-se-capacitan\\\/\"},\"author\":{\"name\":\"Webmaster CETYS\",\"@id\":\"https:\\\/\\\/www.cetys.mx\\\/noticias\\\/#\\\/schema\\\/person\\\/eb1a69b819c9d1ac7fe98654690a557d\"},\"headline\":\"Maestros del Centro de Idiomas se capacitan\",\"datePublished\":\"2019-04-08T23:09:32+00:00\",\"dateModified\":\"2019-04-12T00:22:44+00:00\",\"mainEntityOfPage\":{\"@id\":\"https:\\\/\\\/www.cetys.mx\\\/noticias\\\/maestros-del-centro-de-idiomas-se-capacitan\\\/\"},\"wordCount\":284,\"commentCount\":0,\"image\":{\"@id\":\"https:\\\/\\\/www.cetys.mx\\\/noticias\\\/maestros-del-centro-de-idiomas-se-capacitan\\\/#primaryimage\"},\"thumbnailUrl\":\"https:\\\/\\\/www.cetys.mx\\\/noticias\\\/wp-content\\\/uploads\\\/2019\\\/04\\\/DSC_0899.jpg\",\"articleSection\":[\"Centro de Idiomas\"],\"inLanguage\":\"es\",\"potentialAction\":[{\"@type\":\"CommentAction\",\"name\":\"Comment\",\"target\":[\"https:\\\/\\\/www.cetys.mx\\\/noticias\\\/maestros-del-centro-de-idiomas-se-capacitan\\\/#respond\"]}]},{\"@type\":\"WebPage\",\"@id\":\"https:\\\/\\\/www.cetys.mx\\\/noticias\\\/maestros-del-centro-de-idiomas-se-capacitan\\\/\",\"url\":\"https:\\\/\\\/www.cetys.mx\\\/noticias\\\/maestros-del-centro-de-idiomas-se-capacitan\\\/\",\"name\":\"Maestros del Centro de Idiomas se capacitan - CETYS\",\"isPartOf\":{\"@id\":\"https:\\\/\\\/www.cetys.mx\\\/noticias\\\/#website\"},\"primaryImageOfPage\":{\"@id\":\"https:\\\/\\\/www.cetys.mx\\\/noticias\\\/maestros-del-centro-de-idiomas-se-capacitan\\\/#primaryimage\"},\"image\":{\"@id\":\"https:\\\/\\\/www.cetys.mx\\\/noticias\\\/maestros-del-centro-de-idiomas-se-capacitan\\\/#primaryimage\"},\"thumbnailUrl\":\"https:\\\/\\\/www.cetys.mx\\\/noticias\\\/wp-content\\\/uploads\\\/2019\\\/04\\\/DSC_0899.jpg\",\"datePublished\":\"2019-04-08T23:09:32+00:00\",\"dateModified\":\"2019-04-12T00:22:44+00:00\",\"author\":{\"@id\":\"https:\\\/\\\/www.cetys.mx\\\/noticias\\\/#\\\/schema\\\/person\\\/eb1a69b819c9d1ac7fe98654690a557d\"},\"description\":\"Articulo sobre Maestros del Centro de Idiomas se capacitan\",\"breadcrumb\":{\"@id\":\"https:\\\/\\\/www.cetys.mx\\\/noticias\\\/maestros-del-centro-de-idiomas-se-capacitan\\\/#breadcrumb\"},\"inLanguage\":\"es\",\"potentialAction\":[{\"@type\":\"ReadAction\",\"target\":[\"https:\\\/\\\/www.cetys.mx\\\/noticias\\\/maestros-del-centro-de-idiomas-se-capacitan\\\/\"]}]},{\"@type\":\"ImageObject\",\"inLanguage\":\"es\",\"@id\":\"https:\\\/\\\/www.cetys.mx\\\/noticias\\\/maestros-del-centro-de-idiomas-se-capacitan\\\/#primaryimage\",\"url\":\"https:\\\/\\\/www.cetys.mx\\\/noticias\\\/wp-content\\\/uploads\\\/2019\\\/04\\\/DSC_0899.jpg\",\"contentUrl\":\"https:\\\/\\\/www.cetys.mx\\\/noticias\\\/wp-content\\\/uploads\\\/2019\\\/04\\\/DSC_0899.jpg\",\"width\":2992,\"height\":2000},{\"@type\":\"BreadcrumbList\",\"@id\":\"https:\\\/\\\/www.cetys.mx\\\/noticias\\\/maestros-del-centro-de-idiomas-se-capacitan\\\/#breadcrumb\",\"itemListElement\":[{\"@type\":\"ListItem\",\"position\":1,\"name\":\"Inicio\",\"item\":\"https:\\\/\\\/www.cetys.mx\\\/noticias\\\/\"},{\"@type\":\"ListItem\",\"position\":2,\"name\":\"Maestros del Centro de Idiomas se capacitan\"}]},{\"@type\":\"WebSite\",\"@id\":\"https:\\\/\\\/www.cetys.mx\\\/noticias\\\/#website\",\"url\":\"https:\\\/\\\/www.cetys.mx\\\/noticias\\\/\",\"name\":\"CETYS\",\"description\":\"\",\"potentialAction\":[{\"@type\":\"SearchAction\",\"target\":{\"@type\":\"EntryPoint\",\"urlTemplate\":\"https:\\\/\\\/www.cetys.mx\\\/noticias\\\/?s={search_term_string}\"},\"query-input\":{\"@type\":\"PropertyValueSpecification\",\"valueRequired\":true,\"valueName\":\"search_term_string\"}}],\"inLanguage\":\"es\"},{\"@type\":\"Person\",\"@id\":\"https:\\\/\\\/www.cetys.mx\\\/noticias\\\/#\\\/schema\\\/person\\\/eb1a69b819c9d1ac7fe98654690a557d\",\"name\":\"Webmaster CETYS\",\"url\":\"https:\\\/\\\/www.cetys.mx\\\/noticias\\\/author\\\/webmaster\\\/\"}]}<\/script>\n<!-- \/ Yoast SEO plugin. -->","yoast_head_json":{"title":"Maestros del Centro de Idiomas se capacitan - CETYS","description":"Articulo sobre Maestros del Centro de Idiomas se capacitan","robots":{"index":"index","follow":"follow","max-snippet":"max-snippet:-1","max-image-preview":"max-image-preview:large","max-video-preview":"max-video-preview:-1"},"canonical":"https:\/\/www.cetys.mx\/noticias\/maestros-del-centro-de-idiomas-se-capacitan\/","og_locale":"es_MX","og_type":"article","og_title":"Maestros del Centro de Idiomas se capacitan - CETYS","og_description":"Articulo sobre Maestros del Centro de Idiomas se capacitan","og_url":"https:\/\/www.cetys.mx\/noticias\/maestros-del-centro-de-idiomas-se-capacitan\/","og_site_name":"CETYS","article_publisher":"https:\/\/www.facebook.com\/cetysuniversidadmxl\/","article_published_time":"2019-04-08T23:09:32+00:00","article_modified_time":"2019-04-12T00:22:44+00:00","og_image":[{"url":"https:\/\/www.cetys.mx\/noticias\/wp-content\/uploads\/2019\/04\/DSC_0899.jpg","width":2992,"height":2000,"type":"image\/jpeg"}],"author":"Webmaster CETYS","twitter_card":"summary_large_image","twitter_creator":"@cetysuni","twitter_site":"@cetysuni","twitter_misc":{"Escrito por":"Webmaster CETYS","Tiempo de lectura":"1 minuto"},"schema":{"@context":"https:\/\/schema.org","@graph":[{"@type":"Article","@id":"https:\/\/www.cetys.mx\/noticias\/maestros-del-centro-de-idiomas-se-capacitan\/#article","isPartOf":{"@id":"https:\/\/www.cetys.mx\/noticias\/maestros-del-centro-de-idiomas-se-capacitan\/"},"author":{"name":"Webmaster CETYS","@id":"https:\/\/www.cetys.mx\/noticias\/#\/schema\/person\/eb1a69b819c9d1ac7fe98654690a557d"},"headline":"Maestros del Centro de Idiomas se capacitan","datePublished":"2019-04-08T23:09:32+00:00","dateModified":"2019-04-12T00:22:44+00:00","mainEntityOfPage":{"@id":"https:\/\/www.cetys.mx\/noticias\/maestros-del-centro-de-idiomas-se-capacitan\/"},"wordCount":284,"commentCount":0,"image":{"@id":"https:\/\/www.cetys.mx\/noticias\/maestros-del-centro-de-idiomas-se-capacitan\/#primaryimage"},"thumbnailUrl":"https:\/\/www.cetys.mx\/noticias\/wp-content\/uploads\/2019\/04\/DSC_0899.jpg","articleSection":["Centro de Idiomas"],"inLanguage":"es","potentialAction":[{"@type":"CommentAction","name":"Comment","target":["https:\/\/www.cetys.mx\/noticias\/maestros-del-centro-de-idiomas-se-capacitan\/#respond"]}]},{"@type":"WebPage","@id":"https:\/\/www.cetys.mx\/noticias\/maestros-del-centro-de-idiomas-se-capacitan\/","url":"https:\/\/www.cetys.mx\/noticias\/maestros-del-centro-de-idiomas-se-capacitan\/","name":"Maestros del Centro de Idiomas se capacitan - CETYS","isPartOf":{"@id":"https:\/\/www.cetys.mx\/noticias\/#website"},"primaryImageOfPage":{"@id":"https:\/\/www.cetys.mx\/noticias\/maestros-del-centro-de-idiomas-se-capacitan\/#primaryimage"},"image":{"@id":"https:\/\/www.cetys.mx\/noticias\/maestros-del-centro-de-idiomas-se-capacitan\/#primaryimage"},"thumbnailUrl":"https:\/\/www.cetys.mx\/noticias\/wp-content\/uploads\/2019\/04\/DSC_0899.jpg","datePublished":"2019-04-08T23:09:32+00:00","dateModified":"2019-04-12T00:22:44+00:00","author":{"@id":"https:\/\/www.cetys.mx\/noticias\/#\/schema\/person\/eb1a69b819c9d1ac7fe98654690a557d"},"description":"Articulo sobre Maestros del Centro de Idiomas se capacitan","breadcrumb":{"@id":"https:\/\/www.cetys.mx\/noticias\/maestros-del-centro-de-idiomas-se-capacitan\/#breadcrumb"},"inLanguage":"es","potentialAction":[{"@type":"ReadAction","target":["https:\/\/www.cetys.mx\/noticias\/maestros-del-centro-de-idiomas-se-capacitan\/"]}]},{"@type":"ImageObject","inLanguage":"es","@id":"https:\/\/www.cetys.mx\/noticias\/maestros-del-centro-de-idiomas-se-capacitan\/#primaryimage","url":"https:\/\/www.cetys.mx\/noticias\/wp-content\/uploads\/2019\/04\/DSC_0899.jpg","contentUrl":"https:\/\/www.cetys.mx\/noticias\/wp-content\/uploads\/2019\/04\/DSC_0899.jpg","width":2992,"height":2000},{"@type":"BreadcrumbList","@id":"https:\/\/www.cetys.mx\/noticias\/maestros-del-centro-de-idiomas-se-capacitan\/#breadcrumb","itemListElement":[{"@type":"ListItem","position":1,"name":"Inicio","item":"https:\/\/www.cetys.mx\/noticias\/"},{"@type":"ListItem","position":2,"name":"Maestros del Centro de Idiomas se capacitan"}]},{"@type":"WebSite","@id":"https:\/\/www.cetys.mx\/noticias\/#website","url":"https:\/\/www.cetys.mx\/noticias\/","name":"CETYS","description":"","potentialAction":[{"@type":"SearchAction","target":{"@type":"EntryPoint","urlTemplate":"https:\/\/www.cetys.mx\/noticias\/?s={search_term_string}"},"query-input":{"@type":"PropertyValueSpecification","valueRequired":true,"valueName":"search_term_string"}}],"inLanguage":"es"},{"@type":"Person","@id":"https:\/\/www.cetys.mx\/noticias\/#\/schema\/person\/eb1a69b819c9d1ac7fe98654690a557d","name":"Webmaster CETYS","url":"https:\/\/www.cetys.mx\/noticias\/author\/webmaster\/"}]}},"_links":{"self":[{"href":"https:\/\/www.cetys.mx\/noticias\/wp-json\/wp\/v2\/posts\/127756","targetHints":{"allow":["GET"]}}],"collection":[{"href":"https:\/\/www.cetys.mx\/noticias\/wp-json\/wp\/v2\/posts"}],"about":[{"href":"https:\/\/www.cetys.mx\/noticias\/wp-json\/wp\/v2\/types\/post"}],"author":[{"embeddable":true,"href":"https:\/\/www.cetys.mx\/noticias\/wp-json\/wp\/v2\/users\/104"}],"replies":[{"embeddable":true,"href":"https:\/\/www.cetys.mx\/noticias\/wp-json\/wp\/v2\/comments?post=127756"}],"version-history":[{"count":0,"href":"https:\/\/www.cetys.mx\/noticias\/wp-json\/wp\/v2\/posts\/127756\/revisions"}],"wp:featuredmedia":[{"embeddable":true,"href":"https:\/\/www.cetys.mx\/noticias\/wp-json\/wp\/v2\/media\/127757"}],"wp:attachment":[{"href":"https:\/\/www.cetys.mx\/noticias\/wp-json\/wp\/v2\/media?parent=127756"}],"wp:term":[{"taxonomy":"category","embeddable":true,"href":"https:\/\/www.cetys.mx\/noticias\/wp-json\/wp\/v2\/categories?post=127756"},{"taxonomy":"post_tag","embeddable":true,"href":"https:\/\/www.cetys.mx\/noticias\/wp-json\/wp\/v2\/tags?post=127756"}],"curies":[{"name":"wp","href":"https:\/\/api.w.org\/{rel}","templated":true}]}}