{"id":127675,"date":"2019-04-07T20:14:10","date_gmt":"2019-04-08T03:14:10","guid":{"rendered":"https:\/\/www.cetys.mx\/noticias\/?p=127675"},"modified":"2019-04-07T20:14:10","modified_gmt":"2019-04-08T03:14:10","slug":"zorros-femenil-campeonas-de-baloncesto-en-la-universiada-regional","status":"publish","type":"post","link":"https:\/\/www.cetys.mx\/noticias\/zorros-femenil-campeonas-de-baloncesto-en-la-universiada-regional\/","title":{"rendered":"Zorros femenil campeonas de baloncesto en la Universiada Regional"},"content":{"rendered":"<p style=\"text-align: justify;\">CETYS Universidad en la rama femenil e ITSON en la varonil se quedaron con los campeonatos del baloncesto en la Universiada Regional 2019 que concluy\u00f3 este d\u00eda en el Gimnasio de los Zorros Campus Mexicali.<\/p>\n<p style=\"text-align: justify;\">Luego de las dos primeras jornadas en la duela del Gimnasio de los Zorros de CETYS Universidad Campus Mexicali tanto Zorros como Potros llegaron a la jornada final sin derrotas, tanto en la rama femenil como en la varonil, as\u00ed aseguraron al menos el segundo lugar de la competencia.<\/p>\n<p style=\"text-align: justify;\">En damas, CETYS al mando de C\u00e9sar Valencia amarraron su pase con triunfos ante las Cimarronas de la UABC con marcador de 105-24, ante las \u00c1guilas de la UAS 84-42 y frente a las B\u00fahos de la Universidad de Sonora con pizarra de 83-47.<\/p>\n<p style=\"text-align: justify;\">Por su parte las Potras del ITSON acumularon sus triunfos ante la UAS (78-56), Unison (84-50) y UABC (97-37).<\/p>\n<p style=\"text-align: justify;\">En el juego por el primer lugar, CETYS Universidad derrot\u00f3 al ITSON al son de 76 puntos por 45, as\u00ed se quedaron el t\u00edtulo regional e ir\u00e1n a la defensa del campeonato nacional conseguido en 2018.<\/p>\n<p style=\"text-align: justify;\">La plantilla de Zorros la conforman Jessica Garc\u00eda, Stephania Flores, Paola Padilla, Sarah\u00ed Flores, Daryana D\u00edaz, Stephania Liz\u00e1rraga, Lizeth Fitch, Fernanda Gil, Itzel Figueroa, Cassandra Esquer, Andrea Rosales y Tania Armend\u00e1riz. Coach C\u00e9sar Valencia y asistente Francisco Javier Terrazas.<\/p>\n<p style=\"text-align: justify;\">\n<div id=\"attachment_127680\" style=\"width: 860px\" class=\"wp-caption aligncenter\"><img loading=\"lazy\" decoding=\"async\" aria-describedby=\"caption-attachment-127680\" class=\"size-full wp-image-127680\" src=\"https:\/\/www.cetys.mx\/noticias\/wp-content\/uploads\/2019\/04\/Emocionante-final-varonil-Copy.jpeg\" alt=\"\" width=\"850\" height=\"567\" srcset=\"https:\/\/www.cetys.mx\/noticias\/wp-content\/uploads\/2019\/04\/Emocionante-final-varonil-Copy.jpeg 850w, https:\/\/www.cetys.mx\/noticias\/wp-content\/uploads\/2019\/04\/Emocionante-final-varonil-Copy-768x512.jpeg 768w\" sizes=\"auto, (max-width: 850px) 100vw, 850px\" \/><p id=\"caption-attachment-127680\" class=\"wp-caption-text\">Zorros y Potros dieron un juegazo<\/p><\/div>\n<p>&nbsp;<\/p>\n<p style=\"text-align: justify;\">CETYS subcampe\u00f3n en varonil<\/p>\n<p style=\"text-align: justify;\">En hombres, Potros del ITSON vencieron en un gran encuentro a los Zorros de CETYS Universidad con marcador de 72 puntos por 67 para as\u00ed quedarse en el primer lugar de la competencia, aunque ambos equipos avanzaron a la Universiada Nacional 2019.<\/p>\n<p style=\"text-align: justify;\">Fue un duelo de alternativas, CETYS gan\u00f3 el primer cuarto 19-14, ampli\u00f3 la diferencia al medio tiempo con un 32-25, pero en el arranque de la segunda mitad los Potros lograron 8 puntos consecutivos para ponerse al frente. El tercer cuarto termin\u00f3 a favor de los sonorenses 51-43.<\/p>\n<p style=\"text-align: justify;\">El cuarto periodo fue intenso, Zorros logr\u00f3 recuperar la delantera por un instante, as\u00ed se fueron parejos. A falta de un minuto del final, CETYS ganaba por uno, cuando Efra\u00edn Ur\u00edas de ITSON rob\u00f3 el bal\u00f3n dos veces para poner al frente a su equipo.<\/p>\n<p style=\"text-align: justify;\">Por el ITSON destacaron a la ofensiva el pivote Alejandro Reyna con 18 punto, lo mismo que Emilio Vincent, mientras que por CETYS los jugadores con m\u00e1s puntos fueron Jos\u00e9 David Lara con 14 y Jorge Escalante con 12.<\/p>\n<p style=\"text-align: justify;\">Zorros triunf\u00f3 el viernes pasado ante los Cimarrones de la Universidad Aut\u00f3noma de Baja California con marcador de 78-57 y el s\u00e1bado en emocionante cotejo que se defini\u00f3 en el \u00faltimo minuto, se impusieron 77-75 a las \u00c1guilas de la Universidad Aut\u00f3noma de Sinaloa.<\/p>\n<p style=\"text-align: justify;\">Los Potros del ITSON iniciaron el viernes con victoria frente a la UAS, el marcador fue 70-55 y el s\u00e1bado aseguraron su pase a la Universidad Nacional al ganarle a la UABC 95-54.<\/p>\n<p style=\"text-align: justify;\">\n","protected":false},"excerpt":{"rendered":"<p>CETYS Universidad en la rama femenil e ITSON en la varonil se quedaron con los campeonatos del baloncesto en la Universiada Regional&#8230;<\/p>\n","protected":false},"author":26,"featured_media":127681,"comment_status":"open","ping_status":"closed","sticky":false,"template":"","format":"standard","meta":{"footnotes":""},"categories":[209],"tags":[3046,984,566,233,3460,1425,238],"class_list":["post-127675","post","type-post","status-publish","format-standard","has-post-thumbnail","hentry","category-institucional","tag-gozorros","tag-orgullocetys","tag-atletismo","tag-deportes","tag-regional-cetys","tag-universiada-regional","tag-zorros"],"yoast_head":"<!-- This site is optimized with the Yoast SEO plugin v27.4 - https:\/\/yoast.com\/product\/yoast-seo-wordpress\/ -->\n<title>Zorros femenil campeonas de baloncesto en la Universiada Regional - CETYS<\/title>\n<meta name=\"description\" content=\"Articulo sobre Zorros femenil campeonas de baloncesto en la Universiada Regional\" \/>\n<meta name=\"robots\" content=\"index, follow, max-snippet:-1, max-image-preview:large, max-video-preview:-1\" \/>\n<link rel=\"canonical\" href=\"https:\/\/www.cetys.mx\/noticias\/zorros-femenil-campeonas-de-baloncesto-en-la-universiada-regional\/\" \/>\n<meta property=\"og:locale\" content=\"es_MX\" \/>\n<meta property=\"og:type\" content=\"article\" \/>\n<meta property=\"og:title\" content=\"Zorros femenil campeonas de baloncesto en la Universiada Regional - CETYS\" \/>\n<meta property=\"og:description\" content=\"Articulo sobre Zorros femenil campeonas de baloncesto en la Universiada Regional\" \/>\n<meta property=\"og:url\" content=\"https:\/\/www.cetys.mx\/noticias\/zorros-femenil-campeonas-de-baloncesto-en-la-universiada-regional\/\" \/>\n<meta property=\"og:site_name\" content=\"CETYS\" \/>\n<meta property=\"article:publisher\" content=\"https:\/\/www.facebook.com\/cetysuniversidadmxl\/\" \/>\n<meta property=\"article:published_time\" content=\"2019-04-08T03:14:10+00:00\" \/>\n<meta property=\"og:image\" content=\"https:\/\/www.cetys.mx\/noticias\/wp-content\/uploads\/2019\/04\/Zorros-femenil-a-defender-su-campeonato-nacional-Copy.jpeg\" \/>\n\t<meta property=\"og:image:width\" content=\"850\" \/>\n\t<meta property=\"og:image:height\" content=\"567\" \/>\n\t<meta property=\"og:image:type\" content=\"image\/jpeg\" \/>\n<meta name=\"author\" content=\"CETYS Institucional\" \/>\n<meta name=\"twitter:card\" content=\"summary_large_image\" \/>\n<meta name=\"twitter:creator\" content=\"@cetysuni\" \/>\n<meta name=\"twitter:site\" content=\"@cetysuni\" \/>\n<meta name=\"twitter:label1\" content=\"Escrito por\" \/>\n\t<meta name=\"twitter:data1\" content=\"CETYS Institucional\" \/>\n\t<meta name=\"twitter:label2\" content=\"Tiempo de lectura\" \/>\n\t<meta name=\"twitter:data2\" content=\"2 minutos\" \/>\n<script type=\"application\/ld+json\" class=\"yoast-schema-graph\">{\"@context\":\"https:\\\/\\\/schema.org\",\"@graph\":[{\"@type\":\"Article\",\"@id\":\"https:\\\/\\\/www.cetys.mx\\\/noticias\\\/zorros-femenil-campeonas-de-baloncesto-en-la-universiada-regional\\\/#article\",\"isPartOf\":{\"@id\":\"https:\\\/\\\/www.cetys.mx\\\/noticias\\\/zorros-femenil-campeonas-de-baloncesto-en-la-universiada-regional\\\/\"},\"author\":{\"name\":\"CETYS Institucional\",\"@id\":\"https:\\\/\\\/www.cetys.mx\\\/noticias\\\/#\\\/schema\\\/person\\\/e9d2b35265b64aa454df57a2828eb2ac\"},\"headline\":\"Zorros femenil campeonas de baloncesto en la Universiada Regional\",\"datePublished\":\"2019-04-08T03:14:10+00:00\",\"mainEntityOfPage\":{\"@id\":\"https:\\\/\\\/www.cetys.mx\\\/noticias\\\/zorros-femenil-campeonas-de-baloncesto-en-la-universiada-regional\\\/\"},\"wordCount\":508,\"commentCount\":0,\"image\":{\"@id\":\"https:\\\/\\\/www.cetys.mx\\\/noticias\\\/zorros-femenil-campeonas-de-baloncesto-en-la-universiada-regional\\\/#primaryimage\"},\"thumbnailUrl\":\"https:\\\/\\\/www.cetys.mx\\\/noticias\\\/wp-content\\\/uploads\\\/2019\\\/04\\\/Zorros-femenil-a-defender-su-campeonato-nacional-Copy.jpeg\",\"keywords\":[\"#GoZorros\",\"#orgulloCETYS\",\"Atletismo\",\"Deportes\",\"Regional CETYS\",\"Universiada Regional\",\"zorros\"],\"articleSection\":[\"Institucional\"],\"inLanguage\":\"es\",\"potentialAction\":[{\"@type\":\"CommentAction\",\"name\":\"Comment\",\"target\":[\"https:\\\/\\\/www.cetys.mx\\\/noticias\\\/zorros-femenil-campeonas-de-baloncesto-en-la-universiada-regional\\\/#respond\"]}]},{\"@type\":\"WebPage\",\"@id\":\"https:\\\/\\\/www.cetys.mx\\\/noticias\\\/zorros-femenil-campeonas-de-baloncesto-en-la-universiada-regional\\\/\",\"url\":\"https:\\\/\\\/www.cetys.mx\\\/noticias\\\/zorros-femenil-campeonas-de-baloncesto-en-la-universiada-regional\\\/\",\"name\":\"Zorros femenil campeonas de baloncesto en la Universiada Regional - CETYS\",\"isPartOf\":{\"@id\":\"https:\\\/\\\/www.cetys.mx\\\/noticias\\\/#website\"},\"primaryImageOfPage\":{\"@id\":\"https:\\\/\\\/www.cetys.mx\\\/noticias\\\/zorros-femenil-campeonas-de-baloncesto-en-la-universiada-regional\\\/#primaryimage\"},\"image\":{\"@id\":\"https:\\\/\\\/www.cetys.mx\\\/noticias\\\/zorros-femenil-campeonas-de-baloncesto-en-la-universiada-regional\\\/#primaryimage\"},\"thumbnailUrl\":\"https:\\\/\\\/www.cetys.mx\\\/noticias\\\/wp-content\\\/uploads\\\/2019\\\/04\\\/Zorros-femenil-a-defender-su-campeonato-nacional-Copy.jpeg\",\"datePublished\":\"2019-04-08T03:14:10+00:00\",\"author\":{\"@id\":\"https:\\\/\\\/www.cetys.mx\\\/noticias\\\/#\\\/schema\\\/person\\\/e9d2b35265b64aa454df57a2828eb2ac\"},\"description\":\"Articulo sobre Zorros femenil campeonas de baloncesto en la Universiada Regional\",\"breadcrumb\":{\"@id\":\"https:\\\/\\\/www.cetys.mx\\\/noticias\\\/zorros-femenil-campeonas-de-baloncesto-en-la-universiada-regional\\\/#breadcrumb\"},\"inLanguage\":\"es\",\"potentialAction\":[{\"@type\":\"ReadAction\",\"target\":[\"https:\\\/\\\/www.cetys.mx\\\/noticias\\\/zorros-femenil-campeonas-de-baloncesto-en-la-universiada-regional\\\/\"]}]},{\"@type\":\"ImageObject\",\"inLanguage\":\"es\",\"@id\":\"https:\\\/\\\/www.cetys.mx\\\/noticias\\\/zorros-femenil-campeonas-de-baloncesto-en-la-universiada-regional\\\/#primaryimage\",\"url\":\"https:\\\/\\\/www.cetys.mx\\\/noticias\\\/wp-content\\\/uploads\\\/2019\\\/04\\\/Zorros-femenil-a-defender-su-campeonato-nacional-Copy.jpeg\",\"contentUrl\":\"https:\\\/\\\/www.cetys.mx\\\/noticias\\\/wp-content\\\/uploads\\\/2019\\\/04\\\/Zorros-femenil-a-defender-su-campeonato-nacional-Copy.jpeg\",\"width\":850,\"height\":567,\"caption\":\"CETYS campe\u00f3n regional de baloncesto femenil\"},{\"@type\":\"BreadcrumbList\",\"@id\":\"https:\\\/\\\/www.cetys.mx\\\/noticias\\\/zorros-femenil-campeonas-de-baloncesto-en-la-universiada-regional\\\/#breadcrumb\",\"itemListElement\":[{\"@type\":\"ListItem\",\"position\":1,\"name\":\"Inicio\",\"item\":\"https:\\\/\\\/www.cetys.mx\\\/noticias\\\/\"},{\"@type\":\"ListItem\",\"position\":2,\"name\":\"Zorros femenil campeonas de baloncesto en la Universiada Regional\"}]},{\"@type\":\"WebSite\",\"@id\":\"https:\\\/\\\/www.cetys.mx\\\/noticias\\\/#website\",\"url\":\"https:\\\/\\\/www.cetys.mx\\\/noticias\\\/\",\"name\":\"CETYS\",\"description\":\"\",\"potentialAction\":[{\"@type\":\"SearchAction\",\"target\":{\"@type\":\"EntryPoint\",\"urlTemplate\":\"https:\\\/\\\/www.cetys.mx\\\/noticias\\\/?s={search_term_string}\"},\"query-input\":{\"@type\":\"PropertyValueSpecification\",\"valueRequired\":true,\"valueName\":\"search_term_string\"}}],\"inLanguage\":\"es\"},{\"@type\":\"Person\",\"@id\":\"https:\\\/\\\/www.cetys.mx\\\/noticias\\\/#\\\/schema\\\/person\\\/e9d2b35265b64aa454df57a2828eb2ac\",\"name\":\"CETYS Institucional\",\"url\":\"https:\\\/\\\/www.cetys.mx\\\/noticias\\\/author\\\/cetysinstitucional\\\/\"}]}<\/script>\n<!-- \/ Yoast SEO plugin. -->","yoast_head_json":{"title":"Zorros femenil campeonas de baloncesto en la Universiada Regional - CETYS","description":"Articulo sobre Zorros femenil campeonas de baloncesto en la Universiada Regional","robots":{"index":"index","follow":"follow","max-snippet":"max-snippet:-1","max-image-preview":"max-image-preview:large","max-video-preview":"max-video-preview:-1"},"canonical":"https:\/\/www.cetys.mx\/noticias\/zorros-femenil-campeonas-de-baloncesto-en-la-universiada-regional\/","og_locale":"es_MX","og_type":"article","og_title":"Zorros femenil campeonas de baloncesto en la Universiada Regional - CETYS","og_description":"Articulo sobre Zorros femenil campeonas de baloncesto en la Universiada Regional","og_url":"https:\/\/www.cetys.mx\/noticias\/zorros-femenil-campeonas-de-baloncesto-en-la-universiada-regional\/","og_site_name":"CETYS","article_publisher":"https:\/\/www.facebook.com\/cetysuniversidadmxl\/","article_published_time":"2019-04-08T03:14:10+00:00","og_image":[{"width":850,"height":567,"url":"https:\/\/www.cetys.mx\/noticias\/wp-content\/uploads\/2019\/04\/Zorros-femenil-a-defender-su-campeonato-nacional-Copy.jpeg","type":"image\/jpeg"}],"author":"CETYS Institucional","twitter_card":"summary_large_image","twitter_creator":"@cetysuni","twitter_site":"@cetysuni","twitter_misc":{"Escrito por":"CETYS Institucional","Tiempo de lectura":"2 minutos"},"schema":{"@context":"https:\/\/schema.org","@graph":[{"@type":"Article","@id":"https:\/\/www.cetys.mx\/noticias\/zorros-femenil-campeonas-de-baloncesto-en-la-universiada-regional\/#article","isPartOf":{"@id":"https:\/\/www.cetys.mx\/noticias\/zorros-femenil-campeonas-de-baloncesto-en-la-universiada-regional\/"},"author":{"name":"CETYS Institucional","@id":"https:\/\/www.cetys.mx\/noticias\/#\/schema\/person\/e9d2b35265b64aa454df57a2828eb2ac"},"headline":"Zorros femenil campeonas de baloncesto en la Universiada Regional","datePublished":"2019-04-08T03:14:10+00:00","mainEntityOfPage":{"@id":"https:\/\/www.cetys.mx\/noticias\/zorros-femenil-campeonas-de-baloncesto-en-la-universiada-regional\/"},"wordCount":508,"commentCount":0,"image":{"@id":"https:\/\/www.cetys.mx\/noticias\/zorros-femenil-campeonas-de-baloncesto-en-la-universiada-regional\/#primaryimage"},"thumbnailUrl":"https:\/\/www.cetys.mx\/noticias\/wp-content\/uploads\/2019\/04\/Zorros-femenil-a-defender-su-campeonato-nacional-Copy.jpeg","keywords":["#GoZorros","#orgulloCETYS","Atletismo","Deportes","Regional CETYS","Universiada Regional","zorros"],"articleSection":["Institucional"],"inLanguage":"es","potentialAction":[{"@type":"CommentAction","name":"Comment","target":["https:\/\/www.cetys.mx\/noticias\/zorros-femenil-campeonas-de-baloncesto-en-la-universiada-regional\/#respond"]}]},{"@type":"WebPage","@id":"https:\/\/www.cetys.mx\/noticias\/zorros-femenil-campeonas-de-baloncesto-en-la-universiada-regional\/","url":"https:\/\/www.cetys.mx\/noticias\/zorros-femenil-campeonas-de-baloncesto-en-la-universiada-regional\/","name":"Zorros femenil campeonas de baloncesto en la Universiada Regional - CETYS","isPartOf":{"@id":"https:\/\/www.cetys.mx\/noticias\/#website"},"primaryImageOfPage":{"@id":"https:\/\/www.cetys.mx\/noticias\/zorros-femenil-campeonas-de-baloncesto-en-la-universiada-regional\/#primaryimage"},"image":{"@id":"https:\/\/www.cetys.mx\/noticias\/zorros-femenil-campeonas-de-baloncesto-en-la-universiada-regional\/#primaryimage"},"thumbnailUrl":"https:\/\/www.cetys.mx\/noticias\/wp-content\/uploads\/2019\/04\/Zorros-femenil-a-defender-su-campeonato-nacional-Copy.jpeg","datePublished":"2019-04-08T03:14:10+00:00","author":{"@id":"https:\/\/www.cetys.mx\/noticias\/#\/schema\/person\/e9d2b35265b64aa454df57a2828eb2ac"},"description":"Articulo sobre Zorros femenil campeonas de baloncesto en la Universiada Regional","breadcrumb":{"@id":"https:\/\/www.cetys.mx\/noticias\/zorros-femenil-campeonas-de-baloncesto-en-la-universiada-regional\/#breadcrumb"},"inLanguage":"es","potentialAction":[{"@type":"ReadAction","target":["https:\/\/www.cetys.mx\/noticias\/zorros-femenil-campeonas-de-baloncesto-en-la-universiada-regional\/"]}]},{"@type":"ImageObject","inLanguage":"es","@id":"https:\/\/www.cetys.mx\/noticias\/zorros-femenil-campeonas-de-baloncesto-en-la-universiada-regional\/#primaryimage","url":"https:\/\/www.cetys.mx\/noticias\/wp-content\/uploads\/2019\/04\/Zorros-femenil-a-defender-su-campeonato-nacional-Copy.jpeg","contentUrl":"https:\/\/www.cetys.mx\/noticias\/wp-content\/uploads\/2019\/04\/Zorros-femenil-a-defender-su-campeonato-nacional-Copy.jpeg","width":850,"height":567,"caption":"CETYS campe\u00f3n regional de baloncesto femenil"},{"@type":"BreadcrumbList","@id":"https:\/\/www.cetys.mx\/noticias\/zorros-femenil-campeonas-de-baloncesto-en-la-universiada-regional\/#breadcrumb","itemListElement":[{"@type":"ListItem","position":1,"name":"Inicio","item":"https:\/\/www.cetys.mx\/noticias\/"},{"@type":"ListItem","position":2,"name":"Zorros femenil campeonas de baloncesto en la Universiada Regional"}]},{"@type":"WebSite","@id":"https:\/\/www.cetys.mx\/noticias\/#website","url":"https:\/\/www.cetys.mx\/noticias\/","name":"CETYS","description":"","potentialAction":[{"@type":"SearchAction","target":{"@type":"EntryPoint","urlTemplate":"https:\/\/www.cetys.mx\/noticias\/?s={search_term_string}"},"query-input":{"@type":"PropertyValueSpecification","valueRequired":true,"valueName":"search_term_string"}}],"inLanguage":"es"},{"@type":"Person","@id":"https:\/\/www.cetys.mx\/noticias\/#\/schema\/person\/e9d2b35265b64aa454df57a2828eb2ac","name":"CETYS Institucional","url":"https:\/\/www.cetys.mx\/noticias\/author\/cetysinstitucional\/"}]}},"_links":{"self":[{"href":"https:\/\/www.cetys.mx\/noticias\/wp-json\/wp\/v2\/posts\/127675","targetHints":{"allow":["GET"]}}],"collection":[{"href":"https:\/\/www.cetys.mx\/noticias\/wp-json\/wp\/v2\/posts"}],"about":[{"href":"https:\/\/www.cetys.mx\/noticias\/wp-json\/wp\/v2\/types\/post"}],"author":[{"embeddable":true,"href":"https:\/\/www.cetys.mx\/noticias\/wp-json\/wp\/v2\/users\/26"}],"replies":[{"embeddable":true,"href":"https:\/\/www.cetys.mx\/noticias\/wp-json\/wp\/v2\/comments?post=127675"}],"version-history":[{"count":0,"href":"https:\/\/www.cetys.mx\/noticias\/wp-json\/wp\/v2\/posts\/127675\/revisions"}],"wp:featuredmedia":[{"embeddable":true,"href":"https:\/\/www.cetys.mx\/noticias\/wp-json\/wp\/v2\/media\/127681"}],"wp:attachment":[{"href":"https:\/\/www.cetys.mx\/noticias\/wp-json\/wp\/v2\/media?parent=127675"}],"wp:term":[{"taxonomy":"category","embeddable":true,"href":"https:\/\/www.cetys.mx\/noticias\/wp-json\/wp\/v2\/categories?post=127675"},{"taxonomy":"post_tag","embeddable":true,"href":"https:\/\/www.cetys.mx\/noticias\/wp-json\/wp\/v2\/tags?post=127675"}],"curies":[{"name":"wp","href":"https:\/\/api.w.org\/{rel}","templated":true}]}}