{"id":126774,"date":"2019-03-21T18:57:34","date_gmt":"2019-03-22T01:57:34","guid":{"rendered":"https:\/\/www.cetys.mx\/noticias\/?p=126774"},"modified":"2019-03-26T10:42:56","modified_gmt":"2019-03-26T17:42:56","slug":"participa-alejandra-ortiz-en-estancia-de-la-agencia-espacial-mexicana","status":"publish","type":"post","link":"https:\/\/www.cetys.mx\/noticias\/participa-alejandra-ortiz-en-estancia-de-la-agencia-espacial-mexicana\/","title":{"rendered":"Participa Alejandra Ortiz en estancia de la Agencia Espacial Mexicana"},"content":{"rendered":"<p style=\"font-weight: 400; text-align: justify;\">El desarrollo actual de la ingenier\u00eda requiere del \u00edmpetu y motivaci\u00f3n que los j\u00f3venes universitarios pueden brindar, as\u00ed como de las nuevas tecnolog\u00edas aplicadas a estrategias de aprendizaje y colaboraci\u00f3n en proyectos. En M\u00e9xico, estas \u00e1reas de oportunidad se encuentran en la investigaci\u00f3n sobre tecnolog\u00eda aeroespacial.<\/p>\n<p style=\"font-weight: 400; text-align: justify;\">Este camino lo ha iniciado <strong>Alejandra Ortiz Morales<\/strong>, alumna del Octavo Semestre de <a href=\"https:\/\/www.cetys.mx\/oferta-educativa\/profesional\/ingenieria-mecanica\/\">Ingenier\u00eda Mec\u00e1nica<\/a> de <a href=\"https:\/\/www.cetys.mx\/\">CETYS Universidad<\/a>, quien fue una de las seis estudiantes seleccionadas para realizar una estancia corta a distancia en la <strong>Agencia Espacial Mexicana<\/strong>, en el proyecto \u201cLaboratorio de dise\u00f1o, construcci\u00f3n de prototipos y pruebas de sat\u00e9lites peque\u00f1os\u201d.<\/p>\n<p style=\"font-weight: 400; text-align: justify;\">Gracias a las bondades de la tecnolog\u00eda, su estancia es posible por medio de videoconferencias, lo que permite a Alejandra ser autodidacta y trabajar por su cuenta, para posteriormente reportar avances sobre el proyecto.<\/p>\n<p><img loading=\"lazy\" decoding=\"async\" class=\" wp-image-126776 aligncenter\" src=\"https:\/\/www.cetys.mx\/noticias\/wp-content\/uploads\/2019\/03\/DSC_0524.jpg\" alt=\"\" width=\"225\" height=\"337\" \/><\/p>\n<blockquote>\n<p style=\"font-weight: 400; text-align: justify;\">\u201cEl proyecto en el que trabajo es muy importante, ya que ayudar\u00e1 en la formaci\u00f3n de un centro de desarrollo e innovaci\u00f3n espacial en M\u00e9xico. Esta convocatoria es el piloto por la forma de trabajo, pero hoy en d\u00eda todo se hace por medio de internet. Poder trabajar a distancia es f\u00e1cil para los estudiantes porque sabemos manejarnos bien en las plataformas digitales\u201d coment\u00f3 la alumna de Ingenier\u00eda Mec\u00e1nica.<\/p>\n<p style=\"font-weight: 400; text-align: justify;\">Alejandra ampli\u00f3 el panorama para los estudiantes interesados en ser parte de las agencias aeroespaciales, ya que no se limita a las carreras de ingenier\u00eda: \u201cHay muchos proyectos que la Agencia Espacial Mexicana est\u00e1 realizando con diversas instituciones en el acercamiento con estudiantes, y todos estos proyectos son multidisciplinarios. Se necesitan ingenieros, pero tambi\u00e9n trabajar pol\u00edticas y el derecho para el uso jur\u00eddico del espacio, son necesarios alumnos de todas las carreras para estos proyectos\u201d.<\/p>\n<\/blockquote>\n<p style=\"font-weight: 400; text-align: justify;\">Como mensaje final, Alejandra invita a que m\u00e1s alumnos participen en estas y otras convocatorias, y que adem\u00e1s conozcan estas oportunidades, ya que el generar contactos y v\u00ednculos para proyectos de colaboraci\u00f3n son una gran ense\u00f1anza en el campo profesional.<\/p>\n","protected":false},"excerpt":{"rendered":"<p>El desarrollo actual de la ingenier\u00eda requiere del \u00edmpetu y motivaci\u00f3n que los j\u00f3venes universitarios pueden brindar, as\u00ed como de las nuevas&#8230;<\/p>\n","protected":false},"author":20,"featured_media":126775,"comment_status":"open","ping_status":"closed","sticky":false,"template":"","format":"standard","meta":{"footnotes":""},"categories":[133,1850,125,1710,313],"tags":[3431,1318,3445],"class_list":["post-126774","post","type-post","status-publish","format-standard","has-post-thumbnail","hentry","category-campus-mexicali","category-ingenieria","category-portada","category-profesorado","category-vocetys-2","tag-agencia-espacial-mexicana","tag-ingenieria-mecanica","tag-vocetys-top-2019-03-26"],"yoast_head":"<!-- This site is optimized with the Yoast SEO plugin v27.4 - https:\/\/yoast.com\/product\/yoast-seo-wordpress\/ -->\n<title>Participa Alejandra Ortiz en estancia de la Agencia Espacial Mexicana - CETYS<\/title>\n<meta name=\"description\" content=\"Articulo sobre Participa Alejandra Ortiz en estancia de la Agencia Espacial Mexicana\" \/>\n<meta name=\"robots\" content=\"index, follow, max-snippet:-1, max-image-preview:large, max-video-preview:-1\" \/>\n<link rel=\"canonical\" href=\"https:\/\/www.cetys.mx\/noticias\/participa-alejandra-ortiz-en-estancia-de-la-agencia-espacial-mexicana\/\" \/>\n<meta property=\"og:locale\" content=\"es_MX\" \/>\n<meta property=\"og:type\" content=\"article\" \/>\n<meta property=\"og:title\" content=\"Participa Alejandra Ortiz en estancia de la Agencia Espacial Mexicana - CETYS\" \/>\n<meta property=\"og:description\" content=\"Articulo sobre Participa Alejandra Ortiz en estancia de la Agencia Espacial Mexicana\" \/>\n<meta property=\"og:url\" content=\"https:\/\/www.cetys.mx\/noticias\/participa-alejandra-ortiz-en-estancia-de-la-agencia-espacial-mexicana\/\" \/>\n<meta property=\"og:site_name\" content=\"CETYS\" \/>\n<meta property=\"article:publisher\" content=\"https:\/\/www.facebook.com\/cetysuniversidadmxl\/\" \/>\n<meta property=\"article:published_time\" content=\"2019-03-22T01:57:34+00:00\" \/>\n<meta property=\"article:modified_time\" content=\"2019-03-26T17:42:56+00:00\" \/>\n<meta property=\"og:image\" content=\"https:\/\/www.cetys.mx\/noticias\/wp-content\/uploads\/2019\/03\/DSC_0521.jpg\" \/>\n\t<meta property=\"og:image:width\" content=\"958\" \/>\n\t<meta property=\"og:image:height\" content=\"637\" \/>\n\t<meta property=\"og:image:type\" content=\"image\/jpeg\" \/>\n<meta name=\"author\" content=\"Campus Mexicali\" \/>\n<meta name=\"twitter:card\" content=\"summary_large_image\" \/>\n<meta name=\"twitter:creator\" content=\"@cetysuni\" \/>\n<meta name=\"twitter:site\" content=\"@cetysuni\" \/>\n<meta name=\"twitter:label1\" content=\"Escrito por\" \/>\n\t<meta name=\"twitter:data1\" content=\"Campus Mexicali\" \/>\n\t<meta name=\"twitter:label2\" content=\"Tiempo de lectura\" \/>\n\t<meta name=\"twitter:data2\" content=\"2 minutos\" \/>\n<script type=\"application\/ld+json\" class=\"yoast-schema-graph\">{\"@context\":\"https:\\\/\\\/schema.org\",\"@graph\":[{\"@type\":\"Article\",\"@id\":\"https:\\\/\\\/www.cetys.mx\\\/noticias\\\/participa-alejandra-ortiz-en-estancia-de-la-agencia-espacial-mexicana\\\/#article\",\"isPartOf\":{\"@id\":\"https:\\\/\\\/www.cetys.mx\\\/noticias\\\/participa-alejandra-ortiz-en-estancia-de-la-agencia-espacial-mexicana\\\/\"},\"author\":{\"name\":\"Campus Mexicali\",\"@id\":\"https:\\\/\\\/www.cetys.mx\\\/noticias\\\/#\\\/schema\\\/person\\\/79a95c4ac185f3705cf1b9c9340a5f70\"},\"headline\":\"Participa Alejandra Ortiz en estancia de la Agencia Espacial Mexicana\",\"datePublished\":\"2019-03-22T01:57:34+00:00\",\"dateModified\":\"2019-03-26T17:42:56+00:00\",\"mainEntityOfPage\":{\"@id\":\"https:\\\/\\\/www.cetys.mx\\\/noticias\\\/participa-alejandra-ortiz-en-estancia-de-la-agencia-espacial-mexicana\\\/\"},\"wordCount\":357,\"commentCount\":0,\"image\":{\"@id\":\"https:\\\/\\\/www.cetys.mx\\\/noticias\\\/participa-alejandra-ortiz-en-estancia-de-la-agencia-espacial-mexicana\\\/#primaryimage\"},\"thumbnailUrl\":\"https:\\\/\\\/www.cetys.mx\\\/noticias\\\/wp-content\\\/uploads\\\/2019\\\/03\\\/DSC_0521.jpg\",\"keywords\":[\"Agencia Espacial Mexicana\",\"Ingenier\u00eda Mec\u00e1nica\",\"vocetys-top-2019-03-26\"],\"articleSection\":[\"Campus Mexicali\",\"Ingenier\u00eda\",\"Portada\",\"Profesorado\",\"VoCETYS\"],\"inLanguage\":\"es\",\"potentialAction\":[{\"@type\":\"CommentAction\",\"name\":\"Comment\",\"target\":[\"https:\\\/\\\/www.cetys.mx\\\/noticias\\\/participa-alejandra-ortiz-en-estancia-de-la-agencia-espacial-mexicana\\\/#respond\"]}]},{\"@type\":\"WebPage\",\"@id\":\"https:\\\/\\\/www.cetys.mx\\\/noticias\\\/participa-alejandra-ortiz-en-estancia-de-la-agencia-espacial-mexicana\\\/\",\"url\":\"https:\\\/\\\/www.cetys.mx\\\/noticias\\\/participa-alejandra-ortiz-en-estancia-de-la-agencia-espacial-mexicana\\\/\",\"name\":\"Participa Alejandra Ortiz en estancia de la Agencia Espacial Mexicana - CETYS\",\"isPartOf\":{\"@id\":\"https:\\\/\\\/www.cetys.mx\\\/noticias\\\/#website\"},\"primaryImageOfPage\":{\"@id\":\"https:\\\/\\\/www.cetys.mx\\\/noticias\\\/participa-alejandra-ortiz-en-estancia-de-la-agencia-espacial-mexicana\\\/#primaryimage\"},\"image\":{\"@id\":\"https:\\\/\\\/www.cetys.mx\\\/noticias\\\/participa-alejandra-ortiz-en-estancia-de-la-agencia-espacial-mexicana\\\/#primaryimage\"},\"thumbnailUrl\":\"https:\\\/\\\/www.cetys.mx\\\/noticias\\\/wp-content\\\/uploads\\\/2019\\\/03\\\/DSC_0521.jpg\",\"datePublished\":\"2019-03-22T01:57:34+00:00\",\"dateModified\":\"2019-03-26T17:42:56+00:00\",\"author\":{\"@id\":\"https:\\\/\\\/www.cetys.mx\\\/noticias\\\/#\\\/schema\\\/person\\\/79a95c4ac185f3705cf1b9c9340a5f70\"},\"description\":\"Articulo sobre Participa Alejandra Ortiz en estancia de la Agencia Espacial Mexicana\",\"breadcrumb\":{\"@id\":\"https:\\\/\\\/www.cetys.mx\\\/noticias\\\/participa-alejandra-ortiz-en-estancia-de-la-agencia-espacial-mexicana\\\/#breadcrumb\"},\"inLanguage\":\"es\",\"potentialAction\":[{\"@type\":\"ReadAction\",\"target\":[\"https:\\\/\\\/www.cetys.mx\\\/noticias\\\/participa-alejandra-ortiz-en-estancia-de-la-agencia-espacial-mexicana\\\/\"]}]},{\"@type\":\"ImageObject\",\"inLanguage\":\"es\",\"@id\":\"https:\\\/\\\/www.cetys.mx\\\/noticias\\\/participa-alejandra-ortiz-en-estancia-de-la-agencia-espacial-mexicana\\\/#primaryimage\",\"url\":\"https:\\\/\\\/www.cetys.mx\\\/noticias\\\/wp-content\\\/uploads\\\/2019\\\/03\\\/DSC_0521.jpg\",\"contentUrl\":\"https:\\\/\\\/www.cetys.mx\\\/noticias\\\/wp-content\\\/uploads\\\/2019\\\/03\\\/DSC_0521.jpg\",\"width\":958,\"height\":637},{\"@type\":\"BreadcrumbList\",\"@id\":\"https:\\\/\\\/www.cetys.mx\\\/noticias\\\/participa-alejandra-ortiz-en-estancia-de-la-agencia-espacial-mexicana\\\/#breadcrumb\",\"itemListElement\":[{\"@type\":\"ListItem\",\"position\":1,\"name\":\"Inicio\",\"item\":\"https:\\\/\\\/www.cetys.mx\\\/noticias\\\/\"},{\"@type\":\"ListItem\",\"position\":2,\"name\":\"Participa Alejandra Ortiz en estancia de la Agencia Espacial Mexicana\"}]},{\"@type\":\"WebSite\",\"@id\":\"https:\\\/\\\/www.cetys.mx\\\/noticias\\\/#website\",\"url\":\"https:\\\/\\\/www.cetys.mx\\\/noticias\\\/\",\"name\":\"CETYS\",\"description\":\"\",\"potentialAction\":[{\"@type\":\"SearchAction\",\"target\":{\"@type\":\"EntryPoint\",\"urlTemplate\":\"https:\\\/\\\/www.cetys.mx\\\/noticias\\\/?s={search_term_string}\"},\"query-input\":{\"@type\":\"PropertyValueSpecification\",\"valueRequired\":true,\"valueName\":\"search_term_string\"}}],\"inLanguage\":\"es\"},{\"@type\":\"Person\",\"@id\":\"https:\\\/\\\/www.cetys.mx\\\/noticias\\\/#\\\/schema\\\/person\\\/79a95c4ac185f3705cf1b9c9340a5f70\",\"name\":\"Campus Mexicali\",\"url\":\"https:\\\/\\\/www.cetys.mx\\\/noticias\\\/author\\\/campusmexicali\\\/\"}]}<\/script>\n<!-- \/ Yoast SEO plugin. -->","yoast_head_json":{"title":"Participa Alejandra Ortiz en estancia de la Agencia Espacial Mexicana - CETYS","description":"Articulo sobre Participa Alejandra Ortiz en estancia de la Agencia Espacial Mexicana","robots":{"index":"index","follow":"follow","max-snippet":"max-snippet:-1","max-image-preview":"max-image-preview:large","max-video-preview":"max-video-preview:-1"},"canonical":"https:\/\/www.cetys.mx\/noticias\/participa-alejandra-ortiz-en-estancia-de-la-agencia-espacial-mexicana\/","og_locale":"es_MX","og_type":"article","og_title":"Participa Alejandra Ortiz en estancia de la Agencia Espacial Mexicana - CETYS","og_description":"Articulo sobre Participa Alejandra Ortiz en estancia de la Agencia Espacial Mexicana","og_url":"https:\/\/www.cetys.mx\/noticias\/participa-alejandra-ortiz-en-estancia-de-la-agencia-espacial-mexicana\/","og_site_name":"CETYS","article_publisher":"https:\/\/www.facebook.com\/cetysuniversidadmxl\/","article_published_time":"2019-03-22T01:57:34+00:00","article_modified_time":"2019-03-26T17:42:56+00:00","og_image":[{"width":958,"height":637,"url":"https:\/\/www.cetys.mx\/noticias\/wp-content\/uploads\/2019\/03\/DSC_0521.jpg","type":"image\/jpeg"}],"author":"Campus Mexicali","twitter_card":"summary_large_image","twitter_creator":"@cetysuni","twitter_site":"@cetysuni","twitter_misc":{"Escrito por":"Campus Mexicali","Tiempo de lectura":"2 minutos"},"schema":{"@context":"https:\/\/schema.org","@graph":[{"@type":"Article","@id":"https:\/\/www.cetys.mx\/noticias\/participa-alejandra-ortiz-en-estancia-de-la-agencia-espacial-mexicana\/#article","isPartOf":{"@id":"https:\/\/www.cetys.mx\/noticias\/participa-alejandra-ortiz-en-estancia-de-la-agencia-espacial-mexicana\/"},"author":{"name":"Campus Mexicali","@id":"https:\/\/www.cetys.mx\/noticias\/#\/schema\/person\/79a95c4ac185f3705cf1b9c9340a5f70"},"headline":"Participa Alejandra Ortiz en estancia de la Agencia Espacial Mexicana","datePublished":"2019-03-22T01:57:34+00:00","dateModified":"2019-03-26T17:42:56+00:00","mainEntityOfPage":{"@id":"https:\/\/www.cetys.mx\/noticias\/participa-alejandra-ortiz-en-estancia-de-la-agencia-espacial-mexicana\/"},"wordCount":357,"commentCount":0,"image":{"@id":"https:\/\/www.cetys.mx\/noticias\/participa-alejandra-ortiz-en-estancia-de-la-agencia-espacial-mexicana\/#primaryimage"},"thumbnailUrl":"https:\/\/www.cetys.mx\/noticias\/wp-content\/uploads\/2019\/03\/DSC_0521.jpg","keywords":["Agencia Espacial Mexicana","Ingenier\u00eda Mec\u00e1nica","vocetys-top-2019-03-26"],"articleSection":["Campus Mexicali","Ingenier\u00eda","Portada","Profesorado","VoCETYS"],"inLanguage":"es","potentialAction":[{"@type":"CommentAction","name":"Comment","target":["https:\/\/www.cetys.mx\/noticias\/participa-alejandra-ortiz-en-estancia-de-la-agencia-espacial-mexicana\/#respond"]}]},{"@type":"WebPage","@id":"https:\/\/www.cetys.mx\/noticias\/participa-alejandra-ortiz-en-estancia-de-la-agencia-espacial-mexicana\/","url":"https:\/\/www.cetys.mx\/noticias\/participa-alejandra-ortiz-en-estancia-de-la-agencia-espacial-mexicana\/","name":"Participa Alejandra Ortiz en estancia de la Agencia Espacial Mexicana - CETYS","isPartOf":{"@id":"https:\/\/www.cetys.mx\/noticias\/#website"},"primaryImageOfPage":{"@id":"https:\/\/www.cetys.mx\/noticias\/participa-alejandra-ortiz-en-estancia-de-la-agencia-espacial-mexicana\/#primaryimage"},"image":{"@id":"https:\/\/www.cetys.mx\/noticias\/participa-alejandra-ortiz-en-estancia-de-la-agencia-espacial-mexicana\/#primaryimage"},"thumbnailUrl":"https:\/\/www.cetys.mx\/noticias\/wp-content\/uploads\/2019\/03\/DSC_0521.jpg","datePublished":"2019-03-22T01:57:34+00:00","dateModified":"2019-03-26T17:42:56+00:00","author":{"@id":"https:\/\/www.cetys.mx\/noticias\/#\/schema\/person\/79a95c4ac185f3705cf1b9c9340a5f70"},"description":"Articulo sobre Participa Alejandra Ortiz en estancia de la Agencia Espacial Mexicana","breadcrumb":{"@id":"https:\/\/www.cetys.mx\/noticias\/participa-alejandra-ortiz-en-estancia-de-la-agencia-espacial-mexicana\/#breadcrumb"},"inLanguage":"es","potentialAction":[{"@type":"ReadAction","target":["https:\/\/www.cetys.mx\/noticias\/participa-alejandra-ortiz-en-estancia-de-la-agencia-espacial-mexicana\/"]}]},{"@type":"ImageObject","inLanguage":"es","@id":"https:\/\/www.cetys.mx\/noticias\/participa-alejandra-ortiz-en-estancia-de-la-agencia-espacial-mexicana\/#primaryimage","url":"https:\/\/www.cetys.mx\/noticias\/wp-content\/uploads\/2019\/03\/DSC_0521.jpg","contentUrl":"https:\/\/www.cetys.mx\/noticias\/wp-content\/uploads\/2019\/03\/DSC_0521.jpg","width":958,"height":637},{"@type":"BreadcrumbList","@id":"https:\/\/www.cetys.mx\/noticias\/participa-alejandra-ortiz-en-estancia-de-la-agencia-espacial-mexicana\/#breadcrumb","itemListElement":[{"@type":"ListItem","position":1,"name":"Inicio","item":"https:\/\/www.cetys.mx\/noticias\/"},{"@type":"ListItem","position":2,"name":"Participa Alejandra Ortiz en estancia de la Agencia Espacial Mexicana"}]},{"@type":"WebSite","@id":"https:\/\/www.cetys.mx\/noticias\/#website","url":"https:\/\/www.cetys.mx\/noticias\/","name":"CETYS","description":"","potentialAction":[{"@type":"SearchAction","target":{"@type":"EntryPoint","urlTemplate":"https:\/\/www.cetys.mx\/noticias\/?s={search_term_string}"},"query-input":{"@type":"PropertyValueSpecification","valueRequired":true,"valueName":"search_term_string"}}],"inLanguage":"es"},{"@type":"Person","@id":"https:\/\/www.cetys.mx\/noticias\/#\/schema\/person\/79a95c4ac185f3705cf1b9c9340a5f70","name":"Campus Mexicali","url":"https:\/\/www.cetys.mx\/noticias\/author\/campusmexicali\/"}]}},"_links":{"self":[{"href":"https:\/\/www.cetys.mx\/noticias\/wp-json\/wp\/v2\/posts\/126774","targetHints":{"allow":["GET"]}}],"collection":[{"href":"https:\/\/www.cetys.mx\/noticias\/wp-json\/wp\/v2\/posts"}],"about":[{"href":"https:\/\/www.cetys.mx\/noticias\/wp-json\/wp\/v2\/types\/post"}],"author":[{"embeddable":true,"href":"https:\/\/www.cetys.mx\/noticias\/wp-json\/wp\/v2\/users\/20"}],"replies":[{"embeddable":true,"href":"https:\/\/www.cetys.mx\/noticias\/wp-json\/wp\/v2\/comments?post=126774"}],"version-history":[{"count":0,"href":"https:\/\/www.cetys.mx\/noticias\/wp-json\/wp\/v2\/posts\/126774\/revisions"}],"wp:featuredmedia":[{"embeddable":true,"href":"https:\/\/www.cetys.mx\/noticias\/wp-json\/wp\/v2\/media\/126775"}],"wp:attachment":[{"href":"https:\/\/www.cetys.mx\/noticias\/wp-json\/wp\/v2\/media?parent=126774"}],"wp:term":[{"taxonomy":"category","embeddable":true,"href":"https:\/\/www.cetys.mx\/noticias\/wp-json\/wp\/v2\/categories?post=126774"},{"taxonomy":"post_tag","embeddable":true,"href":"https:\/\/www.cetys.mx\/noticias\/wp-json\/wp\/v2\/tags?post=126774"}],"curies":[{"name":"wp","href":"https:\/\/api.w.org\/{rel}","templated":true}]}}