{"id":126767,"date":"2019-03-21T15:45:34","date_gmt":"2019-03-21T22:45:34","guid":{"rendered":"https:\/\/www.cetys.mx\/noticias\/?p=126767"},"modified":"2019-03-27T10:27:32","modified_gmt":"2019-03-27T17:27:32","slug":"nos-ira-bien-nacional-mendoza","status":"publish","type":"post","link":"https:\/\/www.cetys.mx\/noticias\/nos-ira-bien-nacional-mendoza\/","title":{"rendered":"Nos ir\u00e1 muy bien este a\u00f1o en el Nacional: Luis Alonso Mendoza"},"content":{"rendered":"<p><strong><em>Tijuana, Baja California.-<\/em><\/strong> Se acerca el <em>Campeonato Nacional &#8220;Primera Fuerza&#8221; de B\u00e9isbol CONADEIP<\/em>, que ser\u00e1 del 27 al 30 de marzo en Mexicali; <strong>CETYS Universidad Campus Tijuana<\/strong>, subcampe\u00f3n en <em>&#8220;Puebla 2018&#8221;<\/em>, est\u00e1 de vuelta en busca del t\u00edtulo para esta ocasi\u00f3n.<\/p>\n<p><strong>Luis Alonso Mendoza<\/strong>, estratega de <strong>Zorros Tijuana<\/strong>, dijo en entrevista que la novena estar\u00e1 lista para intentar algo m\u00e1s que el segundo sitio y sabiendo que jugar\u00e1n casi como locales; la sede del evento se localiza a 140 minutos del campus.<\/p>\n<blockquote><p><em>&#8220;No hay como jugar cerca de casa. Nos hemos estado preparando desde hace varios d\u00edas con nuestros peloteros universitarios y refuerzos preparatorianos. Tenemos confianza de que nos ir\u00e1 muy bien este a\u00f1o; tenemos un plantel m\u00e1s balanceado, fuerte y maduro&#8221;<\/em>, declar\u00f3 <strong>Mendoza<\/strong>.<\/p><\/blockquote>\n<p><img loading=\"lazy\" decoding=\"async\" class=\"alignnone size-full wp-image-126771\" src=\"https:\/\/www.cetys.mx\/noticias\/wp-content\/uploads\/2019\/03\/DSC_0438-e1553208075656.jpg\" alt=\"\" width=\"955\" height=\"637\" \/><\/p>\n<p><strong>Zorros Tijuana<\/strong> tienen en sus filas a <strong>C\u00e9sar Casta\u00f1eda<\/strong>, <strong>Said Soltero<\/strong>, <strong>Marco Almonte<\/strong>, <strong>Kahwing Bohon<\/strong>\u00a0o\u00a0<strong>Sixto Z\u00e1rate<\/strong> como jugadores universitarios. A ellos se unen <strong>Ramiro Thomas<\/strong>, <strong>Juan Pablo Romero<\/strong>, <strong>Yoshiro Yoshinaga<\/strong>, <strong>Jorge Due\u00f1as<\/strong>\u00a0o\u00a0<strong>Allan Ant\u00fanez<\/strong> como el soporte de Preparatoria.<\/p>\n<p><em>&#8220;Desafortunadamente termin\u00f3 nuestra participaci\u00f3n en LBAT (Liga de B\u00e9isbol Amateur de Tijuana), nos superaron en la segunda ronda; eso cort\u00f3 un poco nuestra lista de partidos<\/em> -agreg\u00f3 el timonel-. <em>Rescato que brindamos buenos partidos con jugadas ofensivas y defensivas, lo que nos sirve para el objetivo de transcender en torneos estudiantiles oficiales&#8221;.<\/em><\/p>\n<p><img loading=\"lazy\" decoding=\"async\" class=\"alignnone size-full wp-image-126770\" src=\"https:\/\/www.cetys.mx\/noticias\/wp-content\/uploads\/2019\/03\/CTS_3370-e1553207986374.jpg\" alt=\"\" width=\"954\" height=\"637\" \/><\/p>\n<p><strong>Mendoza<\/strong> y sus pupilos se presentar\u00e1n este mi\u00e9rcoles 27 en contra de An\u00e1huac Norte, siguiendo el jueves 28 frente a Tec Campus Puebla y cerrando ante UAM Reynosa-Aztl\u00e1n el viernes 29; todos sus partidos ser\u00e1n a las 15:00 horas sobre el diamante del majestuoso <em>Estadio &#8220;Nido de las \u00c1guilas&#8221;<\/em>.<\/p>\n<p><em>&#8220;Es motivante para ellos, incluso para mi<\/em> (como estratega). <em>Jugu\u00e9 hace muchos a\u00f1os en ese parque de pelota, cuando militaba con<\/em> (Algodoneros de) <em>Guasave en la Liga Mexicana del Pac\u00edfico. Para todos ser\u00e1 una gran experiencia disputar este torneo y el que sigue<\/em> (&#8220;Universiada Regional&#8221;) <em>en casa de \u00c1guilas de Mexicali&#8221;<\/em>, concluy\u00f3 <strong>Luis Alonso<\/strong>.<\/p>\n<p>La jornada final ser\u00e1 inmediatamente el s\u00e1bado 30 desde las 9:00 horas, no habr\u00e1 semifinales. Otros equipos en competencia son: U-Erre, IPN, Inter Puebla y el anfitri\u00f3n <em>CETYS Mexicali<\/em>. La entrada a todos los encuentros ser\u00e1 gratuita.<\/p>\n<p><img loading=\"lazy\" decoding=\"async\" class=\"alignnone size-full wp-image-126769\" src=\"https:\/\/www.cetys.mx\/noticias\/wp-content\/uploads\/2019\/03\/DSC_0492-e1553207903501.jpg\" alt=\"\" width=\"955\" height=\"637\" \/><\/p>\n","protected":false},"excerpt":{"rendered":"<p>Tijuana, Baja California.- Se acerca el Campeonato Nacional &#8220;Primera Fuerza&#8221; de B\u00e9isbol CONADEIP, que ser\u00e1 del 27 al 30 de marzo en&#8230;<\/p>\n","protected":false},"author":24,"featured_media":126768,"comment_status":"open","ping_status":"closed","sticky":false,"template":"","format":"standard","meta":{"footnotes":""},"categories":[134,312,313],"tags":[234,1020,233,3450],"class_list":["post-126767","post","type-post","status-publish","format-standard","has-post-thumbnail","hentry","category-campus-tijuana","category-deportes","category-vocetys-2","tag-beisbol","tag-conadeip","tag-deportes","tag-vocetys-2019-03-23","univesidades-cetys-campus-tijuana"],"yoast_head":"<!-- This site is optimized with the Yoast SEO plugin v27.4 - https:\/\/yoast.com\/product\/yoast-seo-wordpress\/ -->\n<title>Nos ir\u00e1 muy bien este a\u00f1o en el Nacional: Luis Alonso Mendoza - CETYS<\/title>\n<meta name=\"description\" content=\"Articulo sobre Nos ir\u00e1 muy bien este a\u00f1o en el Nacional: Luis Alonso Mendoza\" \/>\n<meta name=\"robots\" content=\"index, follow, max-snippet:-1, max-image-preview:large, max-video-preview:-1\" \/>\n<link rel=\"canonical\" href=\"https:\/\/www.cetys.mx\/noticias\/nos-ira-bien-nacional-mendoza\/\" \/>\n<meta property=\"og:locale\" content=\"es_MX\" \/>\n<meta property=\"og:type\" content=\"article\" \/>\n<meta property=\"og:title\" content=\"Nos ir\u00e1 muy bien este a\u00f1o en el Nacional: Luis Alonso Mendoza - CETYS\" \/>\n<meta property=\"og:description\" content=\"Articulo sobre Nos ir\u00e1 muy bien este a\u00f1o en el Nacional: Luis Alonso Mendoza\" \/>\n<meta property=\"og:url\" content=\"https:\/\/www.cetys.mx\/noticias\/nos-ira-bien-nacional-mendoza\/\" \/>\n<meta property=\"og:site_name\" content=\"CETYS\" \/>\n<meta property=\"article:publisher\" content=\"https:\/\/www.facebook.com\/cetysuniversidadmxl\/\" \/>\n<meta property=\"article:published_time\" content=\"2019-03-21T22:45:34+00:00\" \/>\n<meta property=\"article:modified_time\" content=\"2019-03-27T17:27:32+00:00\" \/>\n<meta property=\"og:image\" content=\"https:\/\/www.cetys.mx\/noticias\/wp-content\/uploads\/2019\/03\/CTS_3438-e1553207766657.jpg\" \/>\n\t<meta property=\"og:image:width\" content=\"954\" \/>\n\t<meta property=\"og:image:height\" content=\"637\" \/>\n\t<meta property=\"og:image:type\" content=\"image\/jpeg\" \/>\n<meta name=\"author\" content=\"Campus Tijuana\" \/>\n<meta name=\"twitter:card\" content=\"summary_large_image\" \/>\n<meta name=\"twitter:creator\" content=\"@cetysuni\" \/>\n<meta name=\"twitter:site\" content=\"@cetysuni\" \/>\n<meta name=\"twitter:label1\" content=\"Escrito por\" \/>\n\t<meta name=\"twitter:data1\" content=\"Campus Tijuana\" \/>\n\t<meta name=\"twitter:label2\" content=\"Tiempo de lectura\" \/>\n\t<meta name=\"twitter:data2\" content=\"2 minutos\" \/>\n<script type=\"application\/ld+json\" class=\"yoast-schema-graph\">{\"@context\":\"https:\\\/\\\/schema.org\",\"@graph\":[{\"@type\":\"Article\",\"@id\":\"https:\\\/\\\/www.cetys.mx\\\/noticias\\\/nos-ira-bien-nacional-mendoza\\\/#article\",\"isPartOf\":{\"@id\":\"https:\\\/\\\/www.cetys.mx\\\/noticias\\\/nos-ira-bien-nacional-mendoza\\\/\"},\"author\":{\"name\":\"Campus Tijuana\",\"@id\":\"https:\\\/\\\/www.cetys.mx\\\/noticias\\\/#\\\/schema\\\/person\\\/e790051ce60e18ae47cfa87011c8653f\"},\"headline\":\"Nos ir\u00e1 muy bien este a\u00f1o en el Nacional: Luis Alonso Mendoza\",\"datePublished\":\"2019-03-21T22:45:34+00:00\",\"dateModified\":\"2019-03-27T17:27:32+00:00\",\"mainEntityOfPage\":{\"@id\":\"https:\\\/\\\/www.cetys.mx\\\/noticias\\\/nos-ira-bien-nacional-mendoza\\\/\"},\"wordCount\":387,\"commentCount\":0,\"image\":{\"@id\":\"https:\\\/\\\/www.cetys.mx\\\/noticias\\\/nos-ira-bien-nacional-mendoza\\\/#primaryimage\"},\"thumbnailUrl\":\"https:\\\/\\\/www.cetys.mx\\\/noticias\\\/wp-content\\\/uploads\\\/2019\\\/03\\\/CTS_3438-e1553207766657.jpg\",\"keywords\":[\"beisbol\",\"CONADEIP\",\"Deportes\",\"vocetys-2019-03-23\"],\"articleSection\":[\"Campus Tijuana\",\"Deportes\",\"VoCETYS\"],\"inLanguage\":\"es\",\"potentialAction\":[{\"@type\":\"CommentAction\",\"name\":\"Comment\",\"target\":[\"https:\\\/\\\/www.cetys.mx\\\/noticias\\\/nos-ira-bien-nacional-mendoza\\\/#respond\"]}]},{\"@type\":\"WebPage\",\"@id\":\"https:\\\/\\\/www.cetys.mx\\\/noticias\\\/nos-ira-bien-nacional-mendoza\\\/\",\"url\":\"https:\\\/\\\/www.cetys.mx\\\/noticias\\\/nos-ira-bien-nacional-mendoza\\\/\",\"name\":\"Nos ir\u00e1 muy bien este a\u00f1o en el Nacional: Luis Alonso Mendoza - CETYS\",\"isPartOf\":{\"@id\":\"https:\\\/\\\/www.cetys.mx\\\/noticias\\\/#website\"},\"primaryImageOfPage\":{\"@id\":\"https:\\\/\\\/www.cetys.mx\\\/noticias\\\/nos-ira-bien-nacional-mendoza\\\/#primaryimage\"},\"image\":{\"@id\":\"https:\\\/\\\/www.cetys.mx\\\/noticias\\\/nos-ira-bien-nacional-mendoza\\\/#primaryimage\"},\"thumbnailUrl\":\"https:\\\/\\\/www.cetys.mx\\\/noticias\\\/wp-content\\\/uploads\\\/2019\\\/03\\\/CTS_3438-e1553207766657.jpg\",\"datePublished\":\"2019-03-21T22:45:34+00:00\",\"dateModified\":\"2019-03-27T17:27:32+00:00\",\"author\":{\"@id\":\"https:\\\/\\\/www.cetys.mx\\\/noticias\\\/#\\\/schema\\\/person\\\/e790051ce60e18ae47cfa87011c8653f\"},\"description\":\"Articulo sobre Nos ir\u00e1 muy bien este a\u00f1o en el Nacional: Luis Alonso Mendoza\",\"breadcrumb\":{\"@id\":\"https:\\\/\\\/www.cetys.mx\\\/noticias\\\/nos-ira-bien-nacional-mendoza\\\/#breadcrumb\"},\"inLanguage\":\"es\",\"potentialAction\":[{\"@type\":\"ReadAction\",\"target\":[\"https:\\\/\\\/www.cetys.mx\\\/noticias\\\/nos-ira-bien-nacional-mendoza\\\/\"]}]},{\"@type\":\"ImageObject\",\"inLanguage\":\"es\",\"@id\":\"https:\\\/\\\/www.cetys.mx\\\/noticias\\\/nos-ira-bien-nacional-mendoza\\\/#primaryimage\",\"url\":\"https:\\\/\\\/www.cetys.mx\\\/noticias\\\/wp-content\\\/uploads\\\/2019\\\/03\\\/CTS_3438-e1553207766657.jpg\",\"contentUrl\":\"https:\\\/\\\/www.cetys.mx\\\/noticias\\\/wp-content\\\/uploads\\\/2019\\\/03\\\/CTS_3438-e1553207766657.jpg\",\"width\":954,\"height\":637,\"caption\":\"CETYS Tijuana - B\u00e9isbol\"},{\"@type\":\"BreadcrumbList\",\"@id\":\"https:\\\/\\\/www.cetys.mx\\\/noticias\\\/nos-ira-bien-nacional-mendoza\\\/#breadcrumb\",\"itemListElement\":[{\"@type\":\"ListItem\",\"position\":1,\"name\":\"Inicio\",\"item\":\"https:\\\/\\\/www.cetys.mx\\\/noticias\\\/\"},{\"@type\":\"ListItem\",\"position\":2,\"name\":\"Nos ir\u00e1 muy bien este a\u00f1o en el Nacional: Luis Alonso Mendoza\"}]},{\"@type\":\"WebSite\",\"@id\":\"https:\\\/\\\/www.cetys.mx\\\/noticias\\\/#website\",\"url\":\"https:\\\/\\\/www.cetys.mx\\\/noticias\\\/\",\"name\":\"CETYS\",\"description\":\"\",\"potentialAction\":[{\"@type\":\"SearchAction\",\"target\":{\"@type\":\"EntryPoint\",\"urlTemplate\":\"https:\\\/\\\/www.cetys.mx\\\/noticias\\\/?s={search_term_string}\"},\"query-input\":{\"@type\":\"PropertyValueSpecification\",\"valueRequired\":true,\"valueName\":\"search_term_string\"}}],\"inLanguage\":\"es\"},{\"@type\":\"Person\",\"@id\":\"https:\\\/\\\/www.cetys.mx\\\/noticias\\\/#\\\/schema\\\/person\\\/e790051ce60e18ae47cfa87011c8653f\",\"name\":\"Campus Tijuana\",\"url\":\"https:\\\/\\\/www.cetys.mx\\\/noticias\\\/author\\\/campustijuana\\\/\"}]}<\/script>\n<!-- \/ Yoast SEO plugin. -->","yoast_head_json":{"title":"Nos ir\u00e1 muy bien este a\u00f1o en el Nacional: Luis Alonso Mendoza - CETYS","description":"Articulo sobre Nos ir\u00e1 muy bien este a\u00f1o en el Nacional: Luis Alonso Mendoza","robots":{"index":"index","follow":"follow","max-snippet":"max-snippet:-1","max-image-preview":"max-image-preview:large","max-video-preview":"max-video-preview:-1"},"canonical":"https:\/\/www.cetys.mx\/noticias\/nos-ira-bien-nacional-mendoza\/","og_locale":"es_MX","og_type":"article","og_title":"Nos ir\u00e1 muy bien este a\u00f1o en el Nacional: Luis Alonso Mendoza - CETYS","og_description":"Articulo sobre Nos ir\u00e1 muy bien este a\u00f1o en el Nacional: Luis Alonso Mendoza","og_url":"https:\/\/www.cetys.mx\/noticias\/nos-ira-bien-nacional-mendoza\/","og_site_name":"CETYS","article_publisher":"https:\/\/www.facebook.com\/cetysuniversidadmxl\/","article_published_time":"2019-03-21T22:45:34+00:00","article_modified_time":"2019-03-27T17:27:32+00:00","og_image":[{"width":954,"height":637,"url":"https:\/\/www.cetys.mx\/noticias\/wp-content\/uploads\/2019\/03\/CTS_3438-e1553207766657.jpg","type":"image\/jpeg"}],"author":"Campus Tijuana","twitter_card":"summary_large_image","twitter_creator":"@cetysuni","twitter_site":"@cetysuni","twitter_misc":{"Escrito por":"Campus Tijuana","Tiempo de lectura":"2 minutos"},"schema":{"@context":"https:\/\/schema.org","@graph":[{"@type":"Article","@id":"https:\/\/www.cetys.mx\/noticias\/nos-ira-bien-nacional-mendoza\/#article","isPartOf":{"@id":"https:\/\/www.cetys.mx\/noticias\/nos-ira-bien-nacional-mendoza\/"},"author":{"name":"Campus Tijuana","@id":"https:\/\/www.cetys.mx\/noticias\/#\/schema\/person\/e790051ce60e18ae47cfa87011c8653f"},"headline":"Nos ir\u00e1 muy bien este a\u00f1o en el Nacional: Luis Alonso Mendoza","datePublished":"2019-03-21T22:45:34+00:00","dateModified":"2019-03-27T17:27:32+00:00","mainEntityOfPage":{"@id":"https:\/\/www.cetys.mx\/noticias\/nos-ira-bien-nacional-mendoza\/"},"wordCount":387,"commentCount":0,"image":{"@id":"https:\/\/www.cetys.mx\/noticias\/nos-ira-bien-nacional-mendoza\/#primaryimage"},"thumbnailUrl":"https:\/\/www.cetys.mx\/noticias\/wp-content\/uploads\/2019\/03\/CTS_3438-e1553207766657.jpg","keywords":["beisbol","CONADEIP","Deportes","vocetys-2019-03-23"],"articleSection":["Campus Tijuana","Deportes","VoCETYS"],"inLanguage":"es","potentialAction":[{"@type":"CommentAction","name":"Comment","target":["https:\/\/www.cetys.mx\/noticias\/nos-ira-bien-nacional-mendoza\/#respond"]}]},{"@type":"WebPage","@id":"https:\/\/www.cetys.mx\/noticias\/nos-ira-bien-nacional-mendoza\/","url":"https:\/\/www.cetys.mx\/noticias\/nos-ira-bien-nacional-mendoza\/","name":"Nos ir\u00e1 muy bien este a\u00f1o en el Nacional: Luis Alonso Mendoza - CETYS","isPartOf":{"@id":"https:\/\/www.cetys.mx\/noticias\/#website"},"primaryImageOfPage":{"@id":"https:\/\/www.cetys.mx\/noticias\/nos-ira-bien-nacional-mendoza\/#primaryimage"},"image":{"@id":"https:\/\/www.cetys.mx\/noticias\/nos-ira-bien-nacional-mendoza\/#primaryimage"},"thumbnailUrl":"https:\/\/www.cetys.mx\/noticias\/wp-content\/uploads\/2019\/03\/CTS_3438-e1553207766657.jpg","datePublished":"2019-03-21T22:45:34+00:00","dateModified":"2019-03-27T17:27:32+00:00","author":{"@id":"https:\/\/www.cetys.mx\/noticias\/#\/schema\/person\/e790051ce60e18ae47cfa87011c8653f"},"description":"Articulo sobre Nos ir\u00e1 muy bien este a\u00f1o en el Nacional: Luis Alonso Mendoza","breadcrumb":{"@id":"https:\/\/www.cetys.mx\/noticias\/nos-ira-bien-nacional-mendoza\/#breadcrumb"},"inLanguage":"es","potentialAction":[{"@type":"ReadAction","target":["https:\/\/www.cetys.mx\/noticias\/nos-ira-bien-nacional-mendoza\/"]}]},{"@type":"ImageObject","inLanguage":"es","@id":"https:\/\/www.cetys.mx\/noticias\/nos-ira-bien-nacional-mendoza\/#primaryimage","url":"https:\/\/www.cetys.mx\/noticias\/wp-content\/uploads\/2019\/03\/CTS_3438-e1553207766657.jpg","contentUrl":"https:\/\/www.cetys.mx\/noticias\/wp-content\/uploads\/2019\/03\/CTS_3438-e1553207766657.jpg","width":954,"height":637,"caption":"CETYS Tijuana - B\u00e9isbol"},{"@type":"BreadcrumbList","@id":"https:\/\/www.cetys.mx\/noticias\/nos-ira-bien-nacional-mendoza\/#breadcrumb","itemListElement":[{"@type":"ListItem","position":1,"name":"Inicio","item":"https:\/\/www.cetys.mx\/noticias\/"},{"@type":"ListItem","position":2,"name":"Nos ir\u00e1 muy bien este a\u00f1o en el Nacional: Luis Alonso Mendoza"}]},{"@type":"WebSite","@id":"https:\/\/www.cetys.mx\/noticias\/#website","url":"https:\/\/www.cetys.mx\/noticias\/","name":"CETYS","description":"","potentialAction":[{"@type":"SearchAction","target":{"@type":"EntryPoint","urlTemplate":"https:\/\/www.cetys.mx\/noticias\/?s={search_term_string}"},"query-input":{"@type":"PropertyValueSpecification","valueRequired":true,"valueName":"search_term_string"}}],"inLanguage":"es"},{"@type":"Person","@id":"https:\/\/www.cetys.mx\/noticias\/#\/schema\/person\/e790051ce60e18ae47cfa87011c8653f","name":"Campus Tijuana","url":"https:\/\/www.cetys.mx\/noticias\/author\/campustijuana\/"}]}},"_links":{"self":[{"href":"https:\/\/www.cetys.mx\/noticias\/wp-json\/wp\/v2\/posts\/126767","targetHints":{"allow":["GET"]}}],"collection":[{"href":"https:\/\/www.cetys.mx\/noticias\/wp-json\/wp\/v2\/posts"}],"about":[{"href":"https:\/\/www.cetys.mx\/noticias\/wp-json\/wp\/v2\/types\/post"}],"author":[{"embeddable":true,"href":"https:\/\/www.cetys.mx\/noticias\/wp-json\/wp\/v2\/users\/24"}],"replies":[{"embeddable":true,"href":"https:\/\/www.cetys.mx\/noticias\/wp-json\/wp\/v2\/comments?post=126767"}],"version-history":[{"count":0,"href":"https:\/\/www.cetys.mx\/noticias\/wp-json\/wp\/v2\/posts\/126767\/revisions"}],"wp:featuredmedia":[{"embeddable":true,"href":"https:\/\/www.cetys.mx\/noticias\/wp-json\/wp\/v2\/media\/126768"}],"wp:attachment":[{"href":"https:\/\/www.cetys.mx\/noticias\/wp-json\/wp\/v2\/media?parent=126767"}],"wp:term":[{"taxonomy":"category","embeddable":true,"href":"https:\/\/www.cetys.mx\/noticias\/wp-json\/wp\/v2\/categories?post=126767"},{"taxonomy":"post_tag","embeddable":true,"href":"https:\/\/www.cetys.mx\/noticias\/wp-json\/wp\/v2\/tags?post=126767"}],"curies":[{"name":"wp","href":"https:\/\/api.w.org\/{rel}","templated":true}]}}