{"id":126311,"date":"2019-03-11T17:24:45","date_gmt":"2019-03-12T00:24:45","guid":{"rendered":"https:\/\/www.cetys.mx\/noticias\/?p=126311"},"modified":"2019-03-12T18:08:57","modified_gmt":"2019-03-13T01:08:57","slug":"faltar-para-salvar","status":"publish","type":"post","link":"https:\/\/www.cetys.mx\/noticias\/faltar-para-salvar\/","title":{"rendered":"Faltar para salvar"},"content":{"rendered":"<p style=\"text-align: justify;\">La Refiner\u00eda de Dos Bocas, el Tren Maya, una termoel\u00e9ctrica insostenible en Morelos, miner\u00eda en \u00e1reas naturales protegidas y un Plan Energ\u00e9tico basado casi exclusivamente en combustibles f\u00f3siles. En M\u00e9xico, la conciencia medioambiental se encuentra en una fase primitiva, como un asunto secundario que se coloca bajo el tapete para garantizar una mayor inversi\u00f3n en el pa\u00eds.<\/p>\n<p style=\"text-align: justify;\">Pocas veces se logra concebir a la sustentabilidad como la mejor inversi\u00f3n, pero es una verdad 10% o 20% m\u00e1s cara, que, sin embargo, permitir\u00e1 mantener los beneficios pr\u00e1cticamente a perpetuidad: cualquier sistema puramente extractivista agota los recursos que le dan raz\u00f3n, lo cual acaba con todo el potencial progreso que pudiere lograrse con base en \u00e9l.<\/p>\n<p style=\"text-align: justify;\">Este es el entendimiento que ha de generarse: las ganancias que causan perjuicio al medio ambiente no son ganancias. Son meramente una hipoteca que las generaciones venideras habr\u00e1n de pagar.<\/p>\n<p style=\"text-align: justify;\">En M\u00e9xico, el papel de la juventud debe de ser mucho m\u00e1s activo para lograr una diferencia, y, para ello, quiz\u00e1s deba de inspirarse en una joven de apenas 15 a\u00f1os, sueca, cr\u00edtica y, para algunos, radical: Greta Thunberg. Su poderoso mensaje ha recorrido Europa, sacudido sus gobiernos e incluso ha hecho caer algunos. Todo con base en la estrategia m\u00e1s inesperada: el ausentismo escolar.<\/p>\n<p style=\"text-align: justify;\">Al saltarse la escuela cada jueves como protesta y acudir a las calles afuera del parlamento sueco, su consigna fue repetida por otros j\u00f3venes hasta alcanzar los medios de comunicaci\u00f3n internacionales, ganarle la oportunidad de realizar un <em>TED Talk<\/em> e incluso presentarse en el Foro Econ\u00f3mico de Davos para defender las m\u00e1ximas del acuerdo de Par\u00eds e incluso fijar metas m\u00e1s ambiciosas.<\/p>\n<p style=\"text-align: justify;\">Su mensaje fue retomado en Suiza, Berl\u00edn y \u00c1msterdam hasta llegar a Bruselas, capital de la UE. All\u00ed, Anuna de Wever, joven bachillera, profundiz\u00f3 en el mensaje: con las emisiones actuales, solo quedan doce a\u00f1os antes de que el desbalance sea irreversible.<\/p>\n<p style=\"text-align: justify;\">En sus marchas, sustituy\u00f3 el viernes por el jueves, e inici\u00f3 el movimiento <em>Youth for Climate.<\/em> Con tal consigna, el primer d\u00eda, la convocatoria ascendi\u00f3 a tres mil personas; treinta veces las estimaciones m\u00e1s optimistas. La segunda semana, el movimiento creci\u00f3 cuatro veces. Y la tercera ocasi\u00f3n, ascendi\u00f3 hasta 35,000 personas, provocando inestabilidad en el fr\u00e1gil gobierno de coalici\u00f3n.<\/p>\n<p style=\"text-align: justify;\">El caso de Anuna es particularmente interesante por no haber menguado en fortaleza nueve semanas despu\u00e9s de haber iniciado y por su potencial influencia en la pol\u00edtica ambiental de la Uni\u00f3n Europea. Sin embargo, poco efecto tendr\u00e1 si se mantiene como un foco aislado. Am\u00e9rica Latina, con sus 626 millones de habitantes, frente a los 508 millones de la UE, deber\u00eda de reaccionar en consecuencia.<\/p>\n<p style=\"text-align: justify;\">Diversos movimientos juveniles han tenido su cuna en pa\u00edses del Viejo Mundo y han hecho sentir su eco a lo largo del mundo. \u00bfEs esta una Primavera de Praga o un Mayo Franc\u00e9s verde? De ser as\u00ed, \u00bfd\u00f3nde est\u00e1 la reacci\u00f3n an\u00e1loga a la del 68?<\/p>\n<p style=\"text-align: justify;\">Tal vez no se ha materializado por falta de conciencia, o por el triste destino de aquellos que, lejos de intereses partidistas, se han alzado contra lo insostenible. Sin m\u00e1s, el caso de Samir Flores. Sin embargo, ello no significa que los riesgos no han de tomarse.<\/p>\n<p style=\"text-align: justify;\">Si el ausentismo escolar y las concentraciones en las calles no son la respuesta para M\u00e9xico, entonces hemos de encontrarla nosotros\u2026 Pero pronto.<\/p>\n<hr \/>\n<p style=\"text-align: justify;\">Autor:\u00a0Aldo Sainz, estudiante de la\u00a0<a href=\"https:\/\/www.cetys.mx\/oferta-educativa\/profesional\/licenciatura-en-derecho\/\">Licenciatura en Derecho,\u00a0<\/a>Becario del Departamento de Comunicaci\u00f3n y Relaciones P\u00fablicas de CETYS Universidad Campus Mexicali, y #CETYSAmbassador.<\/p>\n","protected":false},"excerpt":{"rendered":"<p>La Refiner\u00eda de Dos Bocas, el Tren Maya, una termoel\u00e9ctrica insostenible en Morelos, miner\u00eda en \u00e1reas naturales protegidas y un Plan Energ\u00e9tico&#8230;<\/p>\n","protected":false},"author":20,"featured_media":126314,"comment_status":"open","ping_status":"closed","sticky":false,"template":"","format":"standard","meta":{"footnotes":""},"categories":[114,313],"tags":[3400],"class_list":["post-126311","post","type-post","status-publish","format-standard","has-post-thumbnail","hentry","category-opinion","category-vocetys-2","tag-vocetys-columna-2019-03-12"],"yoast_head":"<!-- This site is optimized with the Yoast SEO plugin v27.4 - https:\/\/yoast.com\/product\/yoast-seo-wordpress\/ -->\n<title>Faltar para salvar - CETYS<\/title>\n<meta name=\"description\" content=\"Articulo sobre Faltar para salvar\" \/>\n<meta name=\"robots\" content=\"index, follow, max-snippet:-1, max-image-preview:large, max-video-preview:-1\" \/>\n<link rel=\"canonical\" href=\"https:\/\/www.cetys.mx\/noticias\/faltar-para-salvar\/\" \/>\n<meta property=\"og:locale\" content=\"es_MX\" \/>\n<meta property=\"og:type\" content=\"article\" \/>\n<meta property=\"og:title\" content=\"Faltar para salvar - CETYS\" \/>\n<meta property=\"og:description\" content=\"Articulo sobre Faltar para salvar\" \/>\n<meta property=\"og:url\" content=\"https:\/\/www.cetys.mx\/noticias\/faltar-para-salvar\/\" \/>\n<meta property=\"og:site_name\" content=\"CETYS\" \/>\n<meta property=\"article:publisher\" content=\"https:\/\/www.facebook.com\/cetysuniversidadmxl\/\" \/>\n<meta property=\"article:published_time\" content=\"2019-03-12T00:24:45+00:00\" \/>\n<meta property=\"article:modified_time\" content=\"2019-03-13T01:08:57+00:00\" \/>\n<meta property=\"og:image\" content=\"https:\/\/www.cetys.mx\/noticias\/wp-content\/uploads\/2019\/03\/AldoColumnaPortal.jpg\" \/>\n\t<meta property=\"og:image:width\" content=\"373\" \/>\n\t<meta property=\"og:image:height\" content=\"300\" \/>\n\t<meta property=\"og:image:type\" content=\"image\/jpeg\" \/>\n<meta name=\"author\" content=\"Campus Mexicali\" \/>\n<meta name=\"twitter:card\" content=\"summary_large_image\" \/>\n<meta name=\"twitter:creator\" content=\"@cetysuni\" \/>\n<meta name=\"twitter:site\" content=\"@cetysuni\" \/>\n<meta name=\"twitter:label1\" content=\"Escrito por\" \/>\n\t<meta name=\"twitter:data1\" content=\"Campus Mexicali\" \/>\n\t<meta name=\"twitter:label2\" content=\"Tiempo de lectura\" \/>\n\t<meta name=\"twitter:data2\" content=\"3 minutos\" \/>\n<script type=\"application\/ld+json\" class=\"yoast-schema-graph\">{\"@context\":\"https:\\\/\\\/schema.org\",\"@graph\":[{\"@type\":\"Article\",\"@id\":\"https:\\\/\\\/www.cetys.mx\\\/noticias\\\/faltar-para-salvar\\\/#article\",\"isPartOf\":{\"@id\":\"https:\\\/\\\/www.cetys.mx\\\/noticias\\\/faltar-para-salvar\\\/\"},\"author\":{\"name\":\"Campus Mexicali\",\"@id\":\"https:\\\/\\\/www.cetys.mx\\\/noticias\\\/#\\\/schema\\\/person\\\/79a95c4ac185f3705cf1b9c9340a5f70\"},\"headline\":\"Faltar para salvar\",\"datePublished\":\"2019-03-12T00:24:45+00:00\",\"dateModified\":\"2019-03-13T01:08:57+00:00\",\"mainEntityOfPage\":{\"@id\":\"https:\\\/\\\/www.cetys.mx\\\/noticias\\\/faltar-para-salvar\\\/\"},\"wordCount\":619,\"commentCount\":0,\"image\":{\"@id\":\"https:\\\/\\\/www.cetys.mx\\\/noticias\\\/faltar-para-salvar\\\/#primaryimage\"},\"thumbnailUrl\":\"https:\\\/\\\/www.cetys.mx\\\/noticias\\\/wp-content\\\/uploads\\\/2019\\\/03\\\/AldoColumnaPortal.jpg\",\"keywords\":[\"vocetys-columna-2019-03-12\"],\"articleSection\":[\"Opini\u00f3n\",\"VoCETYS\"],\"inLanguage\":\"es\",\"potentialAction\":[{\"@type\":\"CommentAction\",\"name\":\"Comment\",\"target\":[\"https:\\\/\\\/www.cetys.mx\\\/noticias\\\/faltar-para-salvar\\\/#respond\"]}]},{\"@type\":\"WebPage\",\"@id\":\"https:\\\/\\\/www.cetys.mx\\\/noticias\\\/faltar-para-salvar\\\/\",\"url\":\"https:\\\/\\\/www.cetys.mx\\\/noticias\\\/faltar-para-salvar\\\/\",\"name\":\"Faltar para salvar - CETYS\",\"isPartOf\":{\"@id\":\"https:\\\/\\\/www.cetys.mx\\\/noticias\\\/#website\"},\"primaryImageOfPage\":{\"@id\":\"https:\\\/\\\/www.cetys.mx\\\/noticias\\\/faltar-para-salvar\\\/#primaryimage\"},\"image\":{\"@id\":\"https:\\\/\\\/www.cetys.mx\\\/noticias\\\/faltar-para-salvar\\\/#primaryimage\"},\"thumbnailUrl\":\"https:\\\/\\\/www.cetys.mx\\\/noticias\\\/wp-content\\\/uploads\\\/2019\\\/03\\\/AldoColumnaPortal.jpg\",\"datePublished\":\"2019-03-12T00:24:45+00:00\",\"dateModified\":\"2019-03-13T01:08:57+00:00\",\"author\":{\"@id\":\"https:\\\/\\\/www.cetys.mx\\\/noticias\\\/#\\\/schema\\\/person\\\/79a95c4ac185f3705cf1b9c9340a5f70\"},\"description\":\"Articulo sobre Faltar para salvar\",\"breadcrumb\":{\"@id\":\"https:\\\/\\\/www.cetys.mx\\\/noticias\\\/faltar-para-salvar\\\/#breadcrumb\"},\"inLanguage\":\"es\",\"potentialAction\":[{\"@type\":\"ReadAction\",\"target\":[\"https:\\\/\\\/www.cetys.mx\\\/noticias\\\/faltar-para-salvar\\\/\"]}]},{\"@type\":\"ImageObject\",\"inLanguage\":\"es\",\"@id\":\"https:\\\/\\\/www.cetys.mx\\\/noticias\\\/faltar-para-salvar\\\/#primaryimage\",\"url\":\"https:\\\/\\\/www.cetys.mx\\\/noticias\\\/wp-content\\\/uploads\\\/2019\\\/03\\\/AldoColumnaPortal.jpg\",\"contentUrl\":\"https:\\\/\\\/www.cetys.mx\\\/noticias\\\/wp-content\\\/uploads\\\/2019\\\/03\\\/AldoColumnaPortal.jpg\",\"width\":373,\"height\":300},{\"@type\":\"BreadcrumbList\",\"@id\":\"https:\\\/\\\/www.cetys.mx\\\/noticias\\\/faltar-para-salvar\\\/#breadcrumb\",\"itemListElement\":[{\"@type\":\"ListItem\",\"position\":1,\"name\":\"Inicio\",\"item\":\"https:\\\/\\\/www.cetys.mx\\\/noticias\\\/\"},{\"@type\":\"ListItem\",\"position\":2,\"name\":\"Faltar para salvar\"}]},{\"@type\":\"WebSite\",\"@id\":\"https:\\\/\\\/www.cetys.mx\\\/noticias\\\/#website\",\"url\":\"https:\\\/\\\/www.cetys.mx\\\/noticias\\\/\",\"name\":\"CETYS\",\"description\":\"\",\"potentialAction\":[{\"@type\":\"SearchAction\",\"target\":{\"@type\":\"EntryPoint\",\"urlTemplate\":\"https:\\\/\\\/www.cetys.mx\\\/noticias\\\/?s={search_term_string}\"},\"query-input\":{\"@type\":\"PropertyValueSpecification\",\"valueRequired\":true,\"valueName\":\"search_term_string\"}}],\"inLanguage\":\"es\"},{\"@type\":\"Person\",\"@id\":\"https:\\\/\\\/www.cetys.mx\\\/noticias\\\/#\\\/schema\\\/person\\\/79a95c4ac185f3705cf1b9c9340a5f70\",\"name\":\"Campus Mexicali\",\"url\":\"https:\\\/\\\/www.cetys.mx\\\/noticias\\\/author\\\/campusmexicali\\\/\"}]}<\/script>\n<!-- \/ Yoast SEO plugin. -->","yoast_head_json":{"title":"Faltar para salvar - CETYS","description":"Articulo sobre Faltar para salvar","robots":{"index":"index","follow":"follow","max-snippet":"max-snippet:-1","max-image-preview":"max-image-preview:large","max-video-preview":"max-video-preview:-1"},"canonical":"https:\/\/www.cetys.mx\/noticias\/faltar-para-salvar\/","og_locale":"es_MX","og_type":"article","og_title":"Faltar para salvar - CETYS","og_description":"Articulo sobre Faltar para salvar","og_url":"https:\/\/www.cetys.mx\/noticias\/faltar-para-salvar\/","og_site_name":"CETYS","article_publisher":"https:\/\/www.facebook.com\/cetysuniversidadmxl\/","article_published_time":"2019-03-12T00:24:45+00:00","article_modified_time":"2019-03-13T01:08:57+00:00","og_image":[{"width":373,"height":300,"url":"https:\/\/www.cetys.mx\/noticias\/wp-content\/uploads\/2019\/03\/AldoColumnaPortal.jpg","type":"image\/jpeg"}],"author":"Campus Mexicali","twitter_card":"summary_large_image","twitter_creator":"@cetysuni","twitter_site":"@cetysuni","twitter_misc":{"Escrito por":"Campus Mexicali","Tiempo de lectura":"3 minutos"},"schema":{"@context":"https:\/\/schema.org","@graph":[{"@type":"Article","@id":"https:\/\/www.cetys.mx\/noticias\/faltar-para-salvar\/#article","isPartOf":{"@id":"https:\/\/www.cetys.mx\/noticias\/faltar-para-salvar\/"},"author":{"name":"Campus Mexicali","@id":"https:\/\/www.cetys.mx\/noticias\/#\/schema\/person\/79a95c4ac185f3705cf1b9c9340a5f70"},"headline":"Faltar para salvar","datePublished":"2019-03-12T00:24:45+00:00","dateModified":"2019-03-13T01:08:57+00:00","mainEntityOfPage":{"@id":"https:\/\/www.cetys.mx\/noticias\/faltar-para-salvar\/"},"wordCount":619,"commentCount":0,"image":{"@id":"https:\/\/www.cetys.mx\/noticias\/faltar-para-salvar\/#primaryimage"},"thumbnailUrl":"https:\/\/www.cetys.mx\/noticias\/wp-content\/uploads\/2019\/03\/AldoColumnaPortal.jpg","keywords":["vocetys-columna-2019-03-12"],"articleSection":["Opini\u00f3n","VoCETYS"],"inLanguage":"es","potentialAction":[{"@type":"CommentAction","name":"Comment","target":["https:\/\/www.cetys.mx\/noticias\/faltar-para-salvar\/#respond"]}]},{"@type":"WebPage","@id":"https:\/\/www.cetys.mx\/noticias\/faltar-para-salvar\/","url":"https:\/\/www.cetys.mx\/noticias\/faltar-para-salvar\/","name":"Faltar para salvar - CETYS","isPartOf":{"@id":"https:\/\/www.cetys.mx\/noticias\/#website"},"primaryImageOfPage":{"@id":"https:\/\/www.cetys.mx\/noticias\/faltar-para-salvar\/#primaryimage"},"image":{"@id":"https:\/\/www.cetys.mx\/noticias\/faltar-para-salvar\/#primaryimage"},"thumbnailUrl":"https:\/\/www.cetys.mx\/noticias\/wp-content\/uploads\/2019\/03\/AldoColumnaPortal.jpg","datePublished":"2019-03-12T00:24:45+00:00","dateModified":"2019-03-13T01:08:57+00:00","author":{"@id":"https:\/\/www.cetys.mx\/noticias\/#\/schema\/person\/79a95c4ac185f3705cf1b9c9340a5f70"},"description":"Articulo sobre Faltar para salvar","breadcrumb":{"@id":"https:\/\/www.cetys.mx\/noticias\/faltar-para-salvar\/#breadcrumb"},"inLanguage":"es","potentialAction":[{"@type":"ReadAction","target":["https:\/\/www.cetys.mx\/noticias\/faltar-para-salvar\/"]}]},{"@type":"ImageObject","inLanguage":"es","@id":"https:\/\/www.cetys.mx\/noticias\/faltar-para-salvar\/#primaryimage","url":"https:\/\/www.cetys.mx\/noticias\/wp-content\/uploads\/2019\/03\/AldoColumnaPortal.jpg","contentUrl":"https:\/\/www.cetys.mx\/noticias\/wp-content\/uploads\/2019\/03\/AldoColumnaPortal.jpg","width":373,"height":300},{"@type":"BreadcrumbList","@id":"https:\/\/www.cetys.mx\/noticias\/faltar-para-salvar\/#breadcrumb","itemListElement":[{"@type":"ListItem","position":1,"name":"Inicio","item":"https:\/\/www.cetys.mx\/noticias\/"},{"@type":"ListItem","position":2,"name":"Faltar para salvar"}]},{"@type":"WebSite","@id":"https:\/\/www.cetys.mx\/noticias\/#website","url":"https:\/\/www.cetys.mx\/noticias\/","name":"CETYS","description":"","potentialAction":[{"@type":"SearchAction","target":{"@type":"EntryPoint","urlTemplate":"https:\/\/www.cetys.mx\/noticias\/?s={search_term_string}"},"query-input":{"@type":"PropertyValueSpecification","valueRequired":true,"valueName":"search_term_string"}}],"inLanguage":"es"},{"@type":"Person","@id":"https:\/\/www.cetys.mx\/noticias\/#\/schema\/person\/79a95c4ac185f3705cf1b9c9340a5f70","name":"Campus Mexicali","url":"https:\/\/www.cetys.mx\/noticias\/author\/campusmexicali\/"}]}},"_links":{"self":[{"href":"https:\/\/www.cetys.mx\/noticias\/wp-json\/wp\/v2\/posts\/126311","targetHints":{"allow":["GET"]}}],"collection":[{"href":"https:\/\/www.cetys.mx\/noticias\/wp-json\/wp\/v2\/posts"}],"about":[{"href":"https:\/\/www.cetys.mx\/noticias\/wp-json\/wp\/v2\/types\/post"}],"author":[{"embeddable":true,"href":"https:\/\/www.cetys.mx\/noticias\/wp-json\/wp\/v2\/users\/20"}],"replies":[{"embeddable":true,"href":"https:\/\/www.cetys.mx\/noticias\/wp-json\/wp\/v2\/comments?post=126311"}],"version-history":[{"count":0,"href":"https:\/\/www.cetys.mx\/noticias\/wp-json\/wp\/v2\/posts\/126311\/revisions"}],"wp:featuredmedia":[{"embeddable":true,"href":"https:\/\/www.cetys.mx\/noticias\/wp-json\/wp\/v2\/media\/126314"}],"wp:attachment":[{"href":"https:\/\/www.cetys.mx\/noticias\/wp-json\/wp\/v2\/media?parent=126311"}],"wp:term":[{"taxonomy":"category","embeddable":true,"href":"https:\/\/www.cetys.mx\/noticias\/wp-json\/wp\/v2\/categories?post=126311"},{"taxonomy":"post_tag","embeddable":true,"href":"https:\/\/www.cetys.mx\/noticias\/wp-json\/wp\/v2\/tags?post=126311"}],"curies":[{"name":"wp","href":"https:\/\/api.w.org\/{rel}","templated":true}]}}