{"id":126294,"date":"2019-03-11T17:19:31","date_gmt":"2019-03-12T00:19:31","guid":{"rendered":"https:\/\/www.cetys.mx\/noticias\/?p=126294"},"modified":"2019-03-13T16:52:26","modified_gmt":"2019-03-13T23:52:26","slug":"con-el-cetys-graduate-school-of-business-buscan-formar-profesionales-altamente-capacitados","status":"publish","type":"post","link":"https:\/\/www.cetys.mx\/noticias\/con-el-cetys-graduate-school-of-business-buscan-formar-profesionales-altamente-capacitados\/","title":{"rendered":"Con el &#8220;CETYS Graduate School of Business&#8221; buscan formar profesionales altamente capacitados"},"content":{"rendered":"<p align=\"justify\">Se llev\u00f3 a cabo la presentaci\u00f3n del <strong>CETYS Graduate School of Business<\/strong> (GSB, por sus siglas en ingl\u00e9s), una nueva iniciativa del Sistema <strong>CETYS Universidad<\/strong> que tiene como objetivo ser un agente activo y protagonista en la creaci\u00f3n de oportunidades, desarrollo de soluciones y de apoyo en la transformaci\u00f3n que las empresas y la sociedad necesitan.<\/p>\n<p align=\"justify\">En conferencia de prensa, la <strong>Dra. M\u00f3nica L\u00f3pez Sieben<\/strong>, <em>Directora de la Escuela de Posgrado en Administraci\u00f3n de Negocios<\/em>, destac\u00f3 que el <strong>CETYS Graduate School of Business<\/strong> tiene como prop\u00f3sito generar un impacto positivo y el dise\u00f1o de un futuro exitoso para las organizaciones; misi\u00f3n que trajo consigo la renovaci\u00f3n del programa de <em>Maestr\u00eda en Administraci\u00f3n de Negocios<\/em> (MBA, por sus siglas en ingl\u00e9s).<\/p>\n<div id=\"attachment_126299\" style=\"width: 968px\" class=\"wp-caption aligncenter\"><img loading=\"lazy\" decoding=\"async\" aria-describedby=\"caption-attachment-126299\" class=\"wp-image-126299 size-full\" src=\"https:\/\/www.cetys.mx\/noticias\/wp-content\/uploads\/2019\/03\/113-2.jpg\" alt=\"\" width=\"958\" height=\"637\" srcset=\"https:\/\/www.cetys.mx\/noticias\/wp-content\/uploads\/2019\/03\/113-2.jpg 958w, https:\/\/www.cetys.mx\/noticias\/wp-content\/uploads\/2019\/03\/113-2-768x511.jpg 768w\" sizes=\"auto, (max-width: 958px) 100vw, 958px\" \/><p id=\"caption-attachment-126299\" class=\"wp-caption-text\">A partir de este 2019, el Sistema CETYS Universidad ofertar\u00e1 el posgrado de MBA con Doble Grado (M\u00e9xico-EUA) y Triple Grado (M\u00e9xico-Taiw\u00e1n-Austria).<\/p><\/div>\n<p align=\"justify\">De acuerdo con la <strong>Mtra. Jessica Ibarra Ramonet<\/strong>, <em>Directora Zona Costa de CETYS Universidad<\/em>, esta transformaci\u00f3n se da en el marco del 25 Aniversario del programa y su posicionamiento durante m\u00e1s de una d\u00e9cada en el top nacional de posgrados, como resultado de su amplia oferta de especializaci\u00f3n, viabilidad y respuesta a las necesidades de la industria en el pa\u00eds, pero tambi\u00e9n a la internacionalizaci\u00f3n.<\/p>\n<p align=\"justify\">En este sentido, la internacionalizaci\u00f3n en el <strong>MBA de CETYS Universidad<\/strong> se consolidar\u00e1 durante 2019 a trav\u00e9s de la oferta del programa en dos nuevas modalidades, a la par del programa tradicional donde se estudia la teor\u00eda y la aplicaci\u00f3n de los principios empresariales y de gesti\u00f3n innovativa con seis \u00e1reas de concentraci\u00f3n (<em>Alta Direcci\u00f3n, Mercadotecnia, Finanzas, Cadena de Suministros, Recursos Humanos y Estrategia Empresarial<\/em>).<\/p>\n<div id=\"attachment_126297\" style=\"width: 968px\" class=\"wp-caption aligncenter\"><img loading=\"lazy\" decoding=\"async\" aria-describedby=\"caption-attachment-126297\" class=\"wp-image-126297 size-full\" src=\"https:\/\/www.cetys.mx\/noticias\/wp-content\/uploads\/2019\/03\/113-4.jpg\" alt=\"\" width=\"958\" height=\"637\" srcset=\"https:\/\/www.cetys.mx\/noticias\/wp-content\/uploads\/2019\/03\/113-4.jpg 958w, https:\/\/www.cetys.mx\/noticias\/wp-content\/uploads\/2019\/03\/113-4-768x511.jpg 768w\" sizes=\"auto, (max-width: 958px) 100vw, 958px\" \/><p id=\"caption-attachment-126297\" class=\"wp-caption-text\">CETYS Graduate School of Business tiene como prop\u00f3sito generar un impacto positivo y el dise\u00f1o de un futuro exitoso para las organizaciones.<\/p><\/div>\n<p align=\"justify\">Es as\u00ed como se comenzar\u00e1 a ofertar el programa de <strong>MBA con Doble Grado<\/strong> en alianza con la <em>University of San Diego<\/em> (USD), que permitir\u00e1 a los estudiantes vivir la experiencia internacional de colaboraci\u00f3n transfronteriza desde una visi\u00f3n global, d\u00e1ndoles al finalizar un t\u00edtulo de Posgrado en M\u00e9xico y uno m\u00e1s en Estados Unidos.<\/p>\n<p align=\"justify\">Por otro lado, el <strong>MBA con Triple Grado<\/strong> en conjunto con la <strong>Providence University<\/strong> (PU) en Taiw\u00e1n y la <strong>University of Applied Sciences\/Upper Austria<\/strong> (UASUA), opci\u00f3n a trav\u00e9s de la cual se privilegia la experiencia internacional a trav\u00e9s de estancias de 3 meses en las ciudades de Ensenada (M\u00e9xico), Taichun (Taiw\u00e1n) y Steyr (Austria); aqu\u00ed adem\u00e1s del t\u00edtulo otorgado por <strong>CETYS Universidad<\/strong>, obtendr\u00e1n el t\u00edtulo de <em>Global Master in Business Administration por la PU<\/em> y el de <em>Master in Global Sales &amp; Marketing por la UASUA.<\/em><\/p>\n<p align=\"justify\">Para el<strong> Dr. Oscar Barroso Huertas<\/strong>, <em>Coordinador Acad\u00e9mico del MBA en Campus Tijuana<\/em>, esta amplia oferta educativa a nivel posgrado responde a la evoluci\u00f3n del mundo de los negocios, pero tambi\u00e9n se enlaza con las caracter\u00edsticas que actualmente se est\u00e1n dando en el contexto nacional, as\u00ed como a la identidad de la regi\u00f3n a trav\u00e9s de un ambiente din\u00e1mico y multicultural.<\/p>\n<p align=\"justify\">Las autoridades acad\u00e9micas invitaron a visitar\u00a0<a href=\"https:\/\/r20.rs6.net\/tn.jsp?f=001JRkl2_yL-F7yz2QsCjw6lavUzjWx33vzqLesXdmd5y7nT4kjIvG36ZJBWTIiM4xHvfh3BdjXSxqZ_Y9EEAGuo5wZOS9-IF3SwIbitVvlPfNlp6IqF4-6J28hbvHcMH7i2Os9Z3-rYLt4TYohqiW-jAxyW0kiy5WjdsrJvvcPqhE=&amp;c=YLLinivcyhhcMLo7Far99iei1_RyFs8DQfA4JPjZDz-YfizY3J2k4A==&amp;ch=gX1hZy4KMkRGZ3TT9592jk3zZIPq3AcGUf5H7AsCNj0U-u37cWvW1A==\" target=\"_blank\" rel=\"noopener\" data-saferedirecturl=\"https:\/\/www.google.com\/url?q=https:\/\/r20.rs6.net\/tn.jsp?f%3D001JRkl2_yL-F7yz2QsCjw6lavUzjWx33vzqLesXdmd5y7nT4kjIvG36ZJBWTIiM4xHvfh3BdjXSxqZ_Y9EEAGuo5wZOS9-IF3SwIbitVvlPfNlp6IqF4-6J28hbvHcMH7i2Os9Z3-rYLt4TYohqiW-jAxyW0kiy5WjdsrJvvcPqhE%3D%26c%3DYLLinivcyhhcMLo7Far99iei1_RyFs8DQfA4JPjZDz-YfizY3J2k4A%3D%3D%26ch%3DgX1hZy4KMkRGZ3TT9592jk3zZIPq3AcGUf5H7AsCNj0U-u37cWvW1A%3D%3D&amp;source=gmail&amp;ust=1552427888705000&amp;usg=AFQjCNF0JIE1FkX2bltrk0OOihZB1aJtvQ\">www.cetys.mx<\/a>\u00a0para conocer todos los detalles, o bien comunicarse al 903-1800.<\/p>\n","protected":false},"excerpt":{"rendered":"<p>Se llev\u00f3 a cabo la presentaci\u00f3n del CETYS Graduate School of Business (GSB, por sus siglas en ingl\u00e9s), una nueva iniciativa del&#8230;<\/p>\n","protected":false},"author":24,"featured_media":126313,"comment_status":"open","ping_status":"closed","sticky":false,"template":"","format":"standard","meta":{"footnotes":""},"categories":[134,1766,319,125,309,946,313],"tags":[373,297,168,216,3404],"class_list":["post-126294","post","type-post","status-publish","format-standard","has-post-thumbnail","hentry","category-campus-tijuana","category-innovacion","category-p-internacionales","category-portada","category-posgrado","category-promocion-academica","category-vocetys-2","tag-administracion","tag-campus-tijuana","tag-cetys-universidad","tag-posgrado","tag-vocetys-top-2019-03-09"],"yoast_head":"<!-- This site is optimized with the Yoast SEO plugin v27.4 - https:\/\/yoast.com\/product\/yoast-seo-wordpress\/ -->\n<title>Con el &quot;CETYS Graduate School of Business&quot; buscan formar profesionales altamente capacitados - CETYS<\/title>\n<meta name=\"description\" content=\"Articulo sobre Con el &quot;CETYS Graduate School of Business&quot; buscan formar profesionales altamente capacitados\" \/>\n<meta name=\"robots\" content=\"index, follow, max-snippet:-1, max-image-preview:large, max-video-preview:-1\" \/>\n<link rel=\"canonical\" href=\"https:\/\/www.cetys.mx\/noticias\/con-el-cetys-graduate-school-of-business-buscan-formar-profesionales-altamente-capacitados\/\" \/>\n<meta property=\"og:locale\" content=\"es_MX\" \/>\n<meta property=\"og:type\" content=\"article\" \/>\n<meta property=\"og:title\" content=\"Con el &quot;CETYS Graduate School of Business&quot; buscan formar profesionales altamente capacitados - CETYS\" \/>\n<meta property=\"og:description\" content=\"Articulo sobre Con el &quot;CETYS Graduate School of Business&quot; buscan formar profesionales altamente capacitados\" \/>\n<meta property=\"og:url\" content=\"https:\/\/www.cetys.mx\/noticias\/con-el-cetys-graduate-school-of-business-buscan-formar-profesionales-altamente-capacitados\/\" \/>\n<meta property=\"og:site_name\" content=\"CETYS\" \/>\n<meta property=\"article:publisher\" content=\"https:\/\/www.facebook.com\/cetysuniversidadmxl\/\" \/>\n<meta property=\"article:published_time\" content=\"2019-03-12T00:19:31+00:00\" \/>\n<meta property=\"article:modified_time\" content=\"2019-03-13T23:52:26+00:00\" \/>\n<meta property=\"og:image\" content=\"https:\/\/www.cetys.mx\/noticias\/wp-content\/uploads\/2019\/03\/cetys_gsobcetys19portada.jpg\" \/>\n\t<meta property=\"og:image:width\" content=\"958\" \/>\n\t<meta property=\"og:image:height\" content=\"637\" \/>\n\t<meta property=\"og:image:type\" content=\"image\/jpeg\" \/>\n<meta name=\"author\" content=\"Campus Tijuana\" \/>\n<meta name=\"twitter:card\" content=\"summary_large_image\" \/>\n<meta name=\"twitter:creator\" content=\"@cetysuni\" \/>\n<meta name=\"twitter:site\" content=\"@cetysuni\" \/>\n<meta name=\"twitter:label1\" content=\"Escrito por\" \/>\n\t<meta name=\"twitter:data1\" content=\"Campus Tijuana\" \/>\n\t<meta name=\"twitter:label2\" content=\"Tiempo de lectura\" \/>\n\t<meta name=\"twitter:data2\" content=\"3 minutos\" \/>\n<script type=\"application\/ld+json\" class=\"yoast-schema-graph\">{\"@context\":\"https:\\\/\\\/schema.org\",\"@graph\":[{\"@type\":\"Article\",\"@id\":\"https:\\\/\\\/www.cetys.mx\\\/noticias\\\/con-el-cetys-graduate-school-of-business-buscan-formar-profesionales-altamente-capacitados\\\/#article\",\"isPartOf\":{\"@id\":\"https:\\\/\\\/www.cetys.mx\\\/noticias\\\/con-el-cetys-graduate-school-of-business-buscan-formar-profesionales-altamente-capacitados\\\/\"},\"author\":{\"name\":\"Campus Tijuana\",\"@id\":\"https:\\\/\\\/www.cetys.mx\\\/noticias\\\/#\\\/schema\\\/person\\\/e790051ce60e18ae47cfa87011c8653f\"},\"headline\":\"Con el &#8220;CETYS Graduate School of Business&#8221; buscan formar profesionales altamente capacitados\",\"datePublished\":\"2019-03-12T00:19:31+00:00\",\"dateModified\":\"2019-03-13T23:52:26+00:00\",\"mainEntityOfPage\":{\"@id\":\"https:\\\/\\\/www.cetys.mx\\\/noticias\\\/con-el-cetys-graduate-school-of-business-buscan-formar-profesionales-altamente-capacitados\\\/\"},\"wordCount\":595,\"commentCount\":0,\"image\":{\"@id\":\"https:\\\/\\\/www.cetys.mx\\\/noticias\\\/con-el-cetys-graduate-school-of-business-buscan-formar-profesionales-altamente-capacitados\\\/#primaryimage\"},\"thumbnailUrl\":\"https:\\\/\\\/www.cetys.mx\\\/noticias\\\/wp-content\\\/uploads\\\/2019\\\/03\\\/cetys_gsobcetys19portada.jpg\",\"keywords\":[\"Administraci\u00f3n\",\"Campus Tijuana\",\"CETYS Universidad\",\"posgrado\",\"vocetys-top-2019-03-09\"],\"articleSection\":[\"Campus Tijuana\",\"Innovaci\u00f3n\",\"P. Internacionales\",\"Portada\",\"Posgrado\",\"Promoci\u00f3n Acad\u00e9mica\",\"VoCETYS\"],\"inLanguage\":\"es\",\"potentialAction\":[{\"@type\":\"CommentAction\",\"name\":\"Comment\",\"target\":[\"https:\\\/\\\/www.cetys.mx\\\/noticias\\\/con-el-cetys-graduate-school-of-business-buscan-formar-profesionales-altamente-capacitados\\\/#respond\"]}]},{\"@type\":\"WebPage\",\"@id\":\"https:\\\/\\\/www.cetys.mx\\\/noticias\\\/con-el-cetys-graduate-school-of-business-buscan-formar-profesionales-altamente-capacitados\\\/\",\"url\":\"https:\\\/\\\/www.cetys.mx\\\/noticias\\\/con-el-cetys-graduate-school-of-business-buscan-formar-profesionales-altamente-capacitados\\\/\",\"name\":\"Con el \\\"CETYS Graduate School of Business\\\" buscan formar profesionales altamente capacitados - CETYS\",\"isPartOf\":{\"@id\":\"https:\\\/\\\/www.cetys.mx\\\/noticias\\\/#website\"},\"primaryImageOfPage\":{\"@id\":\"https:\\\/\\\/www.cetys.mx\\\/noticias\\\/con-el-cetys-graduate-school-of-business-buscan-formar-profesionales-altamente-capacitados\\\/#primaryimage\"},\"image\":{\"@id\":\"https:\\\/\\\/www.cetys.mx\\\/noticias\\\/con-el-cetys-graduate-school-of-business-buscan-formar-profesionales-altamente-capacitados\\\/#primaryimage\"},\"thumbnailUrl\":\"https:\\\/\\\/www.cetys.mx\\\/noticias\\\/wp-content\\\/uploads\\\/2019\\\/03\\\/cetys_gsobcetys19portada.jpg\",\"datePublished\":\"2019-03-12T00:19:31+00:00\",\"dateModified\":\"2019-03-13T23:52:26+00:00\",\"author\":{\"@id\":\"https:\\\/\\\/www.cetys.mx\\\/noticias\\\/#\\\/schema\\\/person\\\/e790051ce60e18ae47cfa87011c8653f\"},\"description\":\"Articulo sobre Con el \\\"CETYS Graduate School of Business\\\" buscan formar profesionales altamente capacitados\",\"breadcrumb\":{\"@id\":\"https:\\\/\\\/www.cetys.mx\\\/noticias\\\/con-el-cetys-graduate-school-of-business-buscan-formar-profesionales-altamente-capacitados\\\/#breadcrumb\"},\"inLanguage\":\"es\",\"potentialAction\":[{\"@type\":\"ReadAction\",\"target\":[\"https:\\\/\\\/www.cetys.mx\\\/noticias\\\/con-el-cetys-graduate-school-of-business-buscan-formar-profesionales-altamente-capacitados\\\/\"]}]},{\"@type\":\"ImageObject\",\"inLanguage\":\"es\",\"@id\":\"https:\\\/\\\/www.cetys.mx\\\/noticias\\\/con-el-cetys-graduate-school-of-business-buscan-formar-profesionales-altamente-capacitados\\\/#primaryimage\",\"url\":\"https:\\\/\\\/www.cetys.mx\\\/noticias\\\/wp-content\\\/uploads\\\/2019\\\/03\\\/cetys_gsobcetys19portada.jpg\",\"contentUrl\":\"https:\\\/\\\/www.cetys.mx\\\/noticias\\\/wp-content\\\/uploads\\\/2019\\\/03\\\/cetys_gsobcetys19portada.jpg\",\"width\":958,\"height\":637},{\"@type\":\"BreadcrumbList\",\"@id\":\"https:\\\/\\\/www.cetys.mx\\\/noticias\\\/con-el-cetys-graduate-school-of-business-buscan-formar-profesionales-altamente-capacitados\\\/#breadcrumb\",\"itemListElement\":[{\"@type\":\"ListItem\",\"position\":1,\"name\":\"Inicio\",\"item\":\"https:\\\/\\\/www.cetys.mx\\\/noticias\\\/\"},{\"@type\":\"ListItem\",\"position\":2,\"name\":\"Con el &#8220;CETYS Graduate School of Business&#8221; buscan formar profesionales altamente capacitados\"}]},{\"@type\":\"WebSite\",\"@id\":\"https:\\\/\\\/www.cetys.mx\\\/noticias\\\/#website\",\"url\":\"https:\\\/\\\/www.cetys.mx\\\/noticias\\\/\",\"name\":\"CETYS\",\"description\":\"\",\"potentialAction\":[{\"@type\":\"SearchAction\",\"target\":{\"@type\":\"EntryPoint\",\"urlTemplate\":\"https:\\\/\\\/www.cetys.mx\\\/noticias\\\/?s={search_term_string}\"},\"query-input\":{\"@type\":\"PropertyValueSpecification\",\"valueRequired\":true,\"valueName\":\"search_term_string\"}}],\"inLanguage\":\"es\"},{\"@type\":\"Person\",\"@id\":\"https:\\\/\\\/www.cetys.mx\\\/noticias\\\/#\\\/schema\\\/person\\\/e790051ce60e18ae47cfa87011c8653f\",\"name\":\"Campus Tijuana\",\"url\":\"https:\\\/\\\/www.cetys.mx\\\/noticias\\\/author\\\/campustijuana\\\/\"}]}<\/script>\n<!-- \/ Yoast SEO plugin. -->","yoast_head_json":{"title":"Con el \"CETYS Graduate School of Business\" buscan formar profesionales altamente capacitados - CETYS","description":"Articulo sobre Con el \"CETYS Graduate School of Business\" buscan formar profesionales altamente capacitados","robots":{"index":"index","follow":"follow","max-snippet":"max-snippet:-1","max-image-preview":"max-image-preview:large","max-video-preview":"max-video-preview:-1"},"canonical":"https:\/\/www.cetys.mx\/noticias\/con-el-cetys-graduate-school-of-business-buscan-formar-profesionales-altamente-capacitados\/","og_locale":"es_MX","og_type":"article","og_title":"Con el \"CETYS Graduate School of Business\" buscan formar profesionales altamente capacitados - CETYS","og_description":"Articulo sobre Con el \"CETYS Graduate School of Business\" buscan formar profesionales altamente capacitados","og_url":"https:\/\/www.cetys.mx\/noticias\/con-el-cetys-graduate-school-of-business-buscan-formar-profesionales-altamente-capacitados\/","og_site_name":"CETYS","article_publisher":"https:\/\/www.facebook.com\/cetysuniversidadmxl\/","article_published_time":"2019-03-12T00:19:31+00:00","article_modified_time":"2019-03-13T23:52:26+00:00","og_image":[{"width":958,"height":637,"url":"https:\/\/www.cetys.mx\/noticias\/wp-content\/uploads\/2019\/03\/cetys_gsobcetys19portada.jpg","type":"image\/jpeg"}],"author":"Campus Tijuana","twitter_card":"summary_large_image","twitter_creator":"@cetysuni","twitter_site":"@cetysuni","twitter_misc":{"Escrito por":"Campus Tijuana","Tiempo de lectura":"3 minutos"},"schema":{"@context":"https:\/\/schema.org","@graph":[{"@type":"Article","@id":"https:\/\/www.cetys.mx\/noticias\/con-el-cetys-graduate-school-of-business-buscan-formar-profesionales-altamente-capacitados\/#article","isPartOf":{"@id":"https:\/\/www.cetys.mx\/noticias\/con-el-cetys-graduate-school-of-business-buscan-formar-profesionales-altamente-capacitados\/"},"author":{"name":"Campus Tijuana","@id":"https:\/\/www.cetys.mx\/noticias\/#\/schema\/person\/e790051ce60e18ae47cfa87011c8653f"},"headline":"Con el &#8220;CETYS Graduate School of Business&#8221; buscan formar profesionales altamente capacitados","datePublished":"2019-03-12T00:19:31+00:00","dateModified":"2019-03-13T23:52:26+00:00","mainEntityOfPage":{"@id":"https:\/\/www.cetys.mx\/noticias\/con-el-cetys-graduate-school-of-business-buscan-formar-profesionales-altamente-capacitados\/"},"wordCount":595,"commentCount":0,"image":{"@id":"https:\/\/www.cetys.mx\/noticias\/con-el-cetys-graduate-school-of-business-buscan-formar-profesionales-altamente-capacitados\/#primaryimage"},"thumbnailUrl":"https:\/\/www.cetys.mx\/noticias\/wp-content\/uploads\/2019\/03\/cetys_gsobcetys19portada.jpg","keywords":["Administraci\u00f3n","Campus Tijuana","CETYS Universidad","posgrado","vocetys-top-2019-03-09"],"articleSection":["Campus Tijuana","Innovaci\u00f3n","P. Internacionales","Portada","Posgrado","Promoci\u00f3n Acad\u00e9mica","VoCETYS"],"inLanguage":"es","potentialAction":[{"@type":"CommentAction","name":"Comment","target":["https:\/\/www.cetys.mx\/noticias\/con-el-cetys-graduate-school-of-business-buscan-formar-profesionales-altamente-capacitados\/#respond"]}]},{"@type":"WebPage","@id":"https:\/\/www.cetys.mx\/noticias\/con-el-cetys-graduate-school-of-business-buscan-formar-profesionales-altamente-capacitados\/","url":"https:\/\/www.cetys.mx\/noticias\/con-el-cetys-graduate-school-of-business-buscan-formar-profesionales-altamente-capacitados\/","name":"Con el \"CETYS Graduate School of Business\" buscan formar profesionales altamente capacitados - CETYS","isPartOf":{"@id":"https:\/\/www.cetys.mx\/noticias\/#website"},"primaryImageOfPage":{"@id":"https:\/\/www.cetys.mx\/noticias\/con-el-cetys-graduate-school-of-business-buscan-formar-profesionales-altamente-capacitados\/#primaryimage"},"image":{"@id":"https:\/\/www.cetys.mx\/noticias\/con-el-cetys-graduate-school-of-business-buscan-formar-profesionales-altamente-capacitados\/#primaryimage"},"thumbnailUrl":"https:\/\/www.cetys.mx\/noticias\/wp-content\/uploads\/2019\/03\/cetys_gsobcetys19portada.jpg","datePublished":"2019-03-12T00:19:31+00:00","dateModified":"2019-03-13T23:52:26+00:00","author":{"@id":"https:\/\/www.cetys.mx\/noticias\/#\/schema\/person\/e790051ce60e18ae47cfa87011c8653f"},"description":"Articulo sobre Con el \"CETYS Graduate School of Business\" buscan formar profesionales altamente capacitados","breadcrumb":{"@id":"https:\/\/www.cetys.mx\/noticias\/con-el-cetys-graduate-school-of-business-buscan-formar-profesionales-altamente-capacitados\/#breadcrumb"},"inLanguage":"es","potentialAction":[{"@type":"ReadAction","target":["https:\/\/www.cetys.mx\/noticias\/con-el-cetys-graduate-school-of-business-buscan-formar-profesionales-altamente-capacitados\/"]}]},{"@type":"ImageObject","inLanguage":"es","@id":"https:\/\/www.cetys.mx\/noticias\/con-el-cetys-graduate-school-of-business-buscan-formar-profesionales-altamente-capacitados\/#primaryimage","url":"https:\/\/www.cetys.mx\/noticias\/wp-content\/uploads\/2019\/03\/cetys_gsobcetys19portada.jpg","contentUrl":"https:\/\/www.cetys.mx\/noticias\/wp-content\/uploads\/2019\/03\/cetys_gsobcetys19portada.jpg","width":958,"height":637},{"@type":"BreadcrumbList","@id":"https:\/\/www.cetys.mx\/noticias\/con-el-cetys-graduate-school-of-business-buscan-formar-profesionales-altamente-capacitados\/#breadcrumb","itemListElement":[{"@type":"ListItem","position":1,"name":"Inicio","item":"https:\/\/www.cetys.mx\/noticias\/"},{"@type":"ListItem","position":2,"name":"Con el &#8220;CETYS Graduate School of Business&#8221; buscan formar profesionales altamente capacitados"}]},{"@type":"WebSite","@id":"https:\/\/www.cetys.mx\/noticias\/#website","url":"https:\/\/www.cetys.mx\/noticias\/","name":"CETYS","description":"","potentialAction":[{"@type":"SearchAction","target":{"@type":"EntryPoint","urlTemplate":"https:\/\/www.cetys.mx\/noticias\/?s={search_term_string}"},"query-input":{"@type":"PropertyValueSpecification","valueRequired":true,"valueName":"search_term_string"}}],"inLanguage":"es"},{"@type":"Person","@id":"https:\/\/www.cetys.mx\/noticias\/#\/schema\/person\/e790051ce60e18ae47cfa87011c8653f","name":"Campus Tijuana","url":"https:\/\/www.cetys.mx\/noticias\/author\/campustijuana\/"}]}},"_links":{"self":[{"href":"https:\/\/www.cetys.mx\/noticias\/wp-json\/wp\/v2\/posts\/126294","targetHints":{"allow":["GET"]}}],"collection":[{"href":"https:\/\/www.cetys.mx\/noticias\/wp-json\/wp\/v2\/posts"}],"about":[{"href":"https:\/\/www.cetys.mx\/noticias\/wp-json\/wp\/v2\/types\/post"}],"author":[{"embeddable":true,"href":"https:\/\/www.cetys.mx\/noticias\/wp-json\/wp\/v2\/users\/24"}],"replies":[{"embeddable":true,"href":"https:\/\/www.cetys.mx\/noticias\/wp-json\/wp\/v2\/comments?post=126294"}],"version-history":[{"count":0,"href":"https:\/\/www.cetys.mx\/noticias\/wp-json\/wp\/v2\/posts\/126294\/revisions"}],"wp:featuredmedia":[{"embeddable":true,"href":"https:\/\/www.cetys.mx\/noticias\/wp-json\/wp\/v2\/media\/126313"}],"wp:attachment":[{"href":"https:\/\/www.cetys.mx\/noticias\/wp-json\/wp\/v2\/media?parent=126294"}],"wp:term":[{"taxonomy":"category","embeddable":true,"href":"https:\/\/www.cetys.mx\/noticias\/wp-json\/wp\/v2\/categories?post=126294"},{"taxonomy":"post_tag","embeddable":true,"href":"https:\/\/www.cetys.mx\/noticias\/wp-json\/wp\/v2\/tags?post=126294"}],"curies":[{"name":"wp","href":"https:\/\/api.w.org\/{rel}","templated":true}]}}