{"id":126016,"date":"2019-02-28T16:53:29","date_gmt":"2019-03-01T00:53:29","guid":{"rendered":"https:\/\/www.cetys.mx\/noticias\/?p=126016"},"modified":"2019-02-28T17:16:14","modified_gmt":"2019-03-01T01:16:14","slug":"los-millennial-no-son-una-generacion-perdida-charlas-alumni-con-el-dr-josman-espinosa","status":"publish","type":"post","link":"https:\/\/www.cetys.mx\/noticias\/los-millennial-no-son-una-generacion-perdida-charlas-alumni-con-el-dr-josman-espinosa\/","title":{"rendered":"Los millennial no son una generaci\u00f3n perdida: Charlas Alumni con el Dr. Josman Espinosa"},"content":{"rendered":"<p style=\"text-align: justify;\">Para los j\u00f3venes, los retos que se presentan en la actualidad se relacionan con factores profesionales, crecimiento poblacional, la oferta del mercado laboral y, a nivel social, con la interacci\u00f3n entre diversas generaciones, ya sean los llamados baby boomers, generaci\u00f3n x, y los m\u00e1s conocidos y criticados por los medios en la actualidad, la generaci\u00f3n millennial.<\/p>\n<p style=\"text-align: justify;\">Es en estos \u00faltimos que el<strong> Dr. Josman Espinosa<\/strong>, docente de la <strong>Escuela de Psicolog\u00eda<\/strong> de <a href=\"https:\/\/www.facebook.com\/cetysuniversidadmxl\">CETYS Campus Mexicali<\/a>, centr\u00f3 su inter\u00e9s en la conferencia <strong>&#8220;\u00bfEstoy donde quiero estar hoy?&#8221;.<\/strong><\/p>\n<p style=\"text-align: justify;\">Los millennials, nacidos entre los a\u00f1os 1981 y 2000, son j\u00f3venes que representan casi un cuarto de la poblaci\u00f3n mundial, que han adoptado h\u00e1bitos de consumo tecnol\u00f3gicos como parte de su nueva forma de interacci\u00f3n y que, de acuerdo con las caracter\u00edsticas generales, suelen encontrarse perdidos en su camino vocacional.<\/p>\n<p style=\"text-align: justify;\">Preguntas enfocadas a este fen\u00f3meno generacional fueron planteadas por el Dr. Espinosa, como: \u00bfsoy lo que esperaba ser?, \u00bfqu\u00e9 sigue?, \u00bfme tengo que adaptar a los cambios de la sociedad? y, a partir de estos planteamientos, desmentir el estigma que se le tiene a una generaci\u00f3n completa.<\/p>\n<blockquote>\n<p style=\"text-align: justify;\">&#8220;El reto es revalorar y replantear las fortalezas que se tiene como generaci\u00f3n. No es una generaci\u00f3n ni perdida, ni en la que no hay nada qu\u00e9 hacer. Est\u00e1 muy atacada medi\u00e1ticamente y comparada con otras. Estos son otros tiempos y formas, la comparaci\u00f3n no es v\u00e1lida. Esto ha hecho que los chicos se sientan menos y tengan menos confianza en s\u00ed mismos. El reto es ese, que los chicos se den cuenta que tienen muchas herramientas y cuando no, se trabaje y desarrollen.&#8221;<\/p>\n<p><img loading=\"lazy\" decoding=\"async\" class=\"alignnone size-full wp-image-126020\" src=\"https:\/\/www.cetys.mx\/noticias\/wp-content\/uploads\/2019\/02\/CharlaAlumni.jpg\" alt=\"\" width=\"958\" height=\"637\" srcset=\"https:\/\/www.cetys.mx\/noticias\/wp-content\/uploads\/2019\/02\/CharlaAlumni.jpg 958w, https:\/\/www.cetys.mx\/noticias\/wp-content\/uploads\/2019\/02\/CharlaAlumni-768x511.jpg 768w\" sizes=\"auto, (max-width: 958px) 100vw, 958px\" \/><\/p><\/blockquote>\n<p style=\"text-align: justify;\">De acuerdo con el acad\u00e9mico, los estudiantes universitarios que forman parte de la generaci\u00f3n millennial, tienen un panorama donde deben superar retos y mostrar sus capacidades:<\/p>\n<blockquote>\n<p style=\"text-align: justify;\">&#8220;Deben demostrar que su actitudes y destrezas no deben ser con la f\u00f3rmula de las generaciones pasadas, que creen su propio camino, as\u00ed como estrategias y resultados. Yo tengo el gusto de compartir con ellos en clase, y las competencias est\u00e1n aqu\u00ed, pero deben de fortalecer capacidades como la de destacar, no son la parte perdida para nada&#8221; concluy\u00f3.<\/p>\n<\/blockquote>\n<p style=\"text-align: justify;\">El Dr. Josman Espinosa, docente investigador de la <strong>Escuela de Psicolog\u00eda<\/strong> de <a href=\"https:\/\/www.facebook.com\/cetysuniversidadmxl\">CETYS Universidad Campus Mexicali<\/a>, es experto en temas de educaci\u00f3n, psicolog\u00eda social y en el \u00e1rea psicoterap\u00e9utica. Si tienes inter\u00e9s por este y otros temas, no te pierdas la oferta de conferencias con expertos que el programa <a href=\"https:\/\/www.cetys.mx\/alumni\/\">CETYS Alumni <\/a>tiene para ti, visitando sus redes sociales, <a href=\"https:\/\/www.facebook.com\/CETYSalumni\/\">Facebook\/CETYS Alumni.<\/a><\/p>\n","protected":false},"excerpt":{"rendered":"<p>Para los j\u00f3venes, los retos que se presentan en la actualidad se relacionan con factores profesionales, crecimiento poblacional, la oferta del mercado&#8230;<\/p>\n","protected":false},"author":26,"featured_media":126018,"comment_status":"open","ping_status":"closed","sticky":false,"template":"","format":"standard","meta":{"footnotes":""},"categories":[107,209,313],"tags":[1186,2939,3376],"class_list":["post-126016","post","type-post","status-publish","format-standard","has-post-thumbnail","hentry","category-alumni","category-institucional","category-vocetys-2","tag-cetys-alumni","tag-millennials","tag-vocetys-2019-02-28"],"yoast_head":"<!-- This site is optimized with the Yoast SEO plugin v27.4 - https:\/\/yoast.com\/product\/yoast-seo-wordpress\/ -->\n<title>Los millennial no son una generaci\u00f3n perdida: Charlas Alumni con el Dr. Josman Espinosa - CETYS<\/title>\n<meta name=\"description\" content=\"Articulo sobre Los millennial no son una generaci\u00f3n perdida: Charlas Alumni con el Dr. Josman Espinosa\" \/>\n<meta name=\"robots\" content=\"index, follow, max-snippet:-1, max-image-preview:large, max-video-preview:-1\" \/>\n<link rel=\"canonical\" href=\"https:\/\/www.cetys.mx\/noticias\/los-millennial-no-son-una-generacion-perdida-charlas-alumni-con-el-dr-josman-espinosa\/\" \/>\n<meta property=\"og:locale\" content=\"es_MX\" \/>\n<meta property=\"og:type\" content=\"article\" \/>\n<meta property=\"og:title\" content=\"Los millennial no son una generaci\u00f3n perdida: Charlas Alumni con el Dr. Josman Espinosa - CETYS\" \/>\n<meta property=\"og:description\" content=\"Articulo sobre Los millennial no son una generaci\u00f3n perdida: Charlas Alumni con el Dr. Josman Espinosa\" \/>\n<meta property=\"og:url\" content=\"https:\/\/www.cetys.mx\/noticias\/los-millennial-no-son-una-generacion-perdida-charlas-alumni-con-el-dr-josman-espinosa\/\" \/>\n<meta property=\"og:site_name\" content=\"CETYS\" \/>\n<meta property=\"article:publisher\" content=\"https:\/\/www.facebook.com\/cetysuniversidadmxl\/\" \/>\n<meta property=\"article:published_time\" content=\"2019-03-01T00:53:29+00:00\" \/>\n<meta property=\"article:modified_time\" content=\"2019-03-01T01:16:14+00:00\" \/>\n<meta property=\"og:image\" content=\"https:\/\/www.cetys.mx\/noticias\/wp-content\/uploads\/2019\/02\/JosmanEspiniosa.jpg\" \/>\n\t<meta property=\"og:image:width\" content=\"958\" \/>\n\t<meta property=\"og:image:height\" content=\"637\" \/>\n\t<meta property=\"og:image:type\" content=\"image\/jpeg\" \/>\n<meta name=\"author\" content=\"CETYS Institucional\" \/>\n<meta name=\"twitter:card\" content=\"summary_large_image\" \/>\n<meta name=\"twitter:creator\" content=\"@cetysuni\" \/>\n<meta name=\"twitter:site\" content=\"@cetysuni\" \/>\n<meta name=\"twitter:label1\" content=\"Escrito por\" \/>\n\t<meta name=\"twitter:data1\" content=\"CETYS Institucional\" \/>\n\t<meta name=\"twitter:label2\" content=\"Tiempo de lectura\" \/>\n\t<meta name=\"twitter:data2\" content=\"2 minutos\" \/>\n<script type=\"application\/ld+json\" class=\"yoast-schema-graph\">{\"@context\":\"https:\\\/\\\/schema.org\",\"@graph\":[{\"@type\":\"Article\",\"@id\":\"https:\\\/\\\/www.cetys.mx\\\/noticias\\\/los-millennial-no-son-una-generacion-perdida-charlas-alumni-con-el-dr-josman-espinosa\\\/#article\",\"isPartOf\":{\"@id\":\"https:\\\/\\\/www.cetys.mx\\\/noticias\\\/los-millennial-no-son-una-generacion-perdida-charlas-alumni-con-el-dr-josman-espinosa\\\/\"},\"author\":{\"name\":\"CETYS Institucional\",\"@id\":\"https:\\\/\\\/www.cetys.mx\\\/noticias\\\/#\\\/schema\\\/person\\\/e9d2b35265b64aa454df57a2828eb2ac\"},\"headline\":\"Los millennial no son una generaci\u00f3n perdida: Charlas Alumni con el Dr. Josman Espinosa\",\"datePublished\":\"2019-03-01T00:53:29+00:00\",\"dateModified\":\"2019-03-01T01:16:14+00:00\",\"mainEntityOfPage\":{\"@id\":\"https:\\\/\\\/www.cetys.mx\\\/noticias\\\/los-millennial-no-son-una-generacion-perdida-charlas-alumni-con-el-dr-josman-espinosa\\\/\"},\"wordCount\":456,\"commentCount\":0,\"image\":{\"@id\":\"https:\\\/\\\/www.cetys.mx\\\/noticias\\\/los-millennial-no-son-una-generacion-perdida-charlas-alumni-con-el-dr-josman-espinosa\\\/#primaryimage\"},\"thumbnailUrl\":\"https:\\\/\\\/www.cetys.mx\\\/noticias\\\/wp-content\\\/uploads\\\/2019\\\/02\\\/JosmanEspiniosa.jpg\",\"keywords\":[\"CETYS Alumni\",\"millennials\",\"vocetys-2019-02-28\"],\"articleSection\":[\"Alumni\",\"Institucional\",\"VoCETYS\"],\"inLanguage\":\"es\",\"potentialAction\":[{\"@type\":\"CommentAction\",\"name\":\"Comment\",\"target\":[\"https:\\\/\\\/www.cetys.mx\\\/noticias\\\/los-millennial-no-son-una-generacion-perdida-charlas-alumni-con-el-dr-josman-espinosa\\\/#respond\"]}]},{\"@type\":\"WebPage\",\"@id\":\"https:\\\/\\\/www.cetys.mx\\\/noticias\\\/los-millennial-no-son-una-generacion-perdida-charlas-alumni-con-el-dr-josman-espinosa\\\/\",\"url\":\"https:\\\/\\\/www.cetys.mx\\\/noticias\\\/los-millennial-no-son-una-generacion-perdida-charlas-alumni-con-el-dr-josman-espinosa\\\/\",\"name\":\"Los millennial no son una generaci\u00f3n perdida: Charlas Alumni con el Dr. Josman Espinosa - CETYS\",\"isPartOf\":{\"@id\":\"https:\\\/\\\/www.cetys.mx\\\/noticias\\\/#website\"},\"primaryImageOfPage\":{\"@id\":\"https:\\\/\\\/www.cetys.mx\\\/noticias\\\/los-millennial-no-son-una-generacion-perdida-charlas-alumni-con-el-dr-josman-espinosa\\\/#primaryimage\"},\"image\":{\"@id\":\"https:\\\/\\\/www.cetys.mx\\\/noticias\\\/los-millennial-no-son-una-generacion-perdida-charlas-alumni-con-el-dr-josman-espinosa\\\/#primaryimage\"},\"thumbnailUrl\":\"https:\\\/\\\/www.cetys.mx\\\/noticias\\\/wp-content\\\/uploads\\\/2019\\\/02\\\/JosmanEspiniosa.jpg\",\"datePublished\":\"2019-03-01T00:53:29+00:00\",\"dateModified\":\"2019-03-01T01:16:14+00:00\",\"author\":{\"@id\":\"https:\\\/\\\/www.cetys.mx\\\/noticias\\\/#\\\/schema\\\/person\\\/e9d2b35265b64aa454df57a2828eb2ac\"},\"description\":\"Articulo sobre Los millennial no son una generaci\u00f3n perdida: Charlas Alumni con el Dr. Josman Espinosa\",\"breadcrumb\":{\"@id\":\"https:\\\/\\\/www.cetys.mx\\\/noticias\\\/los-millennial-no-son-una-generacion-perdida-charlas-alumni-con-el-dr-josman-espinosa\\\/#breadcrumb\"},\"inLanguage\":\"es\",\"potentialAction\":[{\"@type\":\"ReadAction\",\"target\":[\"https:\\\/\\\/www.cetys.mx\\\/noticias\\\/los-millennial-no-son-una-generacion-perdida-charlas-alumni-con-el-dr-josman-espinosa\\\/\"]}]},{\"@type\":\"ImageObject\",\"inLanguage\":\"es\",\"@id\":\"https:\\\/\\\/www.cetys.mx\\\/noticias\\\/los-millennial-no-son-una-generacion-perdida-charlas-alumni-con-el-dr-josman-espinosa\\\/#primaryimage\",\"url\":\"https:\\\/\\\/www.cetys.mx\\\/noticias\\\/wp-content\\\/uploads\\\/2019\\\/02\\\/JosmanEspiniosa.jpg\",\"contentUrl\":\"https:\\\/\\\/www.cetys.mx\\\/noticias\\\/wp-content\\\/uploads\\\/2019\\\/02\\\/JosmanEspiniosa.jpg\",\"width\":958,\"height\":637},{\"@type\":\"BreadcrumbList\",\"@id\":\"https:\\\/\\\/www.cetys.mx\\\/noticias\\\/los-millennial-no-son-una-generacion-perdida-charlas-alumni-con-el-dr-josman-espinosa\\\/#breadcrumb\",\"itemListElement\":[{\"@type\":\"ListItem\",\"position\":1,\"name\":\"Inicio\",\"item\":\"https:\\\/\\\/www.cetys.mx\\\/noticias\\\/\"},{\"@type\":\"ListItem\",\"position\":2,\"name\":\"Los millennial no son una generaci\u00f3n perdida: Charlas Alumni con el Dr. Josman Espinosa\"}]},{\"@type\":\"WebSite\",\"@id\":\"https:\\\/\\\/www.cetys.mx\\\/noticias\\\/#website\",\"url\":\"https:\\\/\\\/www.cetys.mx\\\/noticias\\\/\",\"name\":\"CETYS\",\"description\":\"\",\"potentialAction\":[{\"@type\":\"SearchAction\",\"target\":{\"@type\":\"EntryPoint\",\"urlTemplate\":\"https:\\\/\\\/www.cetys.mx\\\/noticias\\\/?s={search_term_string}\"},\"query-input\":{\"@type\":\"PropertyValueSpecification\",\"valueRequired\":true,\"valueName\":\"search_term_string\"}}],\"inLanguage\":\"es\"},{\"@type\":\"Person\",\"@id\":\"https:\\\/\\\/www.cetys.mx\\\/noticias\\\/#\\\/schema\\\/person\\\/e9d2b35265b64aa454df57a2828eb2ac\",\"name\":\"CETYS Institucional\",\"url\":\"https:\\\/\\\/www.cetys.mx\\\/noticias\\\/author\\\/cetysinstitucional\\\/\"}]}<\/script>\n<!-- \/ Yoast SEO plugin. -->","yoast_head_json":{"title":"Los millennial no son una generaci\u00f3n perdida: Charlas Alumni con el Dr. Josman Espinosa - CETYS","description":"Articulo sobre Los millennial no son una generaci\u00f3n perdida: Charlas Alumni con el Dr. Josman Espinosa","robots":{"index":"index","follow":"follow","max-snippet":"max-snippet:-1","max-image-preview":"max-image-preview:large","max-video-preview":"max-video-preview:-1"},"canonical":"https:\/\/www.cetys.mx\/noticias\/los-millennial-no-son-una-generacion-perdida-charlas-alumni-con-el-dr-josman-espinosa\/","og_locale":"es_MX","og_type":"article","og_title":"Los millennial no son una generaci\u00f3n perdida: Charlas Alumni con el Dr. Josman Espinosa - CETYS","og_description":"Articulo sobre Los millennial no son una generaci\u00f3n perdida: Charlas Alumni con el Dr. Josman Espinosa","og_url":"https:\/\/www.cetys.mx\/noticias\/los-millennial-no-son-una-generacion-perdida-charlas-alumni-con-el-dr-josman-espinosa\/","og_site_name":"CETYS","article_publisher":"https:\/\/www.facebook.com\/cetysuniversidadmxl\/","article_published_time":"2019-03-01T00:53:29+00:00","article_modified_time":"2019-03-01T01:16:14+00:00","og_image":[{"width":958,"height":637,"url":"https:\/\/www.cetys.mx\/noticias\/wp-content\/uploads\/2019\/02\/JosmanEspiniosa.jpg","type":"image\/jpeg"}],"author":"CETYS Institucional","twitter_card":"summary_large_image","twitter_creator":"@cetysuni","twitter_site":"@cetysuni","twitter_misc":{"Escrito por":"CETYS Institucional","Tiempo de lectura":"2 minutos"},"schema":{"@context":"https:\/\/schema.org","@graph":[{"@type":"Article","@id":"https:\/\/www.cetys.mx\/noticias\/los-millennial-no-son-una-generacion-perdida-charlas-alumni-con-el-dr-josman-espinosa\/#article","isPartOf":{"@id":"https:\/\/www.cetys.mx\/noticias\/los-millennial-no-son-una-generacion-perdida-charlas-alumni-con-el-dr-josman-espinosa\/"},"author":{"name":"CETYS Institucional","@id":"https:\/\/www.cetys.mx\/noticias\/#\/schema\/person\/e9d2b35265b64aa454df57a2828eb2ac"},"headline":"Los millennial no son una generaci\u00f3n perdida: Charlas Alumni con el Dr. Josman Espinosa","datePublished":"2019-03-01T00:53:29+00:00","dateModified":"2019-03-01T01:16:14+00:00","mainEntityOfPage":{"@id":"https:\/\/www.cetys.mx\/noticias\/los-millennial-no-son-una-generacion-perdida-charlas-alumni-con-el-dr-josman-espinosa\/"},"wordCount":456,"commentCount":0,"image":{"@id":"https:\/\/www.cetys.mx\/noticias\/los-millennial-no-son-una-generacion-perdida-charlas-alumni-con-el-dr-josman-espinosa\/#primaryimage"},"thumbnailUrl":"https:\/\/www.cetys.mx\/noticias\/wp-content\/uploads\/2019\/02\/JosmanEspiniosa.jpg","keywords":["CETYS Alumni","millennials","vocetys-2019-02-28"],"articleSection":["Alumni","Institucional","VoCETYS"],"inLanguage":"es","potentialAction":[{"@type":"CommentAction","name":"Comment","target":["https:\/\/www.cetys.mx\/noticias\/los-millennial-no-son-una-generacion-perdida-charlas-alumni-con-el-dr-josman-espinosa\/#respond"]}]},{"@type":"WebPage","@id":"https:\/\/www.cetys.mx\/noticias\/los-millennial-no-son-una-generacion-perdida-charlas-alumni-con-el-dr-josman-espinosa\/","url":"https:\/\/www.cetys.mx\/noticias\/los-millennial-no-son-una-generacion-perdida-charlas-alumni-con-el-dr-josman-espinosa\/","name":"Los millennial no son una generaci\u00f3n perdida: Charlas Alumni con el Dr. Josman Espinosa - CETYS","isPartOf":{"@id":"https:\/\/www.cetys.mx\/noticias\/#website"},"primaryImageOfPage":{"@id":"https:\/\/www.cetys.mx\/noticias\/los-millennial-no-son-una-generacion-perdida-charlas-alumni-con-el-dr-josman-espinosa\/#primaryimage"},"image":{"@id":"https:\/\/www.cetys.mx\/noticias\/los-millennial-no-son-una-generacion-perdida-charlas-alumni-con-el-dr-josman-espinosa\/#primaryimage"},"thumbnailUrl":"https:\/\/www.cetys.mx\/noticias\/wp-content\/uploads\/2019\/02\/JosmanEspiniosa.jpg","datePublished":"2019-03-01T00:53:29+00:00","dateModified":"2019-03-01T01:16:14+00:00","author":{"@id":"https:\/\/www.cetys.mx\/noticias\/#\/schema\/person\/e9d2b35265b64aa454df57a2828eb2ac"},"description":"Articulo sobre Los millennial no son una generaci\u00f3n perdida: Charlas Alumni con el Dr. Josman Espinosa","breadcrumb":{"@id":"https:\/\/www.cetys.mx\/noticias\/los-millennial-no-son-una-generacion-perdida-charlas-alumni-con-el-dr-josman-espinosa\/#breadcrumb"},"inLanguage":"es","potentialAction":[{"@type":"ReadAction","target":["https:\/\/www.cetys.mx\/noticias\/los-millennial-no-son-una-generacion-perdida-charlas-alumni-con-el-dr-josman-espinosa\/"]}]},{"@type":"ImageObject","inLanguage":"es","@id":"https:\/\/www.cetys.mx\/noticias\/los-millennial-no-son-una-generacion-perdida-charlas-alumni-con-el-dr-josman-espinosa\/#primaryimage","url":"https:\/\/www.cetys.mx\/noticias\/wp-content\/uploads\/2019\/02\/JosmanEspiniosa.jpg","contentUrl":"https:\/\/www.cetys.mx\/noticias\/wp-content\/uploads\/2019\/02\/JosmanEspiniosa.jpg","width":958,"height":637},{"@type":"BreadcrumbList","@id":"https:\/\/www.cetys.mx\/noticias\/los-millennial-no-son-una-generacion-perdida-charlas-alumni-con-el-dr-josman-espinosa\/#breadcrumb","itemListElement":[{"@type":"ListItem","position":1,"name":"Inicio","item":"https:\/\/www.cetys.mx\/noticias\/"},{"@type":"ListItem","position":2,"name":"Los millennial no son una generaci\u00f3n perdida: Charlas Alumni con el Dr. Josman Espinosa"}]},{"@type":"WebSite","@id":"https:\/\/www.cetys.mx\/noticias\/#website","url":"https:\/\/www.cetys.mx\/noticias\/","name":"CETYS","description":"","potentialAction":[{"@type":"SearchAction","target":{"@type":"EntryPoint","urlTemplate":"https:\/\/www.cetys.mx\/noticias\/?s={search_term_string}"},"query-input":{"@type":"PropertyValueSpecification","valueRequired":true,"valueName":"search_term_string"}}],"inLanguage":"es"},{"@type":"Person","@id":"https:\/\/www.cetys.mx\/noticias\/#\/schema\/person\/e9d2b35265b64aa454df57a2828eb2ac","name":"CETYS Institucional","url":"https:\/\/www.cetys.mx\/noticias\/author\/cetysinstitucional\/"}]}},"_links":{"self":[{"href":"https:\/\/www.cetys.mx\/noticias\/wp-json\/wp\/v2\/posts\/126016","targetHints":{"allow":["GET"]}}],"collection":[{"href":"https:\/\/www.cetys.mx\/noticias\/wp-json\/wp\/v2\/posts"}],"about":[{"href":"https:\/\/www.cetys.mx\/noticias\/wp-json\/wp\/v2\/types\/post"}],"author":[{"embeddable":true,"href":"https:\/\/www.cetys.mx\/noticias\/wp-json\/wp\/v2\/users\/26"}],"replies":[{"embeddable":true,"href":"https:\/\/www.cetys.mx\/noticias\/wp-json\/wp\/v2\/comments?post=126016"}],"version-history":[{"count":0,"href":"https:\/\/www.cetys.mx\/noticias\/wp-json\/wp\/v2\/posts\/126016\/revisions"}],"wp:featuredmedia":[{"embeddable":true,"href":"https:\/\/www.cetys.mx\/noticias\/wp-json\/wp\/v2\/media\/126018"}],"wp:attachment":[{"href":"https:\/\/www.cetys.mx\/noticias\/wp-json\/wp\/v2\/media?parent=126016"}],"wp:term":[{"taxonomy":"category","embeddable":true,"href":"https:\/\/www.cetys.mx\/noticias\/wp-json\/wp\/v2\/categories?post=126016"},{"taxonomy":"post_tag","embeddable":true,"href":"https:\/\/www.cetys.mx\/noticias\/wp-json\/wp\/v2\/tags?post=126016"}],"curies":[{"name":"wp","href":"https:\/\/api.w.org\/{rel}","templated":true}]}}