{"id":125638,"date":"2019-02-22T10:00:39","date_gmt":"2019-02-22T18:00:39","guid":{"rendered":"https:\/\/www.cetys.mx\/noticias\/?p=125638"},"modified":"2019-02-26T14:28:19","modified_gmt":"2019-02-26T22:28:19","slug":"por-que-estoy-en-canada","status":"publish","type":"post","link":"https:\/\/www.cetys.mx\/noticias\/por-que-estoy-en-canada\/","title":{"rendered":"#CETYSAmbassadors: \u00bfPor qu\u00e9 estoy en Canad\u00e1?"},"content":{"rendered":"<p style=\"text-align: justify;\">Tener la oportunidad de experimentar un intercambio estudiantil, no solo es una ocasi\u00f3n para crecer de manera profesional sino tambi\u00e9n para hacerlo como persona. Es por esto que elegir el lugar correcto para vivir todas estas nuevas experiencias es parte esencial de este proceso.<\/p>\n<p style=\"text-align: justify;\">En lo personal, escoger un lugar para llevar a cabo esta aventura involucr\u00f3 temas como: mi carrera, mis metas profesionales y personales, as\u00ed como el presupuesto previsto por mi familia. El panorama que se presenta para tomar este tipo de decisi\u00f3n es distinto para cada quien, es por eso que quiero compartirles las principales razones por las que eleg\u00ed estudiar en Canad\u00e1:<\/p>\n<ul>\n<li style=\"text-align: justify;\"><strong>Opiniones de expertos: <\/strong>Sin duda, uno de los principales motivos por el cual estoy viviendo mi experiencia en Canad\u00e1, fue gracias a pl\u00e1ticas que tuve con personas dentro del mundo del Marketing. Entre ellas, mi coordinadora de carrera, la due\u00f1a de una agencia de mercadotecnia local, as\u00ed como estudiantes que previamente tuvieron la oportunidad de estar en mi lugar. Acercarse a personas con el conocimiento y la experiencia necesaria dentro de tu campo profesional, es clave para poder tener una perspectiva clara de las oportunidades que tu intercambio estudiantil podr\u00e1 brindarte en un futuro.<\/li>\n<li style=\"text-align: justify;\"><strong>Oportunidades de inmigraci\u00f3n: \u00a0<\/strong>A pesar de que no estoy segura de lo que el destino me depara, el tener la posibilidad de vivir temporalmente en un pa\u00eds que es totalmente amigable con inmigrantes y da \u00a0la oportunidad de quedarse o regresar a residir, trabajar y estudiar en \u00e9l, es una de las grandes razones de mi decisi\u00f3n.<\/li>\n<li style=\"text-align: justify;\"><strong>Calidad en educaci\u00f3n y vida: <\/strong>Es importante sentirte dentro de un ambiente competente, c\u00f3modo y seguro en el lugar donde pasar\u00e1s los pr\u00f3ximos 5 o 6 meses de tu vida. Al investigar atributos sobre Canad\u00e1, me encontr\u00e9 con la grata sorpresa de que por a\u00f1os, este pa\u00eds \u00a0es de\u00a0 los primeros cinco lugares en educaci\u00f3n, y este 2019, fue calificado como el pa\u00eds #1 en calidad de vida.<\/li>\n<li style=\"text-align: justify;\"><strong>Cultura biling\u00fce: <\/strong>A pesar de estar residiendo en una regi\u00f3n 100% biling\u00fce (ingl\u00e9s y franc\u00e9s) la escuela a la que asisto imparte sus clases en ingl\u00e9s. Tener la oportunidad de convivir con personas que dominan ambos idiomas y vivir en un ambiente en el cual todo se muestra de esta manera, me ha hecho reforzar mis conocimientos en ambas lenguas, sobre todo en el franc\u00e9s.<\/li>\n<li style=\"text-align: justify;\"><strong>Lejos pero cerca de casa: <\/strong>Aunque originalmente mis planes se inclinaban a tener una experiencia internacional en el Reino Unido, descubr\u00ed que pod\u00eda tener el balance perfecto entre la cultura europea y la anglosajona y seguir dentro del continente americano, justo aqu\u00ed en Quebec. Esta regi\u00f3n, al tener en sus ra\u00edces las culturas inglesa y francesa, cuenta con la arquitectura y esencia del viejo continente, junto con una pizca de la modernidad que los vecinos de Estados Unidos ofrecen. Adem\u00e1s, consider\u00e9 importante conocer a fondo al tercer socio de uno de los tratados comerciales m\u00e1s importantes con los que cuenta M\u00e9xico.<\/li>\n<\/ul>\n<hr \/>\n<p style=\"text-align: justify;\">Autora: Karen Castro es estudiante de la <a href=\"https:\/\/www.cetys.mx\/oferta-educativa\/profesional\/licenciatura-en-administracion-de-mercadotecnia\/\">Licenciatura en Administraci\u00f3n de la Mercadotecnia<\/a>, #CETYSAmbasador internacional. Actualmente se encuentra realizando un intercambio\u00a0 internacional en la Bishop\u00b4s University en Canad\u00e1.<\/p>\n","protected":false},"excerpt":{"rendered":"<p>Tener la oportunidad de experimentar un intercambio estudiantil, no solo es una ocasi\u00f3n para crecer de manera profesional sino tambi\u00e9n para hacerlo&#8230;<\/p>\n","protected":false},"author":20,"featured_media":125658,"comment_status":"open","ping_status":"closed","sticky":false,"template":"","format":"standard","meta":{"footnotes":""},"categories":[133,108,125,306,313],"tags":[2908,221,3362],"class_list":["post-125638","post","type-post","status-publish","format-standard","has-post-thumbnail","hentry","category-campus-mexicali","category-internacionales","category-portada","category-profesional","category-vocetys-2","tag-global-experience","tag-internacional","tag-vocetys-2019-02-26"],"yoast_head":"<!-- This site is optimized with the Yoast SEO plugin v27.4 - https:\/\/yoast.com\/product\/yoast-seo-wordpress\/ -->\n<title>#CETYSAmbassadors: \u00bfPor qu\u00e9 estoy en Canad\u00e1? - CETYS<\/title>\n<meta name=\"description\" content=\"Articulo sobre #CETYSAmbassadors: \u00bfPor qu\u00e9 estoy en Canad\u00e1?\" \/>\n<meta name=\"robots\" content=\"index, follow, max-snippet:-1, max-image-preview:large, max-video-preview:-1\" \/>\n<link rel=\"canonical\" href=\"https:\/\/www.cetys.mx\/noticias\/por-que-estoy-en-canada\/\" \/>\n<meta property=\"og:locale\" content=\"es_MX\" \/>\n<meta property=\"og:type\" content=\"article\" \/>\n<meta property=\"og:title\" content=\"#CETYSAmbassadors: \u00bfPor qu\u00e9 estoy en Canad\u00e1? - CETYS\" \/>\n<meta property=\"og:description\" content=\"Articulo sobre #CETYSAmbassadors: \u00bfPor qu\u00e9 estoy en Canad\u00e1?\" \/>\n<meta property=\"og:url\" content=\"https:\/\/www.cetys.mx\/noticias\/por-que-estoy-en-canada\/\" \/>\n<meta property=\"og:site_name\" content=\"CETYS\" \/>\n<meta property=\"article:publisher\" content=\"https:\/\/www.facebook.com\/cetysuniversidadmxl\/\" \/>\n<meta property=\"article:published_time\" content=\"2019-02-22T18:00:39+00:00\" \/>\n<meta property=\"article:modified_time\" content=\"2019-02-26T22:28:19+00:00\" \/>\n<meta property=\"og:image\" content=\"https:\/\/www.cetys.mx\/noticias\/wp-content\/uploads\/2019\/02\/Karen-cetys-ambassador.jpg\" \/>\n\t<meta property=\"og:image:width\" content=\"958\" \/>\n\t<meta property=\"og:image:height\" content=\"637\" \/>\n\t<meta property=\"og:image:type\" content=\"image\/jpeg\" \/>\n<meta name=\"author\" content=\"Campus Mexicali\" \/>\n<meta name=\"twitter:card\" content=\"summary_large_image\" \/>\n<meta name=\"twitter:creator\" content=\"@cetysuni\" \/>\n<meta name=\"twitter:site\" content=\"@cetysuni\" \/>\n<meta name=\"twitter:label1\" content=\"Escrito por\" \/>\n\t<meta name=\"twitter:data1\" content=\"Campus Mexicali\" \/>\n\t<meta name=\"twitter:label2\" content=\"Tiempo de lectura\" \/>\n\t<meta name=\"twitter:data2\" content=\"3 minutos\" \/>\n<script type=\"application\/ld+json\" class=\"yoast-schema-graph\">{\"@context\":\"https:\\\/\\\/schema.org\",\"@graph\":[{\"@type\":\"Article\",\"@id\":\"https:\\\/\\\/www.cetys.mx\\\/noticias\\\/por-que-estoy-en-canada\\\/#article\",\"isPartOf\":{\"@id\":\"https:\\\/\\\/www.cetys.mx\\\/noticias\\\/por-que-estoy-en-canada\\\/\"},\"author\":{\"name\":\"Campus Mexicali\",\"@id\":\"https:\\\/\\\/www.cetys.mx\\\/noticias\\\/#\\\/schema\\\/person\\\/79a95c4ac185f3705cf1b9c9340a5f70\"},\"headline\":\"#CETYSAmbassadors: \u00bfPor qu\u00e9 estoy en Canad\u00e1?\",\"datePublished\":\"2019-02-22T18:00:39+00:00\",\"dateModified\":\"2019-02-26T22:28:19+00:00\",\"mainEntityOfPage\":{\"@id\":\"https:\\\/\\\/www.cetys.mx\\\/noticias\\\/por-que-estoy-en-canada\\\/\"},\"wordCount\":551,\"commentCount\":0,\"image\":{\"@id\":\"https:\\\/\\\/www.cetys.mx\\\/noticias\\\/por-que-estoy-en-canada\\\/#primaryimage\"},\"thumbnailUrl\":\"https:\\\/\\\/www.cetys.mx\\\/noticias\\\/wp-content\\\/uploads\\\/2019\\\/02\\\/Karen-cetys-ambassador.jpg\",\"keywords\":[\"Global Experience\",\"internacional\",\"vocetys-2019-02-26\"],\"articleSection\":[\"Campus Mexicali\",\"Internacionales\",\"Portada\",\"Profesional\",\"VoCETYS\"],\"inLanguage\":\"es\",\"potentialAction\":[{\"@type\":\"CommentAction\",\"name\":\"Comment\",\"target\":[\"https:\\\/\\\/www.cetys.mx\\\/noticias\\\/por-que-estoy-en-canada\\\/#respond\"]}]},{\"@type\":\"WebPage\",\"@id\":\"https:\\\/\\\/www.cetys.mx\\\/noticias\\\/por-que-estoy-en-canada\\\/\",\"url\":\"https:\\\/\\\/www.cetys.mx\\\/noticias\\\/por-que-estoy-en-canada\\\/\",\"name\":\"#CETYSAmbassadors: \u00bfPor qu\u00e9 estoy en Canad\u00e1? - CETYS\",\"isPartOf\":{\"@id\":\"https:\\\/\\\/www.cetys.mx\\\/noticias\\\/#website\"},\"primaryImageOfPage\":{\"@id\":\"https:\\\/\\\/www.cetys.mx\\\/noticias\\\/por-que-estoy-en-canada\\\/#primaryimage\"},\"image\":{\"@id\":\"https:\\\/\\\/www.cetys.mx\\\/noticias\\\/por-que-estoy-en-canada\\\/#primaryimage\"},\"thumbnailUrl\":\"https:\\\/\\\/www.cetys.mx\\\/noticias\\\/wp-content\\\/uploads\\\/2019\\\/02\\\/Karen-cetys-ambassador.jpg\",\"datePublished\":\"2019-02-22T18:00:39+00:00\",\"dateModified\":\"2019-02-26T22:28:19+00:00\",\"author\":{\"@id\":\"https:\\\/\\\/www.cetys.mx\\\/noticias\\\/#\\\/schema\\\/person\\\/79a95c4ac185f3705cf1b9c9340a5f70\"},\"description\":\"Articulo sobre #CETYSAmbassadors: \u00bfPor qu\u00e9 estoy en Canad\u00e1?\",\"breadcrumb\":{\"@id\":\"https:\\\/\\\/www.cetys.mx\\\/noticias\\\/por-que-estoy-en-canada\\\/#breadcrumb\"},\"inLanguage\":\"es\",\"potentialAction\":[{\"@type\":\"ReadAction\",\"target\":[\"https:\\\/\\\/www.cetys.mx\\\/noticias\\\/por-que-estoy-en-canada\\\/\"]}]},{\"@type\":\"ImageObject\",\"inLanguage\":\"es\",\"@id\":\"https:\\\/\\\/www.cetys.mx\\\/noticias\\\/por-que-estoy-en-canada\\\/#primaryimage\",\"url\":\"https:\\\/\\\/www.cetys.mx\\\/noticias\\\/wp-content\\\/uploads\\\/2019\\\/02\\\/Karen-cetys-ambassador.jpg\",\"contentUrl\":\"https:\\\/\\\/www.cetys.mx\\\/noticias\\\/wp-content\\\/uploads\\\/2019\\\/02\\\/Karen-cetys-ambassador.jpg\",\"width\":958,\"height\":637},{\"@type\":\"BreadcrumbList\",\"@id\":\"https:\\\/\\\/www.cetys.mx\\\/noticias\\\/por-que-estoy-en-canada\\\/#breadcrumb\",\"itemListElement\":[{\"@type\":\"ListItem\",\"position\":1,\"name\":\"Inicio\",\"item\":\"https:\\\/\\\/www.cetys.mx\\\/noticias\\\/\"},{\"@type\":\"ListItem\",\"position\":2,\"name\":\"#CETYSAmbassadors: \u00bfPor qu\u00e9 estoy en Canad\u00e1?\"}]},{\"@type\":\"WebSite\",\"@id\":\"https:\\\/\\\/www.cetys.mx\\\/noticias\\\/#website\",\"url\":\"https:\\\/\\\/www.cetys.mx\\\/noticias\\\/\",\"name\":\"CETYS\",\"description\":\"\",\"potentialAction\":[{\"@type\":\"SearchAction\",\"target\":{\"@type\":\"EntryPoint\",\"urlTemplate\":\"https:\\\/\\\/www.cetys.mx\\\/noticias\\\/?s={search_term_string}\"},\"query-input\":{\"@type\":\"PropertyValueSpecification\",\"valueRequired\":true,\"valueName\":\"search_term_string\"}}],\"inLanguage\":\"es\"},{\"@type\":\"Person\",\"@id\":\"https:\\\/\\\/www.cetys.mx\\\/noticias\\\/#\\\/schema\\\/person\\\/79a95c4ac185f3705cf1b9c9340a5f70\",\"name\":\"Campus Mexicali\",\"url\":\"https:\\\/\\\/www.cetys.mx\\\/noticias\\\/author\\\/campusmexicali\\\/\"}]}<\/script>\n<!-- \/ Yoast SEO plugin. -->","yoast_head_json":{"title":"#CETYSAmbassadors: \u00bfPor qu\u00e9 estoy en Canad\u00e1? - CETYS","description":"Articulo sobre #CETYSAmbassadors: \u00bfPor qu\u00e9 estoy en Canad\u00e1?","robots":{"index":"index","follow":"follow","max-snippet":"max-snippet:-1","max-image-preview":"max-image-preview:large","max-video-preview":"max-video-preview:-1"},"canonical":"https:\/\/www.cetys.mx\/noticias\/por-que-estoy-en-canada\/","og_locale":"es_MX","og_type":"article","og_title":"#CETYSAmbassadors: \u00bfPor qu\u00e9 estoy en Canad\u00e1? - CETYS","og_description":"Articulo sobre #CETYSAmbassadors: \u00bfPor qu\u00e9 estoy en Canad\u00e1?","og_url":"https:\/\/www.cetys.mx\/noticias\/por-que-estoy-en-canada\/","og_site_name":"CETYS","article_publisher":"https:\/\/www.facebook.com\/cetysuniversidadmxl\/","article_published_time":"2019-02-22T18:00:39+00:00","article_modified_time":"2019-02-26T22:28:19+00:00","og_image":[{"width":958,"height":637,"url":"https:\/\/www.cetys.mx\/noticias\/wp-content\/uploads\/2019\/02\/Karen-cetys-ambassador.jpg","type":"image\/jpeg"}],"author":"Campus Mexicali","twitter_card":"summary_large_image","twitter_creator":"@cetysuni","twitter_site":"@cetysuni","twitter_misc":{"Escrito por":"Campus Mexicali","Tiempo de lectura":"3 minutos"},"schema":{"@context":"https:\/\/schema.org","@graph":[{"@type":"Article","@id":"https:\/\/www.cetys.mx\/noticias\/por-que-estoy-en-canada\/#article","isPartOf":{"@id":"https:\/\/www.cetys.mx\/noticias\/por-que-estoy-en-canada\/"},"author":{"name":"Campus Mexicali","@id":"https:\/\/www.cetys.mx\/noticias\/#\/schema\/person\/79a95c4ac185f3705cf1b9c9340a5f70"},"headline":"#CETYSAmbassadors: \u00bfPor qu\u00e9 estoy en Canad\u00e1?","datePublished":"2019-02-22T18:00:39+00:00","dateModified":"2019-02-26T22:28:19+00:00","mainEntityOfPage":{"@id":"https:\/\/www.cetys.mx\/noticias\/por-que-estoy-en-canada\/"},"wordCount":551,"commentCount":0,"image":{"@id":"https:\/\/www.cetys.mx\/noticias\/por-que-estoy-en-canada\/#primaryimage"},"thumbnailUrl":"https:\/\/www.cetys.mx\/noticias\/wp-content\/uploads\/2019\/02\/Karen-cetys-ambassador.jpg","keywords":["Global Experience","internacional","vocetys-2019-02-26"],"articleSection":["Campus Mexicali","Internacionales","Portada","Profesional","VoCETYS"],"inLanguage":"es","potentialAction":[{"@type":"CommentAction","name":"Comment","target":["https:\/\/www.cetys.mx\/noticias\/por-que-estoy-en-canada\/#respond"]}]},{"@type":"WebPage","@id":"https:\/\/www.cetys.mx\/noticias\/por-que-estoy-en-canada\/","url":"https:\/\/www.cetys.mx\/noticias\/por-que-estoy-en-canada\/","name":"#CETYSAmbassadors: \u00bfPor qu\u00e9 estoy en Canad\u00e1? - CETYS","isPartOf":{"@id":"https:\/\/www.cetys.mx\/noticias\/#website"},"primaryImageOfPage":{"@id":"https:\/\/www.cetys.mx\/noticias\/por-que-estoy-en-canada\/#primaryimage"},"image":{"@id":"https:\/\/www.cetys.mx\/noticias\/por-que-estoy-en-canada\/#primaryimage"},"thumbnailUrl":"https:\/\/www.cetys.mx\/noticias\/wp-content\/uploads\/2019\/02\/Karen-cetys-ambassador.jpg","datePublished":"2019-02-22T18:00:39+00:00","dateModified":"2019-02-26T22:28:19+00:00","author":{"@id":"https:\/\/www.cetys.mx\/noticias\/#\/schema\/person\/79a95c4ac185f3705cf1b9c9340a5f70"},"description":"Articulo sobre #CETYSAmbassadors: \u00bfPor qu\u00e9 estoy en Canad\u00e1?","breadcrumb":{"@id":"https:\/\/www.cetys.mx\/noticias\/por-que-estoy-en-canada\/#breadcrumb"},"inLanguage":"es","potentialAction":[{"@type":"ReadAction","target":["https:\/\/www.cetys.mx\/noticias\/por-que-estoy-en-canada\/"]}]},{"@type":"ImageObject","inLanguage":"es","@id":"https:\/\/www.cetys.mx\/noticias\/por-que-estoy-en-canada\/#primaryimage","url":"https:\/\/www.cetys.mx\/noticias\/wp-content\/uploads\/2019\/02\/Karen-cetys-ambassador.jpg","contentUrl":"https:\/\/www.cetys.mx\/noticias\/wp-content\/uploads\/2019\/02\/Karen-cetys-ambassador.jpg","width":958,"height":637},{"@type":"BreadcrumbList","@id":"https:\/\/www.cetys.mx\/noticias\/por-que-estoy-en-canada\/#breadcrumb","itemListElement":[{"@type":"ListItem","position":1,"name":"Inicio","item":"https:\/\/www.cetys.mx\/noticias\/"},{"@type":"ListItem","position":2,"name":"#CETYSAmbassadors: \u00bfPor qu\u00e9 estoy en Canad\u00e1?"}]},{"@type":"WebSite","@id":"https:\/\/www.cetys.mx\/noticias\/#website","url":"https:\/\/www.cetys.mx\/noticias\/","name":"CETYS","description":"","potentialAction":[{"@type":"SearchAction","target":{"@type":"EntryPoint","urlTemplate":"https:\/\/www.cetys.mx\/noticias\/?s={search_term_string}"},"query-input":{"@type":"PropertyValueSpecification","valueRequired":true,"valueName":"search_term_string"}}],"inLanguage":"es"},{"@type":"Person","@id":"https:\/\/www.cetys.mx\/noticias\/#\/schema\/person\/79a95c4ac185f3705cf1b9c9340a5f70","name":"Campus Mexicali","url":"https:\/\/www.cetys.mx\/noticias\/author\/campusmexicali\/"}]}},"_links":{"self":[{"href":"https:\/\/www.cetys.mx\/noticias\/wp-json\/wp\/v2\/posts\/125638","targetHints":{"allow":["GET"]}}],"collection":[{"href":"https:\/\/www.cetys.mx\/noticias\/wp-json\/wp\/v2\/posts"}],"about":[{"href":"https:\/\/www.cetys.mx\/noticias\/wp-json\/wp\/v2\/types\/post"}],"author":[{"embeddable":true,"href":"https:\/\/www.cetys.mx\/noticias\/wp-json\/wp\/v2\/users\/20"}],"replies":[{"embeddable":true,"href":"https:\/\/www.cetys.mx\/noticias\/wp-json\/wp\/v2\/comments?post=125638"}],"version-history":[{"count":0,"href":"https:\/\/www.cetys.mx\/noticias\/wp-json\/wp\/v2\/posts\/125638\/revisions"}],"wp:featuredmedia":[{"embeddable":true,"href":"https:\/\/www.cetys.mx\/noticias\/wp-json\/wp\/v2\/media\/125658"}],"wp:attachment":[{"href":"https:\/\/www.cetys.mx\/noticias\/wp-json\/wp\/v2\/media?parent=125638"}],"wp:term":[{"taxonomy":"category","embeddable":true,"href":"https:\/\/www.cetys.mx\/noticias\/wp-json\/wp\/v2\/categories?post=125638"},{"taxonomy":"post_tag","embeddable":true,"href":"https:\/\/www.cetys.mx\/noticias\/wp-json\/wp\/v2\/tags?post=125638"}],"curies":[{"name":"wp","href":"https:\/\/api.w.org\/{rel}","templated":true}]}}