{"id":125532,"date":"2019-02-18T16:50:29","date_gmt":"2019-02-19T00:50:29","guid":{"rendered":"https:\/\/www.cetys.mx\/noticias\/?p=125532"},"modified":"2020-03-17T16:17:43","modified_gmt":"2020-03-17T23:17:43","slug":"conferencia-higiene-industrial-y-su-marco-legal","status":"publish","type":"post","link":"https:\/\/www.cetys.mx\/noticias\/conferencia-higiene-industrial-y-su-marco-legal\/","title":{"rendered":"Conferencia: Higiene Industrial y su Marco Legal"},"content":{"rendered":"<p>El instructor del <a href=\"https:\/\/www.cetys.mx\/educon\/programa\/diplomado-en-seguridad-higiene-y-medio-ambiente\/\">Diplomado en Seguridad, Higiene y Medio Ambiente<\/a>, Lic. Mario Alberto Paniagua lider\u00f3 la Conferencia: Higiene Industria y su Marco Legal en la cual expuso a los asistentes temas como la importancia y funciones de la higiene industrial, los procedimientos de higiene y seguridad que una empresa debe seguir, las principales diferencias entre peligros y riesgos as\u00ed como los conceptos legales que rigen en M\u00e9xico.<\/p>\n<p>El principal objetivo de la conferencia fue el dar a conocer las disposiciones generales que se deben observar para la protecci\u00f3n de la salud de los trabajadores ante la exposici\u00f3n a ruido, vibraciones, iluminaci\u00f3n, radiaciones ionizantes y\/o electromagn\u00e9ticas no ionizantes, condiciones extremas de temperatura, presiones ambientales anormales, agentes qu\u00edmicos, factores ergon\u00f3micos y psicosociales.<\/p>\n<p>Es importante que las empresas y organizaciones conozcan de estos temas y apliquen medidas de seguridad e higiene industrial ya que el incumplimiento de la ley trae consigo consecuencias y sanciones graves.<\/p>\n<p>Para conocer m\u00e1s acerca de esto te recomendamos cursar el <a href=\"https:\/\/www.cetys.mx\/educon\/programa\/diplomado-en-seguridad-higiene-y-medio-ambiente\/\">Diplomado en Seguridad, Higiene y Medio Ambiente<\/a>\u00a0ofrecido por CETYS Educaci\u00f3n Continua Campus Mexicali, el cual est\u00e1 dirigido principalmente a gerentes financieros, personal administrativo, de recursos humanos, de produccio\u0301n y personal involucrado a la ingenieri\u0301a ambiental y me\u0301dicos de empresa.<\/p>\n<p><img loading=\"lazy\" decoding=\"async\" class=\"aligncenter size-full wp-image-125538\" src=\"https:\/\/www.cetys.mx\/noticias\/wp-content\/uploads\/2019\/02\/IMG_2116.jpg\" alt=\"\" width=\"6000\" height=\"4000\" srcset=\"https:\/\/www.cetys.mx\/noticias\/wp-content\/uploads\/2019\/02\/IMG_2116.jpg 6000w, https:\/\/www.cetys.mx\/noticias\/wp-content\/uploads\/2019\/02\/IMG_2116-768x512.jpg 768w\" sizes=\"auto, (max-width: 6000px) 100vw, 6000px\" \/><\/p>\n<div id=\"promotor-curso\" class=\"col-sm-4 col-md-3\"><\/div>\n","protected":false},"excerpt":{"rendered":"<p>El instructor del Diplomado en Seguridad, Higiene y Medio Ambiente, Lic. Mario Alberto Paniagua lider\u00f3 la Conferencia: Higiene Industria y su Marco&#8230;<\/p>\n","protected":false},"author":104,"featured_media":125540,"comment_status":"open","ping_status":"closed","sticky":false,"template":"","format":"standard","meta":{"footnotes":""},"categories":[241],"tags":[],"class_list":["post-125532","post","type-post","status-publish","format-standard","has-post-thumbnail","hentry","category-educacion-continua"],"yoast_head":"<!-- This site is optimized with the Yoast SEO plugin v27.4 - https:\/\/yoast.com\/product\/yoast-seo-wordpress\/ -->\n<title>Conferencia: Higiene Industrial y su Marco Legal - CETYS<\/title>\n<meta name=\"description\" content=\"Articulo sobre Conferencia: Higiene Industrial y su Marco Legal\" \/>\n<meta name=\"robots\" content=\"index, follow, max-snippet:-1, max-image-preview:large, max-video-preview:-1\" \/>\n<link rel=\"canonical\" href=\"https:\/\/www.cetys.mx\/noticias\/conferencia-higiene-industrial-y-su-marco-legal\/\" \/>\n<meta property=\"og:locale\" content=\"es_MX\" \/>\n<meta property=\"og:type\" content=\"article\" \/>\n<meta property=\"og:title\" content=\"Conferencia: Higiene Industrial y su Marco Legal - CETYS\" \/>\n<meta property=\"og:description\" content=\"Articulo sobre Conferencia: Higiene Industrial y su Marco Legal\" \/>\n<meta property=\"og:url\" content=\"https:\/\/www.cetys.mx\/noticias\/conferencia-higiene-industrial-y-su-marco-legal\/\" \/>\n<meta property=\"og:site_name\" content=\"CETYS\" \/>\n<meta property=\"article:publisher\" content=\"https:\/\/www.facebook.com\/cetysuniversidadmxl\/\" \/>\n<meta property=\"article:published_time\" content=\"2019-02-19T00:50:29+00:00\" \/>\n<meta property=\"article:modified_time\" content=\"2020-03-17T23:17:43+00:00\" \/>\n<meta property=\"og:image\" content=\"https:\/\/www.cetys.mx\/noticias\/wp-content\/uploads\/2019\/02\/IMG_2118.jpg\" \/>\n\t<meta property=\"og:image:width\" content=\"6000\" \/>\n\t<meta property=\"og:image:height\" content=\"4000\" \/>\n\t<meta property=\"og:image:type\" content=\"image\/jpeg\" \/>\n<meta name=\"author\" content=\"Webmaster CETYS\" \/>\n<meta name=\"twitter:card\" content=\"summary_large_image\" \/>\n<meta name=\"twitter:creator\" content=\"@cetysuni\" \/>\n<meta name=\"twitter:site\" content=\"@cetysuni\" \/>\n<meta name=\"twitter:label1\" content=\"Escrito por\" \/>\n\t<meta name=\"twitter:data1\" content=\"Webmaster CETYS\" \/>\n\t<meta name=\"twitter:label2\" content=\"Tiempo de lectura\" \/>\n\t<meta name=\"twitter:data2\" content=\"1 minuto\" \/>\n<script type=\"application\/ld+json\" class=\"yoast-schema-graph\">{\"@context\":\"https:\\\/\\\/schema.org\",\"@graph\":[{\"@type\":\"Article\",\"@id\":\"https:\\\/\\\/www.cetys.mx\\\/noticias\\\/conferencia-higiene-industrial-y-su-marco-legal\\\/#article\",\"isPartOf\":{\"@id\":\"https:\\\/\\\/www.cetys.mx\\\/noticias\\\/conferencia-higiene-industrial-y-su-marco-legal\\\/\"},\"author\":{\"name\":\"Webmaster CETYS\",\"@id\":\"https:\\\/\\\/www.cetys.mx\\\/noticias\\\/#\\\/schema\\\/person\\\/eb1a69b819c9d1ac7fe98654690a557d\"},\"headline\":\"Conferencia: Higiene Industrial y su Marco Legal\",\"datePublished\":\"2019-02-19T00:50:29+00:00\",\"dateModified\":\"2020-03-17T23:17:43+00:00\",\"mainEntityOfPage\":{\"@id\":\"https:\\\/\\\/www.cetys.mx\\\/noticias\\\/conferencia-higiene-industrial-y-su-marco-legal\\\/\"},\"wordCount\":222,\"commentCount\":0,\"image\":{\"@id\":\"https:\\\/\\\/www.cetys.mx\\\/noticias\\\/conferencia-higiene-industrial-y-su-marco-legal\\\/#primaryimage\"},\"thumbnailUrl\":\"https:\\\/\\\/www.cetys.mx\\\/noticias\\\/wp-content\\\/uploads\\\/2019\\\/02\\\/IMG_2118.jpg\",\"articleSection\":[\"Educaci\u00f3n Continua\"],\"inLanguage\":\"es\",\"potentialAction\":[{\"@type\":\"CommentAction\",\"name\":\"Comment\",\"target\":[\"https:\\\/\\\/www.cetys.mx\\\/noticias\\\/conferencia-higiene-industrial-y-su-marco-legal\\\/#respond\"]}]},{\"@type\":\"WebPage\",\"@id\":\"https:\\\/\\\/www.cetys.mx\\\/noticias\\\/conferencia-higiene-industrial-y-su-marco-legal\\\/\",\"url\":\"https:\\\/\\\/www.cetys.mx\\\/noticias\\\/conferencia-higiene-industrial-y-su-marco-legal\\\/\",\"name\":\"Conferencia: Higiene Industrial y su Marco Legal - CETYS\",\"isPartOf\":{\"@id\":\"https:\\\/\\\/www.cetys.mx\\\/noticias\\\/#website\"},\"primaryImageOfPage\":{\"@id\":\"https:\\\/\\\/www.cetys.mx\\\/noticias\\\/conferencia-higiene-industrial-y-su-marco-legal\\\/#primaryimage\"},\"image\":{\"@id\":\"https:\\\/\\\/www.cetys.mx\\\/noticias\\\/conferencia-higiene-industrial-y-su-marco-legal\\\/#primaryimage\"},\"thumbnailUrl\":\"https:\\\/\\\/www.cetys.mx\\\/noticias\\\/wp-content\\\/uploads\\\/2019\\\/02\\\/IMG_2118.jpg\",\"datePublished\":\"2019-02-19T00:50:29+00:00\",\"dateModified\":\"2020-03-17T23:17:43+00:00\",\"author\":{\"@id\":\"https:\\\/\\\/www.cetys.mx\\\/noticias\\\/#\\\/schema\\\/person\\\/eb1a69b819c9d1ac7fe98654690a557d\"},\"description\":\"Articulo sobre Conferencia: Higiene Industrial y su Marco Legal\",\"breadcrumb\":{\"@id\":\"https:\\\/\\\/www.cetys.mx\\\/noticias\\\/conferencia-higiene-industrial-y-su-marco-legal\\\/#breadcrumb\"},\"inLanguage\":\"es\",\"potentialAction\":[{\"@type\":\"ReadAction\",\"target\":[\"https:\\\/\\\/www.cetys.mx\\\/noticias\\\/conferencia-higiene-industrial-y-su-marco-legal\\\/\"]}]},{\"@type\":\"ImageObject\",\"inLanguage\":\"es\",\"@id\":\"https:\\\/\\\/www.cetys.mx\\\/noticias\\\/conferencia-higiene-industrial-y-su-marco-legal\\\/#primaryimage\",\"url\":\"https:\\\/\\\/www.cetys.mx\\\/noticias\\\/wp-content\\\/uploads\\\/2019\\\/02\\\/IMG_2118.jpg\",\"contentUrl\":\"https:\\\/\\\/www.cetys.mx\\\/noticias\\\/wp-content\\\/uploads\\\/2019\\\/02\\\/IMG_2118.jpg\",\"width\":6000,\"height\":4000},{\"@type\":\"BreadcrumbList\",\"@id\":\"https:\\\/\\\/www.cetys.mx\\\/noticias\\\/conferencia-higiene-industrial-y-su-marco-legal\\\/#breadcrumb\",\"itemListElement\":[{\"@type\":\"ListItem\",\"position\":1,\"name\":\"Inicio\",\"item\":\"https:\\\/\\\/www.cetys.mx\\\/noticias\\\/\"},{\"@type\":\"ListItem\",\"position\":2,\"name\":\"Conferencia: Higiene Industrial y su Marco Legal\"}]},{\"@type\":\"WebSite\",\"@id\":\"https:\\\/\\\/www.cetys.mx\\\/noticias\\\/#website\",\"url\":\"https:\\\/\\\/www.cetys.mx\\\/noticias\\\/\",\"name\":\"CETYS\",\"description\":\"\",\"potentialAction\":[{\"@type\":\"SearchAction\",\"target\":{\"@type\":\"EntryPoint\",\"urlTemplate\":\"https:\\\/\\\/www.cetys.mx\\\/noticias\\\/?s={search_term_string}\"},\"query-input\":{\"@type\":\"PropertyValueSpecification\",\"valueRequired\":true,\"valueName\":\"search_term_string\"}}],\"inLanguage\":\"es\"},{\"@type\":\"Person\",\"@id\":\"https:\\\/\\\/www.cetys.mx\\\/noticias\\\/#\\\/schema\\\/person\\\/eb1a69b819c9d1ac7fe98654690a557d\",\"name\":\"Webmaster CETYS\",\"url\":\"https:\\\/\\\/www.cetys.mx\\\/noticias\\\/author\\\/webmaster\\\/\"}]}<\/script>\n<!-- \/ Yoast SEO plugin. -->","yoast_head_json":{"title":"Conferencia: Higiene Industrial y su Marco Legal - CETYS","description":"Articulo sobre Conferencia: Higiene Industrial y su Marco Legal","robots":{"index":"index","follow":"follow","max-snippet":"max-snippet:-1","max-image-preview":"max-image-preview:large","max-video-preview":"max-video-preview:-1"},"canonical":"https:\/\/www.cetys.mx\/noticias\/conferencia-higiene-industrial-y-su-marco-legal\/","og_locale":"es_MX","og_type":"article","og_title":"Conferencia: Higiene Industrial y su Marco Legal - CETYS","og_description":"Articulo sobre Conferencia: Higiene Industrial y su Marco Legal","og_url":"https:\/\/www.cetys.mx\/noticias\/conferencia-higiene-industrial-y-su-marco-legal\/","og_site_name":"CETYS","article_publisher":"https:\/\/www.facebook.com\/cetysuniversidadmxl\/","article_published_time":"2019-02-19T00:50:29+00:00","article_modified_time":"2020-03-17T23:17:43+00:00","og_image":[{"url":"https:\/\/www.cetys.mx\/noticias\/wp-content\/uploads\/2019\/02\/IMG_2118.jpg","width":6000,"height":4000,"type":"image\/jpeg"}],"author":"Webmaster CETYS","twitter_card":"summary_large_image","twitter_creator":"@cetysuni","twitter_site":"@cetysuni","twitter_misc":{"Escrito por":"Webmaster CETYS","Tiempo de lectura":"1 minuto"},"schema":{"@context":"https:\/\/schema.org","@graph":[{"@type":"Article","@id":"https:\/\/www.cetys.mx\/noticias\/conferencia-higiene-industrial-y-su-marco-legal\/#article","isPartOf":{"@id":"https:\/\/www.cetys.mx\/noticias\/conferencia-higiene-industrial-y-su-marco-legal\/"},"author":{"name":"Webmaster CETYS","@id":"https:\/\/www.cetys.mx\/noticias\/#\/schema\/person\/eb1a69b819c9d1ac7fe98654690a557d"},"headline":"Conferencia: Higiene Industrial y su Marco Legal","datePublished":"2019-02-19T00:50:29+00:00","dateModified":"2020-03-17T23:17:43+00:00","mainEntityOfPage":{"@id":"https:\/\/www.cetys.mx\/noticias\/conferencia-higiene-industrial-y-su-marco-legal\/"},"wordCount":222,"commentCount":0,"image":{"@id":"https:\/\/www.cetys.mx\/noticias\/conferencia-higiene-industrial-y-su-marco-legal\/#primaryimage"},"thumbnailUrl":"https:\/\/www.cetys.mx\/noticias\/wp-content\/uploads\/2019\/02\/IMG_2118.jpg","articleSection":["Educaci\u00f3n Continua"],"inLanguage":"es","potentialAction":[{"@type":"CommentAction","name":"Comment","target":["https:\/\/www.cetys.mx\/noticias\/conferencia-higiene-industrial-y-su-marco-legal\/#respond"]}]},{"@type":"WebPage","@id":"https:\/\/www.cetys.mx\/noticias\/conferencia-higiene-industrial-y-su-marco-legal\/","url":"https:\/\/www.cetys.mx\/noticias\/conferencia-higiene-industrial-y-su-marco-legal\/","name":"Conferencia: Higiene Industrial y su Marco Legal - CETYS","isPartOf":{"@id":"https:\/\/www.cetys.mx\/noticias\/#website"},"primaryImageOfPage":{"@id":"https:\/\/www.cetys.mx\/noticias\/conferencia-higiene-industrial-y-su-marco-legal\/#primaryimage"},"image":{"@id":"https:\/\/www.cetys.mx\/noticias\/conferencia-higiene-industrial-y-su-marco-legal\/#primaryimage"},"thumbnailUrl":"https:\/\/www.cetys.mx\/noticias\/wp-content\/uploads\/2019\/02\/IMG_2118.jpg","datePublished":"2019-02-19T00:50:29+00:00","dateModified":"2020-03-17T23:17:43+00:00","author":{"@id":"https:\/\/www.cetys.mx\/noticias\/#\/schema\/person\/eb1a69b819c9d1ac7fe98654690a557d"},"description":"Articulo sobre Conferencia: Higiene Industrial y su Marco Legal","breadcrumb":{"@id":"https:\/\/www.cetys.mx\/noticias\/conferencia-higiene-industrial-y-su-marco-legal\/#breadcrumb"},"inLanguage":"es","potentialAction":[{"@type":"ReadAction","target":["https:\/\/www.cetys.mx\/noticias\/conferencia-higiene-industrial-y-su-marco-legal\/"]}]},{"@type":"ImageObject","inLanguage":"es","@id":"https:\/\/www.cetys.mx\/noticias\/conferencia-higiene-industrial-y-su-marco-legal\/#primaryimage","url":"https:\/\/www.cetys.mx\/noticias\/wp-content\/uploads\/2019\/02\/IMG_2118.jpg","contentUrl":"https:\/\/www.cetys.mx\/noticias\/wp-content\/uploads\/2019\/02\/IMG_2118.jpg","width":6000,"height":4000},{"@type":"BreadcrumbList","@id":"https:\/\/www.cetys.mx\/noticias\/conferencia-higiene-industrial-y-su-marco-legal\/#breadcrumb","itemListElement":[{"@type":"ListItem","position":1,"name":"Inicio","item":"https:\/\/www.cetys.mx\/noticias\/"},{"@type":"ListItem","position":2,"name":"Conferencia: Higiene Industrial y su Marco Legal"}]},{"@type":"WebSite","@id":"https:\/\/www.cetys.mx\/noticias\/#website","url":"https:\/\/www.cetys.mx\/noticias\/","name":"CETYS","description":"","potentialAction":[{"@type":"SearchAction","target":{"@type":"EntryPoint","urlTemplate":"https:\/\/www.cetys.mx\/noticias\/?s={search_term_string}"},"query-input":{"@type":"PropertyValueSpecification","valueRequired":true,"valueName":"search_term_string"}}],"inLanguage":"es"},{"@type":"Person","@id":"https:\/\/www.cetys.mx\/noticias\/#\/schema\/person\/eb1a69b819c9d1ac7fe98654690a557d","name":"Webmaster CETYS","url":"https:\/\/www.cetys.mx\/noticias\/author\/webmaster\/"}]}},"_links":{"self":[{"href":"https:\/\/www.cetys.mx\/noticias\/wp-json\/wp\/v2\/posts\/125532","targetHints":{"allow":["GET"]}}],"collection":[{"href":"https:\/\/www.cetys.mx\/noticias\/wp-json\/wp\/v2\/posts"}],"about":[{"href":"https:\/\/www.cetys.mx\/noticias\/wp-json\/wp\/v2\/types\/post"}],"author":[{"embeddable":true,"href":"https:\/\/www.cetys.mx\/noticias\/wp-json\/wp\/v2\/users\/104"}],"replies":[{"embeddable":true,"href":"https:\/\/www.cetys.mx\/noticias\/wp-json\/wp\/v2\/comments?post=125532"}],"version-history":[{"count":0,"href":"https:\/\/www.cetys.mx\/noticias\/wp-json\/wp\/v2\/posts\/125532\/revisions"}],"wp:featuredmedia":[{"embeddable":true,"href":"https:\/\/www.cetys.mx\/noticias\/wp-json\/wp\/v2\/media\/125540"}],"wp:attachment":[{"href":"https:\/\/www.cetys.mx\/noticias\/wp-json\/wp\/v2\/media?parent=125532"}],"wp:term":[{"taxonomy":"category","embeddable":true,"href":"https:\/\/www.cetys.mx\/noticias\/wp-json\/wp\/v2\/categories?post=125532"},{"taxonomy":"post_tag","embeddable":true,"href":"https:\/\/www.cetys.mx\/noticias\/wp-json\/wp\/v2\/tags?post=125532"}],"curies":[{"name":"wp","href":"https:\/\/api.w.org\/{rel}","templated":true}]}}