{"id":124705,"date":"2019-01-29T13:02:26","date_gmt":"2019-01-29T21:02:26","guid":{"rendered":"https:\/\/www.cetys.mx\/noticias\/?p=124705"},"modified":"2020-03-17T16:54:41","modified_gmt":"2020-03-17T23:54:41","slug":"el-instituto-innsignia-a-un-ano-de-su-nacimiento","status":"publish","type":"post","link":"https:\/\/www.cetys.mx\/noticias\/el-instituto-innsignia-a-un-ano-de-su-nacimiento\/","title":{"rendered":"El Instituto INNSIGNIA, a un a\u00f1o de su nacimiento"},"content":{"rendered":"<p>A un a\u00f1o de su creaci\u00f3n, el <strong>Instituto de Investigaci\u00f3n en Innovaci\u00f3n, Emprendimiento y Cambio Social (INNSIGNIA)<\/strong> de <a href=\"https:\/\/www.cetys.mx\">CETYS Universidad<\/a>, ha dedicado sus esfuerzos al cumplimiento de su misi\u00f3n, estimular la producci\u00f3n y difusi\u00f3n de conocimiento cient\u00edfico relevante que responda a las necesidades de la regi\u00f3n.<\/p>\n<p>De esta forma, a trav\u00e9s de sus 12 investigadores adscritos a los diferentes colegios de CETYS Universidad, el <strong>Instituto INNSIGNIA<\/strong> no solo ha logrado incidir en la productividad cient\u00edfica del Sistema CETYS, tambi\u00e9n <strong>ha generado un espacio que estimula la interdisciplina y la colaboraci\u00f3n intra e interinstitucional.<\/strong><\/p>\n<div id=\"attachment_124713\" style=\"width: 774px\" class=\"wp-caption aligncenter\"><img loading=\"lazy\" decoding=\"async\" aria-describedby=\"caption-attachment-124713\" class=\" wp-image-124713\" src=\"https:\/\/www.cetys.mx\/noticias\/wp-content\/uploads\/2019\/01\/Congreso-AEDEM2.jpg\" alt=\"\" width=\"764\" height=\"573\" srcset=\"https:\/\/www.cetys.mx\/noticias\/wp-content\/uploads\/2019\/01\/Congreso-AEDEM2.jpg 960w, https:\/\/www.cetys.mx\/noticias\/wp-content\/uploads\/2019\/01\/Congreso-AEDEM2-768x576.jpg 768w\" sizes=\"auto, (max-width: 764px) 100vw, 764px\" \/><p id=\"caption-attachment-124713\" class=\"wp-caption-text\">La participaci\u00f3n en congresos internacionales forma parte de las actividades realizadas durante el primer a\u00f1o del Instituto.<\/p><\/div>\n<p>\u201cCon esto se busca incidir en la competitividad y en la innovaci\u00f3n de sectores estrat\u00e9gicos emergentes de Baja California. Todo ello desde un enfoque interdisciplinario, sustentable y desde una concepci\u00f3n amplia e integral del fen\u00f3meno de innovaci\u00f3n, garantizando en todo momento la relevancia acad\u00e9mica y la pertinencia social de sus investigaciones, destac\u00f3 el Dr. Mayer Cabrera, Director del Instituto.<\/p>\n<p>Mayer Cabrera tambi\u00e9n enfatiz\u00f3 que a lo largo de este primer a\u00f1o el Instituto INNSIGNIA ha traducido sus esfuerzos en una serie de proyectos de investigaci\u00f3n, cuyos enfoques han abordado diversas problem\u00e1ticas asociadas a los procesos de emprendimiento e innovaci\u00f3n en diferentes contextos regionales.<\/p>\n<p>Adem\u00e1s,\u00a0el Instituto INNSIGNIA ha generado diversas publicaciones en revistas indizadas y en editoriales de amplio prestigio, participado en congresos internacionales; asimismo,\u00a0organiz\u00f3 tres seminarios de investigaci\u00f3n.<\/p>\n<div id=\"attachment_124715\" style=\"width: 467px\" class=\"wp-caption aligncenter\"><img loading=\"lazy\" decoding=\"async\" aria-describedby=\"caption-attachment-124715\" class=\" wp-image-124715\" src=\"https:\/\/www.cetys.mx\/noticias\/wp-content\/uploads\/2019\/01\/DSC0123.jpg\" alt=\"\" width=\"457\" height=\"688\" \/><p id=\"caption-attachment-124715\" class=\"wp-caption-text\">Dr. Mayer Cabrera, Director del Instituto INNSIGNIA.<\/p><\/div>\n<p>&nbsp;<\/p>\n","protected":false},"excerpt":{"rendered":"<p>A un a\u00f1o de su creaci\u00f3n, el Instituto de Investigaci\u00f3n en Innovaci\u00f3n, Emprendimiento y Cambio Social (INNSIGNIA) de CETYS Universidad, ha dedicado&#8230;<\/p>\n","protected":false},"author":23,"featured_media":124708,"comment_status":"open","ping_status":"closed","sticky":false,"template":"","format":"standard","meta":{"footnotes":""},"categories":[132,1766,125,313],"tags":[1437,3273,178,3381],"class_list":["post-124705","post","type-post","status-publish","format-standard","has-post-thumbnail","hentry","category-campus-ensenada","category-innovacion","category-portada","category-vocetys-2","tag-campus-ensenada","tag-instituto-innsignia","tag-investigacion","tag-vocetys-2019-03-01"],"yoast_head":"<!-- This site is optimized with the Yoast SEO plugin v27.4 - https:\/\/yoast.com\/product\/yoast-seo-wordpress\/ -->\n<title>El Instituto INNSIGNIA, a un a\u00f1o de su nacimiento - CETYS<\/title>\n<meta name=\"description\" content=\"Articulo sobre El Instituto INNSIGNIA, a un a\u00f1o de su nacimiento\" \/>\n<meta name=\"robots\" content=\"index, follow, max-snippet:-1, max-image-preview:large, max-video-preview:-1\" \/>\n<link rel=\"canonical\" href=\"https:\/\/www.cetys.mx\/noticias\/el-instituto-innsignia-a-un-ano-de-su-nacimiento\/\" \/>\n<meta property=\"og:locale\" content=\"es_MX\" \/>\n<meta property=\"og:type\" content=\"article\" \/>\n<meta property=\"og:title\" content=\"El Instituto INNSIGNIA, a un a\u00f1o de su nacimiento - CETYS\" \/>\n<meta property=\"og:description\" content=\"Articulo sobre El Instituto INNSIGNIA, a un a\u00f1o de su nacimiento\" \/>\n<meta property=\"og:url\" content=\"https:\/\/www.cetys.mx\/noticias\/el-instituto-innsignia-a-un-ano-de-su-nacimiento\/\" \/>\n<meta property=\"og:site_name\" content=\"CETYS\" \/>\n<meta property=\"article:publisher\" content=\"https:\/\/www.facebook.com\/cetysuniversidadmxl\/\" \/>\n<meta property=\"article:published_time\" content=\"2019-01-29T21:02:26+00:00\" \/>\n<meta property=\"article:modified_time\" content=\"2020-03-17T23:54:41+00:00\" \/>\n<meta property=\"og:image\" content=\"https:\/\/www.cetys.mx\/noticias\/wp-content\/uploads\/2019\/01\/Convenio-ITBaja.jpg\" \/>\n\t<meta property=\"og:image:width\" content=\"618\" \/>\n\t<meta property=\"og:image:height\" content=\"427\" \/>\n\t<meta property=\"og:image:type\" content=\"image\/jpeg\" \/>\n<meta name=\"author\" content=\"Campus Ensenada\" \/>\n<meta name=\"twitter:card\" content=\"summary_large_image\" \/>\n<meta name=\"twitter:creator\" content=\"@cetysuni\" \/>\n<meta name=\"twitter:site\" content=\"@cetysuni\" \/>\n<meta name=\"twitter:label1\" content=\"Escrito por\" \/>\n\t<meta name=\"twitter:data1\" content=\"Campus Ensenada\" \/>\n\t<meta name=\"twitter:label2\" content=\"Tiempo de lectura\" \/>\n\t<meta name=\"twitter:data2\" content=\"1 minuto\" \/>\n<script type=\"application\/ld+json\" class=\"yoast-schema-graph\">{\"@context\":\"https:\\\/\\\/schema.org\",\"@graph\":[{\"@type\":\"Article\",\"@id\":\"https:\\\/\\\/www.cetys.mx\\\/noticias\\\/el-instituto-innsignia-a-un-ano-de-su-nacimiento\\\/#article\",\"isPartOf\":{\"@id\":\"https:\\\/\\\/www.cetys.mx\\\/noticias\\\/el-instituto-innsignia-a-un-ano-de-su-nacimiento\\\/\"},\"author\":{\"name\":\"Campus Ensenada\",\"@id\":\"https:\\\/\\\/www.cetys.mx\\\/noticias\\\/#\\\/schema\\\/person\\\/1a1a88c0b6586e66a2e9e88e07afc712\"},\"headline\":\"El Instituto INNSIGNIA, a un a\u00f1o de su nacimiento\",\"datePublished\":\"2019-01-29T21:02:26+00:00\",\"dateModified\":\"2020-03-17T23:54:41+00:00\",\"mainEntityOfPage\":{\"@id\":\"https:\\\/\\\/www.cetys.mx\\\/noticias\\\/el-instituto-innsignia-a-un-ano-de-su-nacimiento\\\/\"},\"wordCount\":299,\"commentCount\":0,\"image\":{\"@id\":\"https:\\\/\\\/www.cetys.mx\\\/noticias\\\/el-instituto-innsignia-a-un-ano-de-su-nacimiento\\\/#primaryimage\"},\"thumbnailUrl\":\"https:\\\/\\\/www.cetys.mx\\\/noticias\\\/wp-content\\\/uploads\\\/2019\\\/01\\\/Convenio-ITBaja.jpg\",\"keywords\":[\"Campus Ensenada\",\"Instituto INNSIGNIA\",\"investigaci\u00f3n\",\"vocetys-2019-03-01\"],\"articleSection\":[\"Campus Ensenada\",\"Innovaci\u00f3n\",\"Portada\",\"VoCETYS\"],\"inLanguage\":\"es\",\"potentialAction\":[{\"@type\":\"CommentAction\",\"name\":\"Comment\",\"target\":[\"https:\\\/\\\/www.cetys.mx\\\/noticias\\\/el-instituto-innsignia-a-un-ano-de-su-nacimiento\\\/#respond\"]}]},{\"@type\":\"WebPage\",\"@id\":\"https:\\\/\\\/www.cetys.mx\\\/noticias\\\/el-instituto-innsignia-a-un-ano-de-su-nacimiento\\\/\",\"url\":\"https:\\\/\\\/www.cetys.mx\\\/noticias\\\/el-instituto-innsignia-a-un-ano-de-su-nacimiento\\\/\",\"name\":\"El Instituto INNSIGNIA, a un a\u00f1o de su nacimiento - CETYS\",\"isPartOf\":{\"@id\":\"https:\\\/\\\/www.cetys.mx\\\/noticias\\\/#website\"},\"primaryImageOfPage\":{\"@id\":\"https:\\\/\\\/www.cetys.mx\\\/noticias\\\/el-instituto-innsignia-a-un-ano-de-su-nacimiento\\\/#primaryimage\"},\"image\":{\"@id\":\"https:\\\/\\\/www.cetys.mx\\\/noticias\\\/el-instituto-innsignia-a-un-ano-de-su-nacimiento\\\/#primaryimage\"},\"thumbnailUrl\":\"https:\\\/\\\/www.cetys.mx\\\/noticias\\\/wp-content\\\/uploads\\\/2019\\\/01\\\/Convenio-ITBaja.jpg\",\"datePublished\":\"2019-01-29T21:02:26+00:00\",\"dateModified\":\"2020-03-17T23:54:41+00:00\",\"author\":{\"@id\":\"https:\\\/\\\/www.cetys.mx\\\/noticias\\\/#\\\/schema\\\/person\\\/1a1a88c0b6586e66a2e9e88e07afc712\"},\"description\":\"Articulo sobre El Instituto INNSIGNIA, a un a\u00f1o de su nacimiento\",\"breadcrumb\":{\"@id\":\"https:\\\/\\\/www.cetys.mx\\\/noticias\\\/el-instituto-innsignia-a-un-ano-de-su-nacimiento\\\/#breadcrumb\"},\"inLanguage\":\"es\",\"potentialAction\":[{\"@type\":\"ReadAction\",\"target\":[\"https:\\\/\\\/www.cetys.mx\\\/noticias\\\/el-instituto-innsignia-a-un-ano-de-su-nacimiento\\\/\"]}]},{\"@type\":\"ImageObject\",\"inLanguage\":\"es\",\"@id\":\"https:\\\/\\\/www.cetys.mx\\\/noticias\\\/el-instituto-innsignia-a-un-ano-de-su-nacimiento\\\/#primaryimage\",\"url\":\"https:\\\/\\\/www.cetys.mx\\\/noticias\\\/wp-content\\\/uploads\\\/2019\\\/01\\\/Convenio-ITBaja.jpg\",\"contentUrl\":\"https:\\\/\\\/www.cetys.mx\\\/noticias\\\/wp-content\\\/uploads\\\/2019\\\/01\\\/Convenio-ITBaja.jpg\",\"width\":618,\"height\":427,\"caption\":\"A trav\u00e9s del Instituto INNSIGNIA se ha estimulado la producci\u00f3n y difusi\u00f3n de conocimiento cient\u00edfico.\"},{\"@type\":\"BreadcrumbList\",\"@id\":\"https:\\\/\\\/www.cetys.mx\\\/noticias\\\/el-instituto-innsignia-a-un-ano-de-su-nacimiento\\\/#breadcrumb\",\"itemListElement\":[{\"@type\":\"ListItem\",\"position\":1,\"name\":\"Inicio\",\"item\":\"https:\\\/\\\/www.cetys.mx\\\/noticias\\\/\"},{\"@type\":\"ListItem\",\"position\":2,\"name\":\"El Instituto INNSIGNIA, a un a\u00f1o de su nacimiento\"}]},{\"@type\":\"WebSite\",\"@id\":\"https:\\\/\\\/www.cetys.mx\\\/noticias\\\/#website\",\"url\":\"https:\\\/\\\/www.cetys.mx\\\/noticias\\\/\",\"name\":\"CETYS\",\"description\":\"\",\"potentialAction\":[{\"@type\":\"SearchAction\",\"target\":{\"@type\":\"EntryPoint\",\"urlTemplate\":\"https:\\\/\\\/www.cetys.mx\\\/noticias\\\/?s={search_term_string}\"},\"query-input\":{\"@type\":\"PropertyValueSpecification\",\"valueRequired\":true,\"valueName\":\"search_term_string\"}}],\"inLanguage\":\"es\"},{\"@type\":\"Person\",\"@id\":\"https:\\\/\\\/www.cetys.mx\\\/noticias\\\/#\\\/schema\\\/person\\\/1a1a88c0b6586e66a2e9e88e07afc712\",\"name\":\"Campus Ensenada\",\"url\":\"https:\\\/\\\/www.cetys.mx\\\/noticias\\\/author\\\/campusensenada\\\/\"}]}<\/script>\n<!-- \/ Yoast SEO plugin. -->","yoast_head_json":{"title":"El Instituto INNSIGNIA, a un a\u00f1o de su nacimiento - CETYS","description":"Articulo sobre El Instituto INNSIGNIA, a un a\u00f1o de su nacimiento","robots":{"index":"index","follow":"follow","max-snippet":"max-snippet:-1","max-image-preview":"max-image-preview:large","max-video-preview":"max-video-preview:-1"},"canonical":"https:\/\/www.cetys.mx\/noticias\/el-instituto-innsignia-a-un-ano-de-su-nacimiento\/","og_locale":"es_MX","og_type":"article","og_title":"El Instituto INNSIGNIA, a un a\u00f1o de su nacimiento - CETYS","og_description":"Articulo sobre El Instituto INNSIGNIA, a un a\u00f1o de su nacimiento","og_url":"https:\/\/www.cetys.mx\/noticias\/el-instituto-innsignia-a-un-ano-de-su-nacimiento\/","og_site_name":"CETYS","article_publisher":"https:\/\/www.facebook.com\/cetysuniversidadmxl\/","article_published_time":"2019-01-29T21:02:26+00:00","article_modified_time":"2020-03-17T23:54:41+00:00","og_image":[{"width":618,"height":427,"url":"https:\/\/www.cetys.mx\/noticias\/wp-content\/uploads\/2019\/01\/Convenio-ITBaja.jpg","type":"image\/jpeg"}],"author":"Campus Ensenada","twitter_card":"summary_large_image","twitter_creator":"@cetysuni","twitter_site":"@cetysuni","twitter_misc":{"Escrito por":"Campus Ensenada","Tiempo de lectura":"1 minuto"},"schema":{"@context":"https:\/\/schema.org","@graph":[{"@type":"Article","@id":"https:\/\/www.cetys.mx\/noticias\/el-instituto-innsignia-a-un-ano-de-su-nacimiento\/#article","isPartOf":{"@id":"https:\/\/www.cetys.mx\/noticias\/el-instituto-innsignia-a-un-ano-de-su-nacimiento\/"},"author":{"name":"Campus Ensenada","@id":"https:\/\/www.cetys.mx\/noticias\/#\/schema\/person\/1a1a88c0b6586e66a2e9e88e07afc712"},"headline":"El Instituto INNSIGNIA, a un a\u00f1o de su nacimiento","datePublished":"2019-01-29T21:02:26+00:00","dateModified":"2020-03-17T23:54:41+00:00","mainEntityOfPage":{"@id":"https:\/\/www.cetys.mx\/noticias\/el-instituto-innsignia-a-un-ano-de-su-nacimiento\/"},"wordCount":299,"commentCount":0,"image":{"@id":"https:\/\/www.cetys.mx\/noticias\/el-instituto-innsignia-a-un-ano-de-su-nacimiento\/#primaryimage"},"thumbnailUrl":"https:\/\/www.cetys.mx\/noticias\/wp-content\/uploads\/2019\/01\/Convenio-ITBaja.jpg","keywords":["Campus Ensenada","Instituto INNSIGNIA","investigaci\u00f3n","vocetys-2019-03-01"],"articleSection":["Campus Ensenada","Innovaci\u00f3n","Portada","VoCETYS"],"inLanguage":"es","potentialAction":[{"@type":"CommentAction","name":"Comment","target":["https:\/\/www.cetys.mx\/noticias\/el-instituto-innsignia-a-un-ano-de-su-nacimiento\/#respond"]}]},{"@type":"WebPage","@id":"https:\/\/www.cetys.mx\/noticias\/el-instituto-innsignia-a-un-ano-de-su-nacimiento\/","url":"https:\/\/www.cetys.mx\/noticias\/el-instituto-innsignia-a-un-ano-de-su-nacimiento\/","name":"El Instituto INNSIGNIA, a un a\u00f1o de su nacimiento - CETYS","isPartOf":{"@id":"https:\/\/www.cetys.mx\/noticias\/#website"},"primaryImageOfPage":{"@id":"https:\/\/www.cetys.mx\/noticias\/el-instituto-innsignia-a-un-ano-de-su-nacimiento\/#primaryimage"},"image":{"@id":"https:\/\/www.cetys.mx\/noticias\/el-instituto-innsignia-a-un-ano-de-su-nacimiento\/#primaryimage"},"thumbnailUrl":"https:\/\/www.cetys.mx\/noticias\/wp-content\/uploads\/2019\/01\/Convenio-ITBaja.jpg","datePublished":"2019-01-29T21:02:26+00:00","dateModified":"2020-03-17T23:54:41+00:00","author":{"@id":"https:\/\/www.cetys.mx\/noticias\/#\/schema\/person\/1a1a88c0b6586e66a2e9e88e07afc712"},"description":"Articulo sobre El Instituto INNSIGNIA, a un a\u00f1o de su nacimiento","breadcrumb":{"@id":"https:\/\/www.cetys.mx\/noticias\/el-instituto-innsignia-a-un-ano-de-su-nacimiento\/#breadcrumb"},"inLanguage":"es","potentialAction":[{"@type":"ReadAction","target":["https:\/\/www.cetys.mx\/noticias\/el-instituto-innsignia-a-un-ano-de-su-nacimiento\/"]}]},{"@type":"ImageObject","inLanguage":"es","@id":"https:\/\/www.cetys.mx\/noticias\/el-instituto-innsignia-a-un-ano-de-su-nacimiento\/#primaryimage","url":"https:\/\/www.cetys.mx\/noticias\/wp-content\/uploads\/2019\/01\/Convenio-ITBaja.jpg","contentUrl":"https:\/\/www.cetys.mx\/noticias\/wp-content\/uploads\/2019\/01\/Convenio-ITBaja.jpg","width":618,"height":427,"caption":"A trav\u00e9s del Instituto INNSIGNIA se ha estimulado la producci\u00f3n y difusi\u00f3n de conocimiento cient\u00edfico."},{"@type":"BreadcrumbList","@id":"https:\/\/www.cetys.mx\/noticias\/el-instituto-innsignia-a-un-ano-de-su-nacimiento\/#breadcrumb","itemListElement":[{"@type":"ListItem","position":1,"name":"Inicio","item":"https:\/\/www.cetys.mx\/noticias\/"},{"@type":"ListItem","position":2,"name":"El Instituto INNSIGNIA, a un a\u00f1o de su nacimiento"}]},{"@type":"WebSite","@id":"https:\/\/www.cetys.mx\/noticias\/#website","url":"https:\/\/www.cetys.mx\/noticias\/","name":"CETYS","description":"","potentialAction":[{"@type":"SearchAction","target":{"@type":"EntryPoint","urlTemplate":"https:\/\/www.cetys.mx\/noticias\/?s={search_term_string}"},"query-input":{"@type":"PropertyValueSpecification","valueRequired":true,"valueName":"search_term_string"}}],"inLanguage":"es"},{"@type":"Person","@id":"https:\/\/www.cetys.mx\/noticias\/#\/schema\/person\/1a1a88c0b6586e66a2e9e88e07afc712","name":"Campus Ensenada","url":"https:\/\/www.cetys.mx\/noticias\/author\/campusensenada\/"}]}},"_links":{"self":[{"href":"https:\/\/www.cetys.mx\/noticias\/wp-json\/wp\/v2\/posts\/124705","targetHints":{"allow":["GET"]}}],"collection":[{"href":"https:\/\/www.cetys.mx\/noticias\/wp-json\/wp\/v2\/posts"}],"about":[{"href":"https:\/\/www.cetys.mx\/noticias\/wp-json\/wp\/v2\/types\/post"}],"author":[{"embeddable":true,"href":"https:\/\/www.cetys.mx\/noticias\/wp-json\/wp\/v2\/users\/23"}],"replies":[{"embeddable":true,"href":"https:\/\/www.cetys.mx\/noticias\/wp-json\/wp\/v2\/comments?post=124705"}],"version-history":[{"count":0,"href":"https:\/\/www.cetys.mx\/noticias\/wp-json\/wp\/v2\/posts\/124705\/revisions"}],"wp:featuredmedia":[{"embeddable":true,"href":"https:\/\/www.cetys.mx\/noticias\/wp-json\/wp\/v2\/media\/124708"}],"wp:attachment":[{"href":"https:\/\/www.cetys.mx\/noticias\/wp-json\/wp\/v2\/media?parent=124705"}],"wp:term":[{"taxonomy":"category","embeddable":true,"href":"https:\/\/www.cetys.mx\/noticias\/wp-json\/wp\/v2\/categories?post=124705"},{"taxonomy":"post_tag","embeddable":true,"href":"https:\/\/www.cetys.mx\/noticias\/wp-json\/wp\/v2\/tags?post=124705"}],"curies":[{"name":"wp","href":"https:\/\/api.w.org\/{rel}","templated":true}]}}