{"id":124560,"date":"2019-01-24T17:19:36","date_gmt":"2019-01-25T01:19:36","guid":{"rendered":"https:\/\/www.cetys.mx\/noticias\/?p=124560"},"modified":"2019-01-29T13:09:27","modified_gmt":"2019-01-29T21:09:27","slug":"envejecimiento-cognitivo-puede-retrasarse-sin-terapia-farmacologica","status":"publish","type":"post","link":"https:\/\/www.cetys.mx\/noticias\/envejecimiento-cognitivo-puede-retrasarse-sin-terapia-farmacologica\/","title":{"rendered":"Envejecimiento cognitivo puede retrasarse sin terapia farmacol\u00f3gica"},"content":{"rendered":"<div style=\"text-align: justify;\" align=\"justify\">En los \u00faltimos a\u00f1os la pir\u00e1mide poblacional se ha inclinado considerablemente hacia la poblaci\u00f3n longeva, pa\u00edses como Espa\u00f1a, Estados Unidos y Canad\u00e1 son algunos de los que se enfrentan a esta problem\u00e1tica, pues la esperanza de vida ha aumentado, lo que representa un reto para las pol\u00edticas p\u00fablicas y para los expertos en la salud cl\u00ednica y mental en la atenci\u00f3n al del adulto mayor.<\/div>\n<div style=\"text-align: justify;\" align=\"justify\"><\/div>\n<div style=\"text-align: justify;\" align=\"justify\">M\u00e9xico no es ajeno a ello, ya que el promedio de vida, de acuerdo a INEGI es de 78 a\u00f1os para las mujeres y en casi 73 a\u00f1os para los hombres, lo que pone al pa\u00eds en un buen momento para tomar acciones que beneficien al sector del adulto mayor.<\/div>\n<div style=\"text-align: justify;\" align=\"justify\"><\/div>\n<div style=\"text-align: justify;\" align=\"justify\">De acuerdo con el <strong>Dr. Antonio S\u00e1nchez Cabaco<\/strong> de la <a href=\"https:\/\/www.upsa.es\/\">Universidad Pontificia de Salamanca<\/a>, quien es catedr\u00e1tico en la <a href=\"https:\/\/www.cetys.mx\/oferta-educativa\/posgrado\/maestria-en-gerontologia-social\/\">Maestr\u00eda en Gerontolog\u00eda Social<\/a> de CETYS Universidad, Campus Mexicali, es de vital importancia cuidar del adulto en plenitud a trav\u00e9s de diversas pr\u00e1cticas, desde la rama de la psicol\u00f3gica, siendo una de ellas las llamadas terapias no farmacol\u00f3gicas.<\/div>\n<div style=\"text-align: justify;\" align=\"justify\"><\/div>\n<div style=\"text-align: justify;\" align=\"justify\">El acad\u00e9mico defini\u00f3 la terapia no farmacol\u00f3gica como aquella que por medio de procesos no qu\u00edmicos pretende incidir directamente a la mejora de la calidad de vida. Esto, aplicado en el adulto mayor, de manera temprana puede retrasar el deterioro cognitivo que naturalmente ocurre.<\/div>\n<div style=\"text-align: justify;\" align=\"justify\"><\/div>\n<div style=\"text-align: justify;\" align=\"justify\">Para que una terapia no farmacol\u00f3gica sea exitosa, debe considerar claves como: la intervenci\u00f3n fundamentada te\u00f3ricamente, actividad replicable, que sea especializada en el adulto mayor y ser explotada para obtener el mejor beneficio posible.<\/div>\n<div style=\"text-align: justify;\" align=\"justify\"><\/div>\n<div style=\"text-align: justify;\" align=\"justify\">Cabaco detall\u00f3 que los profesionales en la psicolog\u00eda tendr\u00edan que estar volteando al campo de la gerontolog\u00eda social y la neurolog\u00eda como \u00e1reas que buscan y necesitan m\u00e1s especialistas, que atiendan eficazmente a ese sector de la poblaci\u00f3n.<\/div>\n<blockquote>\n<div style=\"text-align: justify;\" align=\"justify\"><img loading=\"lazy\" decoding=\"async\" class=\"alignnone size-full wp-image-124549\" src=\"https:\/\/www.cetys.mx\/noticias\/wp-content\/uploads\/2016\/05\/Guerrero-Cabaco.jpg\" alt=\"Cabaco CETYS\" width=\"958\" height=\"659\" srcset=\"https:\/\/www.cetys.mx\/noticias\/wp-content\/uploads\/2016\/05\/Guerrero-Cabaco.jpg 958w, https:\/\/www.cetys.mx\/noticias\/wp-content\/uploads\/2016\/05\/Guerrero-Cabaco-768x528.jpg 768w\" sizes=\"auto, (max-width: 958px) 100vw, 958px\" \/><\/div>\n<div style=\"text-align: justify;\" align=\"justify\">\u201cTener una mejor calidad de vida y longevidad es una situaci\u00f3n multifactorial, ya que puede tratarse desde temas como la urbanizaci\u00f3n, hasta condiciones climatol\u00f3gicas, entre otras, es por eso que los profesionales en atender a los adultos mayores desde el punto de vista social cada vez tienen mayor relevancia e importancia en la sociedad\u201d dijo Cabaco S\u00e1nchez.<\/div>\n<\/blockquote>\n<div style=\"text-align: justify;\" align=\"justify\"><\/div>\n<div style=\"text-align: justify;\" align=\"justify\">Es importante tomar en cuenta que existen muchos tipos de terapia no farmacol\u00f3gica para el adulto mayor, por lo que lo m\u00e1s recomendable es acudir con un profesional que pueda dise\u00f1ar y canalizar al paciente a la que mejor se adecue a sus necesidades.<\/div>\n","protected":false},"excerpt":{"rendered":"<p>En los \u00faltimos a\u00f1os la pir\u00e1mide poblacional se ha inclinado considerablemente hacia la poblaci\u00f3n longeva, pa\u00edses como Espa\u00f1a, Estados Unidos y Canad\u00e1&#8230;<\/p>\n","protected":false},"author":20,"featured_media":51218,"comment_status":"open","ping_status":"closed","sticky":false,"template":"","format":"standard","meta":{"footnotes":""},"categories":[110,133,125,309,313],"tags":[2115,3255,3271],"class_list":["post-124560","post","type-post","status-publish","format-standard","has-post-thumbnail","hentry","category-academia","category-campus-mexicali","category-portada","category-posgrado","category-vocetys-2","tag-gerontologia-social","tag-terapias-no-farmacologicas","tag-vocetys-2019-01-29"],"yoast_head":"<!-- This site is optimized with the Yoast SEO plugin v27.4 - https:\/\/yoast.com\/product\/yoast-seo-wordpress\/ -->\n<title>Envejecimiento cognitivo puede retrasarse sin terapia farmacol\u00f3gica - CETYS<\/title>\n<meta name=\"description\" content=\"Articulo sobre Envejecimiento cognitivo puede retrasarse sin terapia farmacol\u00f3gica\" \/>\n<meta name=\"robots\" content=\"index, follow, max-snippet:-1, max-image-preview:large, max-video-preview:-1\" \/>\n<link rel=\"canonical\" href=\"https:\/\/www.cetys.mx\/noticias\/envejecimiento-cognitivo-puede-retrasarse-sin-terapia-farmacologica\/\" \/>\n<meta property=\"og:locale\" content=\"es_MX\" \/>\n<meta property=\"og:type\" content=\"article\" \/>\n<meta property=\"og:title\" content=\"Envejecimiento cognitivo puede retrasarse sin terapia farmacol\u00f3gica - CETYS\" \/>\n<meta property=\"og:description\" content=\"Articulo sobre Envejecimiento cognitivo puede retrasarse sin terapia farmacol\u00f3gica\" \/>\n<meta property=\"og:url\" content=\"https:\/\/www.cetys.mx\/noticias\/envejecimiento-cognitivo-puede-retrasarse-sin-terapia-farmacologica\/\" \/>\n<meta property=\"og:site_name\" content=\"CETYS\" \/>\n<meta property=\"article:publisher\" content=\"https:\/\/www.facebook.com\/cetysuniversidadmxl\/\" \/>\n<meta property=\"article:published_time\" content=\"2019-01-25T01:19:36+00:00\" \/>\n<meta property=\"article:modified_time\" content=\"2019-01-29T21:09:27+00:00\" \/>\n<meta property=\"og:image\" content=\"https:\/\/www.cetys.mx\/noticias\/wp-content\/uploads\/2016\/05\/Dr.-Sanchez.jpg\" \/>\n\t<meta property=\"og:image:width\" content=\"958\" \/>\n\t<meta property=\"og:image:height\" content=\"637\" \/>\n\t<meta property=\"og:image:type\" content=\"image\/jpeg\" \/>\n<meta name=\"author\" content=\"Campus Mexicali\" \/>\n<meta name=\"twitter:card\" content=\"summary_large_image\" \/>\n<meta name=\"twitter:creator\" content=\"@cetysuni\" \/>\n<meta name=\"twitter:site\" content=\"@cetysuni\" \/>\n<meta name=\"twitter:label1\" content=\"Escrito por\" \/>\n\t<meta name=\"twitter:data1\" content=\"Campus Mexicali\" \/>\n\t<meta name=\"twitter:label2\" content=\"Tiempo de lectura\" \/>\n\t<meta name=\"twitter:data2\" content=\"2 minutos\" \/>\n<script type=\"application\/ld+json\" class=\"yoast-schema-graph\">{\"@context\":\"https:\\\/\\\/schema.org\",\"@graph\":[{\"@type\":\"Article\",\"@id\":\"https:\\\/\\\/www.cetys.mx\\\/noticias\\\/envejecimiento-cognitivo-puede-retrasarse-sin-terapia-farmacologica\\\/#article\",\"isPartOf\":{\"@id\":\"https:\\\/\\\/www.cetys.mx\\\/noticias\\\/envejecimiento-cognitivo-puede-retrasarse-sin-terapia-farmacologica\\\/\"},\"author\":{\"name\":\"Campus Mexicali\",\"@id\":\"https:\\\/\\\/www.cetys.mx\\\/noticias\\\/#\\\/schema\\\/person\\\/79a95c4ac185f3705cf1b9c9340a5f70\"},\"headline\":\"Envejecimiento cognitivo puede retrasarse sin terapia farmacol\u00f3gica\",\"datePublished\":\"2019-01-25T01:19:36+00:00\",\"dateModified\":\"2019-01-29T21:09:27+00:00\",\"mainEntityOfPage\":{\"@id\":\"https:\\\/\\\/www.cetys.mx\\\/noticias\\\/envejecimiento-cognitivo-puede-retrasarse-sin-terapia-farmacologica\\\/\"},\"wordCount\":436,\"commentCount\":0,\"image\":{\"@id\":\"https:\\\/\\\/www.cetys.mx\\\/noticias\\\/envejecimiento-cognitivo-puede-retrasarse-sin-terapia-farmacologica\\\/#primaryimage\"},\"thumbnailUrl\":\"https:\\\/\\\/www.cetys.mx\\\/noticias\\\/wp-content\\\/uploads\\\/2016\\\/05\\\/Dr.-Sanchez.jpg\",\"keywords\":[\"Gerontolog\u00eda Social\",\"Terapias No Farmacol\u00f3gicas\",\"vocetys-2019-01-29\"],\"articleSection\":[\"Academia\",\"Campus Mexicali\",\"Portada\",\"Posgrado\",\"VoCETYS\"],\"inLanguage\":\"es\",\"potentialAction\":[{\"@type\":\"CommentAction\",\"name\":\"Comment\",\"target\":[\"https:\\\/\\\/www.cetys.mx\\\/noticias\\\/envejecimiento-cognitivo-puede-retrasarse-sin-terapia-farmacologica\\\/#respond\"]}]},{\"@type\":\"WebPage\",\"@id\":\"https:\\\/\\\/www.cetys.mx\\\/noticias\\\/envejecimiento-cognitivo-puede-retrasarse-sin-terapia-farmacologica\\\/\",\"url\":\"https:\\\/\\\/www.cetys.mx\\\/noticias\\\/envejecimiento-cognitivo-puede-retrasarse-sin-terapia-farmacologica\\\/\",\"name\":\"Envejecimiento cognitivo puede retrasarse sin terapia farmacol\u00f3gica - CETYS\",\"isPartOf\":{\"@id\":\"https:\\\/\\\/www.cetys.mx\\\/noticias\\\/#website\"},\"primaryImageOfPage\":{\"@id\":\"https:\\\/\\\/www.cetys.mx\\\/noticias\\\/envejecimiento-cognitivo-puede-retrasarse-sin-terapia-farmacologica\\\/#primaryimage\"},\"image\":{\"@id\":\"https:\\\/\\\/www.cetys.mx\\\/noticias\\\/envejecimiento-cognitivo-puede-retrasarse-sin-terapia-farmacologica\\\/#primaryimage\"},\"thumbnailUrl\":\"https:\\\/\\\/www.cetys.mx\\\/noticias\\\/wp-content\\\/uploads\\\/2016\\\/05\\\/Dr.-Sanchez.jpg\",\"datePublished\":\"2019-01-25T01:19:36+00:00\",\"dateModified\":\"2019-01-29T21:09:27+00:00\",\"author\":{\"@id\":\"https:\\\/\\\/www.cetys.mx\\\/noticias\\\/#\\\/schema\\\/person\\\/79a95c4ac185f3705cf1b9c9340a5f70\"},\"description\":\"Articulo sobre Envejecimiento cognitivo puede retrasarse sin terapia farmacol\u00f3gica\",\"breadcrumb\":{\"@id\":\"https:\\\/\\\/www.cetys.mx\\\/noticias\\\/envejecimiento-cognitivo-puede-retrasarse-sin-terapia-farmacologica\\\/#breadcrumb\"},\"inLanguage\":\"es\",\"potentialAction\":[{\"@type\":\"ReadAction\",\"target\":[\"https:\\\/\\\/www.cetys.mx\\\/noticias\\\/envejecimiento-cognitivo-puede-retrasarse-sin-terapia-farmacologica\\\/\"]}]},{\"@type\":\"ImageObject\",\"inLanguage\":\"es\",\"@id\":\"https:\\\/\\\/www.cetys.mx\\\/noticias\\\/envejecimiento-cognitivo-puede-retrasarse-sin-terapia-farmacologica\\\/#primaryimage\",\"url\":\"https:\\\/\\\/www.cetys.mx\\\/noticias\\\/wp-content\\\/uploads\\\/2016\\\/05\\\/Dr.-Sanchez.jpg\",\"contentUrl\":\"https:\\\/\\\/www.cetys.mx\\\/noticias\\\/wp-content\\\/uploads\\\/2016\\\/05\\\/Dr.-Sanchez.jpg\",\"width\":958,\"height\":637},{\"@type\":\"BreadcrumbList\",\"@id\":\"https:\\\/\\\/www.cetys.mx\\\/noticias\\\/envejecimiento-cognitivo-puede-retrasarse-sin-terapia-farmacologica\\\/#breadcrumb\",\"itemListElement\":[{\"@type\":\"ListItem\",\"position\":1,\"name\":\"Inicio\",\"item\":\"https:\\\/\\\/www.cetys.mx\\\/noticias\\\/\"},{\"@type\":\"ListItem\",\"position\":2,\"name\":\"Envejecimiento cognitivo puede retrasarse sin terapia farmacol\u00f3gica\"}]},{\"@type\":\"WebSite\",\"@id\":\"https:\\\/\\\/www.cetys.mx\\\/noticias\\\/#website\",\"url\":\"https:\\\/\\\/www.cetys.mx\\\/noticias\\\/\",\"name\":\"CETYS\",\"description\":\"\",\"potentialAction\":[{\"@type\":\"SearchAction\",\"target\":{\"@type\":\"EntryPoint\",\"urlTemplate\":\"https:\\\/\\\/www.cetys.mx\\\/noticias\\\/?s={search_term_string}\"},\"query-input\":{\"@type\":\"PropertyValueSpecification\",\"valueRequired\":true,\"valueName\":\"search_term_string\"}}],\"inLanguage\":\"es\"},{\"@type\":\"Person\",\"@id\":\"https:\\\/\\\/www.cetys.mx\\\/noticias\\\/#\\\/schema\\\/person\\\/79a95c4ac185f3705cf1b9c9340a5f70\",\"name\":\"Campus Mexicali\",\"url\":\"https:\\\/\\\/www.cetys.mx\\\/noticias\\\/author\\\/campusmexicali\\\/\"}]}<\/script>\n<!-- \/ Yoast SEO plugin. -->","yoast_head_json":{"title":"Envejecimiento cognitivo puede retrasarse sin terapia farmacol\u00f3gica - CETYS","description":"Articulo sobre Envejecimiento cognitivo puede retrasarse sin terapia farmacol\u00f3gica","robots":{"index":"index","follow":"follow","max-snippet":"max-snippet:-1","max-image-preview":"max-image-preview:large","max-video-preview":"max-video-preview:-1"},"canonical":"https:\/\/www.cetys.mx\/noticias\/envejecimiento-cognitivo-puede-retrasarse-sin-terapia-farmacologica\/","og_locale":"es_MX","og_type":"article","og_title":"Envejecimiento cognitivo puede retrasarse sin terapia farmacol\u00f3gica - CETYS","og_description":"Articulo sobre Envejecimiento cognitivo puede retrasarse sin terapia farmacol\u00f3gica","og_url":"https:\/\/www.cetys.mx\/noticias\/envejecimiento-cognitivo-puede-retrasarse-sin-terapia-farmacologica\/","og_site_name":"CETYS","article_publisher":"https:\/\/www.facebook.com\/cetysuniversidadmxl\/","article_published_time":"2019-01-25T01:19:36+00:00","article_modified_time":"2019-01-29T21:09:27+00:00","og_image":[{"width":958,"height":637,"url":"https:\/\/www.cetys.mx\/noticias\/wp-content\/uploads\/2016\/05\/Dr.-Sanchez.jpg","type":"image\/jpeg"}],"author":"Campus Mexicali","twitter_card":"summary_large_image","twitter_creator":"@cetysuni","twitter_site":"@cetysuni","twitter_misc":{"Escrito por":"Campus Mexicali","Tiempo de lectura":"2 minutos"},"schema":{"@context":"https:\/\/schema.org","@graph":[{"@type":"Article","@id":"https:\/\/www.cetys.mx\/noticias\/envejecimiento-cognitivo-puede-retrasarse-sin-terapia-farmacologica\/#article","isPartOf":{"@id":"https:\/\/www.cetys.mx\/noticias\/envejecimiento-cognitivo-puede-retrasarse-sin-terapia-farmacologica\/"},"author":{"name":"Campus Mexicali","@id":"https:\/\/www.cetys.mx\/noticias\/#\/schema\/person\/79a95c4ac185f3705cf1b9c9340a5f70"},"headline":"Envejecimiento cognitivo puede retrasarse sin terapia farmacol\u00f3gica","datePublished":"2019-01-25T01:19:36+00:00","dateModified":"2019-01-29T21:09:27+00:00","mainEntityOfPage":{"@id":"https:\/\/www.cetys.mx\/noticias\/envejecimiento-cognitivo-puede-retrasarse-sin-terapia-farmacologica\/"},"wordCount":436,"commentCount":0,"image":{"@id":"https:\/\/www.cetys.mx\/noticias\/envejecimiento-cognitivo-puede-retrasarse-sin-terapia-farmacologica\/#primaryimage"},"thumbnailUrl":"https:\/\/www.cetys.mx\/noticias\/wp-content\/uploads\/2016\/05\/Dr.-Sanchez.jpg","keywords":["Gerontolog\u00eda Social","Terapias No Farmacol\u00f3gicas","vocetys-2019-01-29"],"articleSection":["Academia","Campus Mexicali","Portada","Posgrado","VoCETYS"],"inLanguage":"es","potentialAction":[{"@type":"CommentAction","name":"Comment","target":["https:\/\/www.cetys.mx\/noticias\/envejecimiento-cognitivo-puede-retrasarse-sin-terapia-farmacologica\/#respond"]}]},{"@type":"WebPage","@id":"https:\/\/www.cetys.mx\/noticias\/envejecimiento-cognitivo-puede-retrasarse-sin-terapia-farmacologica\/","url":"https:\/\/www.cetys.mx\/noticias\/envejecimiento-cognitivo-puede-retrasarse-sin-terapia-farmacologica\/","name":"Envejecimiento cognitivo puede retrasarse sin terapia farmacol\u00f3gica - CETYS","isPartOf":{"@id":"https:\/\/www.cetys.mx\/noticias\/#website"},"primaryImageOfPage":{"@id":"https:\/\/www.cetys.mx\/noticias\/envejecimiento-cognitivo-puede-retrasarse-sin-terapia-farmacologica\/#primaryimage"},"image":{"@id":"https:\/\/www.cetys.mx\/noticias\/envejecimiento-cognitivo-puede-retrasarse-sin-terapia-farmacologica\/#primaryimage"},"thumbnailUrl":"https:\/\/www.cetys.mx\/noticias\/wp-content\/uploads\/2016\/05\/Dr.-Sanchez.jpg","datePublished":"2019-01-25T01:19:36+00:00","dateModified":"2019-01-29T21:09:27+00:00","author":{"@id":"https:\/\/www.cetys.mx\/noticias\/#\/schema\/person\/79a95c4ac185f3705cf1b9c9340a5f70"},"description":"Articulo sobre Envejecimiento cognitivo puede retrasarse sin terapia farmacol\u00f3gica","breadcrumb":{"@id":"https:\/\/www.cetys.mx\/noticias\/envejecimiento-cognitivo-puede-retrasarse-sin-terapia-farmacologica\/#breadcrumb"},"inLanguage":"es","potentialAction":[{"@type":"ReadAction","target":["https:\/\/www.cetys.mx\/noticias\/envejecimiento-cognitivo-puede-retrasarse-sin-terapia-farmacologica\/"]}]},{"@type":"ImageObject","inLanguage":"es","@id":"https:\/\/www.cetys.mx\/noticias\/envejecimiento-cognitivo-puede-retrasarse-sin-terapia-farmacologica\/#primaryimage","url":"https:\/\/www.cetys.mx\/noticias\/wp-content\/uploads\/2016\/05\/Dr.-Sanchez.jpg","contentUrl":"https:\/\/www.cetys.mx\/noticias\/wp-content\/uploads\/2016\/05\/Dr.-Sanchez.jpg","width":958,"height":637},{"@type":"BreadcrumbList","@id":"https:\/\/www.cetys.mx\/noticias\/envejecimiento-cognitivo-puede-retrasarse-sin-terapia-farmacologica\/#breadcrumb","itemListElement":[{"@type":"ListItem","position":1,"name":"Inicio","item":"https:\/\/www.cetys.mx\/noticias\/"},{"@type":"ListItem","position":2,"name":"Envejecimiento cognitivo puede retrasarse sin terapia farmacol\u00f3gica"}]},{"@type":"WebSite","@id":"https:\/\/www.cetys.mx\/noticias\/#website","url":"https:\/\/www.cetys.mx\/noticias\/","name":"CETYS","description":"","potentialAction":[{"@type":"SearchAction","target":{"@type":"EntryPoint","urlTemplate":"https:\/\/www.cetys.mx\/noticias\/?s={search_term_string}"},"query-input":{"@type":"PropertyValueSpecification","valueRequired":true,"valueName":"search_term_string"}}],"inLanguage":"es"},{"@type":"Person","@id":"https:\/\/www.cetys.mx\/noticias\/#\/schema\/person\/79a95c4ac185f3705cf1b9c9340a5f70","name":"Campus Mexicali","url":"https:\/\/www.cetys.mx\/noticias\/author\/campusmexicali\/"}]}},"_links":{"self":[{"href":"https:\/\/www.cetys.mx\/noticias\/wp-json\/wp\/v2\/posts\/124560","targetHints":{"allow":["GET"]}}],"collection":[{"href":"https:\/\/www.cetys.mx\/noticias\/wp-json\/wp\/v2\/posts"}],"about":[{"href":"https:\/\/www.cetys.mx\/noticias\/wp-json\/wp\/v2\/types\/post"}],"author":[{"embeddable":true,"href":"https:\/\/www.cetys.mx\/noticias\/wp-json\/wp\/v2\/users\/20"}],"replies":[{"embeddable":true,"href":"https:\/\/www.cetys.mx\/noticias\/wp-json\/wp\/v2\/comments?post=124560"}],"version-history":[{"count":0,"href":"https:\/\/www.cetys.mx\/noticias\/wp-json\/wp\/v2\/posts\/124560\/revisions"}],"wp:featuredmedia":[{"embeddable":true,"href":"https:\/\/www.cetys.mx\/noticias\/wp-json\/wp\/v2\/media\/51218"}],"wp:attachment":[{"href":"https:\/\/www.cetys.mx\/noticias\/wp-json\/wp\/v2\/media?parent=124560"}],"wp:term":[{"taxonomy":"category","embeddable":true,"href":"https:\/\/www.cetys.mx\/noticias\/wp-json\/wp\/v2\/categories?post=124560"},{"taxonomy":"post_tag","embeddable":true,"href":"https:\/\/www.cetys.mx\/noticias\/wp-json\/wp\/v2\/tags?post=124560"}],"curies":[{"name":"wp","href":"https:\/\/api.w.org\/{rel}","templated":true}]}}