{"id":124290,"date":"2019-01-16T17:58:28","date_gmt":"2019-01-17T01:58:28","guid":{"rendered":"https:\/\/www.cetys.mx\/noticias\/?p=124290"},"modified":"2020-03-18T21:58:35","modified_gmt":"2020-03-19T04:58:35","slug":"reconocen-en-cetys-a-grupo-femsa-por-su-compromiso-con-la-educacion-y-el-deporte","status":"publish","type":"post","link":"https:\/\/www.cetys.mx\/noticias\/reconocen-en-cetys-a-grupo-femsa-por-su-compromiso-con-la-educacion-y-el-deporte\/","title":{"rendered":"Reconocen en CETYS a Grupo FEMSA por su compromiso con la educaci\u00f3n y el deporte"},"content":{"rendered":"<p>En una ceremonia especial llevada a cabo en el Gimnasio-Auditorio de <a href=\"https:\/\/www.cetys.mx\">CETYS Universidad<\/a> Campus Internacional Ensenada, se\u00a0devel\u00f3\u00a0una\u00a0placa\u00a0de reconocimiento a <a href=\"https:\/\/www.femsa.com\/\">Grupo FEMSA<\/a> por su aportaci\u00f3n y compromiso con la instituci\u00f3n al ser un aliado permanente, distingui\u00e9ndose por sus aportes en beneficio de los estudiantes en los \u00e1mbitos educativo y deportivo.<\/p>\n<p>La ceremonia fue presidida por la Directora Zona Costa, Mtra. Jessica Ibarra Ramonet, quien en su discurso destac\u00f3 la labor de FEMSA a lo largo de muchos a\u00f1os en pro de la educaci\u00f3n en CETYS, y por parte de FEMSA, devel\u00f3 la placa el Director de Proyectos de Nuevos Negocios en Coca-Cola FEMSA, el <strong>Dr. Francisco Su\u00e1rez Hern\u00e1ndez.<\/strong><\/p>\n<blockquote><p>\u201cA lo largo de varios a\u00f1os el Grupo FEMSA nos ha apoyado con becas, para equipamiento de laboratorios de Ingenier\u00eda, nos apoyaron en la edificaci\u00f3n de la Biblioteca Comunitaria, contamos con el aula de posgrados que lleva el nombre de FEMSA, y ahora con el donativo para el Gimnasio-Auditorio\u201d, destac\u00f3 la Mtra. Jessica.<\/p>\n<div id=\"attachment_124292\" style=\"width: 667px\" class=\"wp-caption aligncenter\"><img loading=\"lazy\" decoding=\"async\" aria-describedby=\"caption-attachment-124292\" class=\"size-full wp-image-124292\" src=\"https:\/\/www.cetys.mx\/noticias\/wp-content\/uploads\/2019\/01\/IMG_1985.jpg\" alt=\"\" width=\"657\" height=\"438\" \/><p id=\"caption-attachment-124292\" class=\"wp-caption-text\">Develan placa del Grupo FEMSA en el Gimnasio-Auditorio.<\/p><\/div><\/blockquote>\n<p>Por su parte, el Dr. \u00a0Francisco Su\u00e1rez Hern\u00e1ndez se mostr\u00f3 muy satisfecho por el trabajo realizado destacando el aporte que esto tiene a la comunidad estudiantil en general, \u201cme da mucho gusto este tipo de alianzas no s\u00f3lo por FEMSA sino como ensenadense que soy\u201d, dijo.<\/p>\n<p>Cabe destacar que el Dr. \u00a0Francisco Su\u00e1rez Hern\u00e1ndez es egresado de CETYS Universidad Campus Internacional Ensenada de la Maestr\u00eda en Administraci\u00f3n, en 1999; y del Doctorado en Administraci\u00f3n con Concentraci\u00f3n en Administraci\u00f3n Estrat\u00e9gica, en 2013.<\/p>\n<div id=\"attachment_124293\" style=\"width: 667px\" class=\"wp-caption aligncenter\"><img loading=\"lazy\" decoding=\"async\" aria-describedby=\"caption-attachment-124293\" class=\"size-full wp-image-124293\" src=\"https:\/\/www.cetys.mx\/noticias\/wp-content\/uploads\/2019\/01\/IMG_2035.jpg\" alt=\"\" width=\"657\" height=\"438\" \/><p id=\"caption-attachment-124293\" class=\"wp-caption-text\">El Dr. Francisco Su\u00e1rez Hern\u00e1ndez devel\u00f3 la placa en representaci\u00f3n del Grupo FEMSA.<\/p><\/div>\n","protected":false},"excerpt":{"rendered":"<p>En una ceremonia especial llevada a cabo en el Gimnasio-Auditorio de CETYS Universidad Campus Internacional Ensenada, se\u00a0devel\u00f3\u00a0una\u00a0placa\u00a0de reconocimiento a Grupo FEMSA por&#8230;<\/p>\n","protected":false},"author":23,"featured_media":124291,"comment_status":"open","ping_status":"closed","sticky":false,"template":"","format":"standard","meta":{"footnotes":""},"categories":[132,112,109,313],"tags":[3336],"class_list":["post-124290","post","type-post","status-publish","format-standard","has-post-thumbnail","hentry","category-campus-ensenada","category-filantropia","category-vinculacion","category-vocetys-2","tag-vocetys-2019-02-18"],"yoast_head":"<!-- This site is optimized with the Yoast SEO plugin v27.4 - https:\/\/yoast.com\/product\/yoast-seo-wordpress\/ -->\n<title>Reconocen en CETYS a Grupo FEMSA por su compromiso con la educaci\u00f3n y el deporte - CETYS<\/title>\n<meta name=\"description\" content=\"Articulo sobre Reconocen en CETYS a Grupo FEMSA por su compromiso con la educaci\u00f3n y el deporte\" \/>\n<meta name=\"robots\" content=\"index, follow, max-snippet:-1, max-image-preview:large, max-video-preview:-1\" \/>\n<link rel=\"canonical\" href=\"https:\/\/www.cetys.mx\/noticias\/reconocen-en-cetys-a-grupo-femsa-por-su-compromiso-con-la-educacion-y-el-deporte\/\" \/>\n<meta property=\"og:locale\" content=\"es_MX\" \/>\n<meta property=\"og:type\" content=\"article\" \/>\n<meta property=\"og:title\" content=\"Reconocen en CETYS a Grupo FEMSA por su compromiso con la educaci\u00f3n y el deporte - CETYS\" \/>\n<meta property=\"og:description\" content=\"Articulo sobre Reconocen en CETYS a Grupo FEMSA por su compromiso con la educaci\u00f3n y el deporte\" \/>\n<meta property=\"og:url\" content=\"https:\/\/www.cetys.mx\/noticias\/reconocen-en-cetys-a-grupo-femsa-por-su-compromiso-con-la-educacion-y-el-deporte\/\" \/>\n<meta property=\"og:site_name\" content=\"CETYS\" \/>\n<meta property=\"article:publisher\" content=\"https:\/\/www.facebook.com\/cetysuniversidadmxl\/\" \/>\n<meta property=\"article:published_time\" content=\"2019-01-17T01:58:28+00:00\" \/>\n<meta property=\"article:modified_time\" content=\"2020-03-19T04:58:35+00:00\" \/>\n<meta property=\"og:image\" content=\"https:\/\/www.cetys.mx\/noticias\/wp-content\/uploads\/2019\/01\/IMG_2169.jpg\" \/>\n\t<meta property=\"og:image:width\" content=\"657\" \/>\n\t<meta property=\"og:image:height\" content=\"438\" \/>\n\t<meta property=\"og:image:type\" content=\"image\/jpeg\" \/>\n<meta name=\"author\" content=\"Campus Ensenada\" \/>\n<meta name=\"twitter:card\" content=\"summary_large_image\" \/>\n<meta name=\"twitter:creator\" content=\"@cetysuni\" \/>\n<meta name=\"twitter:site\" content=\"@cetysuni\" \/>\n<meta name=\"twitter:label1\" content=\"Escrito por\" \/>\n\t<meta name=\"twitter:data1\" content=\"Campus Ensenada\" \/>\n\t<meta name=\"twitter:label2\" content=\"Tiempo de lectura\" \/>\n\t<meta name=\"twitter:data2\" content=\"2 minutos\" \/>\n<script type=\"application\/ld+json\" class=\"yoast-schema-graph\">{\"@context\":\"https:\\\/\\\/schema.org\",\"@graph\":[{\"@type\":\"Article\",\"@id\":\"https:\\\/\\\/www.cetys.mx\\\/noticias\\\/reconocen-en-cetys-a-grupo-femsa-por-su-compromiso-con-la-educacion-y-el-deporte\\\/#article\",\"isPartOf\":{\"@id\":\"https:\\\/\\\/www.cetys.mx\\\/noticias\\\/reconocen-en-cetys-a-grupo-femsa-por-su-compromiso-con-la-educacion-y-el-deporte\\\/\"},\"author\":{\"name\":\"Campus Ensenada\",\"@id\":\"https:\\\/\\\/www.cetys.mx\\\/noticias\\\/#\\\/schema\\\/person\\\/1a1a88c0b6586e66a2e9e88e07afc712\"},\"headline\":\"Reconocen en CETYS a Grupo FEMSA por su compromiso con la educaci\u00f3n y el deporte\",\"datePublished\":\"2019-01-17T01:58:28+00:00\",\"dateModified\":\"2020-03-19T04:58:35+00:00\",\"mainEntityOfPage\":{\"@id\":\"https:\\\/\\\/www.cetys.mx\\\/noticias\\\/reconocen-en-cetys-a-grupo-femsa-por-su-compromiso-con-la-educacion-y-el-deporte\\\/\"},\"wordCount\":318,\"commentCount\":0,\"image\":{\"@id\":\"https:\\\/\\\/www.cetys.mx\\\/noticias\\\/reconocen-en-cetys-a-grupo-femsa-por-su-compromiso-con-la-educacion-y-el-deporte\\\/#primaryimage\"},\"thumbnailUrl\":\"https:\\\/\\\/www.cetys.mx\\\/noticias\\\/wp-content\\\/uploads\\\/2019\\\/01\\\/IMG_2169.jpg\",\"keywords\":[\"vocetys-2019-02-18\"],\"articleSection\":[\"Campus Ensenada\",\"Filantrop\u00eda\",\"Vinculaci\u00f3n\",\"VoCETYS\"],\"inLanguage\":\"es\",\"potentialAction\":[{\"@type\":\"CommentAction\",\"name\":\"Comment\",\"target\":[\"https:\\\/\\\/www.cetys.mx\\\/noticias\\\/reconocen-en-cetys-a-grupo-femsa-por-su-compromiso-con-la-educacion-y-el-deporte\\\/#respond\"]}]},{\"@type\":\"WebPage\",\"@id\":\"https:\\\/\\\/www.cetys.mx\\\/noticias\\\/reconocen-en-cetys-a-grupo-femsa-por-su-compromiso-con-la-educacion-y-el-deporte\\\/\",\"url\":\"https:\\\/\\\/www.cetys.mx\\\/noticias\\\/reconocen-en-cetys-a-grupo-femsa-por-su-compromiso-con-la-educacion-y-el-deporte\\\/\",\"name\":\"Reconocen en CETYS a Grupo FEMSA por su compromiso con la educaci\u00f3n y el deporte - CETYS\",\"isPartOf\":{\"@id\":\"https:\\\/\\\/www.cetys.mx\\\/noticias\\\/#website\"},\"primaryImageOfPage\":{\"@id\":\"https:\\\/\\\/www.cetys.mx\\\/noticias\\\/reconocen-en-cetys-a-grupo-femsa-por-su-compromiso-con-la-educacion-y-el-deporte\\\/#primaryimage\"},\"image\":{\"@id\":\"https:\\\/\\\/www.cetys.mx\\\/noticias\\\/reconocen-en-cetys-a-grupo-femsa-por-su-compromiso-con-la-educacion-y-el-deporte\\\/#primaryimage\"},\"thumbnailUrl\":\"https:\\\/\\\/www.cetys.mx\\\/noticias\\\/wp-content\\\/uploads\\\/2019\\\/01\\\/IMG_2169.jpg\",\"datePublished\":\"2019-01-17T01:58:28+00:00\",\"dateModified\":\"2020-03-19T04:58:35+00:00\",\"author\":{\"@id\":\"https:\\\/\\\/www.cetys.mx\\\/noticias\\\/#\\\/schema\\\/person\\\/1a1a88c0b6586e66a2e9e88e07afc712\"},\"description\":\"Articulo sobre Reconocen en CETYS a Grupo FEMSA por su compromiso con la educaci\u00f3n y el deporte\",\"breadcrumb\":{\"@id\":\"https:\\\/\\\/www.cetys.mx\\\/noticias\\\/reconocen-en-cetys-a-grupo-femsa-por-su-compromiso-con-la-educacion-y-el-deporte\\\/#breadcrumb\"},\"inLanguage\":\"es\",\"potentialAction\":[{\"@type\":\"ReadAction\",\"target\":[\"https:\\\/\\\/www.cetys.mx\\\/noticias\\\/reconocen-en-cetys-a-grupo-femsa-por-su-compromiso-con-la-educacion-y-el-deporte\\\/\"]}]},{\"@type\":\"ImageObject\",\"inLanguage\":\"es\",\"@id\":\"https:\\\/\\\/www.cetys.mx\\\/noticias\\\/reconocen-en-cetys-a-grupo-femsa-por-su-compromiso-con-la-educacion-y-el-deporte\\\/#primaryimage\",\"url\":\"https:\\\/\\\/www.cetys.mx\\\/noticias\\\/wp-content\\\/uploads\\\/2019\\\/01\\\/IMG_2169.jpg\",\"contentUrl\":\"https:\\\/\\\/www.cetys.mx\\\/noticias\\\/wp-content\\\/uploads\\\/2019\\\/01\\\/IMG_2169.jpg\",\"width\":657,\"height\":438,\"caption\":\"Directivos de CETYS participaron en la ceremonia de develaci\u00f3n de la placa FEMSA.\"},{\"@type\":\"BreadcrumbList\",\"@id\":\"https:\\\/\\\/www.cetys.mx\\\/noticias\\\/reconocen-en-cetys-a-grupo-femsa-por-su-compromiso-con-la-educacion-y-el-deporte\\\/#breadcrumb\",\"itemListElement\":[{\"@type\":\"ListItem\",\"position\":1,\"name\":\"Inicio\",\"item\":\"https:\\\/\\\/www.cetys.mx\\\/noticias\\\/\"},{\"@type\":\"ListItem\",\"position\":2,\"name\":\"Reconocen en CETYS a Grupo FEMSA por su compromiso con la educaci\u00f3n y el deporte\"}]},{\"@type\":\"WebSite\",\"@id\":\"https:\\\/\\\/www.cetys.mx\\\/noticias\\\/#website\",\"url\":\"https:\\\/\\\/www.cetys.mx\\\/noticias\\\/\",\"name\":\"CETYS\",\"description\":\"\",\"potentialAction\":[{\"@type\":\"SearchAction\",\"target\":{\"@type\":\"EntryPoint\",\"urlTemplate\":\"https:\\\/\\\/www.cetys.mx\\\/noticias\\\/?s={search_term_string}\"},\"query-input\":{\"@type\":\"PropertyValueSpecification\",\"valueRequired\":true,\"valueName\":\"search_term_string\"}}],\"inLanguage\":\"es\"},{\"@type\":\"Person\",\"@id\":\"https:\\\/\\\/www.cetys.mx\\\/noticias\\\/#\\\/schema\\\/person\\\/1a1a88c0b6586e66a2e9e88e07afc712\",\"name\":\"Campus Ensenada\",\"url\":\"https:\\\/\\\/www.cetys.mx\\\/noticias\\\/author\\\/campusensenada\\\/\"}]}<\/script>\n<!-- \/ Yoast SEO plugin. -->","yoast_head_json":{"title":"Reconocen en CETYS a Grupo FEMSA por su compromiso con la educaci\u00f3n y el deporte - CETYS","description":"Articulo sobre Reconocen en CETYS a Grupo FEMSA por su compromiso con la educaci\u00f3n y el deporte","robots":{"index":"index","follow":"follow","max-snippet":"max-snippet:-1","max-image-preview":"max-image-preview:large","max-video-preview":"max-video-preview:-1"},"canonical":"https:\/\/www.cetys.mx\/noticias\/reconocen-en-cetys-a-grupo-femsa-por-su-compromiso-con-la-educacion-y-el-deporte\/","og_locale":"es_MX","og_type":"article","og_title":"Reconocen en CETYS a Grupo FEMSA por su compromiso con la educaci\u00f3n y el deporte - CETYS","og_description":"Articulo sobre Reconocen en CETYS a Grupo FEMSA por su compromiso con la educaci\u00f3n y el deporte","og_url":"https:\/\/www.cetys.mx\/noticias\/reconocen-en-cetys-a-grupo-femsa-por-su-compromiso-con-la-educacion-y-el-deporte\/","og_site_name":"CETYS","article_publisher":"https:\/\/www.facebook.com\/cetysuniversidadmxl\/","article_published_time":"2019-01-17T01:58:28+00:00","article_modified_time":"2020-03-19T04:58:35+00:00","og_image":[{"width":657,"height":438,"url":"https:\/\/www.cetys.mx\/noticias\/wp-content\/uploads\/2019\/01\/IMG_2169.jpg","type":"image\/jpeg"}],"author":"Campus Ensenada","twitter_card":"summary_large_image","twitter_creator":"@cetysuni","twitter_site":"@cetysuni","twitter_misc":{"Escrito por":"Campus Ensenada","Tiempo de lectura":"2 minutos"},"schema":{"@context":"https:\/\/schema.org","@graph":[{"@type":"Article","@id":"https:\/\/www.cetys.mx\/noticias\/reconocen-en-cetys-a-grupo-femsa-por-su-compromiso-con-la-educacion-y-el-deporte\/#article","isPartOf":{"@id":"https:\/\/www.cetys.mx\/noticias\/reconocen-en-cetys-a-grupo-femsa-por-su-compromiso-con-la-educacion-y-el-deporte\/"},"author":{"name":"Campus Ensenada","@id":"https:\/\/www.cetys.mx\/noticias\/#\/schema\/person\/1a1a88c0b6586e66a2e9e88e07afc712"},"headline":"Reconocen en CETYS a Grupo FEMSA por su compromiso con la educaci\u00f3n y el deporte","datePublished":"2019-01-17T01:58:28+00:00","dateModified":"2020-03-19T04:58:35+00:00","mainEntityOfPage":{"@id":"https:\/\/www.cetys.mx\/noticias\/reconocen-en-cetys-a-grupo-femsa-por-su-compromiso-con-la-educacion-y-el-deporte\/"},"wordCount":318,"commentCount":0,"image":{"@id":"https:\/\/www.cetys.mx\/noticias\/reconocen-en-cetys-a-grupo-femsa-por-su-compromiso-con-la-educacion-y-el-deporte\/#primaryimage"},"thumbnailUrl":"https:\/\/www.cetys.mx\/noticias\/wp-content\/uploads\/2019\/01\/IMG_2169.jpg","keywords":["vocetys-2019-02-18"],"articleSection":["Campus Ensenada","Filantrop\u00eda","Vinculaci\u00f3n","VoCETYS"],"inLanguage":"es","potentialAction":[{"@type":"CommentAction","name":"Comment","target":["https:\/\/www.cetys.mx\/noticias\/reconocen-en-cetys-a-grupo-femsa-por-su-compromiso-con-la-educacion-y-el-deporte\/#respond"]}]},{"@type":"WebPage","@id":"https:\/\/www.cetys.mx\/noticias\/reconocen-en-cetys-a-grupo-femsa-por-su-compromiso-con-la-educacion-y-el-deporte\/","url":"https:\/\/www.cetys.mx\/noticias\/reconocen-en-cetys-a-grupo-femsa-por-su-compromiso-con-la-educacion-y-el-deporte\/","name":"Reconocen en CETYS a Grupo FEMSA por su compromiso con la educaci\u00f3n y el deporte - CETYS","isPartOf":{"@id":"https:\/\/www.cetys.mx\/noticias\/#website"},"primaryImageOfPage":{"@id":"https:\/\/www.cetys.mx\/noticias\/reconocen-en-cetys-a-grupo-femsa-por-su-compromiso-con-la-educacion-y-el-deporte\/#primaryimage"},"image":{"@id":"https:\/\/www.cetys.mx\/noticias\/reconocen-en-cetys-a-grupo-femsa-por-su-compromiso-con-la-educacion-y-el-deporte\/#primaryimage"},"thumbnailUrl":"https:\/\/www.cetys.mx\/noticias\/wp-content\/uploads\/2019\/01\/IMG_2169.jpg","datePublished":"2019-01-17T01:58:28+00:00","dateModified":"2020-03-19T04:58:35+00:00","author":{"@id":"https:\/\/www.cetys.mx\/noticias\/#\/schema\/person\/1a1a88c0b6586e66a2e9e88e07afc712"},"description":"Articulo sobre Reconocen en CETYS a Grupo FEMSA por su compromiso con la educaci\u00f3n y el deporte","breadcrumb":{"@id":"https:\/\/www.cetys.mx\/noticias\/reconocen-en-cetys-a-grupo-femsa-por-su-compromiso-con-la-educacion-y-el-deporte\/#breadcrumb"},"inLanguage":"es","potentialAction":[{"@type":"ReadAction","target":["https:\/\/www.cetys.mx\/noticias\/reconocen-en-cetys-a-grupo-femsa-por-su-compromiso-con-la-educacion-y-el-deporte\/"]}]},{"@type":"ImageObject","inLanguage":"es","@id":"https:\/\/www.cetys.mx\/noticias\/reconocen-en-cetys-a-grupo-femsa-por-su-compromiso-con-la-educacion-y-el-deporte\/#primaryimage","url":"https:\/\/www.cetys.mx\/noticias\/wp-content\/uploads\/2019\/01\/IMG_2169.jpg","contentUrl":"https:\/\/www.cetys.mx\/noticias\/wp-content\/uploads\/2019\/01\/IMG_2169.jpg","width":657,"height":438,"caption":"Directivos de CETYS participaron en la ceremonia de develaci\u00f3n de la placa FEMSA."},{"@type":"BreadcrumbList","@id":"https:\/\/www.cetys.mx\/noticias\/reconocen-en-cetys-a-grupo-femsa-por-su-compromiso-con-la-educacion-y-el-deporte\/#breadcrumb","itemListElement":[{"@type":"ListItem","position":1,"name":"Inicio","item":"https:\/\/www.cetys.mx\/noticias\/"},{"@type":"ListItem","position":2,"name":"Reconocen en CETYS a Grupo FEMSA por su compromiso con la educaci\u00f3n y el deporte"}]},{"@type":"WebSite","@id":"https:\/\/www.cetys.mx\/noticias\/#website","url":"https:\/\/www.cetys.mx\/noticias\/","name":"CETYS","description":"","potentialAction":[{"@type":"SearchAction","target":{"@type":"EntryPoint","urlTemplate":"https:\/\/www.cetys.mx\/noticias\/?s={search_term_string}"},"query-input":{"@type":"PropertyValueSpecification","valueRequired":true,"valueName":"search_term_string"}}],"inLanguage":"es"},{"@type":"Person","@id":"https:\/\/www.cetys.mx\/noticias\/#\/schema\/person\/1a1a88c0b6586e66a2e9e88e07afc712","name":"Campus Ensenada","url":"https:\/\/www.cetys.mx\/noticias\/author\/campusensenada\/"}]}},"_links":{"self":[{"href":"https:\/\/www.cetys.mx\/noticias\/wp-json\/wp\/v2\/posts\/124290","targetHints":{"allow":["GET"]}}],"collection":[{"href":"https:\/\/www.cetys.mx\/noticias\/wp-json\/wp\/v2\/posts"}],"about":[{"href":"https:\/\/www.cetys.mx\/noticias\/wp-json\/wp\/v2\/types\/post"}],"author":[{"embeddable":true,"href":"https:\/\/www.cetys.mx\/noticias\/wp-json\/wp\/v2\/users\/23"}],"replies":[{"embeddable":true,"href":"https:\/\/www.cetys.mx\/noticias\/wp-json\/wp\/v2\/comments?post=124290"}],"version-history":[{"count":0,"href":"https:\/\/www.cetys.mx\/noticias\/wp-json\/wp\/v2\/posts\/124290\/revisions"}],"wp:featuredmedia":[{"embeddable":true,"href":"https:\/\/www.cetys.mx\/noticias\/wp-json\/wp\/v2\/media\/124291"}],"wp:attachment":[{"href":"https:\/\/www.cetys.mx\/noticias\/wp-json\/wp\/v2\/media?parent=124290"}],"wp:term":[{"taxonomy":"category","embeddable":true,"href":"https:\/\/www.cetys.mx\/noticias\/wp-json\/wp\/v2\/categories?post=124290"},{"taxonomy":"post_tag","embeddable":true,"href":"https:\/\/www.cetys.mx\/noticias\/wp-json\/wp\/v2\/tags?post=124290"}],"curies":[{"name":"wp","href":"https:\/\/api.w.org\/{rel}","templated":true}]}}