{"id":124215,"date":"2019-01-10T10:04:56","date_gmt":"2019-01-10T18:04:56","guid":{"rendered":"https:\/\/www.cetys.mx\/noticias\/?p=124215"},"modified":"2020-03-17T00:36:35","modified_gmt":"2020-03-17T07:36:35","slug":"academico-de-cetys-vocal-de-la-aniei","status":"publish","type":"post","link":"https:\/\/www.cetys.mx\/noticias\/academico-de-cetys-vocal-de-la-aniei\/","title":{"rendered":"Acad\u00e9mico de CETYS, vocal de la ANIEI"},"content":{"rendered":"<div class=\"wpb_text_column wpb_content_element \">\n<div class=\"wpb_wrapper\">\n<p style=\"text-align: justify;\">Desde su creaci\u00f3n el <strong>Colegio de Ingenier\u00eda<\/strong> de<a href=\"https:\/\/www.cetys.mx\"><strong> CETYS Universidad<\/strong><\/a>, tiene como misi\u00f3n preparar graduados de alta calidad en \u00e1reas selectas de esa rama, que sean capaces de realizar investigaci\u00f3n aplicada teniendo en cuenta el desarrollo estrat\u00e9gico y las necesidades de la regi\u00f3n.<\/p>\n<p style=\"text-align: justify;\">Por ello, <strong>CETYS<\/strong> impulsa a que su claustro acad\u00e9mico forme parte de diversos organismos educativos a nivel nacional e internacional como asociaciones, redes y acreditadoras, como parte de las estrategias para la mejora continua.<\/p>\n<\/div>\n<\/div>\n<p style=\"text-align: justify;\">Es as\u00ed como el <strong>Dr. Guillermo Cheang,<\/strong> Director de la <strong>Escuela de Ingenieria<\/strong> de <a href=\"https:\/\/www.cetys.mx\/campus-mexicali\/\">CETYS Universidad Campus Mexicali<\/a>, fue nombrado Vocal 1 de la Mesa Directiva de la Asociaci\u00f3n Nacional de Instituciones\u00a0 de Educaci\u00f3n en Tecnolog\u00edas de la Informaci\u00f3n, A.C.\u00a0 (ANIEI)\u00a0 durante el periodo 2018-2022, luego de que se celebrara la LVIII Asamblea General de Asociados.<\/p>\n<p style=\"text-align: justify;\">De acuerdo al Dr. Cheang, ser parte de la ANIEI para CETYS impacta pues es el espacio id\u00f3neo para el intercambio de conocimiento sobre las tecnolog\u00edas de la informaci\u00f3n.<\/p>\n<p>&#8220;En el caso de la ANIEI, es la red donde todas las universidades m\u00e1s representativas de M\u00e9xico que ofertamos programas relacionados a las Tecnolog\u00edas de la informaci\u00f3n, convivimos e interactuamos compartiendo formas de ense\u00f1anza, todo en pro de seguir formando mejores profesionistas&#8221; coment\u00f3 Cheang.<\/p>\n<p>Cabe mencionar que CETYS es miembro de ANIEI desde 1982, manteni\u00e9ndose en la red\u00a0 como un ente de innovaci\u00f3n educativa en las ramas de las ciencias computacionales e internet.<\/p>\n<p><strong><em>Para saber m\u00e1s:\u00a0<\/em><\/strong><\/p>\n<p>Los beneficios de pertenecer a la\u00a0<strong>ANIEI<\/strong>\u00a0son:<\/p>\n<ul>\n<li>Asesor\u00eda por expertos acad\u00e9micos en la creaci\u00f3n y\/o adecuaci\u00f3n de los planes y programas de estudio de las instituciones educativas.<\/li>\n<li>Acceso a publicaciones de la\u00a0<strong>ANIEI<\/strong>\u00a0(bolet\u00edn, revista o estudios especializados).<\/li>\n<li>Las instituciones pueden publicar su oferta acad\u00e9mica as\u00ed como consultar la informaci\u00f3n de los planes y programas de estudio en TI de los niveles: superior, maestr\u00eda y doctorado; que imparte las instituciones educativas afiliadas a la\u00a0<strong>ANIEI<\/strong>.<\/li>\n<li>Participaci\u00f3n en cursos de actualizaci\u00f3n en temas de TI, ofertados por expertos acad\u00e9micos de las instituciones educativas miembros de la\u00a0<strong>ANIEI<\/strong>.<\/li>\n<li>Promoci\u00f3n y difusi\u00f3n de las instituciones educativas a nivel nacional.<\/li>\n<li>La difusi\u00f3n de eventos acad\u00e9micos organizados y su transmisi\u00f3n en l\u00ednea para las instituciones para las instituciones educativas que pertenecen al\u00a0<strong>ANIEI<\/strong>.<br \/>\nAcceso al cat\u00e1logo de conferencistas de alto nivel invitados por la\u00a0<strong>ANIEI<\/strong>.<br \/>\nVinculaci\u00f3n interinstitucional.<\/li>\n<li>Promoci\u00f3n y seguimiento de egresados:<br \/>\nSistema de Capital Humano en Tecnolog\u00edas de la Informaci\u00f3n (<strong>SICAPH-TI<\/strong>).<\/p>\n<h6><a href=\"https:\/\/www.aniei.org.mx\/ANIEI\/beneficios\/\">Fuente: ANIEI.<\/a><\/h6>\n<\/li>\n<\/ul>\n","protected":false},"excerpt":{"rendered":"<p>Desde su creaci\u00f3n el Colegio de Ingenier\u00eda de CETYS Universidad, tiene como misi\u00f3n preparar graduados de alta calidad en \u00e1reas selectas de&#8230;<\/p>\n","protected":false},"author":20,"featured_media":124216,"comment_status":"open","ping_status":"closed","sticky":false,"template":"","format":"standard","meta":{"footnotes":""},"categories":[110,133,1850],"tags":[3221,1169,1044,338],"class_list":["post-124215","post","type-post","status-publish","format-standard","has-post-thumbnail","hentry","category-academia","category-campus-mexicali","category-ingenieria","tag-aniei","tag-cetys-profesional","tag-guillermo-cheang","tag-ingenieria"],"yoast_head":"<!-- This site is optimized with the Yoast SEO plugin v27.4 - https:\/\/yoast.com\/product\/yoast-seo-wordpress\/ -->\n<title>Acad\u00e9mico de CETYS, vocal de la ANIEI - CETYS<\/title>\n<meta name=\"description\" content=\"Articulo sobre Acad\u00e9mico de CETYS, vocal de la ANIEI\" \/>\n<meta name=\"robots\" content=\"index, follow, max-snippet:-1, max-image-preview:large, max-video-preview:-1\" \/>\n<link rel=\"canonical\" href=\"https:\/\/www.cetys.mx\/noticias\/academico-de-cetys-vocal-de-la-aniei\/\" \/>\n<meta property=\"og:locale\" content=\"es_MX\" \/>\n<meta property=\"og:type\" content=\"article\" \/>\n<meta property=\"og:title\" content=\"Acad\u00e9mico de CETYS, vocal de la ANIEI - CETYS\" \/>\n<meta property=\"og:description\" content=\"Articulo sobre Acad\u00e9mico de CETYS, vocal de la ANIEI\" \/>\n<meta property=\"og:url\" content=\"https:\/\/www.cetys.mx\/noticias\/academico-de-cetys-vocal-de-la-aniei\/\" \/>\n<meta property=\"og:site_name\" content=\"CETYS\" \/>\n<meta property=\"article:publisher\" content=\"https:\/\/www.facebook.com\/cetysuniversidadmxl\/\" \/>\n<meta property=\"article:published_time\" content=\"2019-01-10T18:04:56+00:00\" \/>\n<meta property=\"article:modified_time\" content=\"2020-03-17T07:36:35+00:00\" \/>\n<meta property=\"og:image\" content=\"https:\/\/www.cetys.mx\/noticias\/wp-content\/uploads\/2019\/01\/VocalGuillermo.jpg\" \/>\n\t<meta property=\"og:image:width\" content=\"958\" \/>\n\t<meta property=\"og:image:height\" content=\"637\" \/>\n\t<meta property=\"og:image:type\" content=\"image\/jpeg\" \/>\n<meta name=\"author\" content=\"Campus Mexicali\" \/>\n<meta name=\"twitter:card\" content=\"summary_large_image\" \/>\n<meta name=\"twitter:creator\" content=\"@cetysuni\" \/>\n<meta name=\"twitter:site\" content=\"@cetysuni\" \/>\n<meta name=\"twitter:label1\" content=\"Escrito por\" \/>\n\t<meta name=\"twitter:data1\" content=\"Campus Mexicali\" \/>\n\t<meta name=\"twitter:label2\" content=\"Tiempo de lectura\" \/>\n\t<meta name=\"twitter:data2\" content=\"2 minutos\" \/>\n<script type=\"application\/ld+json\" class=\"yoast-schema-graph\">{\"@context\":\"https:\\\/\\\/schema.org\",\"@graph\":[{\"@type\":\"Article\",\"@id\":\"https:\\\/\\\/www.cetys.mx\\\/noticias\\\/academico-de-cetys-vocal-de-la-aniei\\\/#article\",\"isPartOf\":{\"@id\":\"https:\\\/\\\/www.cetys.mx\\\/noticias\\\/academico-de-cetys-vocal-de-la-aniei\\\/\"},\"author\":{\"name\":\"Campus Mexicali\",\"@id\":\"https:\\\/\\\/www.cetys.mx\\\/noticias\\\/#\\\/schema\\\/person\\\/79a95c4ac185f3705cf1b9c9340a5f70\"},\"headline\":\"Acad\u00e9mico de CETYS, vocal de la ANIEI\",\"datePublished\":\"2019-01-10T18:04:56+00:00\",\"dateModified\":\"2020-03-17T07:36:35+00:00\",\"mainEntityOfPage\":{\"@id\":\"https:\\\/\\\/www.cetys.mx\\\/noticias\\\/academico-de-cetys-vocal-de-la-aniei\\\/\"},\"wordCount\":450,\"commentCount\":0,\"image\":{\"@id\":\"https:\\\/\\\/www.cetys.mx\\\/noticias\\\/academico-de-cetys-vocal-de-la-aniei\\\/#primaryimage\"},\"thumbnailUrl\":\"https:\\\/\\\/www.cetys.mx\\\/noticias\\\/wp-content\\\/uploads\\\/2019\\\/01\\\/VocalGuillermo.jpg\",\"keywords\":[\"ANIEI\",\"CETYS Profesional\",\"Guillermo Cheang\",\"Ingenier\u00eda\"],\"articleSection\":[\"Academia\",\"Campus Mexicali\",\"Ingenier\u00eda\"],\"inLanguage\":\"es\",\"potentialAction\":[{\"@type\":\"CommentAction\",\"name\":\"Comment\",\"target\":[\"https:\\\/\\\/www.cetys.mx\\\/noticias\\\/academico-de-cetys-vocal-de-la-aniei\\\/#respond\"]}]},{\"@type\":\"WebPage\",\"@id\":\"https:\\\/\\\/www.cetys.mx\\\/noticias\\\/academico-de-cetys-vocal-de-la-aniei\\\/\",\"url\":\"https:\\\/\\\/www.cetys.mx\\\/noticias\\\/academico-de-cetys-vocal-de-la-aniei\\\/\",\"name\":\"Acad\u00e9mico de CETYS, vocal de la ANIEI - CETYS\",\"isPartOf\":{\"@id\":\"https:\\\/\\\/www.cetys.mx\\\/noticias\\\/#website\"},\"primaryImageOfPage\":{\"@id\":\"https:\\\/\\\/www.cetys.mx\\\/noticias\\\/academico-de-cetys-vocal-de-la-aniei\\\/#primaryimage\"},\"image\":{\"@id\":\"https:\\\/\\\/www.cetys.mx\\\/noticias\\\/academico-de-cetys-vocal-de-la-aniei\\\/#primaryimage\"},\"thumbnailUrl\":\"https:\\\/\\\/www.cetys.mx\\\/noticias\\\/wp-content\\\/uploads\\\/2019\\\/01\\\/VocalGuillermo.jpg\",\"datePublished\":\"2019-01-10T18:04:56+00:00\",\"dateModified\":\"2020-03-17T07:36:35+00:00\",\"author\":{\"@id\":\"https:\\\/\\\/www.cetys.mx\\\/noticias\\\/#\\\/schema\\\/person\\\/79a95c4ac185f3705cf1b9c9340a5f70\"},\"description\":\"Articulo sobre Acad\u00e9mico de CETYS, vocal de la ANIEI\",\"breadcrumb\":{\"@id\":\"https:\\\/\\\/www.cetys.mx\\\/noticias\\\/academico-de-cetys-vocal-de-la-aniei\\\/#breadcrumb\"},\"inLanguage\":\"es\",\"potentialAction\":[{\"@type\":\"ReadAction\",\"target\":[\"https:\\\/\\\/www.cetys.mx\\\/noticias\\\/academico-de-cetys-vocal-de-la-aniei\\\/\"]}]},{\"@type\":\"ImageObject\",\"inLanguage\":\"es\",\"@id\":\"https:\\\/\\\/www.cetys.mx\\\/noticias\\\/academico-de-cetys-vocal-de-la-aniei\\\/#primaryimage\",\"url\":\"https:\\\/\\\/www.cetys.mx\\\/noticias\\\/wp-content\\\/uploads\\\/2019\\\/01\\\/VocalGuillermo.jpg\",\"contentUrl\":\"https:\\\/\\\/www.cetys.mx\\\/noticias\\\/wp-content\\\/uploads\\\/2019\\\/01\\\/VocalGuillermo.jpg\",\"width\":958,\"height\":637,\"caption\":\"Guillermo Cheang\"},{\"@type\":\"BreadcrumbList\",\"@id\":\"https:\\\/\\\/www.cetys.mx\\\/noticias\\\/academico-de-cetys-vocal-de-la-aniei\\\/#breadcrumb\",\"itemListElement\":[{\"@type\":\"ListItem\",\"position\":1,\"name\":\"Inicio\",\"item\":\"https:\\\/\\\/www.cetys.mx\\\/noticias\\\/\"},{\"@type\":\"ListItem\",\"position\":2,\"name\":\"Acad\u00e9mico de CETYS, vocal de la ANIEI\"}]},{\"@type\":\"WebSite\",\"@id\":\"https:\\\/\\\/www.cetys.mx\\\/noticias\\\/#website\",\"url\":\"https:\\\/\\\/www.cetys.mx\\\/noticias\\\/\",\"name\":\"CETYS\",\"description\":\"\",\"potentialAction\":[{\"@type\":\"SearchAction\",\"target\":{\"@type\":\"EntryPoint\",\"urlTemplate\":\"https:\\\/\\\/www.cetys.mx\\\/noticias\\\/?s={search_term_string}\"},\"query-input\":{\"@type\":\"PropertyValueSpecification\",\"valueRequired\":true,\"valueName\":\"search_term_string\"}}],\"inLanguage\":\"es\"},{\"@type\":\"Person\",\"@id\":\"https:\\\/\\\/www.cetys.mx\\\/noticias\\\/#\\\/schema\\\/person\\\/79a95c4ac185f3705cf1b9c9340a5f70\",\"name\":\"Campus Mexicali\",\"url\":\"https:\\\/\\\/www.cetys.mx\\\/noticias\\\/author\\\/campusmexicali\\\/\"}]}<\/script>\n<!-- \/ Yoast SEO plugin. -->","yoast_head_json":{"title":"Acad\u00e9mico de CETYS, vocal de la ANIEI - CETYS","description":"Articulo sobre Acad\u00e9mico de CETYS, vocal de la ANIEI","robots":{"index":"index","follow":"follow","max-snippet":"max-snippet:-1","max-image-preview":"max-image-preview:large","max-video-preview":"max-video-preview:-1"},"canonical":"https:\/\/www.cetys.mx\/noticias\/academico-de-cetys-vocal-de-la-aniei\/","og_locale":"es_MX","og_type":"article","og_title":"Acad\u00e9mico de CETYS, vocal de la ANIEI - CETYS","og_description":"Articulo sobre Acad\u00e9mico de CETYS, vocal de la ANIEI","og_url":"https:\/\/www.cetys.mx\/noticias\/academico-de-cetys-vocal-de-la-aniei\/","og_site_name":"CETYS","article_publisher":"https:\/\/www.facebook.com\/cetysuniversidadmxl\/","article_published_time":"2019-01-10T18:04:56+00:00","article_modified_time":"2020-03-17T07:36:35+00:00","og_image":[{"width":958,"height":637,"url":"https:\/\/www.cetys.mx\/noticias\/wp-content\/uploads\/2019\/01\/VocalGuillermo.jpg","type":"image\/jpeg"}],"author":"Campus Mexicali","twitter_card":"summary_large_image","twitter_creator":"@cetysuni","twitter_site":"@cetysuni","twitter_misc":{"Escrito por":"Campus Mexicali","Tiempo de lectura":"2 minutos"},"schema":{"@context":"https:\/\/schema.org","@graph":[{"@type":"Article","@id":"https:\/\/www.cetys.mx\/noticias\/academico-de-cetys-vocal-de-la-aniei\/#article","isPartOf":{"@id":"https:\/\/www.cetys.mx\/noticias\/academico-de-cetys-vocal-de-la-aniei\/"},"author":{"name":"Campus Mexicali","@id":"https:\/\/www.cetys.mx\/noticias\/#\/schema\/person\/79a95c4ac185f3705cf1b9c9340a5f70"},"headline":"Acad\u00e9mico de CETYS, vocal de la ANIEI","datePublished":"2019-01-10T18:04:56+00:00","dateModified":"2020-03-17T07:36:35+00:00","mainEntityOfPage":{"@id":"https:\/\/www.cetys.mx\/noticias\/academico-de-cetys-vocal-de-la-aniei\/"},"wordCount":450,"commentCount":0,"image":{"@id":"https:\/\/www.cetys.mx\/noticias\/academico-de-cetys-vocal-de-la-aniei\/#primaryimage"},"thumbnailUrl":"https:\/\/www.cetys.mx\/noticias\/wp-content\/uploads\/2019\/01\/VocalGuillermo.jpg","keywords":["ANIEI","CETYS Profesional","Guillermo Cheang","Ingenier\u00eda"],"articleSection":["Academia","Campus Mexicali","Ingenier\u00eda"],"inLanguage":"es","potentialAction":[{"@type":"CommentAction","name":"Comment","target":["https:\/\/www.cetys.mx\/noticias\/academico-de-cetys-vocal-de-la-aniei\/#respond"]}]},{"@type":"WebPage","@id":"https:\/\/www.cetys.mx\/noticias\/academico-de-cetys-vocal-de-la-aniei\/","url":"https:\/\/www.cetys.mx\/noticias\/academico-de-cetys-vocal-de-la-aniei\/","name":"Acad\u00e9mico de CETYS, vocal de la ANIEI - CETYS","isPartOf":{"@id":"https:\/\/www.cetys.mx\/noticias\/#website"},"primaryImageOfPage":{"@id":"https:\/\/www.cetys.mx\/noticias\/academico-de-cetys-vocal-de-la-aniei\/#primaryimage"},"image":{"@id":"https:\/\/www.cetys.mx\/noticias\/academico-de-cetys-vocal-de-la-aniei\/#primaryimage"},"thumbnailUrl":"https:\/\/www.cetys.mx\/noticias\/wp-content\/uploads\/2019\/01\/VocalGuillermo.jpg","datePublished":"2019-01-10T18:04:56+00:00","dateModified":"2020-03-17T07:36:35+00:00","author":{"@id":"https:\/\/www.cetys.mx\/noticias\/#\/schema\/person\/79a95c4ac185f3705cf1b9c9340a5f70"},"description":"Articulo sobre Acad\u00e9mico de CETYS, vocal de la ANIEI","breadcrumb":{"@id":"https:\/\/www.cetys.mx\/noticias\/academico-de-cetys-vocal-de-la-aniei\/#breadcrumb"},"inLanguage":"es","potentialAction":[{"@type":"ReadAction","target":["https:\/\/www.cetys.mx\/noticias\/academico-de-cetys-vocal-de-la-aniei\/"]}]},{"@type":"ImageObject","inLanguage":"es","@id":"https:\/\/www.cetys.mx\/noticias\/academico-de-cetys-vocal-de-la-aniei\/#primaryimage","url":"https:\/\/www.cetys.mx\/noticias\/wp-content\/uploads\/2019\/01\/VocalGuillermo.jpg","contentUrl":"https:\/\/www.cetys.mx\/noticias\/wp-content\/uploads\/2019\/01\/VocalGuillermo.jpg","width":958,"height":637,"caption":"Guillermo Cheang"},{"@type":"BreadcrumbList","@id":"https:\/\/www.cetys.mx\/noticias\/academico-de-cetys-vocal-de-la-aniei\/#breadcrumb","itemListElement":[{"@type":"ListItem","position":1,"name":"Inicio","item":"https:\/\/www.cetys.mx\/noticias\/"},{"@type":"ListItem","position":2,"name":"Acad\u00e9mico de CETYS, vocal de la ANIEI"}]},{"@type":"WebSite","@id":"https:\/\/www.cetys.mx\/noticias\/#website","url":"https:\/\/www.cetys.mx\/noticias\/","name":"CETYS","description":"","potentialAction":[{"@type":"SearchAction","target":{"@type":"EntryPoint","urlTemplate":"https:\/\/www.cetys.mx\/noticias\/?s={search_term_string}"},"query-input":{"@type":"PropertyValueSpecification","valueRequired":true,"valueName":"search_term_string"}}],"inLanguage":"es"},{"@type":"Person","@id":"https:\/\/www.cetys.mx\/noticias\/#\/schema\/person\/79a95c4ac185f3705cf1b9c9340a5f70","name":"Campus Mexicali","url":"https:\/\/www.cetys.mx\/noticias\/author\/campusmexicali\/"}]}},"_links":{"self":[{"href":"https:\/\/www.cetys.mx\/noticias\/wp-json\/wp\/v2\/posts\/124215","targetHints":{"allow":["GET"]}}],"collection":[{"href":"https:\/\/www.cetys.mx\/noticias\/wp-json\/wp\/v2\/posts"}],"about":[{"href":"https:\/\/www.cetys.mx\/noticias\/wp-json\/wp\/v2\/types\/post"}],"author":[{"embeddable":true,"href":"https:\/\/www.cetys.mx\/noticias\/wp-json\/wp\/v2\/users\/20"}],"replies":[{"embeddable":true,"href":"https:\/\/www.cetys.mx\/noticias\/wp-json\/wp\/v2\/comments?post=124215"}],"version-history":[{"count":0,"href":"https:\/\/www.cetys.mx\/noticias\/wp-json\/wp\/v2\/posts\/124215\/revisions"}],"wp:featuredmedia":[{"embeddable":true,"href":"https:\/\/www.cetys.mx\/noticias\/wp-json\/wp\/v2\/media\/124216"}],"wp:attachment":[{"href":"https:\/\/www.cetys.mx\/noticias\/wp-json\/wp\/v2\/media?parent=124215"}],"wp:term":[{"taxonomy":"category","embeddable":true,"href":"https:\/\/www.cetys.mx\/noticias\/wp-json\/wp\/v2\/categories?post=124215"},{"taxonomy":"post_tag","embeddable":true,"href":"https:\/\/www.cetys.mx\/noticias\/wp-json\/wp\/v2\/tags?post=124215"}],"curies":[{"name":"wp","href":"https:\/\/api.w.org\/{rel}","templated":true}]}}