{"id":124124,"date":"2019-02-22T13:56:19","date_gmt":"2019-02-22T21:56:19","guid":{"rendered":"https:\/\/www.cetys.mx\/noticias\/?p=124124"},"modified":"2019-02-26T14:27:42","modified_gmt":"2019-02-26T22:27:42","slug":"apasionado-de-las-ciencias-exactas-representara-a-bc","status":"publish","type":"post","link":"https:\/\/www.cetys.mx\/noticias\/apasionado-de-las-ciencias-exactas-representara-a-bc\/","title":{"rendered":"Apasionado de las ciencias exactas representar\u00e1 a BC"},"content":{"rendered":"<p style=\"text-align: justify;\">El acercamiento de los j\u00f3venes mexicanos a la ciencia es parte importante para el desarrollo del pa\u00eds, por ello cada vez m\u00e1s se incentiva a que los nuevos talentos sean part\u00edcipes de concursos y cert\u00e1menes que reten sus habilidades en cuanto a f\u00edsica, qu\u00edmica y matem\u00e1ticas.<\/p>\n<p style=\"text-align: justify;\">Un ejemplo de ello, es el joven bajacaliforniano Luis Iv\u00e1n Santillana Iribe, quien, con tan solo 18 a\u00f1os, ha destacado en diversas disciplinas como la historia e inform\u00e1tica y ahora comienza su camino en el campo de las ciencias exactas, al formar parte de la delegaci\u00f3n que representar\u00e1 a Baja California en la Olimpiada Nacional de Qu\u00edmica pr\u00f3xima a celebrarse del 24 al 28 de febrero en el\u00a0Bajio.<\/p>\n<p style=\"text-align: justify;\">Santillana Iribe es estudiante del sexto semestre de la Preparatoria de CETYS Universidad, Campus Mexicali, quien desde su perspectiva disfruta la posibilidad de llevar la teor\u00eda a la pr\u00e1ctica, lo que alimenta su deseo de aprender nuevas cosas para que sean aplicadas en pro de la comunidad.<\/p>\n<p style=\"text-align: justify;\"><img loading=\"lazy\" decoding=\"async\" class=\"size-full wp-image-125751 aligncenter\" src=\"https:\/\/www.cetys.mx\/noticias\/wp-content\/uploads\/2019\/01\/luisportal2.jpg\" alt=\"\" width=\"637\" height=\"958\" \/><\/p>\n<blockquote>\n<p style=\"text-align: justify;\">&#8220;Para m\u00ed es una gran oportunidad poder representar a Baja California en un concurso as\u00ed. He podido aprender en lo te\u00f3rico y experimental mucho sobre qu\u00edmica, nos estuvimos preparando con bastante tiempo y esperamos muy buenos resultados. Con los compa\u00f1eros hemos congeniado muy bien y el equipo va muy fuerte para poner en alto el nombre del estado\u201d coment\u00f3 Luis Iv\u00e1n.<\/p>\n<\/blockquote>\n<p style=\"text-align: justify;\">Como parte de su trayectoria se ha condecorado con una medalla de bronce en la 32 edici\u00f3n de la Olimpiada Mexicana de Matem\u00e1ticas, tambi\u00e9n obtuvo una medalla de oro en la pasada edici\u00f3n de la Olimpiada Mexicana de Inform\u00e1tica, como parte de la delegaci\u00f3n de BC y ha participado en el Concurso Nacional de Historia de M\u00e9xico, adem\u00e1s, ha destacado por ser un alumno de Alto Rendimiento, al obtener un promedio general de 98 a 100 en la Prepa CETYS.<\/p>\n<p style=\"text-align: justify;\">Luis Iv\u00e1n est\u00e1 a pocos meses de concluir su bachillerato en CETYS y le interesar\u00eda dedicarse a explorar lo que la investigaci\u00f3n en f\u00edsica puede ofrecerle. \u201cEn M\u00e9xico tenemos mucho talento, lo he visto en las competencias que he hecho, mi don es poder aprender cosas quiero seguirlo explotando con la ayuda de mis maestros y poder emplearlo en beneficio de mi ciudad y el pa\u00eds\u201d.<\/p>\n","protected":false},"excerpt":{"rendered":"<p>El acercamiento de los j\u00f3venes mexicanos a la ciencia es parte importante para el desarrollo del pa\u00eds, por ello cada vez m\u00e1s&#8230;<\/p>\n","protected":false},"author":20,"featured_media":125750,"comment_status":"open","ping_status":"closed","sticky":false,"template":"","format":"standard","meta":{"footnotes":""},"categories":[133,125,318,313],"tags":[3353,1466,358,3361],"class_list":["post-124124","post","type-post","status-publish","format-standard","has-post-thumbnail","hentry","category-campus-mexicali","category-portada","category-preparatoria","category-vocetys-2","tag-olimpiada-de-quimica","tag-prepa-cetys","tag-quimica","tag-vocetys-top-2019-02-26"],"yoast_head":"<!-- This site is optimized with the Yoast SEO plugin v27.4 - https:\/\/yoast.com\/product\/yoast-seo-wordpress\/ -->\n<title>Apasionado de las ciencias exactas representar\u00e1 a BC - CETYS<\/title>\n<meta name=\"description\" content=\"Estudiante de la Prepa CETYS participar\u00e1 en olimpiada nacional de Qu\u00edmica\" \/>\n<meta name=\"robots\" content=\"index, follow, max-snippet:-1, max-image-preview:large, max-video-preview:-1\" \/>\n<link rel=\"canonical\" href=\"https:\/\/www.cetys.mx\/noticias\/apasionado-de-las-ciencias-exactas-representara-a-bc\/\" \/>\n<meta property=\"og:locale\" content=\"es_MX\" \/>\n<meta property=\"og:type\" content=\"article\" \/>\n<meta property=\"og:title\" content=\"Apasionado de las ciencias exactas representar\u00e1 a BC - CETYS\" \/>\n<meta property=\"og:description\" content=\"Estudiante de la Prepa CETYS participar\u00e1 en olimpiada nacional de Qu\u00edmica\" \/>\n<meta property=\"og:url\" content=\"https:\/\/www.cetys.mx\/noticias\/apasionado-de-las-ciencias-exactas-representara-a-bc\/\" \/>\n<meta property=\"og:site_name\" content=\"CETYS\" \/>\n<meta property=\"article:publisher\" content=\"https:\/\/www.facebook.com\/cetysuniversidadmxl\/\" \/>\n<meta property=\"article:published_time\" content=\"2019-02-22T21:56:19+00:00\" \/>\n<meta property=\"article:modified_time\" content=\"2019-02-26T22:27:42+00:00\" \/>\n<meta property=\"og:image\" content=\"https:\/\/www.cetys.mx\/noticias\/wp-content\/uploads\/2019\/01\/luisparaportal.jpg\" \/>\n\t<meta property=\"og:image:width\" content=\"958\" \/>\n\t<meta property=\"og:image:height\" content=\"637\" \/>\n\t<meta property=\"og:image:type\" content=\"image\/jpeg\" \/>\n<meta name=\"author\" content=\"Campus Mexicali\" \/>\n<meta name=\"twitter:card\" content=\"summary_large_image\" \/>\n<meta name=\"twitter:creator\" content=\"@cetysuni\" \/>\n<meta name=\"twitter:site\" content=\"@cetysuni\" \/>\n<meta name=\"twitter:label1\" content=\"Escrito por\" \/>\n\t<meta name=\"twitter:data1\" content=\"Campus Mexicali\" \/>\n\t<meta name=\"twitter:label2\" content=\"Tiempo de lectura\" \/>\n\t<meta name=\"twitter:data2\" content=\"2 minutos\" \/>\n<script type=\"application\/ld+json\" class=\"yoast-schema-graph\">{\"@context\":\"https:\\\/\\\/schema.org\",\"@graph\":[{\"@type\":\"Article\",\"@id\":\"https:\\\/\\\/www.cetys.mx\\\/noticias\\\/apasionado-de-las-ciencias-exactas-representara-a-bc\\\/#article\",\"isPartOf\":{\"@id\":\"https:\\\/\\\/www.cetys.mx\\\/noticias\\\/apasionado-de-las-ciencias-exactas-representara-a-bc\\\/\"},\"author\":{\"name\":\"Campus Mexicali\",\"@id\":\"https:\\\/\\\/www.cetys.mx\\\/noticias\\\/#\\\/schema\\\/person\\\/79a95c4ac185f3705cf1b9c9340a5f70\"},\"headline\":\"Apasionado de las ciencias exactas representar\u00e1 a BC\",\"datePublished\":\"2019-02-22T21:56:19+00:00\",\"dateModified\":\"2019-02-26T22:27:42+00:00\",\"mainEntityOfPage\":{\"@id\":\"https:\\\/\\\/www.cetys.mx\\\/noticias\\\/apasionado-de-las-ciencias-exactas-representara-a-bc\\\/\"},\"wordCount\":405,\"commentCount\":0,\"image\":{\"@id\":\"https:\\\/\\\/www.cetys.mx\\\/noticias\\\/apasionado-de-las-ciencias-exactas-representara-a-bc\\\/#primaryimage\"},\"thumbnailUrl\":\"https:\\\/\\\/www.cetys.mx\\\/noticias\\\/wp-content\\\/uploads\\\/2019\\\/01\\\/luisparaportal.jpg\",\"keywords\":[\"olimpiada de quimica\",\"prepa CETYS\",\"Qu\u00edmica\",\"vocetys-top-2019-02-26\"],\"articleSection\":[\"Campus Mexicali\",\"Portada\",\"Preparatoria\",\"VoCETYS\"],\"inLanguage\":\"es\",\"potentialAction\":[{\"@type\":\"CommentAction\",\"name\":\"Comment\",\"target\":[\"https:\\\/\\\/www.cetys.mx\\\/noticias\\\/apasionado-de-las-ciencias-exactas-representara-a-bc\\\/#respond\"]}]},{\"@type\":\"WebPage\",\"@id\":\"https:\\\/\\\/www.cetys.mx\\\/noticias\\\/apasionado-de-las-ciencias-exactas-representara-a-bc\\\/\",\"url\":\"https:\\\/\\\/www.cetys.mx\\\/noticias\\\/apasionado-de-las-ciencias-exactas-representara-a-bc\\\/\",\"name\":\"Apasionado de las ciencias exactas representar\u00e1 a BC - CETYS\",\"isPartOf\":{\"@id\":\"https:\\\/\\\/www.cetys.mx\\\/noticias\\\/#website\"},\"primaryImageOfPage\":{\"@id\":\"https:\\\/\\\/www.cetys.mx\\\/noticias\\\/apasionado-de-las-ciencias-exactas-representara-a-bc\\\/#primaryimage\"},\"image\":{\"@id\":\"https:\\\/\\\/www.cetys.mx\\\/noticias\\\/apasionado-de-las-ciencias-exactas-representara-a-bc\\\/#primaryimage\"},\"thumbnailUrl\":\"https:\\\/\\\/www.cetys.mx\\\/noticias\\\/wp-content\\\/uploads\\\/2019\\\/01\\\/luisparaportal.jpg\",\"datePublished\":\"2019-02-22T21:56:19+00:00\",\"dateModified\":\"2019-02-26T22:27:42+00:00\",\"author\":{\"@id\":\"https:\\\/\\\/www.cetys.mx\\\/noticias\\\/#\\\/schema\\\/person\\\/79a95c4ac185f3705cf1b9c9340a5f70\"},\"description\":\"Estudiante de la Prepa CETYS participar\u00e1 en olimpiada nacional de Qu\u00edmica\",\"breadcrumb\":{\"@id\":\"https:\\\/\\\/www.cetys.mx\\\/noticias\\\/apasionado-de-las-ciencias-exactas-representara-a-bc\\\/#breadcrumb\"},\"inLanguage\":\"es\",\"potentialAction\":[{\"@type\":\"ReadAction\",\"target\":[\"https:\\\/\\\/www.cetys.mx\\\/noticias\\\/apasionado-de-las-ciencias-exactas-representara-a-bc\\\/\"]}]},{\"@type\":\"ImageObject\",\"inLanguage\":\"es\",\"@id\":\"https:\\\/\\\/www.cetys.mx\\\/noticias\\\/apasionado-de-las-ciencias-exactas-representara-a-bc\\\/#primaryimage\",\"url\":\"https:\\\/\\\/www.cetys.mx\\\/noticias\\\/wp-content\\\/uploads\\\/2019\\\/01\\\/luisparaportal.jpg\",\"contentUrl\":\"https:\\\/\\\/www.cetys.mx\\\/noticias\\\/wp-content\\\/uploads\\\/2019\\\/01\\\/luisparaportal.jpg\",\"width\":958,\"height\":637},{\"@type\":\"BreadcrumbList\",\"@id\":\"https:\\\/\\\/www.cetys.mx\\\/noticias\\\/apasionado-de-las-ciencias-exactas-representara-a-bc\\\/#breadcrumb\",\"itemListElement\":[{\"@type\":\"ListItem\",\"position\":1,\"name\":\"Inicio\",\"item\":\"https:\\\/\\\/www.cetys.mx\\\/noticias\\\/\"},{\"@type\":\"ListItem\",\"position\":2,\"name\":\"Apasionado de las ciencias exactas representar\u00e1 a BC\"}]},{\"@type\":\"WebSite\",\"@id\":\"https:\\\/\\\/www.cetys.mx\\\/noticias\\\/#website\",\"url\":\"https:\\\/\\\/www.cetys.mx\\\/noticias\\\/\",\"name\":\"CETYS\",\"description\":\"\",\"potentialAction\":[{\"@type\":\"SearchAction\",\"target\":{\"@type\":\"EntryPoint\",\"urlTemplate\":\"https:\\\/\\\/www.cetys.mx\\\/noticias\\\/?s={search_term_string}\"},\"query-input\":{\"@type\":\"PropertyValueSpecification\",\"valueRequired\":true,\"valueName\":\"search_term_string\"}}],\"inLanguage\":\"es\"},{\"@type\":\"Person\",\"@id\":\"https:\\\/\\\/www.cetys.mx\\\/noticias\\\/#\\\/schema\\\/person\\\/79a95c4ac185f3705cf1b9c9340a5f70\",\"name\":\"Campus Mexicali\",\"url\":\"https:\\\/\\\/www.cetys.mx\\\/noticias\\\/author\\\/campusmexicali\\\/\"}]}<\/script>\n<!-- \/ Yoast SEO plugin. -->","yoast_head_json":{"title":"Apasionado de las ciencias exactas representar\u00e1 a BC - CETYS","description":"Estudiante de la Prepa CETYS participar\u00e1 en olimpiada nacional de Qu\u00edmica","robots":{"index":"index","follow":"follow","max-snippet":"max-snippet:-1","max-image-preview":"max-image-preview:large","max-video-preview":"max-video-preview:-1"},"canonical":"https:\/\/www.cetys.mx\/noticias\/apasionado-de-las-ciencias-exactas-representara-a-bc\/","og_locale":"es_MX","og_type":"article","og_title":"Apasionado de las ciencias exactas representar\u00e1 a BC - CETYS","og_description":"Estudiante de la Prepa CETYS participar\u00e1 en olimpiada nacional de Qu\u00edmica","og_url":"https:\/\/www.cetys.mx\/noticias\/apasionado-de-las-ciencias-exactas-representara-a-bc\/","og_site_name":"CETYS","article_publisher":"https:\/\/www.facebook.com\/cetysuniversidadmxl\/","article_published_time":"2019-02-22T21:56:19+00:00","article_modified_time":"2019-02-26T22:27:42+00:00","og_image":[{"width":958,"height":637,"url":"https:\/\/www.cetys.mx\/noticias\/wp-content\/uploads\/2019\/01\/luisparaportal.jpg","type":"image\/jpeg"}],"author":"Campus Mexicali","twitter_card":"summary_large_image","twitter_creator":"@cetysuni","twitter_site":"@cetysuni","twitter_misc":{"Escrito por":"Campus Mexicali","Tiempo de lectura":"2 minutos"},"schema":{"@context":"https:\/\/schema.org","@graph":[{"@type":"Article","@id":"https:\/\/www.cetys.mx\/noticias\/apasionado-de-las-ciencias-exactas-representara-a-bc\/#article","isPartOf":{"@id":"https:\/\/www.cetys.mx\/noticias\/apasionado-de-las-ciencias-exactas-representara-a-bc\/"},"author":{"name":"Campus Mexicali","@id":"https:\/\/www.cetys.mx\/noticias\/#\/schema\/person\/79a95c4ac185f3705cf1b9c9340a5f70"},"headline":"Apasionado de las ciencias exactas representar\u00e1 a BC","datePublished":"2019-02-22T21:56:19+00:00","dateModified":"2019-02-26T22:27:42+00:00","mainEntityOfPage":{"@id":"https:\/\/www.cetys.mx\/noticias\/apasionado-de-las-ciencias-exactas-representara-a-bc\/"},"wordCount":405,"commentCount":0,"image":{"@id":"https:\/\/www.cetys.mx\/noticias\/apasionado-de-las-ciencias-exactas-representara-a-bc\/#primaryimage"},"thumbnailUrl":"https:\/\/www.cetys.mx\/noticias\/wp-content\/uploads\/2019\/01\/luisparaportal.jpg","keywords":["olimpiada de quimica","prepa CETYS","Qu\u00edmica","vocetys-top-2019-02-26"],"articleSection":["Campus Mexicali","Portada","Preparatoria","VoCETYS"],"inLanguage":"es","potentialAction":[{"@type":"CommentAction","name":"Comment","target":["https:\/\/www.cetys.mx\/noticias\/apasionado-de-las-ciencias-exactas-representara-a-bc\/#respond"]}]},{"@type":"WebPage","@id":"https:\/\/www.cetys.mx\/noticias\/apasionado-de-las-ciencias-exactas-representara-a-bc\/","url":"https:\/\/www.cetys.mx\/noticias\/apasionado-de-las-ciencias-exactas-representara-a-bc\/","name":"Apasionado de las ciencias exactas representar\u00e1 a BC - CETYS","isPartOf":{"@id":"https:\/\/www.cetys.mx\/noticias\/#website"},"primaryImageOfPage":{"@id":"https:\/\/www.cetys.mx\/noticias\/apasionado-de-las-ciencias-exactas-representara-a-bc\/#primaryimage"},"image":{"@id":"https:\/\/www.cetys.mx\/noticias\/apasionado-de-las-ciencias-exactas-representara-a-bc\/#primaryimage"},"thumbnailUrl":"https:\/\/www.cetys.mx\/noticias\/wp-content\/uploads\/2019\/01\/luisparaportal.jpg","datePublished":"2019-02-22T21:56:19+00:00","dateModified":"2019-02-26T22:27:42+00:00","author":{"@id":"https:\/\/www.cetys.mx\/noticias\/#\/schema\/person\/79a95c4ac185f3705cf1b9c9340a5f70"},"description":"Estudiante de la Prepa CETYS participar\u00e1 en olimpiada nacional de Qu\u00edmica","breadcrumb":{"@id":"https:\/\/www.cetys.mx\/noticias\/apasionado-de-las-ciencias-exactas-representara-a-bc\/#breadcrumb"},"inLanguage":"es","potentialAction":[{"@type":"ReadAction","target":["https:\/\/www.cetys.mx\/noticias\/apasionado-de-las-ciencias-exactas-representara-a-bc\/"]}]},{"@type":"ImageObject","inLanguage":"es","@id":"https:\/\/www.cetys.mx\/noticias\/apasionado-de-las-ciencias-exactas-representara-a-bc\/#primaryimage","url":"https:\/\/www.cetys.mx\/noticias\/wp-content\/uploads\/2019\/01\/luisparaportal.jpg","contentUrl":"https:\/\/www.cetys.mx\/noticias\/wp-content\/uploads\/2019\/01\/luisparaportal.jpg","width":958,"height":637},{"@type":"BreadcrumbList","@id":"https:\/\/www.cetys.mx\/noticias\/apasionado-de-las-ciencias-exactas-representara-a-bc\/#breadcrumb","itemListElement":[{"@type":"ListItem","position":1,"name":"Inicio","item":"https:\/\/www.cetys.mx\/noticias\/"},{"@type":"ListItem","position":2,"name":"Apasionado de las ciencias exactas representar\u00e1 a BC"}]},{"@type":"WebSite","@id":"https:\/\/www.cetys.mx\/noticias\/#website","url":"https:\/\/www.cetys.mx\/noticias\/","name":"CETYS","description":"","potentialAction":[{"@type":"SearchAction","target":{"@type":"EntryPoint","urlTemplate":"https:\/\/www.cetys.mx\/noticias\/?s={search_term_string}"},"query-input":{"@type":"PropertyValueSpecification","valueRequired":true,"valueName":"search_term_string"}}],"inLanguage":"es"},{"@type":"Person","@id":"https:\/\/www.cetys.mx\/noticias\/#\/schema\/person\/79a95c4ac185f3705cf1b9c9340a5f70","name":"Campus Mexicali","url":"https:\/\/www.cetys.mx\/noticias\/author\/campusmexicali\/"}]}},"_links":{"self":[{"href":"https:\/\/www.cetys.mx\/noticias\/wp-json\/wp\/v2\/posts\/124124","targetHints":{"allow":["GET"]}}],"collection":[{"href":"https:\/\/www.cetys.mx\/noticias\/wp-json\/wp\/v2\/posts"}],"about":[{"href":"https:\/\/www.cetys.mx\/noticias\/wp-json\/wp\/v2\/types\/post"}],"author":[{"embeddable":true,"href":"https:\/\/www.cetys.mx\/noticias\/wp-json\/wp\/v2\/users\/20"}],"replies":[{"embeddable":true,"href":"https:\/\/www.cetys.mx\/noticias\/wp-json\/wp\/v2\/comments?post=124124"}],"version-history":[{"count":0,"href":"https:\/\/www.cetys.mx\/noticias\/wp-json\/wp\/v2\/posts\/124124\/revisions"}],"wp:featuredmedia":[{"embeddable":true,"href":"https:\/\/www.cetys.mx\/noticias\/wp-json\/wp\/v2\/media\/125750"}],"wp:attachment":[{"href":"https:\/\/www.cetys.mx\/noticias\/wp-json\/wp\/v2\/media?parent=124124"}],"wp:term":[{"taxonomy":"category","embeddable":true,"href":"https:\/\/www.cetys.mx\/noticias\/wp-json\/wp\/v2\/categories?post=124124"},{"taxonomy":"post_tag","embeddable":true,"href":"https:\/\/www.cetys.mx\/noticias\/wp-json\/wp\/v2\/tags?post=124124"}],"curies":[{"name":"wp","href":"https:\/\/api.w.org\/{rel}","templated":true}]}}