{"id":123577,"date":"2018-12-07T16:58:32","date_gmt":"2018-12-08T00:58:32","guid":{"rendered":"http:\/\/www.cetys.mx\/noticias\/?p=123577"},"modified":"2018-12-07T16:58:32","modified_gmt":"2018-12-08T00:58:32","slug":"asi-fue-el-segundo-lobby-empresarial-del-campus-ensenada","status":"publish","type":"post","link":"https:\/\/www.cetys.mx\/noticias\/asi-fue-el-segundo-lobby-empresarial-del-campus-ensenada\/","title":{"rendered":"As\u00ed fue el Segundo Lobby Empresarial del Campus Ensenada"},"content":{"rendered":"<p>Con la asistencia de m\u00e1s de 60 personas, entre directivos representantes de las empresas m\u00e1s importantes de la regi\u00f3n, miembros de la comunidad Alumni, docentes y directivos del CETYS, se llev\u00f3 a cabo el Segundo Lobby Empresarial en el Campus Internacional Ensenada, el cual tambi\u00e9n cont\u00f3 con la participaci\u00f3n de la Mtra. Lorena Santana,\u00a0acad\u00e9mica en el Campus Tijuana, con su conferencia\u00a0\u201cEl talento como fuente de competitividad\u201d.<\/p>\n\n            <style type='text\/css'>\n                #gallery-1 {\n                    margin: auto;\n                }\n                #gallery-1 .gallery-item {\n                    float: left;\n                    margin-top: 10px;\n                    text-align: center;\n                    width: 33%;\n                }\n                #gallery-1 img {\n                    border: 2px solid #cfcfcf;\n                }\n                #gallery-1 .gallery-caption {\n                    margin-left: 0;\n                }\n                \/* see gallery_shortcode() in wp-includes\/media.php *\/\n            <\/style>\n\t\t<div id='gallery-1' class='gallery galleryid-123577 gallery-columns-3 gallery-size-medium'><dl class='gallery-item'>\n                <dt class='gallery-icon landscape'>\n                    <a href='https:\/\/www.cetys.mx\/noticias\/asi-fue-el-segundo-lobby-empresarial-del-campus-ensenada\/img_0718-15\/'><img loading=\"lazy\" decoding=\"async\" width=\"958\" height=\"637\" src=\"https:\/\/www.cetys.mx\/noticias\/wp-content\/uploads\/2018\/12\/IMG_0718-15.jpg\" class=\"attachment-medium size-medium\" alt=\"\" srcset=\"https:\/\/www.cetys.mx\/noticias\/wp-content\/uploads\/2018\/12\/IMG_0718-15.jpg 958w, https:\/\/www.cetys.mx\/noticias\/wp-content\/uploads\/2018\/12\/IMG_0718-15-768x511.jpg 768w\" sizes=\"auto, (max-width: 958px) 100vw, 958px\" \/><\/a>\n                <\/dt><\/dl><dl class='gallery-item'>\n                <dt class='gallery-icon landscape'>\n                    <a href='https:\/\/www.cetys.mx\/noticias\/asi-fue-el-segundo-lobby-empresarial-del-campus-ensenada\/img_0718-16\/'><img loading=\"lazy\" decoding=\"async\" width=\"958\" height=\"637\" src=\"https:\/\/www.cetys.mx\/noticias\/wp-content\/uploads\/2018\/12\/IMG_0718-16.jpg\" class=\"attachment-medium size-medium\" alt=\"\" srcset=\"https:\/\/www.cetys.mx\/noticias\/wp-content\/uploads\/2018\/12\/IMG_0718-16.jpg 958w, https:\/\/www.cetys.mx\/noticias\/wp-content\/uploads\/2018\/12\/IMG_0718-16-768x511.jpg 768w\" sizes=\"auto, (max-width: 958px) 100vw, 958px\" \/><\/a>\n                <\/dt><\/dl><dl class='gallery-item'>\n                <dt class='gallery-icon landscape'>\n                    <a href='https:\/\/www.cetys.mx\/noticias\/asi-fue-el-segundo-lobby-empresarial-del-campus-ensenada\/img_0718-17\/'><img loading=\"lazy\" decoding=\"async\" width=\"958\" height=\"637\" src=\"https:\/\/www.cetys.mx\/noticias\/wp-content\/uploads\/2018\/12\/IMG_0718-17.jpg\" class=\"attachment-medium size-medium\" alt=\"\" srcset=\"https:\/\/www.cetys.mx\/noticias\/wp-content\/uploads\/2018\/12\/IMG_0718-17.jpg 958w, https:\/\/www.cetys.mx\/noticias\/wp-content\/uploads\/2018\/12\/IMG_0718-17-768x511.jpg 768w\" sizes=\"auto, (max-width: 958px) 100vw, 958px\" \/><\/a>\n                <\/dt><\/dl><br style=\"clear: both\" \/><dl class='gallery-item'>\n                <dt class='gallery-icon landscape'>\n                    <a href='https:\/\/www.cetys.mx\/noticias\/asi-fue-el-segundo-lobby-empresarial-del-campus-ensenada\/img_0718-19\/'><img loading=\"lazy\" decoding=\"async\" width=\"958\" height=\"637\" src=\"https:\/\/www.cetys.mx\/noticias\/wp-content\/uploads\/2018\/12\/IMG_0718-19.jpg\" class=\"attachment-medium size-medium\" alt=\"\" srcset=\"https:\/\/www.cetys.mx\/noticias\/wp-content\/uploads\/2018\/12\/IMG_0718-19.jpg 958w, https:\/\/www.cetys.mx\/noticias\/wp-content\/uploads\/2018\/12\/IMG_0718-19-768x511.jpg 768w\" sizes=\"auto, (max-width: 958px) 100vw, 958px\" \/><\/a>\n                <\/dt><\/dl><dl class='gallery-item'>\n                <dt class='gallery-icon landscape'>\n                    <a href='https:\/\/www.cetys.mx\/noticias\/asi-fue-el-segundo-lobby-empresarial-del-campus-ensenada\/img_0718-18\/'><img loading=\"lazy\" decoding=\"async\" width=\"958\" height=\"637\" src=\"https:\/\/www.cetys.mx\/noticias\/wp-content\/uploads\/2018\/12\/IMG_0718-18.jpg\" class=\"attachment-medium size-medium\" alt=\"\" srcset=\"https:\/\/www.cetys.mx\/noticias\/wp-content\/uploads\/2018\/12\/IMG_0718-18.jpg 958w, https:\/\/www.cetys.mx\/noticias\/wp-content\/uploads\/2018\/12\/IMG_0718-18-768x511.jpg 768w\" sizes=\"auto, (max-width: 958px) 100vw, 958px\" \/><\/a>\n                <\/dt><\/dl><dl class='gallery-item'>\n                <dt class='gallery-icon landscape'>\n                    <a href='https:\/\/www.cetys.mx\/noticias\/asi-fue-el-segundo-lobby-empresarial-del-campus-ensenada\/img_0718-14\/'><img loading=\"lazy\" decoding=\"async\" width=\"958\" height=\"637\" src=\"https:\/\/www.cetys.mx\/noticias\/wp-content\/uploads\/2018\/12\/IMG_0718-14.jpg\" class=\"attachment-medium size-medium\" alt=\"\" srcset=\"https:\/\/www.cetys.mx\/noticias\/wp-content\/uploads\/2018\/12\/IMG_0718-14.jpg 958w, https:\/\/www.cetys.mx\/noticias\/wp-content\/uploads\/2018\/12\/IMG_0718-14-768x511.jpg 768w\" sizes=\"auto, (max-width: 958px) 100vw, 958px\" \/><\/a>\n                <\/dt><\/dl><br style=\"clear: both\" \/><dl class='gallery-item'>\n                <dt class='gallery-icon landscape'>\n                    <a href='https:\/\/www.cetys.mx\/noticias\/asi-fue-el-segundo-lobby-empresarial-del-campus-ensenada\/img_0718-11\/'><img loading=\"lazy\" decoding=\"async\" width=\"958\" height=\"637\" src=\"https:\/\/www.cetys.mx\/noticias\/wp-content\/uploads\/2018\/12\/IMG_0718-11.jpg\" class=\"attachment-medium size-medium\" alt=\"\" srcset=\"https:\/\/www.cetys.mx\/noticias\/wp-content\/uploads\/2018\/12\/IMG_0718-11.jpg 958w, https:\/\/www.cetys.mx\/noticias\/wp-content\/uploads\/2018\/12\/IMG_0718-11-768x511.jpg 768w\" sizes=\"auto, (max-width: 958px) 100vw, 958px\" \/><\/a>\n                <\/dt><\/dl><dl class='gallery-item'>\n                <dt class='gallery-icon landscape'>\n                    <a href='https:\/\/www.cetys.mx\/noticias\/asi-fue-el-segundo-lobby-empresarial-del-campus-ensenada\/img_0718-12\/'><img loading=\"lazy\" decoding=\"async\" width=\"958\" height=\"637\" src=\"https:\/\/www.cetys.mx\/noticias\/wp-content\/uploads\/2018\/12\/IMG_0718-12.jpg\" class=\"attachment-medium size-medium\" alt=\"\" srcset=\"https:\/\/www.cetys.mx\/noticias\/wp-content\/uploads\/2018\/12\/IMG_0718-12.jpg 958w, https:\/\/www.cetys.mx\/noticias\/wp-content\/uploads\/2018\/12\/IMG_0718-12-768x511.jpg 768w\" sizes=\"auto, (max-width: 958px) 100vw, 958px\" \/><\/a>\n                <\/dt><\/dl><dl class='gallery-item'>\n                <dt class='gallery-icon landscape'>\n                    <a href='https:\/\/www.cetys.mx\/noticias\/asi-fue-el-segundo-lobby-empresarial-del-campus-ensenada\/img_0718-13\/'><img loading=\"lazy\" decoding=\"async\" width=\"958\" height=\"637\" src=\"https:\/\/www.cetys.mx\/noticias\/wp-content\/uploads\/2018\/12\/IMG_0718-13.jpg\" class=\"attachment-medium size-medium\" alt=\"\" srcset=\"https:\/\/www.cetys.mx\/noticias\/wp-content\/uploads\/2018\/12\/IMG_0718-13.jpg 958w, https:\/\/www.cetys.mx\/noticias\/wp-content\/uploads\/2018\/12\/IMG_0718-13-768x511.jpg 768w\" sizes=\"auto, (max-width: 958px) 100vw, 958px\" \/><\/a>\n                <\/dt><\/dl><br style=\"clear: both\" \/><dl class='gallery-item'>\n                <dt class='gallery-icon landscape'>\n                    <a href='https:\/\/www.cetys.mx\/noticias\/asi-fue-el-segundo-lobby-empresarial-del-campus-ensenada\/img_0718-5\/'><img loading=\"lazy\" decoding=\"async\" width=\"958\" height=\"637\" src=\"https:\/\/www.cetys.mx\/noticias\/wp-content\/uploads\/2018\/12\/IMG_0718-5.jpg\" class=\"attachment-medium size-medium\" alt=\"\" srcset=\"https:\/\/www.cetys.mx\/noticias\/wp-content\/uploads\/2018\/12\/IMG_0718-5.jpg 958w, https:\/\/www.cetys.mx\/noticias\/wp-content\/uploads\/2018\/12\/IMG_0718-5-768x511.jpg 768w\" sizes=\"auto, (max-width: 958px) 100vw, 958px\" \/><\/a>\n                <\/dt><\/dl><dl class='gallery-item'>\n                <dt class='gallery-icon landscape'>\n                    <a href='https:\/\/www.cetys.mx\/noticias\/asi-fue-el-segundo-lobby-empresarial-del-campus-ensenada\/img_0718-6\/'><img loading=\"lazy\" decoding=\"async\" width=\"958\" height=\"637\" src=\"https:\/\/www.cetys.mx\/noticias\/wp-content\/uploads\/2018\/12\/IMG_0718-6.jpg\" class=\"attachment-medium size-medium\" alt=\"\" srcset=\"https:\/\/www.cetys.mx\/noticias\/wp-content\/uploads\/2018\/12\/IMG_0718-6.jpg 958w, https:\/\/www.cetys.mx\/noticias\/wp-content\/uploads\/2018\/12\/IMG_0718-6-768x511.jpg 768w\" sizes=\"auto, (max-width: 958px) 100vw, 958px\" \/><\/a>\n                <\/dt><\/dl><dl class='gallery-item'>\n                <dt class='gallery-icon landscape'>\n                    <a href='https:\/\/www.cetys.mx\/noticias\/asi-fue-el-segundo-lobby-empresarial-del-campus-ensenada\/img_0718-7\/'><img loading=\"lazy\" decoding=\"async\" width=\"958\" height=\"637\" src=\"https:\/\/www.cetys.mx\/noticias\/wp-content\/uploads\/2018\/12\/IMG_0718-7.jpg\" class=\"attachment-medium size-medium\" alt=\"\" srcset=\"https:\/\/www.cetys.mx\/noticias\/wp-content\/uploads\/2018\/12\/IMG_0718-7.jpg 958w, https:\/\/www.cetys.mx\/noticias\/wp-content\/uploads\/2018\/12\/IMG_0718-7-768x511.jpg 768w\" sizes=\"auto, (max-width: 958px) 100vw, 958px\" \/><\/a>\n                <\/dt><\/dl><br style=\"clear: both\" \/><dl class='gallery-item'>\n                <dt class='gallery-icon landscape'>\n                    <a href='https:\/\/www.cetys.mx\/noticias\/asi-fue-el-segundo-lobby-empresarial-del-campus-ensenada\/img_0718-8\/'><img loading=\"lazy\" decoding=\"async\" width=\"958\" height=\"637\" src=\"https:\/\/www.cetys.mx\/noticias\/wp-content\/uploads\/2018\/12\/IMG_0718-8.jpg\" class=\"attachment-medium size-medium\" alt=\"\" srcset=\"https:\/\/www.cetys.mx\/noticias\/wp-content\/uploads\/2018\/12\/IMG_0718-8.jpg 958w, https:\/\/www.cetys.mx\/noticias\/wp-content\/uploads\/2018\/12\/IMG_0718-8-768x511.jpg 768w\" sizes=\"auto, (max-width: 958px) 100vw, 958px\" \/><\/a>\n                <\/dt><\/dl><dl class='gallery-item'>\n                <dt class='gallery-icon landscape'>\n                    <a href='https:\/\/www.cetys.mx\/noticias\/asi-fue-el-segundo-lobby-empresarial-del-campus-ensenada\/img_0718-9\/'><img loading=\"lazy\" decoding=\"async\" width=\"958\" height=\"637\" src=\"https:\/\/www.cetys.mx\/noticias\/wp-content\/uploads\/2018\/12\/IMG_0718-9.jpg\" class=\"attachment-medium size-medium\" alt=\"\" srcset=\"https:\/\/www.cetys.mx\/noticias\/wp-content\/uploads\/2018\/12\/IMG_0718-9.jpg 958w, https:\/\/www.cetys.mx\/noticias\/wp-content\/uploads\/2018\/12\/IMG_0718-9-768x511.jpg 768w\" sizes=\"auto, (max-width: 958px) 100vw, 958px\" \/><\/a>\n                <\/dt><\/dl><dl class='gallery-item'>\n                <dt class='gallery-icon landscape'>\n                    <a href='https:\/\/www.cetys.mx\/noticias\/asi-fue-el-segundo-lobby-empresarial-del-campus-ensenada\/img_0718-4\/'><img loading=\"lazy\" decoding=\"async\" width=\"958\" height=\"637\" src=\"https:\/\/www.cetys.mx\/noticias\/wp-content\/uploads\/2018\/12\/IMG_0718-4.jpg\" class=\"attachment-medium size-medium\" alt=\"\" srcset=\"https:\/\/www.cetys.mx\/noticias\/wp-content\/uploads\/2018\/12\/IMG_0718-4.jpg 958w, https:\/\/www.cetys.mx\/noticias\/wp-content\/uploads\/2018\/12\/IMG_0718-4-768x511.jpg 768w\" sizes=\"auto, (max-width: 958px) 100vw, 958px\" \/><\/a>\n                <\/dt><\/dl><br style=\"clear: both\" \/><dl class='gallery-item'>\n                <dt class='gallery-icon landscape'>\n                    <a href='https:\/\/www.cetys.mx\/noticias\/asi-fue-el-segundo-lobby-empresarial-del-campus-ensenada\/img_0718-3\/'><img loading=\"lazy\" decoding=\"async\" width=\"958\" height=\"637\" src=\"https:\/\/www.cetys.mx\/noticias\/wp-content\/uploads\/2018\/12\/IMG_0718-3.jpg\" class=\"attachment-medium size-medium\" alt=\"\" srcset=\"https:\/\/www.cetys.mx\/noticias\/wp-content\/uploads\/2018\/12\/IMG_0718-3.jpg 958w, https:\/\/www.cetys.mx\/noticias\/wp-content\/uploads\/2018\/12\/IMG_0718-3-768x511.jpg 768w\" sizes=\"auto, (max-width: 958px) 100vw, 958px\" \/><\/a>\n                <\/dt><\/dl><dl class='gallery-item'>\n                <dt class='gallery-icon landscape'>\n                    <a href='https:\/\/www.cetys.mx\/noticias\/asi-fue-el-segundo-lobby-empresarial-del-campus-ensenada\/img_0718-1\/'><img loading=\"lazy\" decoding=\"async\" width=\"958\" height=\"637\" src=\"https:\/\/www.cetys.mx\/noticias\/wp-content\/uploads\/2018\/12\/IMG_0718-1.jpg\" class=\"attachment-medium size-medium\" alt=\"\" srcset=\"https:\/\/www.cetys.mx\/noticias\/wp-content\/uploads\/2018\/12\/IMG_0718-1.jpg 958w, https:\/\/www.cetys.mx\/noticias\/wp-content\/uploads\/2018\/12\/IMG_0718-1-768x511.jpg 768w\" sizes=\"auto, (max-width: 958px) 100vw, 958px\" \/><\/a>\n                <\/dt><\/dl><dl class='gallery-item'>\n                <dt class='gallery-icon landscape'>\n                    <a href='https:\/\/www.cetys.mx\/noticias\/asi-fue-el-segundo-lobby-empresarial-del-campus-ensenada\/img_0718-2\/'><img loading=\"lazy\" decoding=\"async\" width=\"958\" height=\"637\" src=\"https:\/\/www.cetys.mx\/noticias\/wp-content\/uploads\/2018\/12\/IMG_0718-2.jpg\" class=\"attachment-medium size-medium\" alt=\"\" srcset=\"https:\/\/www.cetys.mx\/noticias\/wp-content\/uploads\/2018\/12\/IMG_0718-2.jpg 958w, https:\/\/www.cetys.mx\/noticias\/wp-content\/uploads\/2018\/12\/IMG_0718-2-768x511.jpg 768w\" sizes=\"auto, (max-width: 958px) 100vw, 958px\" \/><\/a>\n                <\/dt><\/dl><br style=\"clear: both\" \/><dl class='gallery-item'>\n                <dt class='gallery-icon landscape'>\n                    <a href='https:\/\/www.cetys.mx\/noticias\/asi-fue-el-segundo-lobby-empresarial-del-campus-ensenada\/img_0718-10\/'><img loading=\"lazy\" decoding=\"async\" width=\"958\" height=\"637\" src=\"https:\/\/www.cetys.mx\/noticias\/wp-content\/uploads\/2018\/12\/IMG_0718-10.jpg\" class=\"attachment-medium size-medium\" alt=\"\" aria-describedby=\"gallery-1-123584\" srcset=\"https:\/\/www.cetys.mx\/noticias\/wp-content\/uploads\/2018\/12\/IMG_0718-10.jpg 958w, https:\/\/www.cetys.mx\/noticias\/wp-content\/uploads\/2018\/12\/IMG_0718-10-768x511.jpg 768w\" sizes=\"auto, (max-width: 958px) 100vw, 958px\" \/><\/a>\n                <\/dt>\n                    <dd class='wp-caption-text gallery-caption' id='gallery-1-123584'>\n                    \u00c9xtito total el Segundo Lobby Empresarial en el Campus Ensenada.\n                    <\/dd><\/dl>\n                <br style='clear: both' \/>\n            <\/div>\n\n","protected":false},"excerpt":{"rendered":"<p>Con la asistencia de m\u00e1s de 60 personas, entre directivos representantes de las empresas m\u00e1s importantes de la regi\u00f3n, miembros de la&#8230;<\/p>\n","protected":false},"author":23,"featured_media":123584,"comment_status":"open","ping_status":"closed","sticky":false,"template":"","format":"gallery","meta":{"footnotes":""},"categories":[322,132,143],"tags":[],"class_list":["post-123577","post","type-post","status-publish","format-gallery","has-post-thumbnail","hentry","category-avance-institucional","category-campus-ensenada","category-galeria","post_format-post-format-gallery"],"yoast_head":"<!-- This site is optimized with the Yoast SEO plugin v27.4 - https:\/\/yoast.com\/product\/yoast-seo-wordpress\/ -->\n<title>As\u00ed fue el Segundo Lobby Empresarial del Campus Ensenada - CETYS<\/title>\n<meta name=\"description\" content=\"Articulo sobre As\u00ed fue el Segundo Lobby Empresarial del Campus Ensenada\" \/>\n<meta name=\"robots\" content=\"index, follow, max-snippet:-1, max-image-preview:large, max-video-preview:-1\" \/>\n<link rel=\"canonical\" href=\"https:\/\/www.cetys.mx\/noticias\/asi-fue-el-segundo-lobby-empresarial-del-campus-ensenada\/\" \/>\n<meta property=\"og:locale\" content=\"es_MX\" \/>\n<meta property=\"og:type\" content=\"article\" \/>\n<meta property=\"og:title\" content=\"As\u00ed fue el Segundo Lobby Empresarial del Campus Ensenada - CETYS\" \/>\n<meta property=\"og:description\" content=\"Articulo sobre As\u00ed fue el Segundo Lobby Empresarial del Campus Ensenada\" \/>\n<meta property=\"og:url\" content=\"https:\/\/www.cetys.mx\/noticias\/asi-fue-el-segundo-lobby-empresarial-del-campus-ensenada\/\" \/>\n<meta property=\"og:site_name\" content=\"CETYS\" \/>\n<meta property=\"article:publisher\" content=\"https:\/\/www.facebook.com\/cetysuniversidadmxl\/\" \/>\n<meta property=\"article:published_time\" content=\"2018-12-08T00:58:32+00:00\" \/>\n<meta property=\"og:image\" content=\"https:\/\/www.cetys.mx\/noticias\/wp-content\/uploads\/2018\/12\/IMG_0718-10.jpg\" \/>\n\t<meta property=\"og:image:width\" content=\"958\" \/>\n\t<meta property=\"og:image:height\" content=\"637\" \/>\n\t<meta property=\"og:image:type\" content=\"image\/jpeg\" \/>\n<meta name=\"author\" content=\"Campus Ensenada\" \/>\n<meta name=\"twitter:card\" content=\"summary_large_image\" \/>\n<meta name=\"twitter:creator\" content=\"@cetysuni\" \/>\n<meta name=\"twitter:site\" content=\"@cetysuni\" \/>\n<meta name=\"twitter:label1\" content=\"Escrito por\" \/>\n\t<meta name=\"twitter:data1\" content=\"Campus Ensenada\" \/>\n<script type=\"application\/ld+json\" class=\"yoast-schema-graph\">{\"@context\":\"https:\\\/\\\/schema.org\",\"@graph\":[{\"@type\":\"Article\",\"@id\":\"https:\\\/\\\/www.cetys.mx\\\/noticias\\\/asi-fue-el-segundo-lobby-empresarial-del-campus-ensenada\\\/#article\",\"isPartOf\":{\"@id\":\"https:\\\/\\\/www.cetys.mx\\\/noticias\\\/asi-fue-el-segundo-lobby-empresarial-del-campus-ensenada\\\/\"},\"author\":{\"name\":\"Campus Ensenada\",\"@id\":\"https:\\\/\\\/www.cetys.mx\\\/noticias\\\/#\\\/schema\\\/person\\\/1a1a88c0b6586e66a2e9e88e07afc712\"},\"headline\":\"As\u00ed fue el Segundo Lobby Empresarial del Campus Ensenada\",\"datePublished\":\"2018-12-08T00:58:32+00:00\",\"mainEntityOfPage\":{\"@id\":\"https:\\\/\\\/www.cetys.mx\\\/noticias\\\/asi-fue-el-segundo-lobby-empresarial-del-campus-ensenada\\\/\"},\"wordCount\":86,\"commentCount\":0,\"image\":{\"@id\":\"https:\\\/\\\/www.cetys.mx\\\/noticias\\\/asi-fue-el-segundo-lobby-empresarial-del-campus-ensenada\\\/#primaryimage\"},\"thumbnailUrl\":\"https:\\\/\\\/www.cetys.mx\\\/noticias\\\/wp-content\\\/uploads\\\/2018\\\/12\\\/IMG_0718-10.jpg\",\"articleSection\":[\"Avance Institucional\",\"Campus Ensenada\",\"Galer\u00eda\"],\"inLanguage\":\"es\",\"potentialAction\":[{\"@type\":\"CommentAction\",\"name\":\"Comment\",\"target\":[\"https:\\\/\\\/www.cetys.mx\\\/noticias\\\/asi-fue-el-segundo-lobby-empresarial-del-campus-ensenada\\\/#respond\"]}]},{\"@type\":\"WebPage\",\"@id\":\"https:\\\/\\\/www.cetys.mx\\\/noticias\\\/asi-fue-el-segundo-lobby-empresarial-del-campus-ensenada\\\/\",\"url\":\"https:\\\/\\\/www.cetys.mx\\\/noticias\\\/asi-fue-el-segundo-lobby-empresarial-del-campus-ensenada\\\/\",\"name\":\"As\u00ed fue el Segundo Lobby Empresarial del Campus Ensenada - CETYS\",\"isPartOf\":{\"@id\":\"https:\\\/\\\/www.cetys.mx\\\/noticias\\\/#website\"},\"primaryImageOfPage\":{\"@id\":\"https:\\\/\\\/www.cetys.mx\\\/noticias\\\/asi-fue-el-segundo-lobby-empresarial-del-campus-ensenada\\\/#primaryimage\"},\"image\":{\"@id\":\"https:\\\/\\\/www.cetys.mx\\\/noticias\\\/asi-fue-el-segundo-lobby-empresarial-del-campus-ensenada\\\/#primaryimage\"},\"thumbnailUrl\":\"https:\\\/\\\/www.cetys.mx\\\/noticias\\\/wp-content\\\/uploads\\\/2018\\\/12\\\/IMG_0718-10.jpg\",\"datePublished\":\"2018-12-08T00:58:32+00:00\",\"author\":{\"@id\":\"https:\\\/\\\/www.cetys.mx\\\/noticias\\\/#\\\/schema\\\/person\\\/1a1a88c0b6586e66a2e9e88e07afc712\"},\"description\":\"Articulo sobre As\u00ed fue el Segundo Lobby Empresarial del Campus Ensenada\",\"breadcrumb\":{\"@id\":\"https:\\\/\\\/www.cetys.mx\\\/noticias\\\/asi-fue-el-segundo-lobby-empresarial-del-campus-ensenada\\\/#breadcrumb\"},\"inLanguage\":\"es\",\"potentialAction\":[{\"@type\":\"ReadAction\",\"target\":[\"https:\\\/\\\/www.cetys.mx\\\/noticias\\\/asi-fue-el-segundo-lobby-empresarial-del-campus-ensenada\\\/\"]}]},{\"@type\":\"ImageObject\",\"inLanguage\":\"es\",\"@id\":\"https:\\\/\\\/www.cetys.mx\\\/noticias\\\/asi-fue-el-segundo-lobby-empresarial-del-campus-ensenada\\\/#primaryimage\",\"url\":\"https:\\\/\\\/www.cetys.mx\\\/noticias\\\/wp-content\\\/uploads\\\/2018\\\/12\\\/IMG_0718-10.jpg\",\"contentUrl\":\"https:\\\/\\\/www.cetys.mx\\\/noticias\\\/wp-content\\\/uploads\\\/2018\\\/12\\\/IMG_0718-10.jpg\",\"width\":958,\"height\":637,\"caption\":\"\u00c9xtito total el Segundo Lobby Empresarial en el Campus Ensenada.\"},{\"@type\":\"BreadcrumbList\",\"@id\":\"https:\\\/\\\/www.cetys.mx\\\/noticias\\\/asi-fue-el-segundo-lobby-empresarial-del-campus-ensenada\\\/#breadcrumb\",\"itemListElement\":[{\"@type\":\"ListItem\",\"position\":1,\"name\":\"Inicio\",\"item\":\"https:\\\/\\\/www.cetys.mx\\\/noticias\\\/\"},{\"@type\":\"ListItem\",\"position\":2,\"name\":\"As\u00ed fue el Segundo Lobby Empresarial del Campus Ensenada\"}]},{\"@type\":\"WebSite\",\"@id\":\"https:\\\/\\\/www.cetys.mx\\\/noticias\\\/#website\",\"url\":\"https:\\\/\\\/www.cetys.mx\\\/noticias\\\/\",\"name\":\"CETYS\",\"description\":\"\",\"potentialAction\":[{\"@type\":\"SearchAction\",\"target\":{\"@type\":\"EntryPoint\",\"urlTemplate\":\"https:\\\/\\\/www.cetys.mx\\\/noticias\\\/?s={search_term_string}\"},\"query-input\":{\"@type\":\"PropertyValueSpecification\",\"valueRequired\":true,\"valueName\":\"search_term_string\"}}],\"inLanguage\":\"es\"},{\"@type\":\"Person\",\"@id\":\"https:\\\/\\\/www.cetys.mx\\\/noticias\\\/#\\\/schema\\\/person\\\/1a1a88c0b6586e66a2e9e88e07afc712\",\"name\":\"Campus Ensenada\",\"url\":\"https:\\\/\\\/www.cetys.mx\\\/noticias\\\/author\\\/campusensenada\\\/\"}]}<\/script>\n<!-- \/ Yoast SEO plugin. -->","yoast_head_json":{"title":"As\u00ed fue el Segundo Lobby Empresarial del Campus Ensenada - CETYS","description":"Articulo sobre As\u00ed fue el Segundo Lobby Empresarial del Campus Ensenada","robots":{"index":"index","follow":"follow","max-snippet":"max-snippet:-1","max-image-preview":"max-image-preview:large","max-video-preview":"max-video-preview:-1"},"canonical":"https:\/\/www.cetys.mx\/noticias\/asi-fue-el-segundo-lobby-empresarial-del-campus-ensenada\/","og_locale":"es_MX","og_type":"article","og_title":"As\u00ed fue el Segundo Lobby Empresarial del Campus Ensenada - CETYS","og_description":"Articulo sobre As\u00ed fue el Segundo Lobby Empresarial del Campus Ensenada","og_url":"https:\/\/www.cetys.mx\/noticias\/asi-fue-el-segundo-lobby-empresarial-del-campus-ensenada\/","og_site_name":"CETYS","article_publisher":"https:\/\/www.facebook.com\/cetysuniversidadmxl\/","article_published_time":"2018-12-08T00:58:32+00:00","og_image":[{"width":958,"height":637,"url":"https:\/\/www.cetys.mx\/noticias\/wp-content\/uploads\/2018\/12\/IMG_0718-10.jpg","type":"image\/jpeg"}],"author":"Campus Ensenada","twitter_card":"summary_large_image","twitter_creator":"@cetysuni","twitter_site":"@cetysuni","twitter_misc":{"Escrito por":"Campus Ensenada"},"schema":{"@context":"https:\/\/schema.org","@graph":[{"@type":"Article","@id":"https:\/\/www.cetys.mx\/noticias\/asi-fue-el-segundo-lobby-empresarial-del-campus-ensenada\/#article","isPartOf":{"@id":"https:\/\/www.cetys.mx\/noticias\/asi-fue-el-segundo-lobby-empresarial-del-campus-ensenada\/"},"author":{"name":"Campus Ensenada","@id":"https:\/\/www.cetys.mx\/noticias\/#\/schema\/person\/1a1a88c0b6586e66a2e9e88e07afc712"},"headline":"As\u00ed fue el Segundo Lobby Empresarial del Campus Ensenada","datePublished":"2018-12-08T00:58:32+00:00","mainEntityOfPage":{"@id":"https:\/\/www.cetys.mx\/noticias\/asi-fue-el-segundo-lobby-empresarial-del-campus-ensenada\/"},"wordCount":86,"commentCount":0,"image":{"@id":"https:\/\/www.cetys.mx\/noticias\/asi-fue-el-segundo-lobby-empresarial-del-campus-ensenada\/#primaryimage"},"thumbnailUrl":"https:\/\/www.cetys.mx\/noticias\/wp-content\/uploads\/2018\/12\/IMG_0718-10.jpg","articleSection":["Avance Institucional","Campus Ensenada","Galer\u00eda"],"inLanguage":"es","potentialAction":[{"@type":"CommentAction","name":"Comment","target":["https:\/\/www.cetys.mx\/noticias\/asi-fue-el-segundo-lobby-empresarial-del-campus-ensenada\/#respond"]}]},{"@type":"WebPage","@id":"https:\/\/www.cetys.mx\/noticias\/asi-fue-el-segundo-lobby-empresarial-del-campus-ensenada\/","url":"https:\/\/www.cetys.mx\/noticias\/asi-fue-el-segundo-lobby-empresarial-del-campus-ensenada\/","name":"As\u00ed fue el Segundo Lobby Empresarial del Campus Ensenada - CETYS","isPartOf":{"@id":"https:\/\/www.cetys.mx\/noticias\/#website"},"primaryImageOfPage":{"@id":"https:\/\/www.cetys.mx\/noticias\/asi-fue-el-segundo-lobby-empresarial-del-campus-ensenada\/#primaryimage"},"image":{"@id":"https:\/\/www.cetys.mx\/noticias\/asi-fue-el-segundo-lobby-empresarial-del-campus-ensenada\/#primaryimage"},"thumbnailUrl":"https:\/\/www.cetys.mx\/noticias\/wp-content\/uploads\/2018\/12\/IMG_0718-10.jpg","datePublished":"2018-12-08T00:58:32+00:00","author":{"@id":"https:\/\/www.cetys.mx\/noticias\/#\/schema\/person\/1a1a88c0b6586e66a2e9e88e07afc712"},"description":"Articulo sobre As\u00ed fue el Segundo Lobby Empresarial del Campus Ensenada","breadcrumb":{"@id":"https:\/\/www.cetys.mx\/noticias\/asi-fue-el-segundo-lobby-empresarial-del-campus-ensenada\/#breadcrumb"},"inLanguage":"es","potentialAction":[{"@type":"ReadAction","target":["https:\/\/www.cetys.mx\/noticias\/asi-fue-el-segundo-lobby-empresarial-del-campus-ensenada\/"]}]},{"@type":"ImageObject","inLanguage":"es","@id":"https:\/\/www.cetys.mx\/noticias\/asi-fue-el-segundo-lobby-empresarial-del-campus-ensenada\/#primaryimage","url":"https:\/\/www.cetys.mx\/noticias\/wp-content\/uploads\/2018\/12\/IMG_0718-10.jpg","contentUrl":"https:\/\/www.cetys.mx\/noticias\/wp-content\/uploads\/2018\/12\/IMG_0718-10.jpg","width":958,"height":637,"caption":"\u00c9xtito total el Segundo Lobby Empresarial en el Campus Ensenada."},{"@type":"BreadcrumbList","@id":"https:\/\/www.cetys.mx\/noticias\/asi-fue-el-segundo-lobby-empresarial-del-campus-ensenada\/#breadcrumb","itemListElement":[{"@type":"ListItem","position":1,"name":"Inicio","item":"https:\/\/www.cetys.mx\/noticias\/"},{"@type":"ListItem","position":2,"name":"As\u00ed fue el Segundo Lobby Empresarial del Campus Ensenada"}]},{"@type":"WebSite","@id":"https:\/\/www.cetys.mx\/noticias\/#website","url":"https:\/\/www.cetys.mx\/noticias\/","name":"CETYS","description":"","potentialAction":[{"@type":"SearchAction","target":{"@type":"EntryPoint","urlTemplate":"https:\/\/www.cetys.mx\/noticias\/?s={search_term_string}"},"query-input":{"@type":"PropertyValueSpecification","valueRequired":true,"valueName":"search_term_string"}}],"inLanguage":"es"},{"@type":"Person","@id":"https:\/\/www.cetys.mx\/noticias\/#\/schema\/person\/1a1a88c0b6586e66a2e9e88e07afc712","name":"Campus Ensenada","url":"https:\/\/www.cetys.mx\/noticias\/author\/campusensenada\/"}]}},"_links":{"self":[{"href":"https:\/\/www.cetys.mx\/noticias\/wp-json\/wp\/v2\/posts\/123577","targetHints":{"allow":["GET"]}}],"collection":[{"href":"https:\/\/www.cetys.mx\/noticias\/wp-json\/wp\/v2\/posts"}],"about":[{"href":"https:\/\/www.cetys.mx\/noticias\/wp-json\/wp\/v2\/types\/post"}],"author":[{"embeddable":true,"href":"https:\/\/www.cetys.mx\/noticias\/wp-json\/wp\/v2\/users\/23"}],"replies":[{"embeddable":true,"href":"https:\/\/www.cetys.mx\/noticias\/wp-json\/wp\/v2\/comments?post=123577"}],"version-history":[{"count":0,"href":"https:\/\/www.cetys.mx\/noticias\/wp-json\/wp\/v2\/posts\/123577\/revisions"}],"wp:featuredmedia":[{"embeddable":true,"href":"https:\/\/www.cetys.mx\/noticias\/wp-json\/wp\/v2\/media\/123584"}],"wp:attachment":[{"href":"https:\/\/www.cetys.mx\/noticias\/wp-json\/wp\/v2\/media?parent=123577"}],"wp:term":[{"taxonomy":"category","embeddable":true,"href":"https:\/\/www.cetys.mx\/noticias\/wp-json\/wp\/v2\/categories?post=123577"},{"taxonomy":"post_tag","embeddable":true,"href":"https:\/\/www.cetys.mx\/noticias\/wp-json\/wp\/v2\/tags?post=123577"}],"curies":[{"name":"wp","href":"https:\/\/api.w.org\/{rel}","templated":true}]}}