{"id":123177,"date":"2018-11-29T12:15:08","date_gmt":"2018-11-29T20:15:08","guid":{"rendered":"http:\/\/www.cetys.mx\/noticias\/?p=123177"},"modified":"2018-12-03T10:48:03","modified_gmt":"2018-12-03T18:48:03","slug":"vamos-por-el-bicampeonato","status":"publish","type":"post","link":"https:\/\/www.cetys.mx\/noticias\/vamos-por-el-bicampeonato\/","title":{"rendered":"\u00a1Vamos por el Bicampeonato!"},"content":{"rendered":"<p style=\"text-align: justify;\">Llevar a casa el bicampeonato es el \u00fanico objetivo de Zorros de CETYS Universidad Campus Mexicali que disputar\u00e1 este s\u00e1bado la final 2018 del Grupo Libertad de la Conferencia Premier de la Conadeip en casa de los Borregos del ITESM Campus Quer\u00e9taro.<\/p>\n<p style=\"text-align: justify;\">\u201cLlegamos a esta instancia donde todos quer\u00edamos estar, no hay confianzas, nosotros trabajamos para sacar los resultados, los muchachos est\u00e1n enfocados en ejecutar cada vez mejor y conseguir la victoria\u201d, indic\u00f3 \u00c1ngel Medina, head coach del equipo mexicalense.<\/p>\n<p style=\"text-align: justify;\">A lo largo de los d\u00edas previos, Zorros de CETYS Mexicali ha estudiado a su rival, pero sobre todo ha trabajado en su propio desempe\u00f1o para encarar con su m\u00e1ximo potencial a los queretanos.<\/p>\n<div id=\"attachment_123180\" style=\"width: 960px\" class=\"wp-caption alignnone\"><img loading=\"lazy\" decoding=\"async\" aria-describedby=\"caption-attachment-123180\" class=\"size-full wp-image-123180\" src=\"https:\/\/www.cetys.mx\/noticias\/wp-content\/uploads\/2018\/11\/zorrosfinal4.jpg\" alt=\"\" width=\"950\" height=\"630\" srcset=\"https:\/\/www.cetys.mx\/noticias\/wp-content\/uploads\/2018\/11\/zorrosfinal4.jpg 950w, https:\/\/www.cetys.mx\/noticias\/wp-content\/uploads\/2018\/11\/zorrosfinal4-768x509.jpg 768w\" sizes=\"auto, (max-width: 950px) 100vw, 950px\" \/><p id=\"caption-attachment-123180\" class=\"wp-caption-text\">Los jugadores de CETYS Mexicali viajar\u00e1n a Quer\u00e9taro para un \u00faltimo encuentro.<\/p><\/div>\n<p style=\"text-align: justify;\">Ser visitantes es algo que no inquieta a los cachanillas, quienes desde la pretemporada han tenido constantes viajes, \u201ces algo que este equipo ha disfrutado, somos unos guerreros del camino, es algo que estamos acostumbrados y sabremos afrontar\u201d, expuso Medina.<\/p>\n<p style=\"text-align: justify;\">Por su parte el linebacker Rub\u00e9n Morales De la Fuente, igual que otros diez de sus compa\u00f1eros, tendr\u00e1 su \u00faltimo juego con los colores de Zorros, por ello el juego final tiene un saber especial.<\/p>\n<p style=\"text-align: justify;\">\u201c\u00bfA qui\u00e9n no le gustar\u00eda retirarse como un campe\u00f3n? y m\u00e1s con el equipo que me vio crecer\u201d, recalc\u00f3 el n\u00famero 40 de CETYS Mexicali.<\/p>\n<p style=\"text-align: justify;\">Morales De la Fuente describe a su equipo como uno acostumbrado a jugar finales, pero que todo es fruto del intenso trabajo a lo largo del a\u00f1o.<\/p>\n<div id=\"attachment_123181\" style=\"width: 960px\" class=\"wp-caption alignnone\"><img loading=\"lazy\" decoding=\"async\" aria-describedby=\"caption-attachment-123181\" class=\"size-full wp-image-123181\" src=\"https:\/\/www.cetys.mx\/noticias\/wp-content\/uploads\/2018\/11\/zorrosfinal1.jpg\" alt=\"\" width=\"950\" height=\"631\" srcset=\"https:\/\/www.cetys.mx\/noticias\/wp-content\/uploads\/2018\/11\/zorrosfinal1.jpg 950w, https:\/\/www.cetys.mx\/noticias\/wp-content\/uploads\/2018\/11\/zorrosfinal1-768x510.jpg 768w\" sizes=\"auto, (max-width: 950px) 100vw, 950px\" \/><p id=\"caption-attachment-123181\" class=\"wp-caption-text\">La final del Grupo Libertad es el s\u00e1bado 1 de diciembre a las 2 P.M.<\/p><\/div>\n<p style=\"text-align: justify;\">Mientras que para David \u00c1lvarez Quintana, strong safety del equipo, indic\u00f3 que todo el a\u00f1o de trabajo se reducir\u00e1 en cuatro cuartos, \u201cvamos por todo, estamos muy animados, nada confiados, vamos a salir a dar lo m\u00e1ximo, haremos valer todo el a\u00f1o de trabajo\u201d.<\/p>\n<p style=\"text-align: justify;\">Zorros de CETYS Mexicali viajar\u00e1 a Quer\u00e9taro desde las primeras horas de este viernes y estar listos para buscar retener el t\u00edtulo que conquistaron el a\u00f1o pasado; el juego est\u00e1 programado a las 14:00 horas tiempo de Baja California.<\/p>\n<p style=\"text-align: justify;\">\n","protected":false},"excerpt":{"rendered":"<p>Llevar a casa el bicampeonato es el \u00fanico objetivo de Zorros de CETYS Universidad Campus Mexicali que disputar\u00e1 este s\u00e1bado la final&#8230;<\/p>\n","protected":false},"author":20,"featured_media":123178,"comment_status":"open","ping_status":"closed","sticky":false,"template":"","format":"standard","meta":{"footnotes":""},"categories":[133,312,105],"tags":[3138,1900,933,2613,1523,2356],"class_list":["post-123177","post","type-post","status-publish","format-standard","has-post-thumbnail","hentry","category-campus-mexicali","category-deportes","category-vida-estudiantil","tag-bicampeonato","tag-final","tag-futbol-americano","tag-premier-conadeip","tag-zorros-del-cetys","tag-zorros-mxl"],"yoast_head":"<!-- This site is optimized with the Yoast SEO plugin v27.4 - https:\/\/yoast.com\/product\/yoast-seo-wordpress\/ -->\n<title>\u00a1Vamos por el Bicampeonato! - CETYS<\/title>\n<meta name=\"description\" content=\"Articulo sobre \u00a1Vamos por el Bicampeonato!\" \/>\n<meta name=\"robots\" content=\"index, follow, max-snippet:-1, max-image-preview:large, max-video-preview:-1\" \/>\n<link rel=\"canonical\" href=\"https:\/\/www.cetys.mx\/noticias\/vamos-por-el-bicampeonato\/\" \/>\n<meta property=\"og:locale\" content=\"es_MX\" \/>\n<meta property=\"og:type\" content=\"article\" \/>\n<meta property=\"og:title\" content=\"\u00a1Vamos por el Bicampeonato! - CETYS\" \/>\n<meta property=\"og:description\" content=\"Articulo sobre \u00a1Vamos por el Bicampeonato!\" \/>\n<meta property=\"og:url\" content=\"https:\/\/www.cetys.mx\/noticias\/vamos-por-el-bicampeonato\/\" \/>\n<meta property=\"og:site_name\" content=\"CETYS\" \/>\n<meta property=\"article:publisher\" content=\"https:\/\/www.facebook.com\/cetysuniversidadmxl\/\" \/>\n<meta property=\"article:published_time\" content=\"2018-11-29T20:15:08+00:00\" \/>\n<meta property=\"article:modified_time\" content=\"2018-12-03T18:48:03+00:00\" \/>\n<meta property=\"og:image\" content=\"https:\/\/www.cetys.mx\/noticias\/wp-content\/uploads\/2018\/11\/zorrosfinal3.jpg\" \/>\n\t<meta property=\"og:image:width\" content=\"950\" \/>\n\t<meta property=\"og:image:height\" content=\"631\" \/>\n\t<meta property=\"og:image:type\" content=\"image\/jpeg\" \/>\n<meta name=\"author\" content=\"Campus Mexicali\" \/>\n<meta name=\"twitter:card\" content=\"summary_large_image\" \/>\n<meta name=\"twitter:creator\" content=\"@cetysuni\" \/>\n<meta name=\"twitter:site\" content=\"@cetysuni\" \/>\n<meta name=\"twitter:label1\" content=\"Escrito por\" \/>\n\t<meta name=\"twitter:data1\" content=\"Campus Mexicali\" \/>\n\t<meta name=\"twitter:label2\" content=\"Tiempo de lectura\" \/>\n\t<meta name=\"twitter:data2\" content=\"2 minutos\" \/>\n<script type=\"application\/ld+json\" class=\"yoast-schema-graph\">{\"@context\":\"https:\\\/\\\/schema.org\",\"@graph\":[{\"@type\":\"Article\",\"@id\":\"https:\\\/\\\/www.cetys.mx\\\/noticias\\\/vamos-por-el-bicampeonato\\\/#article\",\"isPartOf\":{\"@id\":\"https:\\\/\\\/www.cetys.mx\\\/noticias\\\/vamos-por-el-bicampeonato\\\/\"},\"author\":{\"name\":\"Campus Mexicali\",\"@id\":\"https:\\\/\\\/www.cetys.mx\\\/noticias\\\/#\\\/schema\\\/person\\\/79a95c4ac185f3705cf1b9c9340a5f70\"},\"headline\":\"\u00a1Vamos por el Bicampeonato!\",\"datePublished\":\"2018-11-29T20:15:08+00:00\",\"dateModified\":\"2018-12-03T18:48:03+00:00\",\"mainEntityOfPage\":{\"@id\":\"https:\\\/\\\/www.cetys.mx\\\/noticias\\\/vamos-por-el-bicampeonato\\\/\"},\"wordCount\":389,\"commentCount\":0,\"image\":{\"@id\":\"https:\\\/\\\/www.cetys.mx\\\/noticias\\\/vamos-por-el-bicampeonato\\\/#primaryimage\"},\"thumbnailUrl\":\"https:\\\/\\\/www.cetys.mx\\\/noticias\\\/wp-content\\\/uploads\\\/2018\\\/11\\\/zorrosfinal3.jpg\",\"keywords\":[\"Bicampeonato\",\"Final\",\"Futbol Americano\",\"Premier CONADEIP\",\"zorros del CETYS\",\"Zorros MXL\"],\"articleSection\":[\"Campus Mexicali\",\"Deportes\",\"Vida Estudiantil\"],\"inLanguage\":\"es\",\"potentialAction\":[{\"@type\":\"CommentAction\",\"name\":\"Comment\",\"target\":[\"https:\\\/\\\/www.cetys.mx\\\/noticias\\\/vamos-por-el-bicampeonato\\\/#respond\"]}]},{\"@type\":\"WebPage\",\"@id\":\"https:\\\/\\\/www.cetys.mx\\\/noticias\\\/vamos-por-el-bicampeonato\\\/\",\"url\":\"https:\\\/\\\/www.cetys.mx\\\/noticias\\\/vamos-por-el-bicampeonato\\\/\",\"name\":\"\u00a1Vamos por el Bicampeonato! - CETYS\",\"isPartOf\":{\"@id\":\"https:\\\/\\\/www.cetys.mx\\\/noticias\\\/#website\"},\"primaryImageOfPage\":{\"@id\":\"https:\\\/\\\/www.cetys.mx\\\/noticias\\\/vamos-por-el-bicampeonato\\\/#primaryimage\"},\"image\":{\"@id\":\"https:\\\/\\\/www.cetys.mx\\\/noticias\\\/vamos-por-el-bicampeonato\\\/#primaryimage\"},\"thumbnailUrl\":\"https:\\\/\\\/www.cetys.mx\\\/noticias\\\/wp-content\\\/uploads\\\/2018\\\/11\\\/zorrosfinal3.jpg\",\"datePublished\":\"2018-11-29T20:15:08+00:00\",\"dateModified\":\"2018-12-03T18:48:03+00:00\",\"author\":{\"@id\":\"https:\\\/\\\/www.cetys.mx\\\/noticias\\\/#\\\/schema\\\/person\\\/79a95c4ac185f3705cf1b9c9340a5f70\"},\"description\":\"Articulo sobre \u00a1Vamos por el Bicampeonato!\",\"breadcrumb\":{\"@id\":\"https:\\\/\\\/www.cetys.mx\\\/noticias\\\/vamos-por-el-bicampeonato\\\/#breadcrumb\"},\"inLanguage\":\"es\",\"potentialAction\":[{\"@type\":\"ReadAction\",\"target\":[\"https:\\\/\\\/www.cetys.mx\\\/noticias\\\/vamos-por-el-bicampeonato\\\/\"]}]},{\"@type\":\"ImageObject\",\"inLanguage\":\"es\",\"@id\":\"https:\\\/\\\/www.cetys.mx\\\/noticias\\\/vamos-por-el-bicampeonato\\\/#primaryimage\",\"url\":\"https:\\\/\\\/www.cetys.mx\\\/noticias\\\/wp-content\\\/uploads\\\/2018\\\/11\\\/zorrosfinal3.jpg\",\"contentUrl\":\"https:\\\/\\\/www.cetys.mx\\\/noticias\\\/wp-content\\\/uploads\\\/2018\\\/11\\\/zorrosfinal3.jpg\",\"width\":950,\"height\":631,\"caption\":\"Rub\u00e9n Morales tendr\u00e1 su \u00faltimo juego con los colores de Zorros.\"},{\"@type\":\"BreadcrumbList\",\"@id\":\"https:\\\/\\\/www.cetys.mx\\\/noticias\\\/vamos-por-el-bicampeonato\\\/#breadcrumb\",\"itemListElement\":[{\"@type\":\"ListItem\",\"position\":1,\"name\":\"Inicio\",\"item\":\"https:\\\/\\\/www.cetys.mx\\\/noticias\\\/\"},{\"@type\":\"ListItem\",\"position\":2,\"name\":\"\u00a1Vamos por el Bicampeonato!\"}]},{\"@type\":\"WebSite\",\"@id\":\"https:\\\/\\\/www.cetys.mx\\\/noticias\\\/#website\",\"url\":\"https:\\\/\\\/www.cetys.mx\\\/noticias\\\/\",\"name\":\"CETYS\",\"description\":\"\",\"potentialAction\":[{\"@type\":\"SearchAction\",\"target\":{\"@type\":\"EntryPoint\",\"urlTemplate\":\"https:\\\/\\\/www.cetys.mx\\\/noticias\\\/?s={search_term_string}\"},\"query-input\":{\"@type\":\"PropertyValueSpecification\",\"valueRequired\":true,\"valueName\":\"search_term_string\"}}],\"inLanguage\":\"es\"},{\"@type\":\"Person\",\"@id\":\"https:\\\/\\\/www.cetys.mx\\\/noticias\\\/#\\\/schema\\\/person\\\/79a95c4ac185f3705cf1b9c9340a5f70\",\"name\":\"Campus Mexicali\",\"url\":\"https:\\\/\\\/www.cetys.mx\\\/noticias\\\/author\\\/campusmexicali\\\/\"}]}<\/script>\n<!-- \/ Yoast SEO plugin. -->","yoast_head_json":{"title":"\u00a1Vamos por el Bicampeonato! - CETYS","description":"Articulo sobre \u00a1Vamos por el Bicampeonato!","robots":{"index":"index","follow":"follow","max-snippet":"max-snippet:-1","max-image-preview":"max-image-preview:large","max-video-preview":"max-video-preview:-1"},"canonical":"https:\/\/www.cetys.mx\/noticias\/vamos-por-el-bicampeonato\/","og_locale":"es_MX","og_type":"article","og_title":"\u00a1Vamos por el Bicampeonato! - CETYS","og_description":"Articulo sobre \u00a1Vamos por el Bicampeonato!","og_url":"https:\/\/www.cetys.mx\/noticias\/vamos-por-el-bicampeonato\/","og_site_name":"CETYS","article_publisher":"https:\/\/www.facebook.com\/cetysuniversidadmxl\/","article_published_time":"2018-11-29T20:15:08+00:00","article_modified_time":"2018-12-03T18:48:03+00:00","og_image":[{"width":950,"height":631,"url":"https:\/\/www.cetys.mx\/noticias\/wp-content\/uploads\/2018\/11\/zorrosfinal3.jpg","type":"image\/jpeg"}],"author":"Campus Mexicali","twitter_card":"summary_large_image","twitter_creator":"@cetysuni","twitter_site":"@cetysuni","twitter_misc":{"Escrito por":"Campus Mexicali","Tiempo de lectura":"2 minutos"},"schema":{"@context":"https:\/\/schema.org","@graph":[{"@type":"Article","@id":"https:\/\/www.cetys.mx\/noticias\/vamos-por-el-bicampeonato\/#article","isPartOf":{"@id":"https:\/\/www.cetys.mx\/noticias\/vamos-por-el-bicampeonato\/"},"author":{"name":"Campus Mexicali","@id":"https:\/\/www.cetys.mx\/noticias\/#\/schema\/person\/79a95c4ac185f3705cf1b9c9340a5f70"},"headline":"\u00a1Vamos por el Bicampeonato!","datePublished":"2018-11-29T20:15:08+00:00","dateModified":"2018-12-03T18:48:03+00:00","mainEntityOfPage":{"@id":"https:\/\/www.cetys.mx\/noticias\/vamos-por-el-bicampeonato\/"},"wordCount":389,"commentCount":0,"image":{"@id":"https:\/\/www.cetys.mx\/noticias\/vamos-por-el-bicampeonato\/#primaryimage"},"thumbnailUrl":"https:\/\/www.cetys.mx\/noticias\/wp-content\/uploads\/2018\/11\/zorrosfinal3.jpg","keywords":["Bicampeonato","Final","Futbol Americano","Premier CONADEIP","zorros del CETYS","Zorros MXL"],"articleSection":["Campus Mexicali","Deportes","Vida Estudiantil"],"inLanguage":"es","potentialAction":[{"@type":"CommentAction","name":"Comment","target":["https:\/\/www.cetys.mx\/noticias\/vamos-por-el-bicampeonato\/#respond"]}]},{"@type":"WebPage","@id":"https:\/\/www.cetys.mx\/noticias\/vamos-por-el-bicampeonato\/","url":"https:\/\/www.cetys.mx\/noticias\/vamos-por-el-bicampeonato\/","name":"\u00a1Vamos por el Bicampeonato! - CETYS","isPartOf":{"@id":"https:\/\/www.cetys.mx\/noticias\/#website"},"primaryImageOfPage":{"@id":"https:\/\/www.cetys.mx\/noticias\/vamos-por-el-bicampeonato\/#primaryimage"},"image":{"@id":"https:\/\/www.cetys.mx\/noticias\/vamos-por-el-bicampeonato\/#primaryimage"},"thumbnailUrl":"https:\/\/www.cetys.mx\/noticias\/wp-content\/uploads\/2018\/11\/zorrosfinal3.jpg","datePublished":"2018-11-29T20:15:08+00:00","dateModified":"2018-12-03T18:48:03+00:00","author":{"@id":"https:\/\/www.cetys.mx\/noticias\/#\/schema\/person\/79a95c4ac185f3705cf1b9c9340a5f70"},"description":"Articulo sobre \u00a1Vamos por el Bicampeonato!","breadcrumb":{"@id":"https:\/\/www.cetys.mx\/noticias\/vamos-por-el-bicampeonato\/#breadcrumb"},"inLanguage":"es","potentialAction":[{"@type":"ReadAction","target":["https:\/\/www.cetys.mx\/noticias\/vamos-por-el-bicampeonato\/"]}]},{"@type":"ImageObject","inLanguage":"es","@id":"https:\/\/www.cetys.mx\/noticias\/vamos-por-el-bicampeonato\/#primaryimage","url":"https:\/\/www.cetys.mx\/noticias\/wp-content\/uploads\/2018\/11\/zorrosfinal3.jpg","contentUrl":"https:\/\/www.cetys.mx\/noticias\/wp-content\/uploads\/2018\/11\/zorrosfinal3.jpg","width":950,"height":631,"caption":"Rub\u00e9n Morales tendr\u00e1 su \u00faltimo juego con los colores de Zorros."},{"@type":"BreadcrumbList","@id":"https:\/\/www.cetys.mx\/noticias\/vamos-por-el-bicampeonato\/#breadcrumb","itemListElement":[{"@type":"ListItem","position":1,"name":"Inicio","item":"https:\/\/www.cetys.mx\/noticias\/"},{"@type":"ListItem","position":2,"name":"\u00a1Vamos por el Bicampeonato!"}]},{"@type":"WebSite","@id":"https:\/\/www.cetys.mx\/noticias\/#website","url":"https:\/\/www.cetys.mx\/noticias\/","name":"CETYS","description":"","potentialAction":[{"@type":"SearchAction","target":{"@type":"EntryPoint","urlTemplate":"https:\/\/www.cetys.mx\/noticias\/?s={search_term_string}"},"query-input":{"@type":"PropertyValueSpecification","valueRequired":true,"valueName":"search_term_string"}}],"inLanguage":"es"},{"@type":"Person","@id":"https:\/\/www.cetys.mx\/noticias\/#\/schema\/person\/79a95c4ac185f3705cf1b9c9340a5f70","name":"Campus Mexicali","url":"https:\/\/www.cetys.mx\/noticias\/author\/campusmexicali\/"}]}},"_links":{"self":[{"href":"https:\/\/www.cetys.mx\/noticias\/wp-json\/wp\/v2\/posts\/123177","targetHints":{"allow":["GET"]}}],"collection":[{"href":"https:\/\/www.cetys.mx\/noticias\/wp-json\/wp\/v2\/posts"}],"about":[{"href":"https:\/\/www.cetys.mx\/noticias\/wp-json\/wp\/v2\/types\/post"}],"author":[{"embeddable":true,"href":"https:\/\/www.cetys.mx\/noticias\/wp-json\/wp\/v2\/users\/20"}],"replies":[{"embeddable":true,"href":"https:\/\/www.cetys.mx\/noticias\/wp-json\/wp\/v2\/comments?post=123177"}],"version-history":[{"count":0,"href":"https:\/\/www.cetys.mx\/noticias\/wp-json\/wp\/v2\/posts\/123177\/revisions"}],"wp:featuredmedia":[{"embeddable":true,"href":"https:\/\/www.cetys.mx\/noticias\/wp-json\/wp\/v2\/media\/123178"}],"wp:attachment":[{"href":"https:\/\/www.cetys.mx\/noticias\/wp-json\/wp\/v2\/media?parent=123177"}],"wp:term":[{"taxonomy":"category","embeddable":true,"href":"https:\/\/www.cetys.mx\/noticias\/wp-json\/wp\/v2\/categories?post=123177"},{"taxonomy":"post_tag","embeddable":true,"href":"https:\/\/www.cetys.mx\/noticias\/wp-json\/wp\/v2\/tags?post=123177"}],"curies":[{"name":"wp","href":"https:\/\/api.w.org\/{rel}","templated":true}]}}