{"id":123091,"date":"2018-11-28T11:04:16","date_gmt":"2018-11-28T19:04:16","guid":{"rendered":"http:\/\/www.cetys.mx\/noticias\/?p=123091"},"modified":"2018-12-03T10:49:24","modified_gmt":"2018-12-03T18:49:24","slug":"responsabilidad-social-empresarial-competitividad-en-la-era-del-desarrollo-sostenible","status":"publish","type":"post","link":"https:\/\/www.cetys.mx\/noticias\/responsabilidad-social-empresarial-competitividad-en-la-era-del-desarrollo-sostenible\/","title":{"rendered":"Responsabilidad social empresarial: competitividad en la era del desarrollo sostenible"},"content":{"rendered":"<p style=\"text-align: justify;\">La competitividad de las empresas est\u00e1 cada vez m\u00e1s relacionada con su capacidad para afrontar un mayor y m\u00e1s fuerte n\u00famero de retos, a la vez que atienden las nuevas y crecientes exigencias del mercado y el entorno social.<\/p>\n<p style=\"text-align: justify;\">Por lo tanto, los instrumentos de responsabilidad y sostenibilidad se han consolidado como mecanismos fundamentales para enfrentar estas nuevas condiciones del mercado, y prepararse para las tendencias globales que afectan a las empresas.<\/p>\n<p style=\"text-align: justify;\">Con estas problem\u00e1ticas en mente, el Colegio de Administraci\u00f3n y Negocios a trav\u00e9s de la Iniciativa de C\u00e1tedra de \u00c9tica, Empresa y Sociedad, invit\u00f3 al experto en Responsabilidad Social, Dr. Gustavo A. Yepes L\u00f3pez.<\/p>\n<p style=\"text-align: justify;\">El Dr. Yepes, ofreci\u00f3 a los asistentes las nociones, herramientas y perspectivas necesarias para incorporar en cualquier empresa directrices fundamentales en materia de responsabilidad social y sostenibilidad corporativa, en la estrategia del negocio.<\/p>\n<p style=\"text-align: justify;\">Seminarios como este forman parte de los objetivos de CETYS Universidad, para vincular a docentes, miembros de la comunidad empresarial y dirigentes de asociaciones civiles a la din\u00e1mica que se vive en las empresas, de la mano de expertos de amplia experiencia con un enfoque en las problem\u00e1ticas de la actualidad.<\/p>\n","protected":false},"excerpt":{"rendered":"<p>La competitividad de las empresas est\u00e1 cada vez m\u00e1s relacionada con su capacidad para afrontar un mayor y m\u00e1s fuerte n\u00famero de&#8230;<\/p>\n","protected":false},"author":20,"featured_media":123015,"comment_status":"open","ping_status":"closed","sticky":false,"template":"","format":"standard","meta":{"footnotes":""},"categories":[133,111],"tags":[3131,2804,3132],"class_list":["post-123091","post","type-post","status-publish","format-standard","has-post-thumbnail","hentry","category-campus-mexicali","category-emprendimiento","tag-empresas-y-responsabilidad-social","tag-responsabilidad-social","tag-sonstenibilidad"],"yoast_head":"<!-- This site is optimized with the Yoast SEO plugin v27.4 - https:\/\/yoast.com\/product\/yoast-seo-wordpress\/ -->\n<title>Responsabilidad social empresarial: competitividad en la era del desarrollo sostenible - CETYS<\/title>\n<meta name=\"description\" content=\"Articulo sobre Responsabilidad social empresarial: competitividad en la era del desarrollo sostenible\" \/>\n<meta name=\"robots\" content=\"index, follow, max-snippet:-1, max-image-preview:large, max-video-preview:-1\" \/>\n<link rel=\"canonical\" href=\"https:\/\/www.cetys.mx\/noticias\/responsabilidad-social-empresarial-competitividad-en-la-era-del-desarrollo-sostenible\/\" \/>\n<meta property=\"og:locale\" content=\"es_MX\" \/>\n<meta property=\"og:type\" content=\"article\" \/>\n<meta property=\"og:title\" content=\"Responsabilidad social empresarial: competitividad en la era del desarrollo sostenible - CETYS\" \/>\n<meta property=\"og:description\" content=\"Articulo sobre Responsabilidad social empresarial: competitividad en la era del desarrollo sostenible\" \/>\n<meta property=\"og:url\" content=\"https:\/\/www.cetys.mx\/noticias\/responsabilidad-social-empresarial-competitividad-en-la-era-del-desarrollo-sostenible\/\" \/>\n<meta property=\"og:site_name\" content=\"CETYS\" \/>\n<meta property=\"article:publisher\" content=\"https:\/\/www.facebook.com\/cetysuniversidadmxl\/\" \/>\n<meta property=\"article:published_time\" content=\"2018-11-28T19:04:16+00:00\" \/>\n<meta property=\"article:modified_time\" content=\"2018-12-03T18:49:24+00:00\" \/>\n<meta property=\"og:image\" content=\"https:\/\/www.cetys.mx\/noticias\/wp-content\/uploads\/2018\/11\/SeminarioResponsabilidadSocial.jpg\" \/>\n\t<meta property=\"og:image:width\" content=\"958\" \/>\n\t<meta property=\"og:image:height\" content=\"637\" \/>\n\t<meta property=\"og:image:type\" content=\"image\/jpeg\" \/>\n<meta name=\"author\" content=\"Campus Mexicali\" \/>\n<meta name=\"twitter:card\" content=\"summary_large_image\" \/>\n<meta name=\"twitter:creator\" content=\"@cetysuni\" \/>\n<meta name=\"twitter:site\" content=\"@cetysuni\" \/>\n<meta name=\"twitter:label1\" content=\"Escrito por\" \/>\n\t<meta name=\"twitter:data1\" content=\"Campus Mexicali\" \/>\n\t<meta name=\"twitter:label2\" content=\"Tiempo de lectura\" \/>\n\t<meta name=\"twitter:data2\" content=\"1 minuto\" \/>\n<script type=\"application\/ld+json\" class=\"yoast-schema-graph\">{\"@context\":\"https:\\\/\\\/schema.org\",\"@graph\":[{\"@type\":\"Article\",\"@id\":\"https:\\\/\\\/www.cetys.mx\\\/noticias\\\/responsabilidad-social-empresarial-competitividad-en-la-era-del-desarrollo-sostenible\\\/#article\",\"isPartOf\":{\"@id\":\"https:\\\/\\\/www.cetys.mx\\\/noticias\\\/responsabilidad-social-empresarial-competitividad-en-la-era-del-desarrollo-sostenible\\\/\"},\"author\":{\"name\":\"Campus Mexicali\",\"@id\":\"https:\\\/\\\/www.cetys.mx\\\/noticias\\\/#\\\/schema\\\/person\\\/79a95c4ac185f3705cf1b9c9340a5f70\"},\"headline\":\"Responsabilidad social empresarial: competitividad en la era del desarrollo sostenible\",\"datePublished\":\"2018-11-28T19:04:16+00:00\",\"dateModified\":\"2018-12-03T18:49:24+00:00\",\"mainEntityOfPage\":{\"@id\":\"https:\\\/\\\/www.cetys.mx\\\/noticias\\\/responsabilidad-social-empresarial-competitividad-en-la-era-del-desarrollo-sostenible\\\/\"},\"wordCount\":210,\"commentCount\":0,\"image\":{\"@id\":\"https:\\\/\\\/www.cetys.mx\\\/noticias\\\/responsabilidad-social-empresarial-competitividad-en-la-era-del-desarrollo-sostenible\\\/#primaryimage\"},\"thumbnailUrl\":\"https:\\\/\\\/www.cetys.mx\\\/noticias\\\/wp-content\\\/uploads\\\/2018\\\/11\\\/SeminarioResponsabilidadSocial.jpg\",\"keywords\":[\"Empresas y Responsabilidad Social\",\"Responsabilidad Social\",\"Sonstenibilidad\"],\"articleSection\":[\"Campus Mexicali\",\"Emprendimiento\"],\"inLanguage\":\"es\",\"potentialAction\":[{\"@type\":\"CommentAction\",\"name\":\"Comment\",\"target\":[\"https:\\\/\\\/www.cetys.mx\\\/noticias\\\/responsabilidad-social-empresarial-competitividad-en-la-era-del-desarrollo-sostenible\\\/#respond\"]}]},{\"@type\":\"WebPage\",\"@id\":\"https:\\\/\\\/www.cetys.mx\\\/noticias\\\/responsabilidad-social-empresarial-competitividad-en-la-era-del-desarrollo-sostenible\\\/\",\"url\":\"https:\\\/\\\/www.cetys.mx\\\/noticias\\\/responsabilidad-social-empresarial-competitividad-en-la-era-del-desarrollo-sostenible\\\/\",\"name\":\"Responsabilidad social empresarial: competitividad en la era del desarrollo sostenible - CETYS\",\"isPartOf\":{\"@id\":\"https:\\\/\\\/www.cetys.mx\\\/noticias\\\/#website\"},\"primaryImageOfPage\":{\"@id\":\"https:\\\/\\\/www.cetys.mx\\\/noticias\\\/responsabilidad-social-empresarial-competitividad-en-la-era-del-desarrollo-sostenible\\\/#primaryimage\"},\"image\":{\"@id\":\"https:\\\/\\\/www.cetys.mx\\\/noticias\\\/responsabilidad-social-empresarial-competitividad-en-la-era-del-desarrollo-sostenible\\\/#primaryimage\"},\"thumbnailUrl\":\"https:\\\/\\\/www.cetys.mx\\\/noticias\\\/wp-content\\\/uploads\\\/2018\\\/11\\\/SeminarioResponsabilidadSocial.jpg\",\"datePublished\":\"2018-11-28T19:04:16+00:00\",\"dateModified\":\"2018-12-03T18:49:24+00:00\",\"author\":{\"@id\":\"https:\\\/\\\/www.cetys.mx\\\/noticias\\\/#\\\/schema\\\/person\\\/79a95c4ac185f3705cf1b9c9340a5f70\"},\"description\":\"Articulo sobre Responsabilidad social empresarial: competitividad en la era del desarrollo sostenible\",\"breadcrumb\":{\"@id\":\"https:\\\/\\\/www.cetys.mx\\\/noticias\\\/responsabilidad-social-empresarial-competitividad-en-la-era-del-desarrollo-sostenible\\\/#breadcrumb\"},\"inLanguage\":\"es\",\"potentialAction\":[{\"@type\":\"ReadAction\",\"target\":[\"https:\\\/\\\/www.cetys.mx\\\/noticias\\\/responsabilidad-social-empresarial-competitividad-en-la-era-del-desarrollo-sostenible\\\/\"]}]},{\"@type\":\"ImageObject\",\"inLanguage\":\"es\",\"@id\":\"https:\\\/\\\/www.cetys.mx\\\/noticias\\\/responsabilidad-social-empresarial-competitividad-en-la-era-del-desarrollo-sostenible\\\/#primaryimage\",\"url\":\"https:\\\/\\\/www.cetys.mx\\\/noticias\\\/wp-content\\\/uploads\\\/2018\\\/11\\\/SeminarioResponsabilidadSocial.jpg\",\"contentUrl\":\"https:\\\/\\\/www.cetys.mx\\\/noticias\\\/wp-content\\\/uploads\\\/2018\\\/11\\\/SeminarioResponsabilidadSocial.jpg\",\"width\":958,\"height\":637},{\"@type\":\"BreadcrumbList\",\"@id\":\"https:\\\/\\\/www.cetys.mx\\\/noticias\\\/responsabilidad-social-empresarial-competitividad-en-la-era-del-desarrollo-sostenible\\\/#breadcrumb\",\"itemListElement\":[{\"@type\":\"ListItem\",\"position\":1,\"name\":\"Inicio\",\"item\":\"https:\\\/\\\/www.cetys.mx\\\/noticias\\\/\"},{\"@type\":\"ListItem\",\"position\":2,\"name\":\"Responsabilidad social empresarial: competitividad en la era del desarrollo sostenible\"}]},{\"@type\":\"WebSite\",\"@id\":\"https:\\\/\\\/www.cetys.mx\\\/noticias\\\/#website\",\"url\":\"https:\\\/\\\/www.cetys.mx\\\/noticias\\\/\",\"name\":\"CETYS\",\"description\":\"\",\"potentialAction\":[{\"@type\":\"SearchAction\",\"target\":{\"@type\":\"EntryPoint\",\"urlTemplate\":\"https:\\\/\\\/www.cetys.mx\\\/noticias\\\/?s={search_term_string}\"},\"query-input\":{\"@type\":\"PropertyValueSpecification\",\"valueRequired\":true,\"valueName\":\"search_term_string\"}}],\"inLanguage\":\"es\"},{\"@type\":\"Person\",\"@id\":\"https:\\\/\\\/www.cetys.mx\\\/noticias\\\/#\\\/schema\\\/person\\\/79a95c4ac185f3705cf1b9c9340a5f70\",\"name\":\"Campus Mexicali\",\"url\":\"https:\\\/\\\/www.cetys.mx\\\/noticias\\\/author\\\/campusmexicali\\\/\"}]}<\/script>\n<!-- \/ Yoast SEO plugin. -->","yoast_head_json":{"title":"Responsabilidad social empresarial: competitividad en la era del desarrollo sostenible - CETYS","description":"Articulo sobre Responsabilidad social empresarial: competitividad en la era del desarrollo sostenible","robots":{"index":"index","follow":"follow","max-snippet":"max-snippet:-1","max-image-preview":"max-image-preview:large","max-video-preview":"max-video-preview:-1"},"canonical":"https:\/\/www.cetys.mx\/noticias\/responsabilidad-social-empresarial-competitividad-en-la-era-del-desarrollo-sostenible\/","og_locale":"es_MX","og_type":"article","og_title":"Responsabilidad social empresarial: competitividad en la era del desarrollo sostenible - CETYS","og_description":"Articulo sobre Responsabilidad social empresarial: competitividad en la era del desarrollo sostenible","og_url":"https:\/\/www.cetys.mx\/noticias\/responsabilidad-social-empresarial-competitividad-en-la-era-del-desarrollo-sostenible\/","og_site_name":"CETYS","article_publisher":"https:\/\/www.facebook.com\/cetysuniversidadmxl\/","article_published_time":"2018-11-28T19:04:16+00:00","article_modified_time":"2018-12-03T18:49:24+00:00","og_image":[{"width":958,"height":637,"url":"https:\/\/www.cetys.mx\/noticias\/wp-content\/uploads\/2018\/11\/SeminarioResponsabilidadSocial.jpg","type":"image\/jpeg"}],"author":"Campus Mexicali","twitter_card":"summary_large_image","twitter_creator":"@cetysuni","twitter_site":"@cetysuni","twitter_misc":{"Escrito por":"Campus Mexicali","Tiempo de lectura":"1 minuto"},"schema":{"@context":"https:\/\/schema.org","@graph":[{"@type":"Article","@id":"https:\/\/www.cetys.mx\/noticias\/responsabilidad-social-empresarial-competitividad-en-la-era-del-desarrollo-sostenible\/#article","isPartOf":{"@id":"https:\/\/www.cetys.mx\/noticias\/responsabilidad-social-empresarial-competitividad-en-la-era-del-desarrollo-sostenible\/"},"author":{"name":"Campus Mexicali","@id":"https:\/\/www.cetys.mx\/noticias\/#\/schema\/person\/79a95c4ac185f3705cf1b9c9340a5f70"},"headline":"Responsabilidad social empresarial: competitividad en la era del desarrollo sostenible","datePublished":"2018-11-28T19:04:16+00:00","dateModified":"2018-12-03T18:49:24+00:00","mainEntityOfPage":{"@id":"https:\/\/www.cetys.mx\/noticias\/responsabilidad-social-empresarial-competitividad-en-la-era-del-desarrollo-sostenible\/"},"wordCount":210,"commentCount":0,"image":{"@id":"https:\/\/www.cetys.mx\/noticias\/responsabilidad-social-empresarial-competitividad-en-la-era-del-desarrollo-sostenible\/#primaryimage"},"thumbnailUrl":"https:\/\/www.cetys.mx\/noticias\/wp-content\/uploads\/2018\/11\/SeminarioResponsabilidadSocial.jpg","keywords":["Empresas y Responsabilidad Social","Responsabilidad Social","Sonstenibilidad"],"articleSection":["Campus Mexicali","Emprendimiento"],"inLanguage":"es","potentialAction":[{"@type":"CommentAction","name":"Comment","target":["https:\/\/www.cetys.mx\/noticias\/responsabilidad-social-empresarial-competitividad-en-la-era-del-desarrollo-sostenible\/#respond"]}]},{"@type":"WebPage","@id":"https:\/\/www.cetys.mx\/noticias\/responsabilidad-social-empresarial-competitividad-en-la-era-del-desarrollo-sostenible\/","url":"https:\/\/www.cetys.mx\/noticias\/responsabilidad-social-empresarial-competitividad-en-la-era-del-desarrollo-sostenible\/","name":"Responsabilidad social empresarial: competitividad en la era del desarrollo sostenible - CETYS","isPartOf":{"@id":"https:\/\/www.cetys.mx\/noticias\/#website"},"primaryImageOfPage":{"@id":"https:\/\/www.cetys.mx\/noticias\/responsabilidad-social-empresarial-competitividad-en-la-era-del-desarrollo-sostenible\/#primaryimage"},"image":{"@id":"https:\/\/www.cetys.mx\/noticias\/responsabilidad-social-empresarial-competitividad-en-la-era-del-desarrollo-sostenible\/#primaryimage"},"thumbnailUrl":"https:\/\/www.cetys.mx\/noticias\/wp-content\/uploads\/2018\/11\/SeminarioResponsabilidadSocial.jpg","datePublished":"2018-11-28T19:04:16+00:00","dateModified":"2018-12-03T18:49:24+00:00","author":{"@id":"https:\/\/www.cetys.mx\/noticias\/#\/schema\/person\/79a95c4ac185f3705cf1b9c9340a5f70"},"description":"Articulo sobre Responsabilidad social empresarial: competitividad en la era del desarrollo sostenible","breadcrumb":{"@id":"https:\/\/www.cetys.mx\/noticias\/responsabilidad-social-empresarial-competitividad-en-la-era-del-desarrollo-sostenible\/#breadcrumb"},"inLanguage":"es","potentialAction":[{"@type":"ReadAction","target":["https:\/\/www.cetys.mx\/noticias\/responsabilidad-social-empresarial-competitividad-en-la-era-del-desarrollo-sostenible\/"]}]},{"@type":"ImageObject","inLanguage":"es","@id":"https:\/\/www.cetys.mx\/noticias\/responsabilidad-social-empresarial-competitividad-en-la-era-del-desarrollo-sostenible\/#primaryimage","url":"https:\/\/www.cetys.mx\/noticias\/wp-content\/uploads\/2018\/11\/SeminarioResponsabilidadSocial.jpg","contentUrl":"https:\/\/www.cetys.mx\/noticias\/wp-content\/uploads\/2018\/11\/SeminarioResponsabilidadSocial.jpg","width":958,"height":637},{"@type":"BreadcrumbList","@id":"https:\/\/www.cetys.mx\/noticias\/responsabilidad-social-empresarial-competitividad-en-la-era-del-desarrollo-sostenible\/#breadcrumb","itemListElement":[{"@type":"ListItem","position":1,"name":"Inicio","item":"https:\/\/www.cetys.mx\/noticias\/"},{"@type":"ListItem","position":2,"name":"Responsabilidad social empresarial: competitividad en la era del desarrollo sostenible"}]},{"@type":"WebSite","@id":"https:\/\/www.cetys.mx\/noticias\/#website","url":"https:\/\/www.cetys.mx\/noticias\/","name":"CETYS","description":"","potentialAction":[{"@type":"SearchAction","target":{"@type":"EntryPoint","urlTemplate":"https:\/\/www.cetys.mx\/noticias\/?s={search_term_string}"},"query-input":{"@type":"PropertyValueSpecification","valueRequired":true,"valueName":"search_term_string"}}],"inLanguage":"es"},{"@type":"Person","@id":"https:\/\/www.cetys.mx\/noticias\/#\/schema\/person\/79a95c4ac185f3705cf1b9c9340a5f70","name":"Campus Mexicali","url":"https:\/\/www.cetys.mx\/noticias\/author\/campusmexicali\/"}]}},"_links":{"self":[{"href":"https:\/\/www.cetys.mx\/noticias\/wp-json\/wp\/v2\/posts\/123091","targetHints":{"allow":["GET"]}}],"collection":[{"href":"https:\/\/www.cetys.mx\/noticias\/wp-json\/wp\/v2\/posts"}],"about":[{"href":"https:\/\/www.cetys.mx\/noticias\/wp-json\/wp\/v2\/types\/post"}],"author":[{"embeddable":true,"href":"https:\/\/www.cetys.mx\/noticias\/wp-json\/wp\/v2\/users\/20"}],"replies":[{"embeddable":true,"href":"https:\/\/www.cetys.mx\/noticias\/wp-json\/wp\/v2\/comments?post=123091"}],"version-history":[{"count":0,"href":"https:\/\/www.cetys.mx\/noticias\/wp-json\/wp\/v2\/posts\/123091\/revisions"}],"wp:featuredmedia":[{"embeddable":true,"href":"https:\/\/www.cetys.mx\/noticias\/wp-json\/wp\/v2\/media\/123015"}],"wp:attachment":[{"href":"https:\/\/www.cetys.mx\/noticias\/wp-json\/wp\/v2\/media?parent=123091"}],"wp:term":[{"taxonomy":"category","embeddable":true,"href":"https:\/\/www.cetys.mx\/noticias\/wp-json\/wp\/v2\/categories?post=123091"},{"taxonomy":"post_tag","embeddable":true,"href":"https:\/\/www.cetys.mx\/noticias\/wp-json\/wp\/v2\/tags?post=123091"}],"curies":[{"name":"wp","href":"https:\/\/api.w.org\/{rel}","templated":true}]}}