{"id":122829,"date":"2018-11-21T17:29:39","date_gmt":"2018-11-22T01:29:39","guid":{"rendered":"http:\/\/www.cetys.mx\/noticias\/?p=122829"},"modified":"2018-11-21T17:29:39","modified_gmt":"2018-11-22T01:29:39","slug":"reconocen-a-jugador-de-campus-tijuana-en-la-conferencia-premier-conadeip","status":"publish","type":"post","link":"https:\/\/www.cetys.mx\/noticias\/reconocen-a-jugador-de-campus-tijuana-en-la-conferencia-premier-conadeip\/","title":{"rendered":"Reconocen a jugador de Campus Tijuana en la Conferencia Premier CONADEIP"},"content":{"rendered":"<p style=\"font-weight: 400;\">Termin\u00f3 la competencia para <strong>Zorros del CETYS Tijuana<\/strong> en la presente temporada, pero no todo fue adverso. Adem\u00e1s de cerrar venciendo a Potros ITSON en tiempo extra por 39-36, lleg\u00f3 un reconocimiento especial al campus.<\/p>\n<p style=\"font-weight: 400;\">La <a href=\"https:\/\/www.conadeipfba.org.mx\/\"><strong>Conferencia Premier de F\u00fatbol Americano CONADEIP<\/strong><\/a> nombr\u00f3 a <strong>Gabriel Monta\u00f1o<\/strong> como <a href=\"https:\/\/www.conadeipfba.org.mx\/boletines-oficiales\/21-11-2018\/montano-altamirano-y-retana-jugadores-de-la-semana-11\">&#8220;Jugador Ofensivo de la Semana&#8221;<\/a>, producto de las estad\u00edsticas generadas el pasado 17 de noviembre en el <strong>Estadio &#8220;Margarita Astiazar\u00e1n de Fimbres&#8221;<\/strong>.<\/p>\n<blockquote>\n<p style=\"font-weight: 400;\"><em>&#8220;La misi\u00f3n fue ganar este partido, eso quer\u00edamos; no irnos de vacaciones sin saber lo que es festejar algo as\u00ed. Me doli\u00f3 un poco la rodilla durante todo el juego, pero no quise quedarme sentado esta vez. Me ausent\u00e9 un partido y sent\u00ed esa ocasi\u00f3n que defraud\u00e9 a mis compa\u00f1eros. Me alegro que haya terminado el juego de esta manera: sin luz solar y en tiempo extra. El pr\u00f3ximo a\u00f1o seremos mejores&#8221;<\/em>, dijo <strong>Monta\u00f1o<\/strong>.<\/p>\n<\/blockquote>\n<div id=\"attachment_122831\" style=\"width: 965px\" class=\"wp-caption alignnone\"><img loading=\"lazy\" decoding=\"async\" aria-describedby=\"caption-attachment-122831\" class=\"size-full wp-image-122831\" src=\"https:\/\/www.cetys.mx\/noticias\/wp-content\/uploads\/2018\/11\/MG_6219-e1542849930718.jpg\" alt=\"\" width=\"955\" height=\"637\" \/><p id=\"caption-attachment-122831\" class=\"wp-caption-text\">Es la segunda vez que Monta\u00f1o recibe este galard\u00f3n en su carrera universitaria.\u00a0<\/p><\/div>\n<p style=\"font-weight: 400;\">A pesar de una lesi\u00f3n en la rodilla derecha, el mariscal de campo complet\u00f3 27 pases de 46 intentos (3 fueron para anotaci\u00f3n); adem\u00e1s, produjo 278 yardas y 126.63 puntos de eficiencia. El portador del &#8220;12&#8221; en la camiseta abander\u00f3 una \u00e9pica batalla que dur\u00f3 casi 3 horas y media, misma que vio c\u00f3mo el sol se fue a la altura del tablero electr\u00f3nico.<\/p>\n<p style=\"font-weight: 400;\"><em>&#8220;A este grupo de muchachos le falt\u00f3 profundidad, pero nunca carecieron de car\u00e1cter durante el torneo<\/em> -agreg\u00f3 el entrenador <strong>Ernesto Campa<\/strong>-. <em><strong>Gabriel (Monta\u00f1o)<\/strong>, para nosotros, es el &#8216;Jugador M\u00e1s Valioso&#8217; de esta temporada; su fortaleza mental y esp\u00edritu de competencia son sorprendentes. No creo que haya alguien como \u00e9l en toda la Liga, al menos este a\u00f1o&#8221;.<\/em><\/p>\n<p style=\"font-weight: 400;\">Fue una campa\u00f1a muy complicada para <strong>Zorros Tijuana<\/strong> con un plantel reducido, muchos lesionados y algunas victorias que se fueron de las manos. Es por eso que el resultado sobre Potros fue m\u00e1s que un triunfo y el canto victorioso de <a href=\"https:\/\/youtu.be\/xmPmoLvoHmM\">&#8220;Seven Nation Army&#8221;<\/a> fue indispensable en el camino del emparrillado al vestidor.<\/p>\n<div id=\"attachment_122830\" style=\"width: 965px\" class=\"wp-caption alignnone\"><img loading=\"lazy\" decoding=\"async\" aria-describedby=\"caption-attachment-122830\" class=\"size-full wp-image-122830\" src=\"https:\/\/www.cetys.mx\/noticias\/wp-content\/uploads\/2018\/11\/MG_6522-e1542849785745.jpg\" alt=\"\" width=\"955\" height=\"637\" \/><p id=\"caption-attachment-122830\" class=\"wp-caption-text\">Un victoria celebrada con la ausencia del sol.<\/p><\/div>\n<p style=\"font-weight: 400;\"><em>&#8220;Sab\u00edamos que nada pasar\u00eda con nosotros si gan\u00e1bamos o perd\u00edamos, pero provocamos que ITSON viajase a Quer\u00e9taro y UABC a Mexicali. Tuvimos muchas adversidades en esta temporada, pero la hermandad de este equipo no tiene comparaci\u00f3n. Agradecemos el sincero apoyo de todos los aficionados que fueron a apoyarnos cada semana&#8221;<\/em>, concluy\u00f3 el liniero defensivo <strong>Jos\u00e9 Maga\u00f1a<\/strong>.<\/p>\n<p style=\"font-weight: 400;\">Jugadores e instructores tienen vacaciones deportivas, pero no administrativas; <strong>Campa<\/strong> y cuerpo t\u00e9cnico iniciaron el proceso para encarar la pr\u00f3xima campa\u00f1a. Por lo pronto, habr\u00e1 un primer reclutamiento dentro de dos meses.<\/p>\n<p><iframe loading=\"lazy\" src=\"https:\/\/www.youtube.com\/embed\/NKaGGnSj_mU\" width=\"560\" height=\"315\" frameborder=\"0\" allowfullscreen=\"allowfullscreen\"><\/iframe><\/p>\n","protected":false},"excerpt":{"rendered":"<p>Termin\u00f3 la competencia para Zorros del CETYS Tijuana en la presente temporada, pero no todo fue adverso. Adem\u00e1s de cerrar venciendo a&#8230;<\/p>\n","protected":false},"author":24,"featured_media":122832,"comment_status":"open","ping_status":"closed","sticky":false,"template":"","format":"standard","meta":{"footnotes":""},"categories":[134,312,125,313],"tags":[984,1020,233,933],"class_list":["post-122829","post","type-post","status-publish","format-standard","has-post-thumbnail","hentry","category-campus-tijuana","category-deportes","category-portada","category-vocetys-2","tag-orgullocetys","tag-conadeip","tag-deportes","tag-futbol-americano","univesidades-cetys-campus-tijuana"],"yoast_head":"<!-- This site is optimized with the Yoast SEO plugin v27.4 - https:\/\/yoast.com\/product\/yoast-seo-wordpress\/ -->\n<title>Reconocen a jugador de Campus Tijuana en la Conferencia Premier CONADEIP - CETYS<\/title>\n<meta name=\"description\" content=\"Articulo sobre Reconocen a jugador de Campus Tijuana en la Conferencia Premier CONADEIP\" \/>\n<meta name=\"robots\" content=\"index, follow, max-snippet:-1, max-image-preview:large, max-video-preview:-1\" \/>\n<link rel=\"canonical\" href=\"https:\/\/www.cetys.mx\/noticias\/reconocen-a-jugador-de-campus-tijuana-en-la-conferencia-premier-conadeip\/\" \/>\n<meta property=\"og:locale\" content=\"es_MX\" \/>\n<meta property=\"og:type\" content=\"article\" \/>\n<meta property=\"og:title\" content=\"Reconocen a jugador de Campus Tijuana en la Conferencia Premier CONADEIP - CETYS\" \/>\n<meta property=\"og:description\" content=\"Articulo sobre Reconocen a jugador de Campus Tijuana en la Conferencia Premier CONADEIP\" \/>\n<meta property=\"og:url\" content=\"https:\/\/www.cetys.mx\/noticias\/reconocen-a-jugador-de-campus-tijuana-en-la-conferencia-premier-conadeip\/\" \/>\n<meta property=\"og:site_name\" content=\"CETYS\" \/>\n<meta property=\"article:publisher\" content=\"https:\/\/www.facebook.com\/cetysuniversidadmxl\/\" \/>\n<meta property=\"article:published_time\" content=\"2018-11-22T01:29:39+00:00\" \/>\n<meta property=\"og:image\" content=\"https:\/\/www.cetys.mx\/noticias\/wp-content\/uploads\/2018\/11\/xIMG_2025-e1542850103464.jpg\" \/>\n\t<meta property=\"og:image:width\" content=\"955\" \/>\n\t<meta property=\"og:image:height\" content=\"637\" \/>\n\t<meta property=\"og:image:type\" content=\"image\/jpeg\" \/>\n<meta name=\"author\" content=\"Campus Tijuana\" \/>\n<meta name=\"twitter:card\" content=\"summary_large_image\" \/>\n<meta name=\"twitter:creator\" content=\"@cetysuni\" \/>\n<meta name=\"twitter:site\" content=\"@cetysuni\" \/>\n<meta name=\"twitter:label1\" content=\"Escrito por\" \/>\n\t<meta name=\"twitter:data1\" content=\"Campus Tijuana\" \/>\n\t<meta name=\"twitter:label2\" content=\"Tiempo de lectura\" \/>\n\t<meta name=\"twitter:data2\" content=\"2 minutos\" \/>\n<script type=\"application\/ld+json\" class=\"yoast-schema-graph\">{\"@context\":\"https:\\\/\\\/schema.org\",\"@graph\":[{\"@type\":\"Article\",\"@id\":\"https:\\\/\\\/www.cetys.mx\\\/noticias\\\/reconocen-a-jugador-de-campus-tijuana-en-la-conferencia-premier-conadeip\\\/#article\",\"isPartOf\":{\"@id\":\"https:\\\/\\\/www.cetys.mx\\\/noticias\\\/reconocen-a-jugador-de-campus-tijuana-en-la-conferencia-premier-conadeip\\\/\"},\"author\":{\"name\":\"Campus Tijuana\",\"@id\":\"https:\\\/\\\/www.cetys.mx\\\/noticias\\\/#\\\/schema\\\/person\\\/e790051ce60e18ae47cfa87011c8653f\"},\"headline\":\"Reconocen a jugador de Campus Tijuana en la Conferencia Premier CONADEIP\",\"datePublished\":\"2018-11-22T01:29:39+00:00\",\"mainEntityOfPage\":{\"@id\":\"https:\\\/\\\/www.cetys.mx\\\/noticias\\\/reconocen-a-jugador-de-campus-tijuana-en-la-conferencia-premier-conadeip\\\/\"},\"wordCount\":479,\"commentCount\":0,\"image\":{\"@id\":\"https:\\\/\\\/www.cetys.mx\\\/noticias\\\/reconocen-a-jugador-de-campus-tijuana-en-la-conferencia-premier-conadeip\\\/#primaryimage\"},\"thumbnailUrl\":\"https:\\\/\\\/www.cetys.mx\\\/noticias\\\/wp-content\\\/uploads\\\/2018\\\/11\\\/xIMG_2025-e1542850103464.jpg\",\"keywords\":[\"#orgulloCETYS\",\"CONADEIP\",\"Deportes\",\"Futbol Americano\"],\"articleSection\":[\"Campus Tijuana\",\"Deportes\",\"Portada\",\"VoCETYS\"],\"inLanguage\":\"es\",\"potentialAction\":[{\"@type\":\"CommentAction\",\"name\":\"Comment\",\"target\":[\"https:\\\/\\\/www.cetys.mx\\\/noticias\\\/reconocen-a-jugador-de-campus-tijuana-en-la-conferencia-premier-conadeip\\\/#respond\"]}]},{\"@type\":\"WebPage\",\"@id\":\"https:\\\/\\\/www.cetys.mx\\\/noticias\\\/reconocen-a-jugador-de-campus-tijuana-en-la-conferencia-premier-conadeip\\\/\",\"url\":\"https:\\\/\\\/www.cetys.mx\\\/noticias\\\/reconocen-a-jugador-de-campus-tijuana-en-la-conferencia-premier-conadeip\\\/\",\"name\":\"Reconocen a jugador de Campus Tijuana en la Conferencia Premier CONADEIP - CETYS\",\"isPartOf\":{\"@id\":\"https:\\\/\\\/www.cetys.mx\\\/noticias\\\/#website\"},\"primaryImageOfPage\":{\"@id\":\"https:\\\/\\\/www.cetys.mx\\\/noticias\\\/reconocen-a-jugador-de-campus-tijuana-en-la-conferencia-premier-conadeip\\\/#primaryimage\"},\"image\":{\"@id\":\"https:\\\/\\\/www.cetys.mx\\\/noticias\\\/reconocen-a-jugador-de-campus-tijuana-en-la-conferencia-premier-conadeip\\\/#primaryimage\"},\"thumbnailUrl\":\"https:\\\/\\\/www.cetys.mx\\\/noticias\\\/wp-content\\\/uploads\\\/2018\\\/11\\\/xIMG_2025-e1542850103464.jpg\",\"datePublished\":\"2018-11-22T01:29:39+00:00\",\"author\":{\"@id\":\"https:\\\/\\\/www.cetys.mx\\\/noticias\\\/#\\\/schema\\\/person\\\/e790051ce60e18ae47cfa87011c8653f\"},\"description\":\"Articulo sobre Reconocen a jugador de Campus Tijuana en la Conferencia Premier CONADEIP\",\"breadcrumb\":{\"@id\":\"https:\\\/\\\/www.cetys.mx\\\/noticias\\\/reconocen-a-jugador-de-campus-tijuana-en-la-conferencia-premier-conadeip\\\/#breadcrumb\"},\"inLanguage\":\"es\",\"potentialAction\":[{\"@type\":\"ReadAction\",\"target\":[\"https:\\\/\\\/www.cetys.mx\\\/noticias\\\/reconocen-a-jugador-de-campus-tijuana-en-la-conferencia-premier-conadeip\\\/\"]}]},{\"@type\":\"ImageObject\",\"inLanguage\":\"es\",\"@id\":\"https:\\\/\\\/www.cetys.mx\\\/noticias\\\/reconocen-a-jugador-de-campus-tijuana-en-la-conferencia-premier-conadeip\\\/#primaryimage\",\"url\":\"https:\\\/\\\/www.cetys.mx\\\/noticias\\\/wp-content\\\/uploads\\\/2018\\\/11\\\/xIMG_2025-e1542850103464.jpg\",\"contentUrl\":\"https:\\\/\\\/www.cetys.mx\\\/noticias\\\/wp-content\\\/uploads\\\/2018\\\/11\\\/xIMG_2025-e1542850103464.jpg\",\"width\":955,\"height\":637,\"caption\":\"CETYS Tijuana - F\u00fatbol Americano\"},{\"@type\":\"BreadcrumbList\",\"@id\":\"https:\\\/\\\/www.cetys.mx\\\/noticias\\\/reconocen-a-jugador-de-campus-tijuana-en-la-conferencia-premier-conadeip\\\/#breadcrumb\",\"itemListElement\":[{\"@type\":\"ListItem\",\"position\":1,\"name\":\"Inicio\",\"item\":\"https:\\\/\\\/www.cetys.mx\\\/noticias\\\/\"},{\"@type\":\"ListItem\",\"position\":2,\"name\":\"Reconocen a jugador de Campus Tijuana en la Conferencia Premier CONADEIP\"}]},{\"@type\":\"WebSite\",\"@id\":\"https:\\\/\\\/www.cetys.mx\\\/noticias\\\/#website\",\"url\":\"https:\\\/\\\/www.cetys.mx\\\/noticias\\\/\",\"name\":\"CETYS\",\"description\":\"\",\"potentialAction\":[{\"@type\":\"SearchAction\",\"target\":{\"@type\":\"EntryPoint\",\"urlTemplate\":\"https:\\\/\\\/www.cetys.mx\\\/noticias\\\/?s={search_term_string}\"},\"query-input\":{\"@type\":\"PropertyValueSpecification\",\"valueRequired\":true,\"valueName\":\"search_term_string\"}}],\"inLanguage\":\"es\"},{\"@type\":\"Person\",\"@id\":\"https:\\\/\\\/www.cetys.mx\\\/noticias\\\/#\\\/schema\\\/person\\\/e790051ce60e18ae47cfa87011c8653f\",\"name\":\"Campus Tijuana\",\"url\":\"https:\\\/\\\/www.cetys.mx\\\/noticias\\\/author\\\/campustijuana\\\/\"}]}<\/script>\n<!-- \/ Yoast SEO plugin. -->","yoast_head_json":{"title":"Reconocen a jugador de Campus Tijuana en la Conferencia Premier CONADEIP - CETYS","description":"Articulo sobre Reconocen a jugador de Campus Tijuana en la Conferencia Premier CONADEIP","robots":{"index":"index","follow":"follow","max-snippet":"max-snippet:-1","max-image-preview":"max-image-preview:large","max-video-preview":"max-video-preview:-1"},"canonical":"https:\/\/www.cetys.mx\/noticias\/reconocen-a-jugador-de-campus-tijuana-en-la-conferencia-premier-conadeip\/","og_locale":"es_MX","og_type":"article","og_title":"Reconocen a jugador de Campus Tijuana en la Conferencia Premier CONADEIP - CETYS","og_description":"Articulo sobre Reconocen a jugador de Campus Tijuana en la Conferencia Premier CONADEIP","og_url":"https:\/\/www.cetys.mx\/noticias\/reconocen-a-jugador-de-campus-tijuana-en-la-conferencia-premier-conadeip\/","og_site_name":"CETYS","article_publisher":"https:\/\/www.facebook.com\/cetysuniversidadmxl\/","article_published_time":"2018-11-22T01:29:39+00:00","og_image":[{"width":955,"height":637,"url":"https:\/\/www.cetys.mx\/noticias\/wp-content\/uploads\/2018\/11\/xIMG_2025-e1542850103464.jpg","type":"image\/jpeg"}],"author":"Campus Tijuana","twitter_card":"summary_large_image","twitter_creator":"@cetysuni","twitter_site":"@cetysuni","twitter_misc":{"Escrito por":"Campus Tijuana","Tiempo de lectura":"2 minutos"},"schema":{"@context":"https:\/\/schema.org","@graph":[{"@type":"Article","@id":"https:\/\/www.cetys.mx\/noticias\/reconocen-a-jugador-de-campus-tijuana-en-la-conferencia-premier-conadeip\/#article","isPartOf":{"@id":"https:\/\/www.cetys.mx\/noticias\/reconocen-a-jugador-de-campus-tijuana-en-la-conferencia-premier-conadeip\/"},"author":{"name":"Campus Tijuana","@id":"https:\/\/www.cetys.mx\/noticias\/#\/schema\/person\/e790051ce60e18ae47cfa87011c8653f"},"headline":"Reconocen a jugador de Campus Tijuana en la Conferencia Premier CONADEIP","datePublished":"2018-11-22T01:29:39+00:00","mainEntityOfPage":{"@id":"https:\/\/www.cetys.mx\/noticias\/reconocen-a-jugador-de-campus-tijuana-en-la-conferencia-premier-conadeip\/"},"wordCount":479,"commentCount":0,"image":{"@id":"https:\/\/www.cetys.mx\/noticias\/reconocen-a-jugador-de-campus-tijuana-en-la-conferencia-premier-conadeip\/#primaryimage"},"thumbnailUrl":"https:\/\/www.cetys.mx\/noticias\/wp-content\/uploads\/2018\/11\/xIMG_2025-e1542850103464.jpg","keywords":["#orgulloCETYS","CONADEIP","Deportes","Futbol Americano"],"articleSection":["Campus Tijuana","Deportes","Portada","VoCETYS"],"inLanguage":"es","potentialAction":[{"@type":"CommentAction","name":"Comment","target":["https:\/\/www.cetys.mx\/noticias\/reconocen-a-jugador-de-campus-tijuana-en-la-conferencia-premier-conadeip\/#respond"]}]},{"@type":"WebPage","@id":"https:\/\/www.cetys.mx\/noticias\/reconocen-a-jugador-de-campus-tijuana-en-la-conferencia-premier-conadeip\/","url":"https:\/\/www.cetys.mx\/noticias\/reconocen-a-jugador-de-campus-tijuana-en-la-conferencia-premier-conadeip\/","name":"Reconocen a jugador de Campus Tijuana en la Conferencia Premier CONADEIP - CETYS","isPartOf":{"@id":"https:\/\/www.cetys.mx\/noticias\/#website"},"primaryImageOfPage":{"@id":"https:\/\/www.cetys.mx\/noticias\/reconocen-a-jugador-de-campus-tijuana-en-la-conferencia-premier-conadeip\/#primaryimage"},"image":{"@id":"https:\/\/www.cetys.mx\/noticias\/reconocen-a-jugador-de-campus-tijuana-en-la-conferencia-premier-conadeip\/#primaryimage"},"thumbnailUrl":"https:\/\/www.cetys.mx\/noticias\/wp-content\/uploads\/2018\/11\/xIMG_2025-e1542850103464.jpg","datePublished":"2018-11-22T01:29:39+00:00","author":{"@id":"https:\/\/www.cetys.mx\/noticias\/#\/schema\/person\/e790051ce60e18ae47cfa87011c8653f"},"description":"Articulo sobre Reconocen a jugador de Campus Tijuana en la Conferencia Premier CONADEIP","breadcrumb":{"@id":"https:\/\/www.cetys.mx\/noticias\/reconocen-a-jugador-de-campus-tijuana-en-la-conferencia-premier-conadeip\/#breadcrumb"},"inLanguage":"es","potentialAction":[{"@type":"ReadAction","target":["https:\/\/www.cetys.mx\/noticias\/reconocen-a-jugador-de-campus-tijuana-en-la-conferencia-premier-conadeip\/"]}]},{"@type":"ImageObject","inLanguage":"es","@id":"https:\/\/www.cetys.mx\/noticias\/reconocen-a-jugador-de-campus-tijuana-en-la-conferencia-premier-conadeip\/#primaryimage","url":"https:\/\/www.cetys.mx\/noticias\/wp-content\/uploads\/2018\/11\/xIMG_2025-e1542850103464.jpg","contentUrl":"https:\/\/www.cetys.mx\/noticias\/wp-content\/uploads\/2018\/11\/xIMG_2025-e1542850103464.jpg","width":955,"height":637,"caption":"CETYS Tijuana - F\u00fatbol Americano"},{"@type":"BreadcrumbList","@id":"https:\/\/www.cetys.mx\/noticias\/reconocen-a-jugador-de-campus-tijuana-en-la-conferencia-premier-conadeip\/#breadcrumb","itemListElement":[{"@type":"ListItem","position":1,"name":"Inicio","item":"https:\/\/www.cetys.mx\/noticias\/"},{"@type":"ListItem","position":2,"name":"Reconocen a jugador de Campus Tijuana en la Conferencia Premier CONADEIP"}]},{"@type":"WebSite","@id":"https:\/\/www.cetys.mx\/noticias\/#website","url":"https:\/\/www.cetys.mx\/noticias\/","name":"CETYS","description":"","potentialAction":[{"@type":"SearchAction","target":{"@type":"EntryPoint","urlTemplate":"https:\/\/www.cetys.mx\/noticias\/?s={search_term_string}"},"query-input":{"@type":"PropertyValueSpecification","valueRequired":true,"valueName":"search_term_string"}}],"inLanguage":"es"},{"@type":"Person","@id":"https:\/\/www.cetys.mx\/noticias\/#\/schema\/person\/e790051ce60e18ae47cfa87011c8653f","name":"Campus Tijuana","url":"https:\/\/www.cetys.mx\/noticias\/author\/campustijuana\/"}]}},"_links":{"self":[{"href":"https:\/\/www.cetys.mx\/noticias\/wp-json\/wp\/v2\/posts\/122829","targetHints":{"allow":["GET"]}}],"collection":[{"href":"https:\/\/www.cetys.mx\/noticias\/wp-json\/wp\/v2\/posts"}],"about":[{"href":"https:\/\/www.cetys.mx\/noticias\/wp-json\/wp\/v2\/types\/post"}],"author":[{"embeddable":true,"href":"https:\/\/www.cetys.mx\/noticias\/wp-json\/wp\/v2\/users\/24"}],"replies":[{"embeddable":true,"href":"https:\/\/www.cetys.mx\/noticias\/wp-json\/wp\/v2\/comments?post=122829"}],"version-history":[{"count":0,"href":"https:\/\/www.cetys.mx\/noticias\/wp-json\/wp\/v2\/posts\/122829\/revisions"}],"wp:featuredmedia":[{"embeddable":true,"href":"https:\/\/www.cetys.mx\/noticias\/wp-json\/wp\/v2\/media\/122832"}],"wp:attachment":[{"href":"https:\/\/www.cetys.mx\/noticias\/wp-json\/wp\/v2\/media?parent=122829"}],"wp:term":[{"taxonomy":"category","embeddable":true,"href":"https:\/\/www.cetys.mx\/noticias\/wp-json\/wp\/v2\/categories?post=122829"},{"taxonomy":"post_tag","embeddable":true,"href":"https:\/\/www.cetys.mx\/noticias\/wp-json\/wp\/v2\/tags?post=122829"}],"curies":[{"name":"wp","href":"https:\/\/api.w.org\/{rel}","templated":true}]}}