{"id":121381,"date":"2018-10-24T16:56:23","date_gmt":"2018-10-24T23:56:23","guid":{"rendered":"http:\/\/www.cetys.mx\/noticias\/?p=121381"},"modified":"2018-10-25T18:40:58","modified_gmt":"2018-10-26T01:40:58","slug":"logran-campeonato-regional-de-conadeip-y-van-al-nacional","status":"publish","type":"post","link":"https:\/\/www.cetys.mx\/noticias\/logran-campeonato-regional-de-conadeip-y-van-al-nacional\/","title":{"rendered":"Logran campeonato regional de Conadeip y van al Nacional"},"content":{"rendered":"<p>Zorros del <a href=\"https:\/\/www.cetys.mx\">CETYS<\/a> consigui\u00f3 el <strong>Campeonato Regional<\/strong> de <a href=\"https:\/\/www.conadeip.mx\/\">CONADEIP<\/a> en la categor\u00eda Juvenil B al vencer en la final a las Borregas del Tecnol\u00f3gico de Monterrey campus Sonora Norte en tres sets (25-18), (25-11) y (27-25).<\/p>\n<p>Con ese logro, el equipo dirigido por Ver\u00f3nica Angulo representar\u00e1 a la regi\u00f3n Noroeste en el Campeonato Nacional de Conadeip con sede en el ITESM Campus Guadalajara del 7 al 12 de noviembre.<\/p>\n<div id=\"attachment_121385\" style=\"width: 472px\" class=\"wp-caption aligncenter\"><img loading=\"lazy\" decoding=\"async\" aria-describedby=\"caption-attachment-121385\" class=\"size-full wp-image-121385\" src=\"https:\/\/www.cetys.mx\/noticias\/wp-content\/uploads\/2018\/10\/DSC_0058-1.jpg\" alt=\"\" width=\"462\" height=\"308\" \/><p id=\"caption-attachment-121385\" class=\"wp-caption-text\">Vencieron al Tec de Monterrey campus Sonora.<\/p><\/div>\n<p>Antes del juego decisivo, CETYS se impuso al CEU 16 de septiembre de Mexicali 25-12, 25-3 y 25-7.<\/p>\n<p>El plantel campe\u00f3n est\u00e1 integrado por Ariana Murphy, Isolett Bravo, Maya Rodr\u00edguez, Roxana Gauna, Gyneth Salgado, Paulina Zentella, Miriam Leyva, Joan Salazar, Lucia Vega y Karina Sol\u00eds, todas ellas dirigidas por Ver\u00f3nica Angulo.<\/p>\n","protected":false},"excerpt":{"rendered":"<p>Zorros del CETYS consigui\u00f3 el Campeonato Regional de CONADEIP en la categor\u00eda Juvenil B al vencer en la final a las Borregas&#8230;<\/p>\n","protected":false},"author":23,"featured_media":121384,"comment_status":"open","ping_status":"closed","sticky":false,"template":"","format":"standard","meta":{"footnotes":""},"categories":[132,312,125,313],"tags":[3009],"class_list":["post-121381","post","type-post","status-publish","format-standard","has-post-thumbnail","hentry","category-campus-ensenada","category-deportes","category-portada","category-vocetys-2","tag-vocetys-2018-10-25"],"yoast_head":"<!-- This site is optimized with the Yoast SEO plugin v27.4 - https:\/\/yoast.com\/product\/yoast-seo-wordpress\/ -->\n<title>Logran campeonato regional de Conadeip y van al Nacional - CETYS<\/title>\n<meta name=\"description\" content=\"Articulo sobre Logran campeonato regional de Conadeip y van al Nacional\" \/>\n<meta name=\"robots\" content=\"index, follow, max-snippet:-1, max-image-preview:large, max-video-preview:-1\" \/>\n<link rel=\"canonical\" href=\"https:\/\/www.cetys.mx\/noticias\/logran-campeonato-regional-de-conadeip-y-van-al-nacional\/\" \/>\n<meta property=\"og:locale\" content=\"es_MX\" \/>\n<meta property=\"og:type\" content=\"article\" \/>\n<meta property=\"og:title\" content=\"Logran campeonato regional de Conadeip y van al Nacional - CETYS\" \/>\n<meta property=\"og:description\" content=\"Articulo sobre Logran campeonato regional de Conadeip y van al Nacional\" \/>\n<meta property=\"og:url\" content=\"https:\/\/www.cetys.mx\/noticias\/logran-campeonato-regional-de-conadeip-y-van-al-nacional\/\" \/>\n<meta property=\"og:site_name\" content=\"CETYS\" \/>\n<meta property=\"article:publisher\" content=\"https:\/\/www.facebook.com\/cetysuniversidadmxl\/\" \/>\n<meta property=\"article:published_time\" content=\"2018-10-24T23:56:23+00:00\" \/>\n<meta property=\"article:modified_time\" content=\"2018-10-26T01:40:58+00:00\" \/>\n<meta property=\"og:image\" content=\"https:\/\/www.cetys.mx\/noticias\/wp-content\/uploads\/2018\/10\/DSC_0022.jpg\" \/>\n\t<meta property=\"og:image:width\" content=\"499\" \/>\n\t<meta property=\"og:image:height\" content=\"336\" \/>\n\t<meta property=\"og:image:type\" content=\"image\/jpeg\" \/>\n<meta name=\"author\" content=\"Campus Ensenada\" \/>\n<meta name=\"twitter:card\" content=\"summary_large_image\" \/>\n<meta name=\"twitter:creator\" content=\"@cetysuni\" \/>\n<meta name=\"twitter:site\" content=\"@cetysuni\" \/>\n<meta name=\"twitter:label1\" content=\"Escrito por\" \/>\n\t<meta name=\"twitter:data1\" content=\"Campus Ensenada\" \/>\n\t<meta name=\"twitter:label2\" content=\"Tiempo de lectura\" \/>\n\t<meta name=\"twitter:data2\" content=\"1 minuto\" \/>\n<script type=\"application\/ld+json\" class=\"yoast-schema-graph\">{\"@context\":\"https:\\\/\\\/schema.org\",\"@graph\":[{\"@type\":\"Article\",\"@id\":\"https:\\\/\\\/www.cetys.mx\\\/noticias\\\/logran-campeonato-regional-de-conadeip-y-van-al-nacional\\\/#article\",\"isPartOf\":{\"@id\":\"https:\\\/\\\/www.cetys.mx\\\/noticias\\\/logran-campeonato-regional-de-conadeip-y-van-al-nacional\\\/\"},\"author\":{\"name\":\"Campus Ensenada\",\"@id\":\"https:\\\/\\\/www.cetys.mx\\\/noticias\\\/#\\\/schema\\\/person\\\/1a1a88c0b6586e66a2e9e88e07afc712\"},\"headline\":\"Logran campeonato regional de Conadeip y van al Nacional\",\"datePublished\":\"2018-10-24T23:56:23+00:00\",\"dateModified\":\"2018-10-26T01:40:58+00:00\",\"mainEntityOfPage\":{\"@id\":\"https:\\\/\\\/www.cetys.mx\\\/noticias\\\/logran-campeonato-regional-de-conadeip-y-van-al-nacional\\\/\"},\"wordCount\":148,\"commentCount\":0,\"image\":{\"@id\":\"https:\\\/\\\/www.cetys.mx\\\/noticias\\\/logran-campeonato-regional-de-conadeip-y-van-al-nacional\\\/#primaryimage\"},\"thumbnailUrl\":\"https:\\\/\\\/www.cetys.mx\\\/noticias\\\/wp-content\\\/uploads\\\/2018\\\/10\\\/DSC_0022.jpg\",\"keywords\":[\"vocetys-2018-10-25\"],\"articleSection\":[\"Campus Ensenada\",\"Deportes\",\"Portada\",\"VoCETYS\"],\"inLanguage\":\"es\",\"potentialAction\":[{\"@type\":\"CommentAction\",\"name\":\"Comment\",\"target\":[\"https:\\\/\\\/www.cetys.mx\\\/noticias\\\/logran-campeonato-regional-de-conadeip-y-van-al-nacional\\\/#respond\"]}]},{\"@type\":\"WebPage\",\"@id\":\"https:\\\/\\\/www.cetys.mx\\\/noticias\\\/logran-campeonato-regional-de-conadeip-y-van-al-nacional\\\/\",\"url\":\"https:\\\/\\\/www.cetys.mx\\\/noticias\\\/logran-campeonato-regional-de-conadeip-y-van-al-nacional\\\/\",\"name\":\"Logran campeonato regional de Conadeip y van al Nacional - CETYS\",\"isPartOf\":{\"@id\":\"https:\\\/\\\/www.cetys.mx\\\/noticias\\\/#website\"},\"primaryImageOfPage\":{\"@id\":\"https:\\\/\\\/www.cetys.mx\\\/noticias\\\/logran-campeonato-regional-de-conadeip-y-van-al-nacional\\\/#primaryimage\"},\"image\":{\"@id\":\"https:\\\/\\\/www.cetys.mx\\\/noticias\\\/logran-campeonato-regional-de-conadeip-y-van-al-nacional\\\/#primaryimage\"},\"thumbnailUrl\":\"https:\\\/\\\/www.cetys.mx\\\/noticias\\\/wp-content\\\/uploads\\\/2018\\\/10\\\/DSC_0022.jpg\",\"datePublished\":\"2018-10-24T23:56:23+00:00\",\"dateModified\":\"2018-10-26T01:40:58+00:00\",\"author\":{\"@id\":\"https:\\\/\\\/www.cetys.mx\\\/noticias\\\/#\\\/schema\\\/person\\\/1a1a88c0b6586e66a2e9e88e07afc712\"},\"description\":\"Articulo sobre Logran campeonato regional de Conadeip y van al Nacional\",\"breadcrumb\":{\"@id\":\"https:\\\/\\\/www.cetys.mx\\\/noticias\\\/logran-campeonato-regional-de-conadeip-y-van-al-nacional\\\/#breadcrumb\"},\"inLanguage\":\"es\",\"potentialAction\":[{\"@type\":\"ReadAction\",\"target\":[\"https:\\\/\\\/www.cetys.mx\\\/noticias\\\/logran-campeonato-regional-de-conadeip-y-van-al-nacional\\\/\"]}]},{\"@type\":\"ImageObject\",\"inLanguage\":\"es\",\"@id\":\"https:\\\/\\\/www.cetys.mx\\\/noticias\\\/logran-campeonato-regional-de-conadeip-y-van-al-nacional\\\/#primaryimage\",\"url\":\"https:\\\/\\\/www.cetys.mx\\\/noticias\\\/wp-content\\\/uploads\\\/2018\\\/10\\\/DSC_0022.jpg\",\"contentUrl\":\"https:\\\/\\\/www.cetys.mx\\\/noticias\\\/wp-content\\\/uploads\\\/2018\\\/10\\\/DSC_0022.jpg\",\"width\":499,\"height\":336,\"caption\":\"Zorros femenil, campeonas regionales.\"},{\"@type\":\"BreadcrumbList\",\"@id\":\"https:\\\/\\\/www.cetys.mx\\\/noticias\\\/logran-campeonato-regional-de-conadeip-y-van-al-nacional\\\/#breadcrumb\",\"itemListElement\":[{\"@type\":\"ListItem\",\"position\":1,\"name\":\"Inicio\",\"item\":\"https:\\\/\\\/www.cetys.mx\\\/noticias\\\/\"},{\"@type\":\"ListItem\",\"position\":2,\"name\":\"Logran campeonato regional de Conadeip y van al Nacional\"}]},{\"@type\":\"WebSite\",\"@id\":\"https:\\\/\\\/www.cetys.mx\\\/noticias\\\/#website\",\"url\":\"https:\\\/\\\/www.cetys.mx\\\/noticias\\\/\",\"name\":\"CETYS\",\"description\":\"\",\"potentialAction\":[{\"@type\":\"SearchAction\",\"target\":{\"@type\":\"EntryPoint\",\"urlTemplate\":\"https:\\\/\\\/www.cetys.mx\\\/noticias\\\/?s={search_term_string}\"},\"query-input\":{\"@type\":\"PropertyValueSpecification\",\"valueRequired\":true,\"valueName\":\"search_term_string\"}}],\"inLanguage\":\"es\"},{\"@type\":\"Person\",\"@id\":\"https:\\\/\\\/www.cetys.mx\\\/noticias\\\/#\\\/schema\\\/person\\\/1a1a88c0b6586e66a2e9e88e07afc712\",\"name\":\"Campus Ensenada\",\"url\":\"https:\\\/\\\/www.cetys.mx\\\/noticias\\\/author\\\/campusensenada\\\/\"}]}<\/script>\n<!-- \/ Yoast SEO plugin. -->","yoast_head_json":{"title":"Logran campeonato regional de Conadeip y van al Nacional - CETYS","description":"Articulo sobre Logran campeonato regional de Conadeip y van al Nacional","robots":{"index":"index","follow":"follow","max-snippet":"max-snippet:-1","max-image-preview":"max-image-preview:large","max-video-preview":"max-video-preview:-1"},"canonical":"https:\/\/www.cetys.mx\/noticias\/logran-campeonato-regional-de-conadeip-y-van-al-nacional\/","og_locale":"es_MX","og_type":"article","og_title":"Logran campeonato regional de Conadeip y van al Nacional - CETYS","og_description":"Articulo sobre Logran campeonato regional de Conadeip y van al Nacional","og_url":"https:\/\/www.cetys.mx\/noticias\/logran-campeonato-regional-de-conadeip-y-van-al-nacional\/","og_site_name":"CETYS","article_publisher":"https:\/\/www.facebook.com\/cetysuniversidadmxl\/","article_published_time":"2018-10-24T23:56:23+00:00","article_modified_time":"2018-10-26T01:40:58+00:00","og_image":[{"width":499,"height":336,"url":"https:\/\/www.cetys.mx\/noticias\/wp-content\/uploads\/2018\/10\/DSC_0022.jpg","type":"image\/jpeg"}],"author":"Campus Ensenada","twitter_card":"summary_large_image","twitter_creator":"@cetysuni","twitter_site":"@cetysuni","twitter_misc":{"Escrito por":"Campus Ensenada","Tiempo de lectura":"1 minuto"},"schema":{"@context":"https:\/\/schema.org","@graph":[{"@type":"Article","@id":"https:\/\/www.cetys.mx\/noticias\/logran-campeonato-regional-de-conadeip-y-van-al-nacional\/#article","isPartOf":{"@id":"https:\/\/www.cetys.mx\/noticias\/logran-campeonato-regional-de-conadeip-y-van-al-nacional\/"},"author":{"name":"Campus Ensenada","@id":"https:\/\/www.cetys.mx\/noticias\/#\/schema\/person\/1a1a88c0b6586e66a2e9e88e07afc712"},"headline":"Logran campeonato regional de Conadeip y van al Nacional","datePublished":"2018-10-24T23:56:23+00:00","dateModified":"2018-10-26T01:40:58+00:00","mainEntityOfPage":{"@id":"https:\/\/www.cetys.mx\/noticias\/logran-campeonato-regional-de-conadeip-y-van-al-nacional\/"},"wordCount":148,"commentCount":0,"image":{"@id":"https:\/\/www.cetys.mx\/noticias\/logran-campeonato-regional-de-conadeip-y-van-al-nacional\/#primaryimage"},"thumbnailUrl":"https:\/\/www.cetys.mx\/noticias\/wp-content\/uploads\/2018\/10\/DSC_0022.jpg","keywords":["vocetys-2018-10-25"],"articleSection":["Campus Ensenada","Deportes","Portada","VoCETYS"],"inLanguage":"es","potentialAction":[{"@type":"CommentAction","name":"Comment","target":["https:\/\/www.cetys.mx\/noticias\/logran-campeonato-regional-de-conadeip-y-van-al-nacional\/#respond"]}]},{"@type":"WebPage","@id":"https:\/\/www.cetys.mx\/noticias\/logran-campeonato-regional-de-conadeip-y-van-al-nacional\/","url":"https:\/\/www.cetys.mx\/noticias\/logran-campeonato-regional-de-conadeip-y-van-al-nacional\/","name":"Logran campeonato regional de Conadeip y van al Nacional - CETYS","isPartOf":{"@id":"https:\/\/www.cetys.mx\/noticias\/#website"},"primaryImageOfPage":{"@id":"https:\/\/www.cetys.mx\/noticias\/logran-campeonato-regional-de-conadeip-y-van-al-nacional\/#primaryimage"},"image":{"@id":"https:\/\/www.cetys.mx\/noticias\/logran-campeonato-regional-de-conadeip-y-van-al-nacional\/#primaryimage"},"thumbnailUrl":"https:\/\/www.cetys.mx\/noticias\/wp-content\/uploads\/2018\/10\/DSC_0022.jpg","datePublished":"2018-10-24T23:56:23+00:00","dateModified":"2018-10-26T01:40:58+00:00","author":{"@id":"https:\/\/www.cetys.mx\/noticias\/#\/schema\/person\/1a1a88c0b6586e66a2e9e88e07afc712"},"description":"Articulo sobre Logran campeonato regional de Conadeip y van al Nacional","breadcrumb":{"@id":"https:\/\/www.cetys.mx\/noticias\/logran-campeonato-regional-de-conadeip-y-van-al-nacional\/#breadcrumb"},"inLanguage":"es","potentialAction":[{"@type":"ReadAction","target":["https:\/\/www.cetys.mx\/noticias\/logran-campeonato-regional-de-conadeip-y-van-al-nacional\/"]}]},{"@type":"ImageObject","inLanguage":"es","@id":"https:\/\/www.cetys.mx\/noticias\/logran-campeonato-regional-de-conadeip-y-van-al-nacional\/#primaryimage","url":"https:\/\/www.cetys.mx\/noticias\/wp-content\/uploads\/2018\/10\/DSC_0022.jpg","contentUrl":"https:\/\/www.cetys.mx\/noticias\/wp-content\/uploads\/2018\/10\/DSC_0022.jpg","width":499,"height":336,"caption":"Zorros femenil, campeonas regionales."},{"@type":"BreadcrumbList","@id":"https:\/\/www.cetys.mx\/noticias\/logran-campeonato-regional-de-conadeip-y-van-al-nacional\/#breadcrumb","itemListElement":[{"@type":"ListItem","position":1,"name":"Inicio","item":"https:\/\/www.cetys.mx\/noticias\/"},{"@type":"ListItem","position":2,"name":"Logran campeonato regional de Conadeip y van al Nacional"}]},{"@type":"WebSite","@id":"https:\/\/www.cetys.mx\/noticias\/#website","url":"https:\/\/www.cetys.mx\/noticias\/","name":"CETYS","description":"","potentialAction":[{"@type":"SearchAction","target":{"@type":"EntryPoint","urlTemplate":"https:\/\/www.cetys.mx\/noticias\/?s={search_term_string}"},"query-input":{"@type":"PropertyValueSpecification","valueRequired":true,"valueName":"search_term_string"}}],"inLanguage":"es"},{"@type":"Person","@id":"https:\/\/www.cetys.mx\/noticias\/#\/schema\/person\/1a1a88c0b6586e66a2e9e88e07afc712","name":"Campus Ensenada","url":"https:\/\/www.cetys.mx\/noticias\/author\/campusensenada\/"}]}},"_links":{"self":[{"href":"https:\/\/www.cetys.mx\/noticias\/wp-json\/wp\/v2\/posts\/121381","targetHints":{"allow":["GET"]}}],"collection":[{"href":"https:\/\/www.cetys.mx\/noticias\/wp-json\/wp\/v2\/posts"}],"about":[{"href":"https:\/\/www.cetys.mx\/noticias\/wp-json\/wp\/v2\/types\/post"}],"author":[{"embeddable":true,"href":"https:\/\/www.cetys.mx\/noticias\/wp-json\/wp\/v2\/users\/23"}],"replies":[{"embeddable":true,"href":"https:\/\/www.cetys.mx\/noticias\/wp-json\/wp\/v2\/comments?post=121381"}],"version-history":[{"count":0,"href":"https:\/\/www.cetys.mx\/noticias\/wp-json\/wp\/v2\/posts\/121381\/revisions"}],"wp:featuredmedia":[{"embeddable":true,"href":"https:\/\/www.cetys.mx\/noticias\/wp-json\/wp\/v2\/media\/121384"}],"wp:attachment":[{"href":"https:\/\/www.cetys.mx\/noticias\/wp-json\/wp\/v2\/media?parent=121381"}],"wp:term":[{"taxonomy":"category","embeddable":true,"href":"https:\/\/www.cetys.mx\/noticias\/wp-json\/wp\/v2\/categories?post=121381"},{"taxonomy":"post_tag","embeddable":true,"href":"https:\/\/www.cetys.mx\/noticias\/wp-json\/wp\/v2\/tags?post=121381"}],"curies":[{"name":"wp","href":"https:\/\/api.w.org\/{rel}","templated":true}]}}