{"id":121250,"date":"2018-10-24T14:51:53","date_gmt":"2018-10-24T21:51:53","guid":{"rendered":"http:\/\/www.cetys.mx\/noticias\/?p=121250"},"modified":"2018-10-30T08:28:41","modified_gmt":"2018-10-30T15:28:41","slug":"el-liderazgo-y-la-sensibilidad","status":"publish","type":"post","link":"https:\/\/www.cetys.mx\/noticias\/el-liderazgo-y-la-sensibilidad\/","title":{"rendered":"El liderazgo y la sensibilidad"},"content":{"rendered":"<p>Es com\u00fan hablar de liderazgo y pensar en grandes personajes que han revolucionado el mundo actual, haciendo hincapi\u00e9 en virtudes y habilidades que son f\u00e1ciles de reconocer en un l\u00edder, como su capacidad de persuadir, el gran sentido de responsabilidad, la disciplina y constancia, el buen trabajo que hacen escuchando a las personas, su capacidad de an\u00e1lisis, entre muchas otras. Un factor que seguramente re\u00fanen estos ejemplares hombres y mujeres, es su <strong>fascinaci\u00f3n por la observaci\u00f3n de la sociedad en la que se desenvuelven<\/strong>, <strong>de lo que se desprende el conocimiento y la sensibilidad ante los problemas que los rodean<\/strong>.<\/p>\n<blockquote><p>Todos los movimientos que han tomado parte de la historia encuentran su origen en la inconformidad colectiva ante un aspecto de su entorno al que han sido sensibles.<\/p><\/blockquote>\n<p>El entender una problem\u00e1tica, el escuchar al afectado, ser capaces de comprender opiniones ajenas y las experiencias que han ayudado a formarlas, la capacidad de reconocer la diferencia entre los intereses personales y los intereses ajenos, entre otras cosas, son reflejo de que una persona ha sido sensible a su entorno y a las situaciones que lo afectan. Un claro ejemplo de sensibilidad a su entorno es el activista norteamericano <strong>Martin Luther King<\/strong>, <em>quien se vi\u00f3 afectado por la discriminaci\u00f3n de razas al ser parte de la comunidad afroamericana<\/em> y decide tomar acci\u00f3n para detener este problema. A trav\u00e9s de su experiencia y de escuchar el sentir de las personas que lo rodeaban, inicia un movimiento para proteger los derechos humanos de las personas afroamericanas en Estados Unidos en donde logr\u00f3 inspirar a miles de personas, incluso aquellas que no pertenec\u00edan a esta comunidad.<\/p>\n<p>Actualmente, encerrados en un mundo en donde las injusticias gobiernan desde los inicios de la civilizaci\u00f3n, <strong>es f\u00e1cil identificar qu\u00e9 es lo que aqueja a la sociedad de la que somos parte<\/strong>.<em> El entender una problem\u00e1tica, el escuchar al afectado, ser capaces de comprender opiniones ajenas y las experiencias que han ayudado a formarlas son reflejo de la sensibilidad de un individuo<\/em>.<\/p>\n<blockquote><p>La capacidad de reconocer la importancia tanto de los intereses personales y los intereses ajenos son muestra inequ\u00edvoca de la apreciaci\u00f3n con y del entorno. Cuando se es sensible, no se puede ser indiferente, se est\u00e1 plenamente convencido de la necesidad de la acci\u00f3n y se hace algo por la soluci\u00f3n del problema.<\/p><\/blockquote>\n<p>Las circunstancias bajo las que actualmente se encuentra nuestro pa\u00eds, crean un espacio propicio para el desarrollo de la sensibilidad en los individuos que lo habitan. <strong>Las problem\u00e1ticas actuales son del dominio p\u00fablico y siempre lo han sido<\/strong>,<strong> pero es necesario cambiar de perspectiva<\/strong> respecto a estas y convertirlas en una invitaci\u00f3n abierta al cambio. Que la recompensa de una mejora social sea aquello que motive a quienes la integran, y que movimientos de liderazgo se levanten para dejar un mejor legado a las futuras generaciones.<\/p>\n<hr \/>\n<p><strong>M\u00e1s sobre la autora&#8230;<\/strong><\/p>\n<p>Ana Carrillo estudia el s\u00e9ptimo semestre de la Lic. en Administraci\u00f3n de la Mercadotecnia en Campus Tijuana. Actualmente es l\u00edder del grupo FORTES en Campus Tijuana y miembro de la Sociedad de Alumnos Profesional.<\/p>\n","protected":false},"excerpt":{"rendered":"<p>Es com\u00fan hablar de liderazgo y pensar en grandes personajes que han revolucionado el mundo actual, haciendo hincapi\u00e9 en virtudes y habilidades&#8230;<\/p>\n","protected":false},"author":24,"featured_media":121361,"comment_status":"open","ping_status":"closed","sticky":false,"template":"","format":"standard","meta":{"footnotes":""},"categories":[111,1766,114,306,313],"tags":[285,297,342,176,3029],"class_list":["post-121250","post","type-post","status-publish","format-standard","has-post-thumbnail","hentry","category-emprendimiento","category-innovacion","category-opinion","category-profesional","category-vocetys-2","tag-alumnos","tag-campus-tijuana","tag-liderazgo","tag-profesional","tag-vocetys-2018-10-26"],"yoast_head":"<!-- This site is optimized with the Yoast SEO plugin v27.4 - https:\/\/yoast.com\/product\/yoast-seo-wordpress\/ -->\n<title>El liderazgo y la sensibilidad - CETYS<\/title>\n<meta name=\"description\" content=\"Articulo sobre El liderazgo y la sensibilidad\" \/>\n<meta name=\"robots\" content=\"index, follow, max-snippet:-1, max-image-preview:large, max-video-preview:-1\" \/>\n<link rel=\"canonical\" href=\"https:\/\/www.cetys.mx\/noticias\/el-liderazgo-y-la-sensibilidad\/\" \/>\n<meta property=\"og:locale\" content=\"es_MX\" \/>\n<meta property=\"og:type\" content=\"article\" \/>\n<meta property=\"og:title\" content=\"El liderazgo y la sensibilidad - CETYS\" \/>\n<meta property=\"og:description\" content=\"Articulo sobre El liderazgo y la sensibilidad\" \/>\n<meta property=\"og:url\" content=\"https:\/\/www.cetys.mx\/noticias\/el-liderazgo-y-la-sensibilidad\/\" \/>\n<meta property=\"og:site_name\" content=\"CETYS\" \/>\n<meta property=\"article:publisher\" content=\"https:\/\/www.facebook.com\/cetysuniversidadmxl\/\" \/>\n<meta property=\"article:published_time\" content=\"2018-10-24T21:51:53+00:00\" \/>\n<meta property=\"article:modified_time\" content=\"2018-10-30T15:28:41+00:00\" \/>\n<meta property=\"og:image\" content=\"https:\/\/www.cetys.mx\/noticias\/wp-content\/uploads\/2018\/10\/cetys_anacarrillo1.jpg\" \/>\n\t<meta property=\"og:image:width\" content=\"958\" \/>\n\t<meta property=\"og:image:height\" content=\"637\" \/>\n\t<meta property=\"og:image:type\" content=\"image\/jpeg\" \/>\n<meta name=\"author\" content=\"Campus Tijuana\" \/>\n<meta name=\"twitter:card\" content=\"summary_large_image\" \/>\n<meta name=\"twitter:creator\" content=\"@cetysuni\" \/>\n<meta name=\"twitter:site\" content=\"@cetysuni\" \/>\n<meta name=\"twitter:label1\" content=\"Escrito por\" \/>\n\t<meta name=\"twitter:data1\" content=\"Campus Tijuana\" \/>\n\t<meta name=\"twitter:label2\" content=\"Tiempo de lectura\" \/>\n\t<meta name=\"twitter:data2\" content=\"3 minutos\" \/>\n<script type=\"application\/ld+json\" class=\"yoast-schema-graph\">{\"@context\":\"https:\\\/\\\/schema.org\",\"@graph\":[{\"@type\":\"Article\",\"@id\":\"https:\\\/\\\/www.cetys.mx\\\/noticias\\\/el-liderazgo-y-la-sensibilidad\\\/#article\",\"isPartOf\":{\"@id\":\"https:\\\/\\\/www.cetys.mx\\\/noticias\\\/el-liderazgo-y-la-sensibilidad\\\/\"},\"author\":{\"name\":\"Campus Tijuana\",\"@id\":\"https:\\\/\\\/www.cetys.mx\\\/noticias\\\/#\\\/schema\\\/person\\\/e790051ce60e18ae47cfa87011c8653f\"},\"headline\":\"El liderazgo y la sensibilidad\",\"datePublished\":\"2018-10-24T21:51:53+00:00\",\"dateModified\":\"2018-10-30T15:28:41+00:00\",\"mainEntityOfPage\":{\"@id\":\"https:\\\/\\\/www.cetys.mx\\\/noticias\\\/el-liderazgo-y-la-sensibilidad\\\/\"},\"wordCount\":543,\"commentCount\":0,\"image\":{\"@id\":\"https:\\\/\\\/www.cetys.mx\\\/noticias\\\/el-liderazgo-y-la-sensibilidad\\\/#primaryimage\"},\"thumbnailUrl\":\"https:\\\/\\\/www.cetys.mx\\\/noticias\\\/wp-content\\\/uploads\\\/2018\\\/10\\\/cetys_anacarrillo1.jpg\",\"keywords\":[\"Alumnos\",\"Campus Tijuana\",\"liderazgo\",\"profesional\",\"vocetys-2018-10-26\"],\"articleSection\":[\"Emprendimiento\",\"Innovaci\u00f3n\",\"Opini\u00f3n\",\"Profesional\",\"VoCETYS\"],\"inLanguage\":\"es\",\"potentialAction\":[{\"@type\":\"CommentAction\",\"name\":\"Comment\",\"target\":[\"https:\\\/\\\/www.cetys.mx\\\/noticias\\\/el-liderazgo-y-la-sensibilidad\\\/#respond\"]}]},{\"@type\":\"WebPage\",\"@id\":\"https:\\\/\\\/www.cetys.mx\\\/noticias\\\/el-liderazgo-y-la-sensibilidad\\\/\",\"url\":\"https:\\\/\\\/www.cetys.mx\\\/noticias\\\/el-liderazgo-y-la-sensibilidad\\\/\",\"name\":\"El liderazgo y la sensibilidad - CETYS\",\"isPartOf\":{\"@id\":\"https:\\\/\\\/www.cetys.mx\\\/noticias\\\/#website\"},\"primaryImageOfPage\":{\"@id\":\"https:\\\/\\\/www.cetys.mx\\\/noticias\\\/el-liderazgo-y-la-sensibilidad\\\/#primaryimage\"},\"image\":{\"@id\":\"https:\\\/\\\/www.cetys.mx\\\/noticias\\\/el-liderazgo-y-la-sensibilidad\\\/#primaryimage\"},\"thumbnailUrl\":\"https:\\\/\\\/www.cetys.mx\\\/noticias\\\/wp-content\\\/uploads\\\/2018\\\/10\\\/cetys_anacarrillo1.jpg\",\"datePublished\":\"2018-10-24T21:51:53+00:00\",\"dateModified\":\"2018-10-30T15:28:41+00:00\",\"author\":{\"@id\":\"https:\\\/\\\/www.cetys.mx\\\/noticias\\\/#\\\/schema\\\/person\\\/e790051ce60e18ae47cfa87011c8653f\"},\"description\":\"Articulo sobre El liderazgo y la sensibilidad\",\"breadcrumb\":{\"@id\":\"https:\\\/\\\/www.cetys.mx\\\/noticias\\\/el-liderazgo-y-la-sensibilidad\\\/#breadcrumb\"},\"inLanguage\":\"es\",\"potentialAction\":[{\"@type\":\"ReadAction\",\"target\":[\"https:\\\/\\\/www.cetys.mx\\\/noticias\\\/el-liderazgo-y-la-sensibilidad\\\/\"]}]},{\"@type\":\"ImageObject\",\"inLanguage\":\"es\",\"@id\":\"https:\\\/\\\/www.cetys.mx\\\/noticias\\\/el-liderazgo-y-la-sensibilidad\\\/#primaryimage\",\"url\":\"https:\\\/\\\/www.cetys.mx\\\/noticias\\\/wp-content\\\/uploads\\\/2018\\\/10\\\/cetys_anacarrillo1.jpg\",\"contentUrl\":\"https:\\\/\\\/www.cetys.mx\\\/noticias\\\/wp-content\\\/uploads\\\/2018\\\/10\\\/cetys_anacarrillo1.jpg\",\"width\":958,\"height\":637},{\"@type\":\"BreadcrumbList\",\"@id\":\"https:\\\/\\\/www.cetys.mx\\\/noticias\\\/el-liderazgo-y-la-sensibilidad\\\/#breadcrumb\",\"itemListElement\":[{\"@type\":\"ListItem\",\"position\":1,\"name\":\"Inicio\",\"item\":\"https:\\\/\\\/www.cetys.mx\\\/noticias\\\/\"},{\"@type\":\"ListItem\",\"position\":2,\"name\":\"El liderazgo y la sensibilidad\"}]},{\"@type\":\"WebSite\",\"@id\":\"https:\\\/\\\/www.cetys.mx\\\/noticias\\\/#website\",\"url\":\"https:\\\/\\\/www.cetys.mx\\\/noticias\\\/\",\"name\":\"CETYS\",\"description\":\"\",\"potentialAction\":[{\"@type\":\"SearchAction\",\"target\":{\"@type\":\"EntryPoint\",\"urlTemplate\":\"https:\\\/\\\/www.cetys.mx\\\/noticias\\\/?s={search_term_string}\"},\"query-input\":{\"@type\":\"PropertyValueSpecification\",\"valueRequired\":true,\"valueName\":\"search_term_string\"}}],\"inLanguage\":\"es\"},{\"@type\":\"Person\",\"@id\":\"https:\\\/\\\/www.cetys.mx\\\/noticias\\\/#\\\/schema\\\/person\\\/e790051ce60e18ae47cfa87011c8653f\",\"name\":\"Campus Tijuana\",\"url\":\"https:\\\/\\\/www.cetys.mx\\\/noticias\\\/author\\\/campustijuana\\\/\"}]}<\/script>\n<!-- \/ Yoast SEO plugin. -->","yoast_head_json":{"title":"El liderazgo y la sensibilidad - CETYS","description":"Articulo sobre El liderazgo y la sensibilidad","robots":{"index":"index","follow":"follow","max-snippet":"max-snippet:-1","max-image-preview":"max-image-preview:large","max-video-preview":"max-video-preview:-1"},"canonical":"https:\/\/www.cetys.mx\/noticias\/el-liderazgo-y-la-sensibilidad\/","og_locale":"es_MX","og_type":"article","og_title":"El liderazgo y la sensibilidad - CETYS","og_description":"Articulo sobre El liderazgo y la sensibilidad","og_url":"https:\/\/www.cetys.mx\/noticias\/el-liderazgo-y-la-sensibilidad\/","og_site_name":"CETYS","article_publisher":"https:\/\/www.facebook.com\/cetysuniversidadmxl\/","article_published_time":"2018-10-24T21:51:53+00:00","article_modified_time":"2018-10-30T15:28:41+00:00","og_image":[{"width":958,"height":637,"url":"https:\/\/www.cetys.mx\/noticias\/wp-content\/uploads\/2018\/10\/cetys_anacarrillo1.jpg","type":"image\/jpeg"}],"author":"Campus Tijuana","twitter_card":"summary_large_image","twitter_creator":"@cetysuni","twitter_site":"@cetysuni","twitter_misc":{"Escrito por":"Campus Tijuana","Tiempo de lectura":"3 minutos"},"schema":{"@context":"https:\/\/schema.org","@graph":[{"@type":"Article","@id":"https:\/\/www.cetys.mx\/noticias\/el-liderazgo-y-la-sensibilidad\/#article","isPartOf":{"@id":"https:\/\/www.cetys.mx\/noticias\/el-liderazgo-y-la-sensibilidad\/"},"author":{"name":"Campus Tijuana","@id":"https:\/\/www.cetys.mx\/noticias\/#\/schema\/person\/e790051ce60e18ae47cfa87011c8653f"},"headline":"El liderazgo y la sensibilidad","datePublished":"2018-10-24T21:51:53+00:00","dateModified":"2018-10-30T15:28:41+00:00","mainEntityOfPage":{"@id":"https:\/\/www.cetys.mx\/noticias\/el-liderazgo-y-la-sensibilidad\/"},"wordCount":543,"commentCount":0,"image":{"@id":"https:\/\/www.cetys.mx\/noticias\/el-liderazgo-y-la-sensibilidad\/#primaryimage"},"thumbnailUrl":"https:\/\/www.cetys.mx\/noticias\/wp-content\/uploads\/2018\/10\/cetys_anacarrillo1.jpg","keywords":["Alumnos","Campus Tijuana","liderazgo","profesional","vocetys-2018-10-26"],"articleSection":["Emprendimiento","Innovaci\u00f3n","Opini\u00f3n","Profesional","VoCETYS"],"inLanguage":"es","potentialAction":[{"@type":"CommentAction","name":"Comment","target":["https:\/\/www.cetys.mx\/noticias\/el-liderazgo-y-la-sensibilidad\/#respond"]}]},{"@type":"WebPage","@id":"https:\/\/www.cetys.mx\/noticias\/el-liderazgo-y-la-sensibilidad\/","url":"https:\/\/www.cetys.mx\/noticias\/el-liderazgo-y-la-sensibilidad\/","name":"El liderazgo y la sensibilidad - CETYS","isPartOf":{"@id":"https:\/\/www.cetys.mx\/noticias\/#website"},"primaryImageOfPage":{"@id":"https:\/\/www.cetys.mx\/noticias\/el-liderazgo-y-la-sensibilidad\/#primaryimage"},"image":{"@id":"https:\/\/www.cetys.mx\/noticias\/el-liderazgo-y-la-sensibilidad\/#primaryimage"},"thumbnailUrl":"https:\/\/www.cetys.mx\/noticias\/wp-content\/uploads\/2018\/10\/cetys_anacarrillo1.jpg","datePublished":"2018-10-24T21:51:53+00:00","dateModified":"2018-10-30T15:28:41+00:00","author":{"@id":"https:\/\/www.cetys.mx\/noticias\/#\/schema\/person\/e790051ce60e18ae47cfa87011c8653f"},"description":"Articulo sobre El liderazgo y la sensibilidad","breadcrumb":{"@id":"https:\/\/www.cetys.mx\/noticias\/el-liderazgo-y-la-sensibilidad\/#breadcrumb"},"inLanguage":"es","potentialAction":[{"@type":"ReadAction","target":["https:\/\/www.cetys.mx\/noticias\/el-liderazgo-y-la-sensibilidad\/"]}]},{"@type":"ImageObject","inLanguage":"es","@id":"https:\/\/www.cetys.mx\/noticias\/el-liderazgo-y-la-sensibilidad\/#primaryimage","url":"https:\/\/www.cetys.mx\/noticias\/wp-content\/uploads\/2018\/10\/cetys_anacarrillo1.jpg","contentUrl":"https:\/\/www.cetys.mx\/noticias\/wp-content\/uploads\/2018\/10\/cetys_anacarrillo1.jpg","width":958,"height":637},{"@type":"BreadcrumbList","@id":"https:\/\/www.cetys.mx\/noticias\/el-liderazgo-y-la-sensibilidad\/#breadcrumb","itemListElement":[{"@type":"ListItem","position":1,"name":"Inicio","item":"https:\/\/www.cetys.mx\/noticias\/"},{"@type":"ListItem","position":2,"name":"El liderazgo y la sensibilidad"}]},{"@type":"WebSite","@id":"https:\/\/www.cetys.mx\/noticias\/#website","url":"https:\/\/www.cetys.mx\/noticias\/","name":"CETYS","description":"","potentialAction":[{"@type":"SearchAction","target":{"@type":"EntryPoint","urlTemplate":"https:\/\/www.cetys.mx\/noticias\/?s={search_term_string}"},"query-input":{"@type":"PropertyValueSpecification","valueRequired":true,"valueName":"search_term_string"}}],"inLanguage":"es"},{"@type":"Person","@id":"https:\/\/www.cetys.mx\/noticias\/#\/schema\/person\/e790051ce60e18ae47cfa87011c8653f","name":"Campus Tijuana","url":"https:\/\/www.cetys.mx\/noticias\/author\/campustijuana\/"}]}},"_links":{"self":[{"href":"https:\/\/www.cetys.mx\/noticias\/wp-json\/wp\/v2\/posts\/121250","targetHints":{"allow":["GET"]}}],"collection":[{"href":"https:\/\/www.cetys.mx\/noticias\/wp-json\/wp\/v2\/posts"}],"about":[{"href":"https:\/\/www.cetys.mx\/noticias\/wp-json\/wp\/v2\/types\/post"}],"author":[{"embeddable":true,"href":"https:\/\/www.cetys.mx\/noticias\/wp-json\/wp\/v2\/users\/24"}],"replies":[{"embeddable":true,"href":"https:\/\/www.cetys.mx\/noticias\/wp-json\/wp\/v2\/comments?post=121250"}],"version-history":[{"count":0,"href":"https:\/\/www.cetys.mx\/noticias\/wp-json\/wp\/v2\/posts\/121250\/revisions"}],"wp:featuredmedia":[{"embeddable":true,"href":"https:\/\/www.cetys.mx\/noticias\/wp-json\/wp\/v2\/media\/121361"}],"wp:attachment":[{"href":"https:\/\/www.cetys.mx\/noticias\/wp-json\/wp\/v2\/media?parent=121250"}],"wp:term":[{"taxonomy":"category","embeddable":true,"href":"https:\/\/www.cetys.mx\/noticias\/wp-json\/wp\/v2\/categories?post=121250"},{"taxonomy":"post_tag","embeddable":true,"href":"https:\/\/www.cetys.mx\/noticias\/wp-json\/wp\/v2\/tags?post=121250"}],"curies":[{"name":"wp","href":"https:\/\/api.w.org\/{rel}","templated":true}]}}