{"id":121133,"date":"2018-10-23T10:06:59","date_gmt":"2018-10-23T17:06:59","guid":{"rendered":"http:\/\/www.cetys.mx\/noticias\/?p=121133"},"modified":"2018-10-23T10:06:59","modified_gmt":"2018-10-23T17:06:59","slug":"la-belleza-como-parte-de-la-vida-espiritual","status":"publish","type":"post","link":"https:\/\/www.cetys.mx\/noticias\/la-belleza-como-parte-de-la-vida-espiritual\/","title":{"rendered":"La belleza como parte de la vida espiritual"},"content":{"rendered":"<p><span style=\"font-weight: 400;\">En la colaboraci\u00f3n anterior compart\u00ed la escala de Astin, Astin y Lindholm (2011) para medir el nivel de <\/span><i><span style=\"font-weight: 400;\">b\u00fasqueda espiritual<\/span><\/i><span style=\"font-weight: 400;\">. En esta colaboraci\u00f3n quiero centrarme en el segundo elemento de dicha escala: <\/span><i><span style=\"font-weight: 400;\">buscar la belleza en la propia vida<\/span><\/i><span style=\"font-weight: 400;\">.<\/span><\/p>\n<blockquote><p><span style=\"font-weight: 400;\">La idea com\u00fan es que la <\/span><i><span style=\"font-weight: 400;\">belleza<\/span><\/i><span style=\"font-weight: 400;\"> es algo subjetivo, en el sentido de que el sujeto puede (o no puede) percibir la belleza de manera espont\u00e1nea y sin esfuerzo. Es dif\u00edcil encontrar personas que crean que la belleza es algo que <\/span><i><span style=\"font-weight: 400;\">est\u00e1 <\/span><\/i><span style=\"font-weight: 400;\">en la realidad, y que nosotros podemos <\/span><i><span style=\"font-weight: 400;\">aprender<\/span><\/i><span style=\"font-weight: 400;\"> a reconocer. \u00bfC\u00f3mo podr\u00edamos hacerlo, y por qu\u00e9 o para qu\u00e9?<\/span><\/p><\/blockquote>\n<p><span style=\"font-weight: 400;\">Creo que el primer paso es reconocer que aquello que llamamos <\/span><i><span style=\"font-weight: 400;\">bello<\/span><\/i><span style=\"font-weight: 400;\"> nos resulta, de alguna manera, <\/span><b>arm\u00f3nico<\/b><span style=\"font-weight: 400;\">. Cuando nos topamos con una puesta de sol, un cachorrito, una flor, o realidades m\u00e1s complejas como ciertas relaciones personales, obras de arte, etc, y podemos llamarlas <\/span><i><span style=\"font-weight: 400;\">bellas<\/span><\/i><span style=\"font-weight: 400;\">, es porque encontramos <\/span><b>armon\u00eda <\/b><span style=\"font-weight: 400;\">en dichas realidades. <\/span><\/p>\n<p><span style=\"font-weight: 400;\">Ahora, \u00bfen qu\u00e9 consiste la armon\u00eda? Sin pretender ofrecer una definici\u00f3n acad\u00e9mica, creo que la armon\u00eda alude al equilibrio, a que algo est\u00e9 completo, con todas sus partes en su lugar; hay una cierta <\/span><i><span style=\"font-weight: 400;\">sinton\u00eda<\/span><\/i><span style=\"font-weight: 400;\"> (es decir, una cierta identificaci\u00f3n) entre el objeto y el sujeto, de manera que cuando logramos esta experiencia estamos en posibilidades de conocernos mejor. Quien tiene una experiencia de belleza tiene un encuentro con s\u00ed mismo, dado que es el sujeto quien <\/span><i><span style=\"font-weight: 400;\">sintoniza armoniosamente <\/span><\/i><span style=\"font-weight: 400;\">con la realidad <\/span><i><span style=\"font-weight: 400;\">bella.<\/span><\/i><\/p>\n<p><span style=\"font-weight: 400;\">Es aqu\u00ed donde buscar la belleza se vuelve importante en la b\u00fasqueda espiritual. La belleza nos ayuda a encontrar sentidos en la vida, y ello contribuye a nuestra realizaci\u00f3n y trascendencia.<\/span><\/p>\n<blockquote><p><strong>\u00bfTe imaginas que f\u00e1cil y frecuentemente pudieras encontrar belleza a tu alrededor? \u00bfC\u00f3mo ser\u00eda tu d\u00eda? \u00bfQu\u00e9 clase de personas ser\u00edas?<\/strong><\/p><\/blockquote>\n<p><span style=\"font-weight: 400;\">\u00bfT\u00fa qu\u00e9 opinas?<\/span><\/p>\n<p><span style=\"font-weight: 400;\">Referencia:<\/span><\/p>\n<p><span style=\"font-weight: 400;\">Astin, A., Astin, H., y Lindholm J. (2011). <\/span><i><span style=\"font-weight: 400;\">Cultivating the Spirit. How College can enhance Student\u00b4s Inner Lives<\/span><\/i><span style=\"font-weight: 400;\">. EEUU: Jossey-Bass.<\/span><\/p>\n<hr \/>\n<p><u>Sobre el autor<\/u>&#8230;<\/p>\n<p><a href=\"https:\/\/www.cetys.mx\/noticias\/wp-content\/uploads\/2017\/10\/cetys_brio.jpg\"><img loading=\"lazy\" decoding=\"async\" class=\"alignleft wp-image-75817\" src=\"https:\/\/www.cetys.mx\/noticias\/wp-content\/uploads\/2017\/10\/cetys_brio.jpg\" alt=\"cetys_brio\" width=\"150\" height=\"166\" \/><\/a>El\u00a0<strong>Maestro Jos\u00e9 Luis Espinosa<\/strong>\u00a0estudi\u00f3 Filosof\u00eda y Teolog\u00eda. Actualmente es\u00a0<em>Director de Formaci\u00f3n Integral Universitaria<\/em>, responsable de los programas<em>\u00a0Fortes, Impacto y Br\u00edo<\/em>\u00a0en el Sistema CETYS Universidad. Le interesa el desarrollo humano, la \u00e9tica aplicada y la m\u00fasica cl\u00e1sica.<\/p>\n<p>Cont\u00e1ctalo a trav\u00e9s de\u00a0<a href=\"https:\/\/joseluis.espinosa@cetys.mx\">joseluis.espinosa@cetys.mx<\/a><\/p>\n<p>&nbsp;<\/p>\n","protected":false},"excerpt":{"rendered":"<p>En la colaboraci\u00f3n anterior compart\u00ed la escala de Astin, Astin y Lindholm (2011) para medir el nivel de b\u00fasqueda espiritual. En esta&#8230;<\/p>\n","protected":false},"author":98,"featured_media":121218,"comment_status":"open","ping_status":"closed","sticky":false,"template":"","format":"standard","meta":{"footnotes":""},"categories":[114],"tags":[1751,524,721],"class_list":["post-121133","post","type-post","status-publish","format-standard","has-post-thumbnail","hentry","category-opinion","tag-brio","tag-espiritualidad","tag-vida-estudiantil"],"yoast_head":"<!-- This site is optimized with the Yoast SEO plugin v27.4 - https:\/\/yoast.com\/product\/yoast-seo-wordpress\/ -->\n<title>La belleza como parte de la vida espiritual - CETYS<\/title>\n<meta name=\"description\" content=\"Articulo sobre La belleza como parte de la vida espiritual\" \/>\n<meta name=\"robots\" content=\"index, follow, max-snippet:-1, max-image-preview:large, max-video-preview:-1\" \/>\n<link rel=\"canonical\" href=\"https:\/\/www.cetys.mx\/noticias\/la-belleza-como-parte-de-la-vida-espiritual\/\" \/>\n<meta property=\"og:locale\" content=\"es_MX\" \/>\n<meta property=\"og:type\" content=\"article\" \/>\n<meta property=\"og:title\" content=\"La belleza como parte de la vida espiritual - CETYS\" \/>\n<meta property=\"og:description\" content=\"Articulo sobre La belleza como parte de la vida espiritual\" \/>\n<meta property=\"og:url\" content=\"https:\/\/www.cetys.mx\/noticias\/la-belleza-como-parte-de-la-vida-espiritual\/\" \/>\n<meta property=\"og:site_name\" content=\"CETYS\" \/>\n<meta property=\"article:publisher\" content=\"https:\/\/www.facebook.com\/cetysuniversidadmxl\/\" \/>\n<meta property=\"article:published_time\" content=\"2018-10-23T17:06:59+00:00\" \/>\n<meta property=\"og:image\" content=\"https:\/\/www.cetys.mx\/noticias\/wp-content\/uploads\/2018\/10\/cetys_brio2018.png\" \/>\n\t<meta property=\"og:image:width\" content=\"958\" \/>\n\t<meta property=\"og:image:height\" content=\"637\" \/>\n\t<meta property=\"og:image:type\" content=\"image\/png\" \/>\n<meta name=\"author\" content=\"columna.tij columna.tij\" \/>\n<meta name=\"twitter:card\" content=\"summary_large_image\" \/>\n<meta name=\"twitter:creator\" content=\"@cetysuni\" \/>\n<meta name=\"twitter:site\" content=\"@cetysuni\" \/>\n<meta name=\"twitter:label1\" content=\"Escrito por\" \/>\n\t<meta name=\"twitter:data1\" content=\"columna.tij columna.tij\" \/>\n\t<meta name=\"twitter:label2\" content=\"Tiempo de lectura\" \/>\n\t<meta name=\"twitter:data2\" content=\"2 minutos\" \/>\n<script type=\"application\/ld+json\" class=\"yoast-schema-graph\">{\"@context\":\"https:\\\/\\\/schema.org\",\"@graph\":[{\"@type\":\"Article\",\"@id\":\"https:\\\/\\\/www.cetys.mx\\\/noticias\\\/la-belleza-como-parte-de-la-vida-espiritual\\\/#article\",\"isPartOf\":{\"@id\":\"https:\\\/\\\/www.cetys.mx\\\/noticias\\\/la-belleza-como-parte-de-la-vida-espiritual\\\/\"},\"author\":{\"name\":\"columna.tij columna.tij\",\"@id\":\"https:\\\/\\\/www.cetys.mx\\\/noticias\\\/#\\\/schema\\\/person\\\/ddb2af9765a52808bbe2f519a34c6be5\"},\"headline\":\"La belleza como parte de la vida espiritual\",\"datePublished\":\"2018-10-23T17:06:59+00:00\",\"mainEntityOfPage\":{\"@id\":\"https:\\\/\\\/www.cetys.mx\\\/noticias\\\/la-belleza-como-parte-de-la-vida-espiritual\\\/\"},\"wordCount\":405,\"commentCount\":0,\"image\":{\"@id\":\"https:\\\/\\\/www.cetys.mx\\\/noticias\\\/la-belleza-como-parte-de-la-vida-espiritual\\\/#primaryimage\"},\"thumbnailUrl\":\"https:\\\/\\\/www.cetys.mx\\\/noticias\\\/wp-content\\\/uploads\\\/2018\\\/10\\\/cetys_brio2018.png\",\"keywords\":[\"br\u00edo\",\"espiritualidad\",\"Vida Estudiantil\"],\"articleSection\":[\"Opini\u00f3n\"],\"inLanguage\":\"es\",\"potentialAction\":[{\"@type\":\"CommentAction\",\"name\":\"Comment\",\"target\":[\"https:\\\/\\\/www.cetys.mx\\\/noticias\\\/la-belleza-como-parte-de-la-vida-espiritual\\\/#respond\"]}]},{\"@type\":\"WebPage\",\"@id\":\"https:\\\/\\\/www.cetys.mx\\\/noticias\\\/la-belleza-como-parte-de-la-vida-espiritual\\\/\",\"url\":\"https:\\\/\\\/www.cetys.mx\\\/noticias\\\/la-belleza-como-parte-de-la-vida-espiritual\\\/\",\"name\":\"La belleza como parte de la vida espiritual - CETYS\",\"isPartOf\":{\"@id\":\"https:\\\/\\\/www.cetys.mx\\\/noticias\\\/#website\"},\"primaryImageOfPage\":{\"@id\":\"https:\\\/\\\/www.cetys.mx\\\/noticias\\\/la-belleza-como-parte-de-la-vida-espiritual\\\/#primaryimage\"},\"image\":{\"@id\":\"https:\\\/\\\/www.cetys.mx\\\/noticias\\\/la-belleza-como-parte-de-la-vida-espiritual\\\/#primaryimage\"},\"thumbnailUrl\":\"https:\\\/\\\/www.cetys.mx\\\/noticias\\\/wp-content\\\/uploads\\\/2018\\\/10\\\/cetys_brio2018.png\",\"datePublished\":\"2018-10-23T17:06:59+00:00\",\"author\":{\"@id\":\"https:\\\/\\\/www.cetys.mx\\\/noticias\\\/#\\\/schema\\\/person\\\/ddb2af9765a52808bbe2f519a34c6be5\"},\"description\":\"Articulo sobre La belleza como parte de la vida espiritual\",\"breadcrumb\":{\"@id\":\"https:\\\/\\\/www.cetys.mx\\\/noticias\\\/la-belleza-como-parte-de-la-vida-espiritual\\\/#breadcrumb\"},\"inLanguage\":\"es\",\"potentialAction\":[{\"@type\":\"ReadAction\",\"target\":[\"https:\\\/\\\/www.cetys.mx\\\/noticias\\\/la-belleza-como-parte-de-la-vida-espiritual\\\/\"]}]},{\"@type\":\"ImageObject\",\"inLanguage\":\"es\",\"@id\":\"https:\\\/\\\/www.cetys.mx\\\/noticias\\\/la-belleza-como-parte-de-la-vida-espiritual\\\/#primaryimage\",\"url\":\"https:\\\/\\\/www.cetys.mx\\\/noticias\\\/wp-content\\\/uploads\\\/2018\\\/10\\\/cetys_brio2018.png\",\"contentUrl\":\"https:\\\/\\\/www.cetys.mx\\\/noticias\\\/wp-content\\\/uploads\\\/2018\\\/10\\\/cetys_brio2018.png\",\"width\":958,\"height\":637},{\"@type\":\"BreadcrumbList\",\"@id\":\"https:\\\/\\\/www.cetys.mx\\\/noticias\\\/la-belleza-como-parte-de-la-vida-espiritual\\\/#breadcrumb\",\"itemListElement\":[{\"@type\":\"ListItem\",\"position\":1,\"name\":\"Inicio\",\"item\":\"https:\\\/\\\/www.cetys.mx\\\/noticias\\\/\"},{\"@type\":\"ListItem\",\"position\":2,\"name\":\"La belleza como parte de la vida espiritual\"}]},{\"@type\":\"WebSite\",\"@id\":\"https:\\\/\\\/www.cetys.mx\\\/noticias\\\/#website\",\"url\":\"https:\\\/\\\/www.cetys.mx\\\/noticias\\\/\",\"name\":\"CETYS\",\"description\":\"\",\"potentialAction\":[{\"@type\":\"SearchAction\",\"target\":{\"@type\":\"EntryPoint\",\"urlTemplate\":\"https:\\\/\\\/www.cetys.mx\\\/noticias\\\/?s={search_term_string}\"},\"query-input\":{\"@type\":\"PropertyValueSpecification\",\"valueRequired\":true,\"valueName\":\"search_term_string\"}}],\"inLanguage\":\"es\"},{\"@type\":\"Person\",\"@id\":\"https:\\\/\\\/www.cetys.mx\\\/noticias\\\/#\\\/schema\\\/person\\\/ddb2af9765a52808bbe2f519a34c6be5\",\"name\":\"columna.tij columna.tij\",\"url\":\"https:\\\/\\\/www.cetys.mx\\\/noticias\\\/author\\\/columna-tij\\\/\"}]}<\/script>\n<!-- \/ Yoast SEO plugin. -->","yoast_head_json":{"title":"La belleza como parte de la vida espiritual - CETYS","description":"Articulo sobre La belleza como parte de la vida espiritual","robots":{"index":"index","follow":"follow","max-snippet":"max-snippet:-1","max-image-preview":"max-image-preview:large","max-video-preview":"max-video-preview:-1"},"canonical":"https:\/\/www.cetys.mx\/noticias\/la-belleza-como-parte-de-la-vida-espiritual\/","og_locale":"es_MX","og_type":"article","og_title":"La belleza como parte de la vida espiritual - CETYS","og_description":"Articulo sobre La belleza como parte de la vida espiritual","og_url":"https:\/\/www.cetys.mx\/noticias\/la-belleza-como-parte-de-la-vida-espiritual\/","og_site_name":"CETYS","article_publisher":"https:\/\/www.facebook.com\/cetysuniversidadmxl\/","article_published_time":"2018-10-23T17:06:59+00:00","og_image":[{"width":958,"height":637,"url":"https:\/\/www.cetys.mx\/noticias\/wp-content\/uploads\/2018\/10\/cetys_brio2018.png","type":"image\/png"}],"author":"columna.tij columna.tij","twitter_card":"summary_large_image","twitter_creator":"@cetysuni","twitter_site":"@cetysuni","twitter_misc":{"Escrito por":"columna.tij columna.tij","Tiempo de lectura":"2 minutos"},"schema":{"@context":"https:\/\/schema.org","@graph":[{"@type":"Article","@id":"https:\/\/www.cetys.mx\/noticias\/la-belleza-como-parte-de-la-vida-espiritual\/#article","isPartOf":{"@id":"https:\/\/www.cetys.mx\/noticias\/la-belleza-como-parte-de-la-vida-espiritual\/"},"author":{"name":"columna.tij columna.tij","@id":"https:\/\/www.cetys.mx\/noticias\/#\/schema\/person\/ddb2af9765a52808bbe2f519a34c6be5"},"headline":"La belleza como parte de la vida espiritual","datePublished":"2018-10-23T17:06:59+00:00","mainEntityOfPage":{"@id":"https:\/\/www.cetys.mx\/noticias\/la-belleza-como-parte-de-la-vida-espiritual\/"},"wordCount":405,"commentCount":0,"image":{"@id":"https:\/\/www.cetys.mx\/noticias\/la-belleza-como-parte-de-la-vida-espiritual\/#primaryimage"},"thumbnailUrl":"https:\/\/www.cetys.mx\/noticias\/wp-content\/uploads\/2018\/10\/cetys_brio2018.png","keywords":["br\u00edo","espiritualidad","Vida Estudiantil"],"articleSection":["Opini\u00f3n"],"inLanguage":"es","potentialAction":[{"@type":"CommentAction","name":"Comment","target":["https:\/\/www.cetys.mx\/noticias\/la-belleza-como-parte-de-la-vida-espiritual\/#respond"]}]},{"@type":"WebPage","@id":"https:\/\/www.cetys.mx\/noticias\/la-belleza-como-parte-de-la-vida-espiritual\/","url":"https:\/\/www.cetys.mx\/noticias\/la-belleza-como-parte-de-la-vida-espiritual\/","name":"La belleza como parte de la vida espiritual - CETYS","isPartOf":{"@id":"https:\/\/www.cetys.mx\/noticias\/#website"},"primaryImageOfPage":{"@id":"https:\/\/www.cetys.mx\/noticias\/la-belleza-como-parte-de-la-vida-espiritual\/#primaryimage"},"image":{"@id":"https:\/\/www.cetys.mx\/noticias\/la-belleza-como-parte-de-la-vida-espiritual\/#primaryimage"},"thumbnailUrl":"https:\/\/www.cetys.mx\/noticias\/wp-content\/uploads\/2018\/10\/cetys_brio2018.png","datePublished":"2018-10-23T17:06:59+00:00","author":{"@id":"https:\/\/www.cetys.mx\/noticias\/#\/schema\/person\/ddb2af9765a52808bbe2f519a34c6be5"},"description":"Articulo sobre La belleza como parte de la vida espiritual","breadcrumb":{"@id":"https:\/\/www.cetys.mx\/noticias\/la-belleza-como-parte-de-la-vida-espiritual\/#breadcrumb"},"inLanguage":"es","potentialAction":[{"@type":"ReadAction","target":["https:\/\/www.cetys.mx\/noticias\/la-belleza-como-parte-de-la-vida-espiritual\/"]}]},{"@type":"ImageObject","inLanguage":"es","@id":"https:\/\/www.cetys.mx\/noticias\/la-belleza-como-parte-de-la-vida-espiritual\/#primaryimage","url":"https:\/\/www.cetys.mx\/noticias\/wp-content\/uploads\/2018\/10\/cetys_brio2018.png","contentUrl":"https:\/\/www.cetys.mx\/noticias\/wp-content\/uploads\/2018\/10\/cetys_brio2018.png","width":958,"height":637},{"@type":"BreadcrumbList","@id":"https:\/\/www.cetys.mx\/noticias\/la-belleza-como-parte-de-la-vida-espiritual\/#breadcrumb","itemListElement":[{"@type":"ListItem","position":1,"name":"Inicio","item":"https:\/\/www.cetys.mx\/noticias\/"},{"@type":"ListItem","position":2,"name":"La belleza como parte de la vida espiritual"}]},{"@type":"WebSite","@id":"https:\/\/www.cetys.mx\/noticias\/#website","url":"https:\/\/www.cetys.mx\/noticias\/","name":"CETYS","description":"","potentialAction":[{"@type":"SearchAction","target":{"@type":"EntryPoint","urlTemplate":"https:\/\/www.cetys.mx\/noticias\/?s={search_term_string}"},"query-input":{"@type":"PropertyValueSpecification","valueRequired":true,"valueName":"search_term_string"}}],"inLanguage":"es"},{"@type":"Person","@id":"https:\/\/www.cetys.mx\/noticias\/#\/schema\/person\/ddb2af9765a52808bbe2f519a34c6be5","name":"columna.tij columna.tij","url":"https:\/\/www.cetys.mx\/noticias\/author\/columna-tij\/"}]}},"_links":{"self":[{"href":"https:\/\/www.cetys.mx\/noticias\/wp-json\/wp\/v2\/posts\/121133","targetHints":{"allow":["GET"]}}],"collection":[{"href":"https:\/\/www.cetys.mx\/noticias\/wp-json\/wp\/v2\/posts"}],"about":[{"href":"https:\/\/www.cetys.mx\/noticias\/wp-json\/wp\/v2\/types\/post"}],"author":[{"embeddable":true,"href":"https:\/\/www.cetys.mx\/noticias\/wp-json\/wp\/v2\/users\/98"}],"replies":[{"embeddable":true,"href":"https:\/\/www.cetys.mx\/noticias\/wp-json\/wp\/v2\/comments?post=121133"}],"version-history":[{"count":0,"href":"https:\/\/www.cetys.mx\/noticias\/wp-json\/wp\/v2\/posts\/121133\/revisions"}],"wp:featuredmedia":[{"embeddable":true,"href":"https:\/\/www.cetys.mx\/noticias\/wp-json\/wp\/v2\/media\/121218"}],"wp:attachment":[{"href":"https:\/\/www.cetys.mx\/noticias\/wp-json\/wp\/v2\/media?parent=121133"}],"wp:term":[{"taxonomy":"category","embeddable":true,"href":"https:\/\/www.cetys.mx\/noticias\/wp-json\/wp\/v2\/categories?post=121133"},{"taxonomy":"post_tag","embeddable":true,"href":"https:\/\/www.cetys.mx\/noticias\/wp-json\/wp\/v2\/tags?post=121133"}],"curies":[{"name":"wp","href":"https:\/\/api.w.org\/{rel}","templated":true}]}}