{"id":120946,"date":"2018-10-17T09:44:20","date_gmt":"2018-10-17T16:44:20","guid":{"rendered":"http:\/\/www.cetys.mx\/noticias\/?p=120946"},"modified":"2018-10-18T11:17:57","modified_gmt":"2018-10-18T18:17:57","slug":"tratar-y-entender-las-adicciones-proceso-integral-programa-si-a-la-vida-de-cetys","status":"publish","type":"post","link":"https:\/\/www.cetys.mx\/noticias\/tratar-y-entender-las-adicciones-proceso-integral-programa-si-a-la-vida-de-cetys\/","title":{"rendered":"Tratar y entender las adicciones, proceso integral: Programa S\u00ed a la Vida de CETYS"},"content":{"rendered":"<p style=\"text-align: justify;\">Los problemas de salud p\u00fablica como las adicciones, generan un impacto en los diversos sistemas que conforman a la sociedad: familia, \u00e1mbito escolar, laboral y vida comunitaria.<\/p>\n<p style=\"text-align: justify;\">En la b\u00fasqueda de informar a los j\u00f3venes universitarios sobre esta problem\u00e1tica, la <a href=\"https:\/\/www.facebook.com\/DAEcetys\/\">Direcci\u00f3n de Asuntos Estudiantiles<\/a> de <a href=\"https:\/\/www.cetys.mx\/\">CETYS<\/a>, por medio del <strong>Programa S\u00ed a la Vida<\/strong>, invit\u00f3 al Mtro. Renato Landeros S\u00e1nchez a impartir la pl\u00e1tica \u201c<strong>Conducta adictiva: la respuesta a una necesidad inconsciente\u201d.<\/strong><\/p>\n<p>&nbsp;<\/p>\n<div id=\"attachment_120974\" style=\"width: 968px\" class=\"wp-caption alignnone\"><img loading=\"lazy\" decoding=\"async\" aria-describedby=\"caption-attachment-120974\" class=\"size-full wp-image-120974\" src=\"https:\/\/www.cetys.mx\/noticias\/wp-content\/uploads\/2018\/10\/PrevencionDeLasAdiccionesCETYS-1.jpg\" alt=\"Programa S\u00ed a la Vida de CETYS\" width=\"958\" height=\"637\" srcset=\"https:\/\/www.cetys.mx\/noticias\/wp-content\/uploads\/2018\/10\/PrevencionDeLasAdiccionesCETYS-1.jpg 958w, https:\/\/www.cetys.mx\/noticias\/wp-content\/uploads\/2018\/10\/PrevencionDeLasAdiccionesCETYS-1-768x511.jpg 768w\" sizes=\"auto, (max-width: 958px) 100vw, 958px\" \/><p id=\"caption-attachment-120974\" class=\"wp-caption-text\">El psic\u00f3logo Renato Landeros imparte pl\u00e1tica sobre prevenci\u00f3n de las adicciones.<\/p><\/div>\n<p style=\"text-align: justify;\">De acuerdo con el psic\u00f3logo, las adicciones, especialmente en el uso y abuso de enervantes, narc\u00f3ticos y drogas, no solo deben problematizarse desde el consumo, sino tambi\u00e9n desde los motivos personales \u201clos porqu\u00e9s y para qu\u00e9\u201d que<\/p>\n<p style=\"text-align: justify;\">derivan en diversas conductas destructivas.<\/p>\n<p style=\"text-align: justify;\">Es por eso que, Landeros estableci\u00f3 puntos indispensables para que los amigos, familia y comunidad, puedan ayudar y entender a personas con conductas adictivas:<\/p>\n<p style=\"text-align: justify;\">\n<ul style=\"text-align: justify;\">\n<li><strong>Evitar juzgar:\u00a0<\/strong>la generalizaci\u00f3n de las situaciones por las que atraviesa una persona con conductas adictivas, no ayudar\u00e1 para su recuperaci\u00f3n, mucho menos si se le estigmatiza como un adicto.<\/li>\n<\/ul>\n<p style=\"text-align: justify;\">\n<ul style=\"text-align: justify;\">\n<li><strong>Empat\u00eda:<\/strong>\u00a0conectar con nuestros sentimientos y entender los de otros, ayuda\u00a0a comprender a otras personas y las dificultades por las que atraviesan.<\/li>\n<\/ul>\n<p style=\"text-align: justify;\">\n<ul style=\"text-align: justify;\">\n<li><strong>Entender que es un proceso:\u00a0<\/strong>la sanaci\u00f3n y las reca\u00eddas son parte del proceso. Es necesario dimensionar la gravedad y actuar consecuentemente, ya sea con apoyo de los n\u00facleos cercanos de la persona, internamiento en centros de salud o terapia psicol\u00f3gica.<\/li>\n<\/ul>\n<p style=\"text-align: justify;\">\n<ul style=\"text-align: justify;\">\n<li><strong>Buscar ayuda profesional:\u00a0<\/strong>dependiendo de la situaci\u00f3n y gravedad de cada persona, debe recurrirse a grupos de apoyo, instancias de internamiento en centros de salud, atenci\u00f3n psiqui\u00e1trica o psicol\u00f3gica y seguimiento por parte de los grupos nucleares, como la familia y amigos.<\/li>\n<\/ul>\n<p style=\"text-align: justify;\">Como conclusi\u00f3n, el psic\u00f3logo\u00a0record\u00f3 que el tratamiento en adicciones debe ser un proceso integral. La terapia individual es un paso, pero es necesario atacar los diversos \u00e1ngulos y problem\u00e1ticas que inciden en la persona: terapia familiar, atenci\u00f3n psiqui\u00e1trica, grupos de apoyo, as\u00ed como cambio de h\u00e1bitos sociales, son todas acciones necesarias.<\/p>\n","protected":false},"excerpt":{"rendered":"<p>Los problemas de salud p\u00fablica como las adicciones, generan un impacto en los diversos sistemas que conforman a la sociedad: familia, \u00e1mbito&#8230;<\/p>\n","protected":false},"author":20,"featured_media":120973,"comment_status":"open","ping_status":"closed","sticky":false,"template":"","format":"standard","meta":{"footnotes":""},"categories":[110,133,125,105],"tags":[2982,2984,2985,2983],"class_list":["post-120946","post","type-post","status-publish","format-standard","has-post-thumbnail","hentry","category-academia","category-campus-mexicali","category-portada","category-vida-estudiantil","tag-adicciones","tag-atencion-psicologica","tag-desarrollo-humano","tag-prevencion-de-las-adicciones"],"yoast_head":"<!-- This site is optimized with the Yoast SEO plugin v27.4 - https:\/\/yoast.com\/product\/yoast-seo-wordpress\/ -->\n<title>Tratar y entender las adicciones, proceso integral: Programa S\u00ed a la Vida de CETYS - CETYS<\/title>\n<meta name=\"description\" content=\"Articulo sobre Tratar y entender las adicciones, proceso integral: Programa S\u00ed a la Vida de CETYS\" \/>\n<meta name=\"robots\" content=\"index, follow, max-snippet:-1, max-image-preview:large, max-video-preview:-1\" \/>\n<link rel=\"canonical\" href=\"https:\/\/www.cetys.mx\/noticias\/tratar-y-entender-las-adicciones-proceso-integral-programa-si-a-la-vida-de-cetys\/\" \/>\n<meta property=\"og:locale\" content=\"es_MX\" \/>\n<meta property=\"og:type\" content=\"article\" \/>\n<meta property=\"og:title\" content=\"Tratar y entender las adicciones, proceso integral: Programa S\u00ed a la Vida de CETYS - CETYS\" \/>\n<meta property=\"og:description\" content=\"Articulo sobre Tratar y entender las adicciones, proceso integral: Programa S\u00ed a la Vida de CETYS\" \/>\n<meta property=\"og:url\" content=\"https:\/\/www.cetys.mx\/noticias\/tratar-y-entender-las-adicciones-proceso-integral-programa-si-a-la-vida-de-cetys\/\" \/>\n<meta property=\"og:site_name\" content=\"CETYS\" \/>\n<meta property=\"article:publisher\" content=\"https:\/\/www.facebook.com\/cetysuniversidadmxl\/\" \/>\n<meta property=\"article:published_time\" content=\"2018-10-17T16:44:20+00:00\" \/>\n<meta property=\"article:modified_time\" content=\"2018-10-18T18:17:57+00:00\" \/>\n<meta property=\"og:image\" content=\"https:\/\/www.cetys.mx\/noticias\/wp-content\/uploads\/2018\/10\/PrevencionDeLasAdiccionesCETYS-2.jpg\" \/>\n\t<meta property=\"og:image:width\" content=\"958\" \/>\n\t<meta property=\"og:image:height\" content=\"637\" \/>\n\t<meta property=\"og:image:type\" content=\"image\/jpeg\" \/>\n<meta name=\"author\" content=\"Campus Mexicali\" \/>\n<meta name=\"twitter:card\" content=\"summary_large_image\" \/>\n<meta name=\"twitter:creator\" content=\"@cetysuni\" \/>\n<meta name=\"twitter:site\" content=\"@cetysuni\" \/>\n<meta name=\"twitter:label1\" content=\"Escrito por\" \/>\n\t<meta name=\"twitter:data1\" content=\"Campus Mexicali\" \/>\n\t<meta name=\"twitter:label2\" content=\"Tiempo de lectura\" \/>\n\t<meta name=\"twitter:data2\" content=\"2 minutos\" \/>\n<script type=\"application\/ld+json\" class=\"yoast-schema-graph\">{\"@context\":\"https:\\\/\\\/schema.org\",\"@graph\":[{\"@type\":\"Article\",\"@id\":\"https:\\\/\\\/www.cetys.mx\\\/noticias\\\/tratar-y-entender-las-adicciones-proceso-integral-programa-si-a-la-vida-de-cetys\\\/#article\",\"isPartOf\":{\"@id\":\"https:\\\/\\\/www.cetys.mx\\\/noticias\\\/tratar-y-entender-las-adicciones-proceso-integral-programa-si-a-la-vida-de-cetys\\\/\"},\"author\":{\"name\":\"Campus Mexicali\",\"@id\":\"https:\\\/\\\/www.cetys.mx\\\/noticias\\\/#\\\/schema\\\/person\\\/79a95c4ac185f3705cf1b9c9340a5f70\"},\"headline\":\"Tratar y entender las adicciones, proceso integral: Programa S\u00ed a la Vida de CETYS\",\"datePublished\":\"2018-10-17T16:44:20+00:00\",\"dateModified\":\"2018-10-18T18:17:57+00:00\",\"mainEntityOfPage\":{\"@id\":\"https:\\\/\\\/www.cetys.mx\\\/noticias\\\/tratar-y-entender-las-adicciones-proceso-integral-programa-si-a-la-vida-de-cetys\\\/\"},\"wordCount\":390,\"commentCount\":0,\"image\":{\"@id\":\"https:\\\/\\\/www.cetys.mx\\\/noticias\\\/tratar-y-entender-las-adicciones-proceso-integral-programa-si-a-la-vida-de-cetys\\\/#primaryimage\"},\"thumbnailUrl\":\"https:\\\/\\\/www.cetys.mx\\\/noticias\\\/wp-content\\\/uploads\\\/2018\\\/10\\\/PrevencionDeLasAdiccionesCETYS-2.jpg\",\"keywords\":[\"Adicciones\",\"Atenci\u00f3n Psicol\u00f3gica\",\"Desarrollo Humano\",\"Prevenci\u00f3n de las Adicciones\"],\"articleSection\":[\"Academia\",\"Campus Mexicali\",\"Portada\",\"Vida Estudiantil\"],\"inLanguage\":\"es\",\"potentialAction\":[{\"@type\":\"CommentAction\",\"name\":\"Comment\",\"target\":[\"https:\\\/\\\/www.cetys.mx\\\/noticias\\\/tratar-y-entender-las-adicciones-proceso-integral-programa-si-a-la-vida-de-cetys\\\/#respond\"]}]},{\"@type\":\"WebPage\",\"@id\":\"https:\\\/\\\/www.cetys.mx\\\/noticias\\\/tratar-y-entender-las-adicciones-proceso-integral-programa-si-a-la-vida-de-cetys\\\/\",\"url\":\"https:\\\/\\\/www.cetys.mx\\\/noticias\\\/tratar-y-entender-las-adicciones-proceso-integral-programa-si-a-la-vida-de-cetys\\\/\",\"name\":\"Tratar y entender las adicciones, proceso integral: Programa S\u00ed a la Vida de CETYS - CETYS\",\"isPartOf\":{\"@id\":\"https:\\\/\\\/www.cetys.mx\\\/noticias\\\/#website\"},\"primaryImageOfPage\":{\"@id\":\"https:\\\/\\\/www.cetys.mx\\\/noticias\\\/tratar-y-entender-las-adicciones-proceso-integral-programa-si-a-la-vida-de-cetys\\\/#primaryimage\"},\"image\":{\"@id\":\"https:\\\/\\\/www.cetys.mx\\\/noticias\\\/tratar-y-entender-las-adicciones-proceso-integral-programa-si-a-la-vida-de-cetys\\\/#primaryimage\"},\"thumbnailUrl\":\"https:\\\/\\\/www.cetys.mx\\\/noticias\\\/wp-content\\\/uploads\\\/2018\\\/10\\\/PrevencionDeLasAdiccionesCETYS-2.jpg\",\"datePublished\":\"2018-10-17T16:44:20+00:00\",\"dateModified\":\"2018-10-18T18:17:57+00:00\",\"author\":{\"@id\":\"https:\\\/\\\/www.cetys.mx\\\/noticias\\\/#\\\/schema\\\/person\\\/79a95c4ac185f3705cf1b9c9340a5f70\"},\"description\":\"Articulo sobre Tratar y entender las adicciones, proceso integral: Programa S\u00ed a la Vida de CETYS\",\"breadcrumb\":{\"@id\":\"https:\\\/\\\/www.cetys.mx\\\/noticias\\\/tratar-y-entender-las-adicciones-proceso-integral-programa-si-a-la-vida-de-cetys\\\/#breadcrumb\"},\"inLanguage\":\"es\",\"potentialAction\":[{\"@type\":\"ReadAction\",\"target\":[\"https:\\\/\\\/www.cetys.mx\\\/noticias\\\/tratar-y-entender-las-adicciones-proceso-integral-programa-si-a-la-vida-de-cetys\\\/\"]}]},{\"@type\":\"ImageObject\",\"inLanguage\":\"es\",\"@id\":\"https:\\\/\\\/www.cetys.mx\\\/noticias\\\/tratar-y-entender-las-adicciones-proceso-integral-programa-si-a-la-vida-de-cetys\\\/#primaryimage\",\"url\":\"https:\\\/\\\/www.cetys.mx\\\/noticias\\\/wp-content\\\/uploads\\\/2018\\\/10\\\/PrevencionDeLasAdiccionesCETYS-2.jpg\",\"contentUrl\":\"https:\\\/\\\/www.cetys.mx\\\/noticias\\\/wp-content\\\/uploads\\\/2018\\\/10\\\/PrevencionDeLasAdiccionesCETYS-2.jpg\",\"width\":958,\"height\":637,\"caption\":\"Programa S\u00ed a la Vida de CETYS\"},{\"@type\":\"BreadcrumbList\",\"@id\":\"https:\\\/\\\/www.cetys.mx\\\/noticias\\\/tratar-y-entender-las-adicciones-proceso-integral-programa-si-a-la-vida-de-cetys\\\/#breadcrumb\",\"itemListElement\":[{\"@type\":\"ListItem\",\"position\":1,\"name\":\"Inicio\",\"item\":\"https:\\\/\\\/www.cetys.mx\\\/noticias\\\/\"},{\"@type\":\"ListItem\",\"position\":2,\"name\":\"Tratar y entender las adicciones, proceso integral: Programa S\u00ed a la Vida de CETYS\"}]},{\"@type\":\"WebSite\",\"@id\":\"https:\\\/\\\/www.cetys.mx\\\/noticias\\\/#website\",\"url\":\"https:\\\/\\\/www.cetys.mx\\\/noticias\\\/\",\"name\":\"CETYS\",\"description\":\"\",\"potentialAction\":[{\"@type\":\"SearchAction\",\"target\":{\"@type\":\"EntryPoint\",\"urlTemplate\":\"https:\\\/\\\/www.cetys.mx\\\/noticias\\\/?s={search_term_string}\"},\"query-input\":{\"@type\":\"PropertyValueSpecification\",\"valueRequired\":true,\"valueName\":\"search_term_string\"}}],\"inLanguage\":\"es\"},{\"@type\":\"Person\",\"@id\":\"https:\\\/\\\/www.cetys.mx\\\/noticias\\\/#\\\/schema\\\/person\\\/79a95c4ac185f3705cf1b9c9340a5f70\",\"name\":\"Campus Mexicali\",\"url\":\"https:\\\/\\\/www.cetys.mx\\\/noticias\\\/author\\\/campusmexicali\\\/\"}]}<\/script>\n<!-- \/ Yoast SEO plugin. -->","yoast_head_json":{"title":"Tratar y entender las adicciones, proceso integral: Programa S\u00ed a la Vida de CETYS - CETYS","description":"Articulo sobre Tratar y entender las adicciones, proceso integral: Programa S\u00ed a la Vida de CETYS","robots":{"index":"index","follow":"follow","max-snippet":"max-snippet:-1","max-image-preview":"max-image-preview:large","max-video-preview":"max-video-preview:-1"},"canonical":"https:\/\/www.cetys.mx\/noticias\/tratar-y-entender-las-adicciones-proceso-integral-programa-si-a-la-vida-de-cetys\/","og_locale":"es_MX","og_type":"article","og_title":"Tratar y entender las adicciones, proceso integral: Programa S\u00ed a la Vida de CETYS - CETYS","og_description":"Articulo sobre Tratar y entender las adicciones, proceso integral: Programa S\u00ed a la Vida de CETYS","og_url":"https:\/\/www.cetys.mx\/noticias\/tratar-y-entender-las-adicciones-proceso-integral-programa-si-a-la-vida-de-cetys\/","og_site_name":"CETYS","article_publisher":"https:\/\/www.facebook.com\/cetysuniversidadmxl\/","article_published_time":"2018-10-17T16:44:20+00:00","article_modified_time":"2018-10-18T18:17:57+00:00","og_image":[{"width":958,"height":637,"url":"https:\/\/www.cetys.mx\/noticias\/wp-content\/uploads\/2018\/10\/PrevencionDeLasAdiccionesCETYS-2.jpg","type":"image\/jpeg"}],"author":"Campus Mexicali","twitter_card":"summary_large_image","twitter_creator":"@cetysuni","twitter_site":"@cetysuni","twitter_misc":{"Escrito por":"Campus Mexicali","Tiempo de lectura":"2 minutos"},"schema":{"@context":"https:\/\/schema.org","@graph":[{"@type":"Article","@id":"https:\/\/www.cetys.mx\/noticias\/tratar-y-entender-las-adicciones-proceso-integral-programa-si-a-la-vida-de-cetys\/#article","isPartOf":{"@id":"https:\/\/www.cetys.mx\/noticias\/tratar-y-entender-las-adicciones-proceso-integral-programa-si-a-la-vida-de-cetys\/"},"author":{"name":"Campus Mexicali","@id":"https:\/\/www.cetys.mx\/noticias\/#\/schema\/person\/79a95c4ac185f3705cf1b9c9340a5f70"},"headline":"Tratar y entender las adicciones, proceso integral: Programa S\u00ed a la Vida de CETYS","datePublished":"2018-10-17T16:44:20+00:00","dateModified":"2018-10-18T18:17:57+00:00","mainEntityOfPage":{"@id":"https:\/\/www.cetys.mx\/noticias\/tratar-y-entender-las-adicciones-proceso-integral-programa-si-a-la-vida-de-cetys\/"},"wordCount":390,"commentCount":0,"image":{"@id":"https:\/\/www.cetys.mx\/noticias\/tratar-y-entender-las-adicciones-proceso-integral-programa-si-a-la-vida-de-cetys\/#primaryimage"},"thumbnailUrl":"https:\/\/www.cetys.mx\/noticias\/wp-content\/uploads\/2018\/10\/PrevencionDeLasAdiccionesCETYS-2.jpg","keywords":["Adicciones","Atenci\u00f3n Psicol\u00f3gica","Desarrollo Humano","Prevenci\u00f3n de las Adicciones"],"articleSection":["Academia","Campus Mexicali","Portada","Vida Estudiantil"],"inLanguage":"es","potentialAction":[{"@type":"CommentAction","name":"Comment","target":["https:\/\/www.cetys.mx\/noticias\/tratar-y-entender-las-adicciones-proceso-integral-programa-si-a-la-vida-de-cetys\/#respond"]}]},{"@type":"WebPage","@id":"https:\/\/www.cetys.mx\/noticias\/tratar-y-entender-las-adicciones-proceso-integral-programa-si-a-la-vida-de-cetys\/","url":"https:\/\/www.cetys.mx\/noticias\/tratar-y-entender-las-adicciones-proceso-integral-programa-si-a-la-vida-de-cetys\/","name":"Tratar y entender las adicciones, proceso integral: Programa S\u00ed a la Vida de CETYS - CETYS","isPartOf":{"@id":"https:\/\/www.cetys.mx\/noticias\/#website"},"primaryImageOfPage":{"@id":"https:\/\/www.cetys.mx\/noticias\/tratar-y-entender-las-adicciones-proceso-integral-programa-si-a-la-vida-de-cetys\/#primaryimage"},"image":{"@id":"https:\/\/www.cetys.mx\/noticias\/tratar-y-entender-las-adicciones-proceso-integral-programa-si-a-la-vida-de-cetys\/#primaryimage"},"thumbnailUrl":"https:\/\/www.cetys.mx\/noticias\/wp-content\/uploads\/2018\/10\/PrevencionDeLasAdiccionesCETYS-2.jpg","datePublished":"2018-10-17T16:44:20+00:00","dateModified":"2018-10-18T18:17:57+00:00","author":{"@id":"https:\/\/www.cetys.mx\/noticias\/#\/schema\/person\/79a95c4ac185f3705cf1b9c9340a5f70"},"description":"Articulo sobre Tratar y entender las adicciones, proceso integral: Programa S\u00ed a la Vida de CETYS","breadcrumb":{"@id":"https:\/\/www.cetys.mx\/noticias\/tratar-y-entender-las-adicciones-proceso-integral-programa-si-a-la-vida-de-cetys\/#breadcrumb"},"inLanguage":"es","potentialAction":[{"@type":"ReadAction","target":["https:\/\/www.cetys.mx\/noticias\/tratar-y-entender-las-adicciones-proceso-integral-programa-si-a-la-vida-de-cetys\/"]}]},{"@type":"ImageObject","inLanguage":"es","@id":"https:\/\/www.cetys.mx\/noticias\/tratar-y-entender-las-adicciones-proceso-integral-programa-si-a-la-vida-de-cetys\/#primaryimage","url":"https:\/\/www.cetys.mx\/noticias\/wp-content\/uploads\/2018\/10\/PrevencionDeLasAdiccionesCETYS-2.jpg","contentUrl":"https:\/\/www.cetys.mx\/noticias\/wp-content\/uploads\/2018\/10\/PrevencionDeLasAdiccionesCETYS-2.jpg","width":958,"height":637,"caption":"Programa S\u00ed a la Vida de CETYS"},{"@type":"BreadcrumbList","@id":"https:\/\/www.cetys.mx\/noticias\/tratar-y-entender-las-adicciones-proceso-integral-programa-si-a-la-vida-de-cetys\/#breadcrumb","itemListElement":[{"@type":"ListItem","position":1,"name":"Inicio","item":"https:\/\/www.cetys.mx\/noticias\/"},{"@type":"ListItem","position":2,"name":"Tratar y entender las adicciones, proceso integral: Programa S\u00ed a la Vida de CETYS"}]},{"@type":"WebSite","@id":"https:\/\/www.cetys.mx\/noticias\/#website","url":"https:\/\/www.cetys.mx\/noticias\/","name":"CETYS","description":"","potentialAction":[{"@type":"SearchAction","target":{"@type":"EntryPoint","urlTemplate":"https:\/\/www.cetys.mx\/noticias\/?s={search_term_string}"},"query-input":{"@type":"PropertyValueSpecification","valueRequired":true,"valueName":"search_term_string"}}],"inLanguage":"es"},{"@type":"Person","@id":"https:\/\/www.cetys.mx\/noticias\/#\/schema\/person\/79a95c4ac185f3705cf1b9c9340a5f70","name":"Campus Mexicali","url":"https:\/\/www.cetys.mx\/noticias\/author\/campusmexicali\/"}]}},"_links":{"self":[{"href":"https:\/\/www.cetys.mx\/noticias\/wp-json\/wp\/v2\/posts\/120946","targetHints":{"allow":["GET"]}}],"collection":[{"href":"https:\/\/www.cetys.mx\/noticias\/wp-json\/wp\/v2\/posts"}],"about":[{"href":"https:\/\/www.cetys.mx\/noticias\/wp-json\/wp\/v2\/types\/post"}],"author":[{"embeddable":true,"href":"https:\/\/www.cetys.mx\/noticias\/wp-json\/wp\/v2\/users\/20"}],"replies":[{"embeddable":true,"href":"https:\/\/www.cetys.mx\/noticias\/wp-json\/wp\/v2\/comments?post=120946"}],"version-history":[{"count":0,"href":"https:\/\/www.cetys.mx\/noticias\/wp-json\/wp\/v2\/posts\/120946\/revisions"}],"wp:featuredmedia":[{"embeddable":true,"href":"https:\/\/www.cetys.mx\/noticias\/wp-json\/wp\/v2\/media\/120973"}],"wp:attachment":[{"href":"https:\/\/www.cetys.mx\/noticias\/wp-json\/wp\/v2\/media?parent=120946"}],"wp:term":[{"taxonomy":"category","embeddable":true,"href":"https:\/\/www.cetys.mx\/noticias\/wp-json\/wp\/v2\/categories?post=120946"},{"taxonomy":"post_tag","embeddable":true,"href":"https:\/\/www.cetys.mx\/noticias\/wp-json\/wp\/v2\/tags?post=120946"}],"curies":[{"name":"wp","href":"https:\/\/api.w.org\/{rel}","templated":true}]}}