{"id":120321,"date":"2018-10-08T18:17:06","date_gmt":"2018-10-09T01:17:06","guid":{"rendered":"http:\/\/www.cetys.mx\/noticias\/?p=120321"},"modified":"2018-10-25T18:44:10","modified_gmt":"2018-10-26T01:44:10","slug":"cultura-de-la-informacion-en-cetys-desde-el-punto-de-vista-de-un-bibliotecario","status":"publish","type":"post","link":"https:\/\/www.cetys.mx\/noticias\/cultura-de-la-informacion-en-cetys-desde-el-punto-de-vista-de-un-bibliotecario\/","title":{"rendered":"Cultura de la Informaci\u00f3n en CETYS, desde el punto de vista de un bibliotecario"},"content":{"rendered":"<p>Sociedad de la informaci\u00f3n y sociedad del conocimiento, informaci\u00f3n o desinformaci\u00f3n, acercamientos reales que todo ciudadano experimenta en casa, con amigos, en la escuela, en las noticias, en la radio, televisi\u00f3n, Internet y redes sociales (Twitter, Facebook, WhatsApp, etc.) y ahora, nos encontramos con un nuevo paradigma, la Cuarta Revoluci\u00f3n Industrial o Industria 4.0.<\/p>\n<p>Por tanto, el desarrollar la habilidad de las Tecnolog\u00edas de la Informaci\u00f3n y Comunicaci\u00f3n (TIC) no son suficientes, tambi\u00e9n nos debemos de preocupar por las medi\u00e1ticas e informativas para la resoluci\u00f3n de necesidades personales, acad\u00e9micas, laborales, sociales e industriales, ya que permite al ciudadano el acceso a la informaci\u00f3n, la toma de decisiones y, sobre todo, tomar las mejores oportunidades de acuerdo con sus necesidades, \u00a0adem\u00e1s de la creaci\u00f3n de nuevos conocimientos e innovaci\u00f3n para s\u00ed mismo o para el bien de la sociedad.<\/p>\n<p>Por consecuencia y debido a ese bombardeo de informaci\u00f3n y tecnolog\u00eda, surgi\u00f3 la preocupante e interesa de preparar a la comunidad para hacerlos m\u00e1s conscientes en la b\u00fasqueda de la verdad.<\/p>\n<p>Por ello en los \u00faltimos a\u00f1os todo el personal del Sistema de Bibliotecas CETYS, profesorado y autoridades de la Instituci\u00f3n, han enfocado todos sus esfuerzos en la instrucci\u00f3n, ense\u00f1anza, autoaprendizaje, pr\u00e1ctica y mejora, en el uso de las Tecnolog\u00edas de Informaci\u00f3n y Comunicaci\u00f3n, informaci\u00f3n medi\u00e1tica (medios de comunicaci\u00f3n) y la habilidad informativa (acceso, uso y evaluaci\u00f3n).<\/p>\n<p>Ahora bien, en qu\u00e9 nos afecta la Industria 4.o? Pues de acuerdo a Zegarra y P\u00e9rez (2018) refieren a la \u201cdigitalizaci\u00f3n e integraci\u00f3n de los procesos en toda organizaci\u00f3n, de los productos y servicios de todos los modelos de negocio disruptivos (tecnol\u00f3gicos)\u201d (P\u00e1rr.2), y por ello su afectaci\u00f3n, ya que tenemos que contar con las competencias necesarias y sobre todo ser resilientes para poder adaptarnos con rapidez.<\/p>\n<p>&nbsp;<\/p>\n<hr \/>\n<p>Por: Mtra.\u00a0<strong>Amanda Valenzuela Badillo<\/strong><\/p>\n<p>Directora de Biblioteca, Campus Internacional Ensenada.<\/p>\n<p>Temas de inter\u00e9s:<\/p>\n<ul>\n<li>Administraci\u00f3n<\/li>\n<li>Biblioteconom\u00eda<\/li>\n<li>Desarrollo de la habilidad inform\u00e1tica<\/li>\n<li>Tecnolog\u00edas de la Informaci\u00f3n<\/li>\n<\/ul>\n<p>&nbsp;<\/p>\n<p>&nbsp;<\/p>\n","protected":false},"excerpt":{"rendered":"<p>Sociedad de la informaci\u00f3n y sociedad del conocimiento, informaci\u00f3n o desinformaci\u00f3n, acercamientos reales que todo ciudadano experimenta en casa, con amigos, en&#8230;<\/p>\n","protected":false},"author":23,"featured_media":120337,"comment_status":"open","ping_status":"closed","sticky":false,"template":"","format":"standard","meta":{"footnotes":""},"categories":[114,313],"tags":[3009],"class_list":["post-120321","post","type-post","status-publish","format-standard","has-post-thumbnail","hentry","category-opinion","category-vocetys-2","tag-vocetys-2018-10-25"],"yoast_head":"<!-- This site is optimized with the Yoast SEO plugin v27.4 - https:\/\/yoast.com\/product\/yoast-seo-wordpress\/ -->\n<title>Cultura de la Informaci\u00f3n en CETYS, desde el punto de vista de un bibliotecario - CETYS<\/title>\n<meta name=\"description\" content=\"Articulo sobre Cultura de la Informaci\u00f3n en CETYS, desde el punto de vista de un bibliotecario\" \/>\n<meta name=\"robots\" content=\"index, follow, max-snippet:-1, max-image-preview:large, max-video-preview:-1\" \/>\n<link rel=\"canonical\" href=\"https:\/\/www.cetys.mx\/noticias\/cultura-de-la-informacion-en-cetys-desde-el-punto-de-vista-de-un-bibliotecario\/\" \/>\n<meta property=\"og:locale\" content=\"es_MX\" \/>\n<meta property=\"og:type\" content=\"article\" \/>\n<meta property=\"og:title\" content=\"Cultura de la Informaci\u00f3n en CETYS, desde el punto de vista de un bibliotecario - CETYS\" \/>\n<meta property=\"og:description\" content=\"Articulo sobre Cultura de la Informaci\u00f3n en CETYS, desde el punto de vista de un bibliotecario\" \/>\n<meta property=\"og:url\" content=\"https:\/\/www.cetys.mx\/noticias\/cultura-de-la-informacion-en-cetys-desde-el-punto-de-vista-de-un-bibliotecario\/\" \/>\n<meta property=\"og:site_name\" content=\"CETYS\" \/>\n<meta property=\"article:publisher\" content=\"https:\/\/www.facebook.com\/cetysuniversidadmxl\/\" \/>\n<meta property=\"article:published_time\" content=\"2018-10-09T01:17:06+00:00\" \/>\n<meta property=\"article:modified_time\" content=\"2018-10-26T01:44:10+00:00\" \/>\n<meta property=\"og:image\" content=\"https:\/\/www.cetys.mx\/noticias\/wp-content\/uploads\/2018\/10\/FotoAmanda.jpg\" \/>\n\t<meta property=\"og:image:width\" content=\"958\" \/>\n\t<meta property=\"og:image:height\" content=\"637\" \/>\n\t<meta property=\"og:image:type\" content=\"image\/jpeg\" \/>\n<meta name=\"author\" content=\"Campus Ensenada\" \/>\n<meta name=\"twitter:card\" content=\"summary_large_image\" \/>\n<meta name=\"twitter:creator\" content=\"@cetysuni\" \/>\n<meta name=\"twitter:site\" content=\"@cetysuni\" \/>\n<meta name=\"twitter:label1\" content=\"Escrito por\" \/>\n\t<meta name=\"twitter:data1\" content=\"Campus Ensenada\" \/>\n\t<meta name=\"twitter:label2\" content=\"Tiempo de lectura\" \/>\n\t<meta name=\"twitter:data2\" content=\"2 minutos\" \/>\n<script type=\"application\/ld+json\" class=\"yoast-schema-graph\">{\"@context\":\"https:\\\/\\\/schema.org\",\"@graph\":[{\"@type\":\"Article\",\"@id\":\"https:\\\/\\\/www.cetys.mx\\\/noticias\\\/cultura-de-la-informacion-en-cetys-desde-el-punto-de-vista-de-un-bibliotecario\\\/#article\",\"isPartOf\":{\"@id\":\"https:\\\/\\\/www.cetys.mx\\\/noticias\\\/cultura-de-la-informacion-en-cetys-desde-el-punto-de-vista-de-un-bibliotecario\\\/\"},\"author\":{\"name\":\"Campus Ensenada\",\"@id\":\"https:\\\/\\\/www.cetys.mx\\\/noticias\\\/#\\\/schema\\\/person\\\/1a1a88c0b6586e66a2e9e88e07afc712\"},\"headline\":\"Cultura de la Informaci\u00f3n en CETYS, desde el punto de vista de un bibliotecario\",\"datePublished\":\"2018-10-09T01:17:06+00:00\",\"dateModified\":\"2018-10-26T01:44:10+00:00\",\"mainEntityOfPage\":{\"@id\":\"https:\\\/\\\/www.cetys.mx\\\/noticias\\\/cultura-de-la-informacion-en-cetys-desde-el-punto-de-vista-de-un-bibliotecario\\\/\"},\"wordCount\":378,\"commentCount\":0,\"image\":{\"@id\":\"https:\\\/\\\/www.cetys.mx\\\/noticias\\\/cultura-de-la-informacion-en-cetys-desde-el-punto-de-vista-de-un-bibliotecario\\\/#primaryimage\"},\"thumbnailUrl\":\"https:\\\/\\\/www.cetys.mx\\\/noticias\\\/wp-content\\\/uploads\\\/2018\\\/10\\\/FotoAmanda.jpg\",\"keywords\":[\"vocetys-2018-10-25\"],\"articleSection\":[\"Opini\u00f3n\",\"VoCETYS\"],\"inLanguage\":\"es\",\"potentialAction\":[{\"@type\":\"CommentAction\",\"name\":\"Comment\",\"target\":[\"https:\\\/\\\/www.cetys.mx\\\/noticias\\\/cultura-de-la-informacion-en-cetys-desde-el-punto-de-vista-de-un-bibliotecario\\\/#respond\"]}]},{\"@type\":\"WebPage\",\"@id\":\"https:\\\/\\\/www.cetys.mx\\\/noticias\\\/cultura-de-la-informacion-en-cetys-desde-el-punto-de-vista-de-un-bibliotecario\\\/\",\"url\":\"https:\\\/\\\/www.cetys.mx\\\/noticias\\\/cultura-de-la-informacion-en-cetys-desde-el-punto-de-vista-de-un-bibliotecario\\\/\",\"name\":\"Cultura de la Informaci\u00f3n en CETYS, desde el punto de vista de un bibliotecario - CETYS\",\"isPartOf\":{\"@id\":\"https:\\\/\\\/www.cetys.mx\\\/noticias\\\/#website\"},\"primaryImageOfPage\":{\"@id\":\"https:\\\/\\\/www.cetys.mx\\\/noticias\\\/cultura-de-la-informacion-en-cetys-desde-el-punto-de-vista-de-un-bibliotecario\\\/#primaryimage\"},\"image\":{\"@id\":\"https:\\\/\\\/www.cetys.mx\\\/noticias\\\/cultura-de-la-informacion-en-cetys-desde-el-punto-de-vista-de-un-bibliotecario\\\/#primaryimage\"},\"thumbnailUrl\":\"https:\\\/\\\/www.cetys.mx\\\/noticias\\\/wp-content\\\/uploads\\\/2018\\\/10\\\/FotoAmanda.jpg\",\"datePublished\":\"2018-10-09T01:17:06+00:00\",\"dateModified\":\"2018-10-26T01:44:10+00:00\",\"author\":{\"@id\":\"https:\\\/\\\/www.cetys.mx\\\/noticias\\\/#\\\/schema\\\/person\\\/1a1a88c0b6586e66a2e9e88e07afc712\"},\"description\":\"Articulo sobre Cultura de la Informaci\u00f3n en CETYS, desde el punto de vista de un bibliotecario\",\"breadcrumb\":{\"@id\":\"https:\\\/\\\/www.cetys.mx\\\/noticias\\\/cultura-de-la-informacion-en-cetys-desde-el-punto-de-vista-de-un-bibliotecario\\\/#breadcrumb\"},\"inLanguage\":\"es\",\"potentialAction\":[{\"@type\":\"ReadAction\",\"target\":[\"https:\\\/\\\/www.cetys.mx\\\/noticias\\\/cultura-de-la-informacion-en-cetys-desde-el-punto-de-vista-de-un-bibliotecario\\\/\"]}]},{\"@type\":\"ImageObject\",\"inLanguage\":\"es\",\"@id\":\"https:\\\/\\\/www.cetys.mx\\\/noticias\\\/cultura-de-la-informacion-en-cetys-desde-el-punto-de-vista-de-un-bibliotecario\\\/#primaryimage\",\"url\":\"https:\\\/\\\/www.cetys.mx\\\/noticias\\\/wp-content\\\/uploads\\\/2018\\\/10\\\/FotoAmanda.jpg\",\"contentUrl\":\"https:\\\/\\\/www.cetys.mx\\\/noticias\\\/wp-content\\\/uploads\\\/2018\\\/10\\\/FotoAmanda.jpg\",\"width\":958,\"height\":637,\"caption\":\"Amanda Valenzuela, Directora de Biblioteca Campus Internacional Ensenada.\"},{\"@type\":\"BreadcrumbList\",\"@id\":\"https:\\\/\\\/www.cetys.mx\\\/noticias\\\/cultura-de-la-informacion-en-cetys-desde-el-punto-de-vista-de-un-bibliotecario\\\/#breadcrumb\",\"itemListElement\":[{\"@type\":\"ListItem\",\"position\":1,\"name\":\"Inicio\",\"item\":\"https:\\\/\\\/www.cetys.mx\\\/noticias\\\/\"},{\"@type\":\"ListItem\",\"position\":2,\"name\":\"Cultura de la Informaci\u00f3n en CETYS, desde el punto de vista de un bibliotecario\"}]},{\"@type\":\"WebSite\",\"@id\":\"https:\\\/\\\/www.cetys.mx\\\/noticias\\\/#website\",\"url\":\"https:\\\/\\\/www.cetys.mx\\\/noticias\\\/\",\"name\":\"CETYS\",\"description\":\"\",\"potentialAction\":[{\"@type\":\"SearchAction\",\"target\":{\"@type\":\"EntryPoint\",\"urlTemplate\":\"https:\\\/\\\/www.cetys.mx\\\/noticias\\\/?s={search_term_string}\"},\"query-input\":{\"@type\":\"PropertyValueSpecification\",\"valueRequired\":true,\"valueName\":\"search_term_string\"}}],\"inLanguage\":\"es\"},{\"@type\":\"Person\",\"@id\":\"https:\\\/\\\/www.cetys.mx\\\/noticias\\\/#\\\/schema\\\/person\\\/1a1a88c0b6586e66a2e9e88e07afc712\",\"name\":\"Campus Ensenada\",\"url\":\"https:\\\/\\\/www.cetys.mx\\\/noticias\\\/author\\\/campusensenada\\\/\"}]}<\/script>\n<!-- \/ Yoast SEO plugin. -->","yoast_head_json":{"title":"Cultura de la Informaci\u00f3n en CETYS, desde el punto de vista de un bibliotecario - CETYS","description":"Articulo sobre Cultura de la Informaci\u00f3n en CETYS, desde el punto de vista de un bibliotecario","robots":{"index":"index","follow":"follow","max-snippet":"max-snippet:-1","max-image-preview":"max-image-preview:large","max-video-preview":"max-video-preview:-1"},"canonical":"https:\/\/www.cetys.mx\/noticias\/cultura-de-la-informacion-en-cetys-desde-el-punto-de-vista-de-un-bibliotecario\/","og_locale":"es_MX","og_type":"article","og_title":"Cultura de la Informaci\u00f3n en CETYS, desde el punto de vista de un bibliotecario - CETYS","og_description":"Articulo sobre Cultura de la Informaci\u00f3n en CETYS, desde el punto de vista de un bibliotecario","og_url":"https:\/\/www.cetys.mx\/noticias\/cultura-de-la-informacion-en-cetys-desde-el-punto-de-vista-de-un-bibliotecario\/","og_site_name":"CETYS","article_publisher":"https:\/\/www.facebook.com\/cetysuniversidadmxl\/","article_published_time":"2018-10-09T01:17:06+00:00","article_modified_time":"2018-10-26T01:44:10+00:00","og_image":[{"width":958,"height":637,"url":"https:\/\/www.cetys.mx\/noticias\/wp-content\/uploads\/2018\/10\/FotoAmanda.jpg","type":"image\/jpeg"}],"author":"Campus Ensenada","twitter_card":"summary_large_image","twitter_creator":"@cetysuni","twitter_site":"@cetysuni","twitter_misc":{"Escrito por":"Campus Ensenada","Tiempo de lectura":"2 minutos"},"schema":{"@context":"https:\/\/schema.org","@graph":[{"@type":"Article","@id":"https:\/\/www.cetys.mx\/noticias\/cultura-de-la-informacion-en-cetys-desde-el-punto-de-vista-de-un-bibliotecario\/#article","isPartOf":{"@id":"https:\/\/www.cetys.mx\/noticias\/cultura-de-la-informacion-en-cetys-desde-el-punto-de-vista-de-un-bibliotecario\/"},"author":{"name":"Campus Ensenada","@id":"https:\/\/www.cetys.mx\/noticias\/#\/schema\/person\/1a1a88c0b6586e66a2e9e88e07afc712"},"headline":"Cultura de la Informaci\u00f3n en CETYS, desde el punto de vista de un bibliotecario","datePublished":"2018-10-09T01:17:06+00:00","dateModified":"2018-10-26T01:44:10+00:00","mainEntityOfPage":{"@id":"https:\/\/www.cetys.mx\/noticias\/cultura-de-la-informacion-en-cetys-desde-el-punto-de-vista-de-un-bibliotecario\/"},"wordCount":378,"commentCount":0,"image":{"@id":"https:\/\/www.cetys.mx\/noticias\/cultura-de-la-informacion-en-cetys-desde-el-punto-de-vista-de-un-bibliotecario\/#primaryimage"},"thumbnailUrl":"https:\/\/www.cetys.mx\/noticias\/wp-content\/uploads\/2018\/10\/FotoAmanda.jpg","keywords":["vocetys-2018-10-25"],"articleSection":["Opini\u00f3n","VoCETYS"],"inLanguage":"es","potentialAction":[{"@type":"CommentAction","name":"Comment","target":["https:\/\/www.cetys.mx\/noticias\/cultura-de-la-informacion-en-cetys-desde-el-punto-de-vista-de-un-bibliotecario\/#respond"]}]},{"@type":"WebPage","@id":"https:\/\/www.cetys.mx\/noticias\/cultura-de-la-informacion-en-cetys-desde-el-punto-de-vista-de-un-bibliotecario\/","url":"https:\/\/www.cetys.mx\/noticias\/cultura-de-la-informacion-en-cetys-desde-el-punto-de-vista-de-un-bibliotecario\/","name":"Cultura de la Informaci\u00f3n en CETYS, desde el punto de vista de un bibliotecario - CETYS","isPartOf":{"@id":"https:\/\/www.cetys.mx\/noticias\/#website"},"primaryImageOfPage":{"@id":"https:\/\/www.cetys.mx\/noticias\/cultura-de-la-informacion-en-cetys-desde-el-punto-de-vista-de-un-bibliotecario\/#primaryimage"},"image":{"@id":"https:\/\/www.cetys.mx\/noticias\/cultura-de-la-informacion-en-cetys-desde-el-punto-de-vista-de-un-bibliotecario\/#primaryimage"},"thumbnailUrl":"https:\/\/www.cetys.mx\/noticias\/wp-content\/uploads\/2018\/10\/FotoAmanda.jpg","datePublished":"2018-10-09T01:17:06+00:00","dateModified":"2018-10-26T01:44:10+00:00","author":{"@id":"https:\/\/www.cetys.mx\/noticias\/#\/schema\/person\/1a1a88c0b6586e66a2e9e88e07afc712"},"description":"Articulo sobre Cultura de la Informaci\u00f3n en CETYS, desde el punto de vista de un bibliotecario","breadcrumb":{"@id":"https:\/\/www.cetys.mx\/noticias\/cultura-de-la-informacion-en-cetys-desde-el-punto-de-vista-de-un-bibliotecario\/#breadcrumb"},"inLanguage":"es","potentialAction":[{"@type":"ReadAction","target":["https:\/\/www.cetys.mx\/noticias\/cultura-de-la-informacion-en-cetys-desde-el-punto-de-vista-de-un-bibliotecario\/"]}]},{"@type":"ImageObject","inLanguage":"es","@id":"https:\/\/www.cetys.mx\/noticias\/cultura-de-la-informacion-en-cetys-desde-el-punto-de-vista-de-un-bibliotecario\/#primaryimage","url":"https:\/\/www.cetys.mx\/noticias\/wp-content\/uploads\/2018\/10\/FotoAmanda.jpg","contentUrl":"https:\/\/www.cetys.mx\/noticias\/wp-content\/uploads\/2018\/10\/FotoAmanda.jpg","width":958,"height":637,"caption":"Amanda Valenzuela, Directora de Biblioteca Campus Internacional Ensenada."},{"@type":"BreadcrumbList","@id":"https:\/\/www.cetys.mx\/noticias\/cultura-de-la-informacion-en-cetys-desde-el-punto-de-vista-de-un-bibliotecario\/#breadcrumb","itemListElement":[{"@type":"ListItem","position":1,"name":"Inicio","item":"https:\/\/www.cetys.mx\/noticias\/"},{"@type":"ListItem","position":2,"name":"Cultura de la Informaci\u00f3n en CETYS, desde el punto de vista de un bibliotecario"}]},{"@type":"WebSite","@id":"https:\/\/www.cetys.mx\/noticias\/#website","url":"https:\/\/www.cetys.mx\/noticias\/","name":"CETYS","description":"","potentialAction":[{"@type":"SearchAction","target":{"@type":"EntryPoint","urlTemplate":"https:\/\/www.cetys.mx\/noticias\/?s={search_term_string}"},"query-input":{"@type":"PropertyValueSpecification","valueRequired":true,"valueName":"search_term_string"}}],"inLanguage":"es"},{"@type":"Person","@id":"https:\/\/www.cetys.mx\/noticias\/#\/schema\/person\/1a1a88c0b6586e66a2e9e88e07afc712","name":"Campus Ensenada","url":"https:\/\/www.cetys.mx\/noticias\/author\/campusensenada\/"}]}},"_links":{"self":[{"href":"https:\/\/www.cetys.mx\/noticias\/wp-json\/wp\/v2\/posts\/120321","targetHints":{"allow":["GET"]}}],"collection":[{"href":"https:\/\/www.cetys.mx\/noticias\/wp-json\/wp\/v2\/posts"}],"about":[{"href":"https:\/\/www.cetys.mx\/noticias\/wp-json\/wp\/v2\/types\/post"}],"author":[{"embeddable":true,"href":"https:\/\/www.cetys.mx\/noticias\/wp-json\/wp\/v2\/users\/23"}],"replies":[{"embeddable":true,"href":"https:\/\/www.cetys.mx\/noticias\/wp-json\/wp\/v2\/comments?post=120321"}],"version-history":[{"count":0,"href":"https:\/\/www.cetys.mx\/noticias\/wp-json\/wp\/v2\/posts\/120321\/revisions"}],"wp:featuredmedia":[{"embeddable":true,"href":"https:\/\/www.cetys.mx\/noticias\/wp-json\/wp\/v2\/media\/120337"}],"wp:attachment":[{"href":"https:\/\/www.cetys.mx\/noticias\/wp-json\/wp\/v2\/media?parent=120321"}],"wp:term":[{"taxonomy":"category","embeddable":true,"href":"https:\/\/www.cetys.mx\/noticias\/wp-json\/wp\/v2\/categories?post=120321"},{"taxonomy":"post_tag","embeddable":true,"href":"https:\/\/www.cetys.mx\/noticias\/wp-json\/wp\/v2\/tags?post=120321"}],"curies":[{"name":"wp","href":"https:\/\/api.w.org\/{rel}","templated":true}]}}