{"id":120303,"date":"2018-10-08T17:05:10","date_gmt":"2018-10-09T00:05:10","guid":{"rendered":"http:\/\/www.cetys.mx\/noticias\/?p=120303"},"modified":"2018-10-08T17:06:15","modified_gmt":"2018-10-09T00:06:15","slug":"de-baja-california-a-la-india-dra-sanchez-velez","status":"publish","type":"post","link":"https:\/\/www.cetys.mx\/noticias\/de-baja-california-a-la-india-dra-sanchez-velez\/","title":{"rendered":"De Baja California a la India: Dra. S\u00e1nchez V\u00e9lez"},"content":{"rendered":"<p style=\"text-align: justify;\" align=\"justify\">Con el respaldo de una serie de estudios en los temas de Comercio Internacional y Aduanas, as\u00ed como en Administraci\u00f3n Financiera, fue que el <strong>Dra. Guadalupe S\u00e1nchez V\u00e9lez<\/strong>, <em>Directora de la Escuela de Administraci\u00f3n y Negocios<\/em> de <strong>CETYS Universidad Campus Tijuana<\/strong>, fue seleccionada por la <strong>North Maharashtra University<\/strong>, en la India, para impartir una serie de cursos especializados a estudiantes de nivel Posgrado.<\/p>\n<p style=\"text-align: justify;\" align=\"justify\">Fueron su experiencia y pasi\u00f3n por la docencia los dos elementos que le permitieron a la acad\u00e9mica poder vivir una estancia de dos semanas en el continente asi\u00e1tico; sum\u00e1ndose al 65% de los profesores de tiempo completo que han vivido una experiencia internacional, en este caso a trav\u00e9s del <em>Programa de Intercambio de Docentes<\/em> entre M\u00e9xico y la India, que se promueve desde hace 11 a\u00f1os.<\/p>\n<div id=\"attachment_120313\" style=\"width: 968px\" class=\"wp-caption aligncenter\"><img loading=\"lazy\" decoding=\"async\" aria-describedby=\"caption-attachment-120313\" class=\"wp-image-120313 size-full\" src=\"https:\/\/www.cetys.mx\/noticias\/wp-content\/uploads\/2018\/10\/cetys_cetysindia18-2.jpg\" alt=\"\" width=\"958\" height=\"637\" srcset=\"https:\/\/www.cetys.mx\/noticias\/wp-content\/uploads\/2018\/10\/cetys_cetysindia18-2.jpg 958w, https:\/\/www.cetys.mx\/noticias\/wp-content\/uploads\/2018\/10\/cetys_cetysindia18-2-768x511.jpg 768w\" sizes=\"auto, (max-width: 958px) 100vw, 958px\" \/><p id=\"caption-attachment-120313\" class=\"wp-caption-text\">De acuerdo con la acad\u00e9mica, la oportunidad de vivir la cultura y aprender del impulso a la innovaci\u00f3n son grandes contrastes respecto a M\u00e9xico.<\/p><\/div>\n<p style=\"text-align: justify;\" align=\"justify\">De esta forma fue que la <strong>Dra. S\u00e1nchez V\u00e9lez<\/strong> represent\u00f3 a la instituci\u00f3n bajacaliforniana, impartiendo un seminario centrado en Finanzas Corporativas a estudiantes del <strong>MBA<\/strong> (Master in Business Administration, por sus siglas en ingl\u00e9s), adem\u00e1s de la conferencia magistral sobre \u201c<em>Financiamiento para Emprendedores<\/em>\u201d y una m\u00e1s en torno a la \u201c<em>Renegociaci\u00f3n e Implicaciones del Tratado de Libre Comercio en Am\u00e9rica del Norte<\/em>\u201d.<\/p>\n<blockquote>\n<p align=\"justify\">&#8220;Es una experiencia en todos los \u00e1mbitos, es la posibilidad de intercambiar reflexiones y puntos de vista con colegas de otras partes del mundo, un encuentro cultural que, en el caso de la India, representa un pa\u00eds impresionante&#8221;, comparti\u00f3 la acad\u00e9mica de <strong>CETYS Universidad.<\/strong><\/p>\n<\/blockquote>\n<div id=\"attachment_120314\" style=\"width: 968px\" class=\"wp-caption aligncenter\"><img loading=\"lazy\" decoding=\"async\" aria-describedby=\"caption-attachment-120314\" class=\"wp-image-120314 size-full\" src=\"https:\/\/www.cetys.mx\/noticias\/wp-content\/uploads\/2018\/10\/cetys_cetysindia18-3.jpg\" alt=\"\" width=\"958\" height=\"637\" srcset=\"https:\/\/www.cetys.mx\/noticias\/wp-content\/uploads\/2018\/10\/cetys_cetysindia18-3.jpg 958w, https:\/\/www.cetys.mx\/noticias\/wp-content\/uploads\/2018\/10\/cetys_cetysindia18-3-768x511.jpg 768w\" sizes=\"auto, (max-width: 958px) 100vw, 958px\" \/><p id=\"caption-attachment-120314\" class=\"wp-caption-text\">La Dra. S\u00e1nchez tuvo la oportunidad de convivir con estudiantes de Posgrado y Licenciatura.<\/p><\/div>\n<p style=\"text-align: justify;\" align=\"justify\">Cabe destacar que durante m\u00e1s de una d\u00e9cada ha sido posible la participaci\u00f3n de acad\u00e9micos bajacalifornianos en el programa de intercambio, como resultado de s\u00f3lidos lazos de colaboraci\u00f3n institucional entre <strong>ASM Group of Institutes<\/strong>, organizaci\u00f3n a la que pertenece la <strong>North Maharashtra University<\/strong>, y <strong>CETYS Universidad<\/strong> en ambos sentidos; situaci\u00f3n que reafirma el compromiso de la instituci\u00f3n bajacaliforniana por brindar un acercamiento a la diversidad cultural y la perspectiva global.<\/p>\n<p style=\"text-align: justify;\" align=\"left\">\n","protected":false},"excerpt":{"rendered":"<p>Con el respaldo de una serie de estudios en los temas de Comercio Internacional y Aduanas, as\u00ed como en Administraci\u00f3n Financiera, fue&#8230;<\/p>\n","protected":false},"author":24,"featured_media":120315,"comment_status":"open","ping_status":"closed","sticky":false,"template":"","format":"standard","meta":{"footnotes":""},"categories":[110,134,319,125,1710,313],"tags":[2938],"class_list":["post-120303","post","type-post","status-publish","format-standard","has-post-thumbnail","hentry","category-academia","category-campus-tijuana","category-p-internacionales","category-portada","category-profesorado","category-vocetys-2","tag-vocetys-2018-10-05"],"yoast_head":"<!-- This site is optimized with the Yoast SEO plugin v27.4 - https:\/\/yoast.com\/product\/yoast-seo-wordpress\/ -->\n<title>De Baja California a la India: Dra. S\u00e1nchez V\u00e9lez - CETYS<\/title>\n<meta name=\"description\" content=\"Articulo sobre De Baja California a la India: Dra. S\u00e1nchez V\u00e9lez\" \/>\n<meta name=\"robots\" content=\"index, follow, max-snippet:-1, max-image-preview:large, max-video-preview:-1\" \/>\n<link rel=\"canonical\" href=\"https:\/\/www.cetys.mx\/noticias\/de-baja-california-a-la-india-dra-sanchez-velez\/\" \/>\n<meta property=\"og:locale\" content=\"es_MX\" \/>\n<meta property=\"og:type\" content=\"article\" \/>\n<meta property=\"og:title\" content=\"De Baja California a la India: Dra. S\u00e1nchez V\u00e9lez - CETYS\" \/>\n<meta property=\"og:description\" content=\"Articulo sobre De Baja California a la India: Dra. S\u00e1nchez V\u00e9lez\" \/>\n<meta property=\"og:url\" content=\"https:\/\/www.cetys.mx\/noticias\/de-baja-california-a-la-india-dra-sanchez-velez\/\" \/>\n<meta property=\"og:site_name\" content=\"CETYS\" \/>\n<meta property=\"article:publisher\" content=\"https:\/\/www.facebook.com\/cetysuniversidadmxl\/\" \/>\n<meta property=\"article:published_time\" content=\"2018-10-09T00:05:10+00:00\" \/>\n<meta property=\"article:modified_time\" content=\"2018-10-09T00:06:15+00:00\" \/>\n<meta property=\"og:image\" content=\"https:\/\/www.cetys.mx\/noticias\/wp-content\/uploads\/2018\/10\/cetys_cetysindia18-1.jpg\" \/>\n\t<meta property=\"og:image:width\" content=\"958\" \/>\n\t<meta property=\"og:image:height\" content=\"637\" \/>\n\t<meta property=\"og:image:type\" content=\"image\/jpeg\" \/>\n<meta name=\"author\" content=\"Campus Tijuana\" \/>\n<meta name=\"twitter:card\" content=\"summary_large_image\" \/>\n<meta name=\"twitter:creator\" content=\"@cetysuni\" \/>\n<meta name=\"twitter:site\" content=\"@cetysuni\" \/>\n<meta name=\"twitter:label1\" content=\"Escrito por\" \/>\n\t<meta name=\"twitter:data1\" content=\"Campus Tijuana\" \/>\n\t<meta name=\"twitter:label2\" content=\"Tiempo de lectura\" \/>\n\t<meta name=\"twitter:data2\" content=\"2 minutos\" \/>\n<script type=\"application\/ld+json\" class=\"yoast-schema-graph\">{\"@context\":\"https:\\\/\\\/schema.org\",\"@graph\":[{\"@type\":\"Article\",\"@id\":\"https:\\\/\\\/www.cetys.mx\\\/noticias\\\/de-baja-california-a-la-india-dra-sanchez-velez\\\/#article\",\"isPartOf\":{\"@id\":\"https:\\\/\\\/www.cetys.mx\\\/noticias\\\/de-baja-california-a-la-india-dra-sanchez-velez\\\/\"},\"author\":{\"name\":\"Campus Tijuana\",\"@id\":\"https:\\\/\\\/www.cetys.mx\\\/noticias\\\/#\\\/schema\\\/person\\\/e790051ce60e18ae47cfa87011c8653f\"},\"headline\":\"De Baja California a la India: Dra. S\u00e1nchez V\u00e9lez\",\"datePublished\":\"2018-10-09T00:05:10+00:00\",\"dateModified\":\"2018-10-09T00:06:15+00:00\",\"mainEntityOfPage\":{\"@id\":\"https:\\\/\\\/www.cetys.mx\\\/noticias\\\/de-baja-california-a-la-india-dra-sanchez-velez\\\/\"},\"wordCount\":400,\"commentCount\":0,\"image\":{\"@id\":\"https:\\\/\\\/www.cetys.mx\\\/noticias\\\/de-baja-california-a-la-india-dra-sanchez-velez\\\/#primaryimage\"},\"thumbnailUrl\":\"https:\\\/\\\/www.cetys.mx\\\/noticias\\\/wp-content\\\/uploads\\\/2018\\\/10\\\/cetys_cetysindia18-1.jpg\",\"keywords\":[\"vocetys-2018-10-05\"],\"articleSection\":[\"Academia\",\"Campus Tijuana\",\"P. Internacionales\",\"Portada\",\"Profesorado\",\"VoCETYS\"],\"inLanguage\":\"es\",\"potentialAction\":[{\"@type\":\"CommentAction\",\"name\":\"Comment\",\"target\":[\"https:\\\/\\\/www.cetys.mx\\\/noticias\\\/de-baja-california-a-la-india-dra-sanchez-velez\\\/#respond\"]}]},{\"@type\":\"WebPage\",\"@id\":\"https:\\\/\\\/www.cetys.mx\\\/noticias\\\/de-baja-california-a-la-india-dra-sanchez-velez\\\/\",\"url\":\"https:\\\/\\\/www.cetys.mx\\\/noticias\\\/de-baja-california-a-la-india-dra-sanchez-velez\\\/\",\"name\":\"De Baja California a la India: Dra. S\u00e1nchez V\u00e9lez - CETYS\",\"isPartOf\":{\"@id\":\"https:\\\/\\\/www.cetys.mx\\\/noticias\\\/#website\"},\"primaryImageOfPage\":{\"@id\":\"https:\\\/\\\/www.cetys.mx\\\/noticias\\\/de-baja-california-a-la-india-dra-sanchez-velez\\\/#primaryimage\"},\"image\":{\"@id\":\"https:\\\/\\\/www.cetys.mx\\\/noticias\\\/de-baja-california-a-la-india-dra-sanchez-velez\\\/#primaryimage\"},\"thumbnailUrl\":\"https:\\\/\\\/www.cetys.mx\\\/noticias\\\/wp-content\\\/uploads\\\/2018\\\/10\\\/cetys_cetysindia18-1.jpg\",\"datePublished\":\"2018-10-09T00:05:10+00:00\",\"dateModified\":\"2018-10-09T00:06:15+00:00\",\"author\":{\"@id\":\"https:\\\/\\\/www.cetys.mx\\\/noticias\\\/#\\\/schema\\\/person\\\/e790051ce60e18ae47cfa87011c8653f\"},\"description\":\"Articulo sobre De Baja California a la India: Dra. S\u00e1nchez V\u00e9lez\",\"breadcrumb\":{\"@id\":\"https:\\\/\\\/www.cetys.mx\\\/noticias\\\/de-baja-california-a-la-india-dra-sanchez-velez\\\/#breadcrumb\"},\"inLanguage\":\"es\",\"potentialAction\":[{\"@type\":\"ReadAction\",\"target\":[\"https:\\\/\\\/www.cetys.mx\\\/noticias\\\/de-baja-california-a-la-india-dra-sanchez-velez\\\/\"]}]},{\"@type\":\"ImageObject\",\"inLanguage\":\"es\",\"@id\":\"https:\\\/\\\/www.cetys.mx\\\/noticias\\\/de-baja-california-a-la-india-dra-sanchez-velez\\\/#primaryimage\",\"url\":\"https:\\\/\\\/www.cetys.mx\\\/noticias\\\/wp-content\\\/uploads\\\/2018\\\/10\\\/cetys_cetysindia18-1.jpg\",\"contentUrl\":\"https:\\\/\\\/www.cetys.mx\\\/noticias\\\/wp-content\\\/uploads\\\/2018\\\/10\\\/cetys_cetysindia18-1.jpg\",\"width\":958,\"height\":637},{\"@type\":\"BreadcrumbList\",\"@id\":\"https:\\\/\\\/www.cetys.mx\\\/noticias\\\/de-baja-california-a-la-india-dra-sanchez-velez\\\/#breadcrumb\",\"itemListElement\":[{\"@type\":\"ListItem\",\"position\":1,\"name\":\"Inicio\",\"item\":\"https:\\\/\\\/www.cetys.mx\\\/noticias\\\/\"},{\"@type\":\"ListItem\",\"position\":2,\"name\":\"De Baja California a la India: Dra. S\u00e1nchez V\u00e9lez\"}]},{\"@type\":\"WebSite\",\"@id\":\"https:\\\/\\\/www.cetys.mx\\\/noticias\\\/#website\",\"url\":\"https:\\\/\\\/www.cetys.mx\\\/noticias\\\/\",\"name\":\"CETYS\",\"description\":\"\",\"potentialAction\":[{\"@type\":\"SearchAction\",\"target\":{\"@type\":\"EntryPoint\",\"urlTemplate\":\"https:\\\/\\\/www.cetys.mx\\\/noticias\\\/?s={search_term_string}\"},\"query-input\":{\"@type\":\"PropertyValueSpecification\",\"valueRequired\":true,\"valueName\":\"search_term_string\"}}],\"inLanguage\":\"es\"},{\"@type\":\"Person\",\"@id\":\"https:\\\/\\\/www.cetys.mx\\\/noticias\\\/#\\\/schema\\\/person\\\/e790051ce60e18ae47cfa87011c8653f\",\"name\":\"Campus Tijuana\",\"url\":\"https:\\\/\\\/www.cetys.mx\\\/noticias\\\/author\\\/campustijuana\\\/\"}]}<\/script>\n<!-- \/ Yoast SEO plugin. -->","yoast_head_json":{"title":"De Baja California a la India: Dra. S\u00e1nchez V\u00e9lez - CETYS","description":"Articulo sobre De Baja California a la India: Dra. S\u00e1nchez V\u00e9lez","robots":{"index":"index","follow":"follow","max-snippet":"max-snippet:-1","max-image-preview":"max-image-preview:large","max-video-preview":"max-video-preview:-1"},"canonical":"https:\/\/www.cetys.mx\/noticias\/de-baja-california-a-la-india-dra-sanchez-velez\/","og_locale":"es_MX","og_type":"article","og_title":"De Baja California a la India: Dra. S\u00e1nchez V\u00e9lez - CETYS","og_description":"Articulo sobre De Baja California a la India: Dra. S\u00e1nchez V\u00e9lez","og_url":"https:\/\/www.cetys.mx\/noticias\/de-baja-california-a-la-india-dra-sanchez-velez\/","og_site_name":"CETYS","article_publisher":"https:\/\/www.facebook.com\/cetysuniversidadmxl\/","article_published_time":"2018-10-09T00:05:10+00:00","article_modified_time":"2018-10-09T00:06:15+00:00","og_image":[{"width":958,"height":637,"url":"https:\/\/www.cetys.mx\/noticias\/wp-content\/uploads\/2018\/10\/cetys_cetysindia18-1.jpg","type":"image\/jpeg"}],"author":"Campus Tijuana","twitter_card":"summary_large_image","twitter_creator":"@cetysuni","twitter_site":"@cetysuni","twitter_misc":{"Escrito por":"Campus Tijuana","Tiempo de lectura":"2 minutos"},"schema":{"@context":"https:\/\/schema.org","@graph":[{"@type":"Article","@id":"https:\/\/www.cetys.mx\/noticias\/de-baja-california-a-la-india-dra-sanchez-velez\/#article","isPartOf":{"@id":"https:\/\/www.cetys.mx\/noticias\/de-baja-california-a-la-india-dra-sanchez-velez\/"},"author":{"name":"Campus Tijuana","@id":"https:\/\/www.cetys.mx\/noticias\/#\/schema\/person\/e790051ce60e18ae47cfa87011c8653f"},"headline":"De Baja California a la India: Dra. S\u00e1nchez V\u00e9lez","datePublished":"2018-10-09T00:05:10+00:00","dateModified":"2018-10-09T00:06:15+00:00","mainEntityOfPage":{"@id":"https:\/\/www.cetys.mx\/noticias\/de-baja-california-a-la-india-dra-sanchez-velez\/"},"wordCount":400,"commentCount":0,"image":{"@id":"https:\/\/www.cetys.mx\/noticias\/de-baja-california-a-la-india-dra-sanchez-velez\/#primaryimage"},"thumbnailUrl":"https:\/\/www.cetys.mx\/noticias\/wp-content\/uploads\/2018\/10\/cetys_cetysindia18-1.jpg","keywords":["vocetys-2018-10-05"],"articleSection":["Academia","Campus Tijuana","P. Internacionales","Portada","Profesorado","VoCETYS"],"inLanguage":"es","potentialAction":[{"@type":"CommentAction","name":"Comment","target":["https:\/\/www.cetys.mx\/noticias\/de-baja-california-a-la-india-dra-sanchez-velez\/#respond"]}]},{"@type":"WebPage","@id":"https:\/\/www.cetys.mx\/noticias\/de-baja-california-a-la-india-dra-sanchez-velez\/","url":"https:\/\/www.cetys.mx\/noticias\/de-baja-california-a-la-india-dra-sanchez-velez\/","name":"De Baja California a la India: Dra. S\u00e1nchez V\u00e9lez - CETYS","isPartOf":{"@id":"https:\/\/www.cetys.mx\/noticias\/#website"},"primaryImageOfPage":{"@id":"https:\/\/www.cetys.mx\/noticias\/de-baja-california-a-la-india-dra-sanchez-velez\/#primaryimage"},"image":{"@id":"https:\/\/www.cetys.mx\/noticias\/de-baja-california-a-la-india-dra-sanchez-velez\/#primaryimage"},"thumbnailUrl":"https:\/\/www.cetys.mx\/noticias\/wp-content\/uploads\/2018\/10\/cetys_cetysindia18-1.jpg","datePublished":"2018-10-09T00:05:10+00:00","dateModified":"2018-10-09T00:06:15+00:00","author":{"@id":"https:\/\/www.cetys.mx\/noticias\/#\/schema\/person\/e790051ce60e18ae47cfa87011c8653f"},"description":"Articulo sobre De Baja California a la India: Dra. S\u00e1nchez V\u00e9lez","breadcrumb":{"@id":"https:\/\/www.cetys.mx\/noticias\/de-baja-california-a-la-india-dra-sanchez-velez\/#breadcrumb"},"inLanguage":"es","potentialAction":[{"@type":"ReadAction","target":["https:\/\/www.cetys.mx\/noticias\/de-baja-california-a-la-india-dra-sanchez-velez\/"]}]},{"@type":"ImageObject","inLanguage":"es","@id":"https:\/\/www.cetys.mx\/noticias\/de-baja-california-a-la-india-dra-sanchez-velez\/#primaryimage","url":"https:\/\/www.cetys.mx\/noticias\/wp-content\/uploads\/2018\/10\/cetys_cetysindia18-1.jpg","contentUrl":"https:\/\/www.cetys.mx\/noticias\/wp-content\/uploads\/2018\/10\/cetys_cetysindia18-1.jpg","width":958,"height":637},{"@type":"BreadcrumbList","@id":"https:\/\/www.cetys.mx\/noticias\/de-baja-california-a-la-india-dra-sanchez-velez\/#breadcrumb","itemListElement":[{"@type":"ListItem","position":1,"name":"Inicio","item":"https:\/\/www.cetys.mx\/noticias\/"},{"@type":"ListItem","position":2,"name":"De Baja California a la India: Dra. S\u00e1nchez V\u00e9lez"}]},{"@type":"WebSite","@id":"https:\/\/www.cetys.mx\/noticias\/#website","url":"https:\/\/www.cetys.mx\/noticias\/","name":"CETYS","description":"","potentialAction":[{"@type":"SearchAction","target":{"@type":"EntryPoint","urlTemplate":"https:\/\/www.cetys.mx\/noticias\/?s={search_term_string}"},"query-input":{"@type":"PropertyValueSpecification","valueRequired":true,"valueName":"search_term_string"}}],"inLanguage":"es"},{"@type":"Person","@id":"https:\/\/www.cetys.mx\/noticias\/#\/schema\/person\/e790051ce60e18ae47cfa87011c8653f","name":"Campus Tijuana","url":"https:\/\/www.cetys.mx\/noticias\/author\/campustijuana\/"}]}},"_links":{"self":[{"href":"https:\/\/www.cetys.mx\/noticias\/wp-json\/wp\/v2\/posts\/120303","targetHints":{"allow":["GET"]}}],"collection":[{"href":"https:\/\/www.cetys.mx\/noticias\/wp-json\/wp\/v2\/posts"}],"about":[{"href":"https:\/\/www.cetys.mx\/noticias\/wp-json\/wp\/v2\/types\/post"}],"author":[{"embeddable":true,"href":"https:\/\/www.cetys.mx\/noticias\/wp-json\/wp\/v2\/users\/24"}],"replies":[{"embeddable":true,"href":"https:\/\/www.cetys.mx\/noticias\/wp-json\/wp\/v2\/comments?post=120303"}],"version-history":[{"count":0,"href":"https:\/\/www.cetys.mx\/noticias\/wp-json\/wp\/v2\/posts\/120303\/revisions"}],"wp:featuredmedia":[{"embeddable":true,"href":"https:\/\/www.cetys.mx\/noticias\/wp-json\/wp\/v2\/media\/120315"}],"wp:attachment":[{"href":"https:\/\/www.cetys.mx\/noticias\/wp-json\/wp\/v2\/media?parent=120303"}],"wp:term":[{"taxonomy":"category","embeddable":true,"href":"https:\/\/www.cetys.mx\/noticias\/wp-json\/wp\/v2\/categories?post=120303"},{"taxonomy":"post_tag","embeddable":true,"href":"https:\/\/www.cetys.mx\/noticias\/wp-json\/wp\/v2\/tags?post=120303"}],"curies":[{"name":"wp","href":"https:\/\/api.w.org\/{rel}","templated":true}]}}