{"id":119725,"date":"2018-10-01T17:30:01","date_gmt":"2018-10-02T00:30:01","guid":{"rendered":"http:\/\/www.cetys.mx\/noticias\/?p=119725"},"modified":"2018-10-01T17:30:01","modified_gmt":"2018-10-02T00:30:01","slug":"forjadores-de-la-educacion-tuvo-su-tercer-torneo-de-basquetbol","status":"publish","type":"post","link":"https:\/\/www.cetys.mx\/noticias\/forjadores-de-la-educacion-tuvo-su-tercer-torneo-de-basquetbol\/","title":{"rendered":"Forjadores de la Educaci\u00f3n tuvo su tercer Torneo de B\u00e1squetbol"},"content":{"rendered":"<p style=\"text-align: justify;\"><span style=\"font-weight: 400;\">Se llev\u00f3 a cabo el <strong>III Torneo de Baloncesto<\/strong> &#8220;<em>Forjadores de la Educaci\u00f3n<\/em>&#8221; en la duela del Gimnasio-Auditorio &#8220;<em>Rodrigo Valle Hern\u00e1ndez<\/em>&#8220;, localizado en <strong>CETYS Universidad Campus Tijuana.<\/strong><\/span><\/p>\n<p>&nbsp;<\/p>\n<p style=\"text-align: justify;\"><span style=\"font-weight: 400;\">Como cada a\u00f1o, cuatro equipos representativos de empresas locales disputan el primer lugar y<strong> Baxter<\/strong> dio la campanada al vencer a<strong> Foxconn<\/strong> por 63-41. Pese a contar con s\u00f3lo seis jugadores, los flamantes campeones dieron muestra de su conocimiento en el &#8220;<em>Deporte R\u00e1faga<\/em>&#8220;. En el duelo por el tercer lugar, <strong>Thermo Fisher<\/strong> super\u00f3 a <strong>Aptiv<\/strong> con marcador de 44-30.<\/span><\/p>\n<div id=\"attachment_119750\" style=\"width: 968px\" class=\"wp-caption aligncenter\"><img loading=\"lazy\" decoding=\"async\" aria-describedby=\"caption-attachment-119750\" class=\"wp-image-119750 size-full\" src=\"https:\/\/www.cetys.mx\/noticias\/wp-content\/uploads\/2018\/10\/DSC_0833.jpg\" alt=\"\" width=\"958\" height=\"637\" srcset=\"https:\/\/www.cetys.mx\/noticias\/wp-content\/uploads\/2018\/10\/DSC_0833.jpg 958w, https:\/\/www.cetys.mx\/noticias\/wp-content\/uploads\/2018\/10\/DSC_0833-768x511.jpg 768w\" sizes=\"auto, (max-width: 958px) 100vw, 958px\" \/><p id=\"caption-attachment-119750\" class=\"wp-caption-text\">A trav\u00e9s del programa &#8220;Forjadores de la Educaci\u00f3n&#8221; promueven el apoyo al Fondo de Becas.<\/p><\/div>\n<p style=\"text-align: justify;\"><span style=\"font-weight: 400;\">Antes se desarrollaron las semifinales del certamen: <strong>Baxter<\/strong> hab\u00eda superado primero a <strong>Aptiv<\/strong> por 76-29, para luego ser <strong>Foxconn<\/strong> el segundo finalista al eliminar a <strong>Thermo Fisher<\/strong> por 50-27. \u00a0<\/span><\/p>\n<p style=\"text-align: justify;\"><span style=\"font-weight: 400;\">\u201c<em>Forjadores de la Educaci\u00f3n<\/em>\u201d es un programa que tiene como objetivo ser una herramienta para elevar la competitividad de empresas. A trav\u00e9s de actividades productivas de vinculaci\u00f3n, busca consolidar alianzas estrat\u00e9gicas con la industria.<\/span><\/p>\n<div id=\"attachment_119747\" style=\"width: 968px\" class=\"wp-caption aligncenter\"><img loading=\"lazy\" decoding=\"async\" aria-describedby=\"caption-attachment-119747\" class=\"wp-image-119747 size-full\" src=\"https:\/\/www.cetys.mx\/noticias\/wp-content\/uploads\/2018\/10\/DSC_0741.jpg\" alt=\"\" width=\"958\" height=\"637\" srcset=\"https:\/\/www.cetys.mx\/noticias\/wp-content\/uploads\/2018\/10\/DSC_0741.jpg 958w, https:\/\/www.cetys.mx\/noticias\/wp-content\/uploads\/2018\/10\/DSC_0741-768x511.jpg 768w\" sizes=\"auto, (max-width: 958px) 100vw, 958px\" \/><p id=\"caption-attachment-119747\" class=\"wp-caption-text\">Las instalaciones del Gimanasio-Auditorio &#8220;Rodrigo Valle Hern\u00e1ndez&#8221; fungieron como sede de los encuentros.<\/p><\/div>\n","protected":false},"excerpt":{"rendered":"<p>Se llev\u00f3 a cabo el III Torneo de Baloncesto &#8220;Forjadores de la Educaci\u00f3n&#8221; en la duela del Gimnasio-Auditorio &#8220;Rodrigo Valle Hern\u00e1ndez&#8220;, localizado&#8230;<\/p>\n","protected":false},"author":24,"featured_media":119749,"comment_status":"open","ping_status":"closed","sticky":false,"template":"","format":"standard","meta":{"footnotes":""},"categories":[322,134,312],"tags":[],"class_list":["post-119725","post","type-post","status-publish","format-standard","has-post-thumbnail","hentry","category-avance-institucional","category-campus-tijuana","category-deportes"],"yoast_head":"<!-- This site is optimized with the Yoast SEO plugin v27.4 - https:\/\/yoast.com\/product\/yoast-seo-wordpress\/ -->\n<title>Forjadores de la Educaci\u00f3n tuvo su tercer Torneo de B\u00e1squetbol - CETYS<\/title>\n<meta name=\"description\" content=\"Articulo sobre Forjadores de la Educaci\u00f3n tuvo su tercer Torneo de B\u00e1squetbol\" \/>\n<meta name=\"robots\" content=\"index, follow, max-snippet:-1, max-image-preview:large, max-video-preview:-1\" \/>\n<link rel=\"canonical\" href=\"https:\/\/www.cetys.mx\/noticias\/forjadores-de-la-educacion-tuvo-su-tercer-torneo-de-basquetbol\/\" \/>\n<meta property=\"og:locale\" content=\"es_MX\" \/>\n<meta property=\"og:type\" content=\"article\" \/>\n<meta property=\"og:title\" content=\"Forjadores de la Educaci\u00f3n tuvo su tercer Torneo de B\u00e1squetbol - CETYS\" \/>\n<meta property=\"og:description\" content=\"Articulo sobre Forjadores de la Educaci\u00f3n tuvo su tercer Torneo de B\u00e1squetbol\" \/>\n<meta property=\"og:url\" content=\"https:\/\/www.cetys.mx\/noticias\/forjadores-de-la-educacion-tuvo-su-tercer-torneo-de-basquetbol\/\" \/>\n<meta property=\"og:site_name\" content=\"CETYS\" \/>\n<meta property=\"article:publisher\" content=\"https:\/\/www.facebook.com\/cetysuniversidadmxl\/\" \/>\n<meta property=\"article:published_time\" content=\"2018-10-02T00:30:01+00:00\" \/>\n<meta property=\"og:image\" content=\"https:\/\/www.cetys.mx\/noticias\/wp-content\/uploads\/2018\/10\/DSC_0796.jpg\" \/>\n\t<meta property=\"og:image:width\" content=\"958\" \/>\n\t<meta property=\"og:image:height\" content=\"637\" \/>\n\t<meta property=\"og:image:type\" content=\"image\/jpeg\" \/>\n<meta name=\"author\" content=\"Campus Tijuana\" \/>\n<meta name=\"twitter:card\" content=\"summary_large_image\" \/>\n<meta name=\"twitter:creator\" content=\"@cetysuni\" \/>\n<meta name=\"twitter:site\" content=\"@cetysuni\" \/>\n<meta name=\"twitter:label1\" content=\"Escrito por\" \/>\n\t<meta name=\"twitter:data1\" content=\"Campus Tijuana\" \/>\n\t<meta name=\"twitter:label2\" content=\"Tiempo de lectura\" \/>\n\t<meta name=\"twitter:data2\" content=\"1 minuto\" \/>\n<script type=\"application\/ld+json\" class=\"yoast-schema-graph\">{\"@context\":\"https:\\\/\\\/schema.org\",\"@graph\":[{\"@type\":\"Article\",\"@id\":\"https:\\\/\\\/www.cetys.mx\\\/noticias\\\/forjadores-de-la-educacion-tuvo-su-tercer-torneo-de-basquetbol\\\/#article\",\"isPartOf\":{\"@id\":\"https:\\\/\\\/www.cetys.mx\\\/noticias\\\/forjadores-de-la-educacion-tuvo-su-tercer-torneo-de-basquetbol\\\/\"},\"author\":{\"name\":\"Campus Tijuana\",\"@id\":\"https:\\\/\\\/www.cetys.mx\\\/noticias\\\/#\\\/schema\\\/person\\\/e790051ce60e18ae47cfa87011c8653f\"},\"headline\":\"Forjadores de la Educaci\u00f3n tuvo su tercer Torneo de B\u00e1squetbol\",\"datePublished\":\"2018-10-02T00:30:01+00:00\",\"mainEntityOfPage\":{\"@id\":\"https:\\\/\\\/www.cetys.mx\\\/noticias\\\/forjadores-de-la-educacion-tuvo-su-tercer-torneo-de-basquetbol\\\/\"},\"wordCount\":217,\"commentCount\":0,\"image\":{\"@id\":\"https:\\\/\\\/www.cetys.mx\\\/noticias\\\/forjadores-de-la-educacion-tuvo-su-tercer-torneo-de-basquetbol\\\/#primaryimage\"},\"thumbnailUrl\":\"https:\\\/\\\/www.cetys.mx\\\/noticias\\\/wp-content\\\/uploads\\\/2018\\\/10\\\/DSC_0796.jpg\",\"articleSection\":[\"Avance Institucional\",\"Campus Tijuana\",\"Deportes\"],\"inLanguage\":\"es\",\"potentialAction\":[{\"@type\":\"CommentAction\",\"name\":\"Comment\",\"target\":[\"https:\\\/\\\/www.cetys.mx\\\/noticias\\\/forjadores-de-la-educacion-tuvo-su-tercer-torneo-de-basquetbol\\\/#respond\"]}]},{\"@type\":\"WebPage\",\"@id\":\"https:\\\/\\\/www.cetys.mx\\\/noticias\\\/forjadores-de-la-educacion-tuvo-su-tercer-torneo-de-basquetbol\\\/\",\"url\":\"https:\\\/\\\/www.cetys.mx\\\/noticias\\\/forjadores-de-la-educacion-tuvo-su-tercer-torneo-de-basquetbol\\\/\",\"name\":\"Forjadores de la Educaci\u00f3n tuvo su tercer Torneo de B\u00e1squetbol - CETYS\",\"isPartOf\":{\"@id\":\"https:\\\/\\\/www.cetys.mx\\\/noticias\\\/#website\"},\"primaryImageOfPage\":{\"@id\":\"https:\\\/\\\/www.cetys.mx\\\/noticias\\\/forjadores-de-la-educacion-tuvo-su-tercer-torneo-de-basquetbol\\\/#primaryimage\"},\"image\":{\"@id\":\"https:\\\/\\\/www.cetys.mx\\\/noticias\\\/forjadores-de-la-educacion-tuvo-su-tercer-torneo-de-basquetbol\\\/#primaryimage\"},\"thumbnailUrl\":\"https:\\\/\\\/www.cetys.mx\\\/noticias\\\/wp-content\\\/uploads\\\/2018\\\/10\\\/DSC_0796.jpg\",\"datePublished\":\"2018-10-02T00:30:01+00:00\",\"author\":{\"@id\":\"https:\\\/\\\/www.cetys.mx\\\/noticias\\\/#\\\/schema\\\/person\\\/e790051ce60e18ae47cfa87011c8653f\"},\"description\":\"Articulo sobre Forjadores de la Educaci\u00f3n tuvo su tercer Torneo de B\u00e1squetbol\",\"breadcrumb\":{\"@id\":\"https:\\\/\\\/www.cetys.mx\\\/noticias\\\/forjadores-de-la-educacion-tuvo-su-tercer-torneo-de-basquetbol\\\/#breadcrumb\"},\"inLanguage\":\"es\",\"potentialAction\":[{\"@type\":\"ReadAction\",\"target\":[\"https:\\\/\\\/www.cetys.mx\\\/noticias\\\/forjadores-de-la-educacion-tuvo-su-tercer-torneo-de-basquetbol\\\/\"]}]},{\"@type\":\"ImageObject\",\"inLanguage\":\"es\",\"@id\":\"https:\\\/\\\/www.cetys.mx\\\/noticias\\\/forjadores-de-la-educacion-tuvo-su-tercer-torneo-de-basquetbol\\\/#primaryimage\",\"url\":\"https:\\\/\\\/www.cetys.mx\\\/noticias\\\/wp-content\\\/uploads\\\/2018\\\/10\\\/DSC_0796.jpg\",\"contentUrl\":\"https:\\\/\\\/www.cetys.mx\\\/noticias\\\/wp-content\\\/uploads\\\/2018\\\/10\\\/DSC_0796.jpg\",\"width\":958,\"height\":637},{\"@type\":\"BreadcrumbList\",\"@id\":\"https:\\\/\\\/www.cetys.mx\\\/noticias\\\/forjadores-de-la-educacion-tuvo-su-tercer-torneo-de-basquetbol\\\/#breadcrumb\",\"itemListElement\":[{\"@type\":\"ListItem\",\"position\":1,\"name\":\"Inicio\",\"item\":\"https:\\\/\\\/www.cetys.mx\\\/noticias\\\/\"},{\"@type\":\"ListItem\",\"position\":2,\"name\":\"Forjadores de la Educaci\u00f3n tuvo su tercer Torneo de B\u00e1squetbol\"}]},{\"@type\":\"WebSite\",\"@id\":\"https:\\\/\\\/www.cetys.mx\\\/noticias\\\/#website\",\"url\":\"https:\\\/\\\/www.cetys.mx\\\/noticias\\\/\",\"name\":\"CETYS\",\"description\":\"\",\"potentialAction\":[{\"@type\":\"SearchAction\",\"target\":{\"@type\":\"EntryPoint\",\"urlTemplate\":\"https:\\\/\\\/www.cetys.mx\\\/noticias\\\/?s={search_term_string}\"},\"query-input\":{\"@type\":\"PropertyValueSpecification\",\"valueRequired\":true,\"valueName\":\"search_term_string\"}}],\"inLanguage\":\"es\"},{\"@type\":\"Person\",\"@id\":\"https:\\\/\\\/www.cetys.mx\\\/noticias\\\/#\\\/schema\\\/person\\\/e790051ce60e18ae47cfa87011c8653f\",\"name\":\"Campus Tijuana\",\"url\":\"https:\\\/\\\/www.cetys.mx\\\/noticias\\\/author\\\/campustijuana\\\/\"}]}<\/script>\n<!-- \/ Yoast SEO plugin. -->","yoast_head_json":{"title":"Forjadores de la Educaci\u00f3n tuvo su tercer Torneo de B\u00e1squetbol - CETYS","description":"Articulo sobre Forjadores de la Educaci\u00f3n tuvo su tercer Torneo de B\u00e1squetbol","robots":{"index":"index","follow":"follow","max-snippet":"max-snippet:-1","max-image-preview":"max-image-preview:large","max-video-preview":"max-video-preview:-1"},"canonical":"https:\/\/www.cetys.mx\/noticias\/forjadores-de-la-educacion-tuvo-su-tercer-torneo-de-basquetbol\/","og_locale":"es_MX","og_type":"article","og_title":"Forjadores de la Educaci\u00f3n tuvo su tercer Torneo de B\u00e1squetbol - CETYS","og_description":"Articulo sobre Forjadores de la Educaci\u00f3n tuvo su tercer Torneo de B\u00e1squetbol","og_url":"https:\/\/www.cetys.mx\/noticias\/forjadores-de-la-educacion-tuvo-su-tercer-torneo-de-basquetbol\/","og_site_name":"CETYS","article_publisher":"https:\/\/www.facebook.com\/cetysuniversidadmxl\/","article_published_time":"2018-10-02T00:30:01+00:00","og_image":[{"width":958,"height":637,"url":"https:\/\/www.cetys.mx\/noticias\/wp-content\/uploads\/2018\/10\/DSC_0796.jpg","type":"image\/jpeg"}],"author":"Campus Tijuana","twitter_card":"summary_large_image","twitter_creator":"@cetysuni","twitter_site":"@cetysuni","twitter_misc":{"Escrito por":"Campus Tijuana","Tiempo de lectura":"1 minuto"},"schema":{"@context":"https:\/\/schema.org","@graph":[{"@type":"Article","@id":"https:\/\/www.cetys.mx\/noticias\/forjadores-de-la-educacion-tuvo-su-tercer-torneo-de-basquetbol\/#article","isPartOf":{"@id":"https:\/\/www.cetys.mx\/noticias\/forjadores-de-la-educacion-tuvo-su-tercer-torneo-de-basquetbol\/"},"author":{"name":"Campus Tijuana","@id":"https:\/\/www.cetys.mx\/noticias\/#\/schema\/person\/e790051ce60e18ae47cfa87011c8653f"},"headline":"Forjadores de la Educaci\u00f3n tuvo su tercer Torneo de B\u00e1squetbol","datePublished":"2018-10-02T00:30:01+00:00","mainEntityOfPage":{"@id":"https:\/\/www.cetys.mx\/noticias\/forjadores-de-la-educacion-tuvo-su-tercer-torneo-de-basquetbol\/"},"wordCount":217,"commentCount":0,"image":{"@id":"https:\/\/www.cetys.mx\/noticias\/forjadores-de-la-educacion-tuvo-su-tercer-torneo-de-basquetbol\/#primaryimage"},"thumbnailUrl":"https:\/\/www.cetys.mx\/noticias\/wp-content\/uploads\/2018\/10\/DSC_0796.jpg","articleSection":["Avance Institucional","Campus Tijuana","Deportes"],"inLanguage":"es","potentialAction":[{"@type":"CommentAction","name":"Comment","target":["https:\/\/www.cetys.mx\/noticias\/forjadores-de-la-educacion-tuvo-su-tercer-torneo-de-basquetbol\/#respond"]}]},{"@type":"WebPage","@id":"https:\/\/www.cetys.mx\/noticias\/forjadores-de-la-educacion-tuvo-su-tercer-torneo-de-basquetbol\/","url":"https:\/\/www.cetys.mx\/noticias\/forjadores-de-la-educacion-tuvo-su-tercer-torneo-de-basquetbol\/","name":"Forjadores de la Educaci\u00f3n tuvo su tercer Torneo de B\u00e1squetbol - CETYS","isPartOf":{"@id":"https:\/\/www.cetys.mx\/noticias\/#website"},"primaryImageOfPage":{"@id":"https:\/\/www.cetys.mx\/noticias\/forjadores-de-la-educacion-tuvo-su-tercer-torneo-de-basquetbol\/#primaryimage"},"image":{"@id":"https:\/\/www.cetys.mx\/noticias\/forjadores-de-la-educacion-tuvo-su-tercer-torneo-de-basquetbol\/#primaryimage"},"thumbnailUrl":"https:\/\/www.cetys.mx\/noticias\/wp-content\/uploads\/2018\/10\/DSC_0796.jpg","datePublished":"2018-10-02T00:30:01+00:00","author":{"@id":"https:\/\/www.cetys.mx\/noticias\/#\/schema\/person\/e790051ce60e18ae47cfa87011c8653f"},"description":"Articulo sobre Forjadores de la Educaci\u00f3n tuvo su tercer Torneo de B\u00e1squetbol","breadcrumb":{"@id":"https:\/\/www.cetys.mx\/noticias\/forjadores-de-la-educacion-tuvo-su-tercer-torneo-de-basquetbol\/#breadcrumb"},"inLanguage":"es","potentialAction":[{"@type":"ReadAction","target":["https:\/\/www.cetys.mx\/noticias\/forjadores-de-la-educacion-tuvo-su-tercer-torneo-de-basquetbol\/"]}]},{"@type":"ImageObject","inLanguage":"es","@id":"https:\/\/www.cetys.mx\/noticias\/forjadores-de-la-educacion-tuvo-su-tercer-torneo-de-basquetbol\/#primaryimage","url":"https:\/\/www.cetys.mx\/noticias\/wp-content\/uploads\/2018\/10\/DSC_0796.jpg","contentUrl":"https:\/\/www.cetys.mx\/noticias\/wp-content\/uploads\/2018\/10\/DSC_0796.jpg","width":958,"height":637},{"@type":"BreadcrumbList","@id":"https:\/\/www.cetys.mx\/noticias\/forjadores-de-la-educacion-tuvo-su-tercer-torneo-de-basquetbol\/#breadcrumb","itemListElement":[{"@type":"ListItem","position":1,"name":"Inicio","item":"https:\/\/www.cetys.mx\/noticias\/"},{"@type":"ListItem","position":2,"name":"Forjadores de la Educaci\u00f3n tuvo su tercer Torneo de B\u00e1squetbol"}]},{"@type":"WebSite","@id":"https:\/\/www.cetys.mx\/noticias\/#website","url":"https:\/\/www.cetys.mx\/noticias\/","name":"CETYS","description":"","potentialAction":[{"@type":"SearchAction","target":{"@type":"EntryPoint","urlTemplate":"https:\/\/www.cetys.mx\/noticias\/?s={search_term_string}"},"query-input":{"@type":"PropertyValueSpecification","valueRequired":true,"valueName":"search_term_string"}}],"inLanguage":"es"},{"@type":"Person","@id":"https:\/\/www.cetys.mx\/noticias\/#\/schema\/person\/e790051ce60e18ae47cfa87011c8653f","name":"Campus Tijuana","url":"https:\/\/www.cetys.mx\/noticias\/author\/campustijuana\/"}]}},"_links":{"self":[{"href":"https:\/\/www.cetys.mx\/noticias\/wp-json\/wp\/v2\/posts\/119725","targetHints":{"allow":["GET"]}}],"collection":[{"href":"https:\/\/www.cetys.mx\/noticias\/wp-json\/wp\/v2\/posts"}],"about":[{"href":"https:\/\/www.cetys.mx\/noticias\/wp-json\/wp\/v2\/types\/post"}],"author":[{"embeddable":true,"href":"https:\/\/www.cetys.mx\/noticias\/wp-json\/wp\/v2\/users\/24"}],"replies":[{"embeddable":true,"href":"https:\/\/www.cetys.mx\/noticias\/wp-json\/wp\/v2\/comments?post=119725"}],"version-history":[{"count":0,"href":"https:\/\/www.cetys.mx\/noticias\/wp-json\/wp\/v2\/posts\/119725\/revisions"}],"wp:featuredmedia":[{"embeddable":true,"href":"https:\/\/www.cetys.mx\/noticias\/wp-json\/wp\/v2\/media\/119749"}],"wp:attachment":[{"href":"https:\/\/www.cetys.mx\/noticias\/wp-json\/wp\/v2\/media?parent=119725"}],"wp:term":[{"taxonomy":"category","embeddable":true,"href":"https:\/\/www.cetys.mx\/noticias\/wp-json\/wp\/v2\/categories?post=119725"},{"taxonomy":"post_tag","embeddable":true,"href":"https:\/\/www.cetys.mx\/noticias\/wp-json\/wp\/v2\/tags?post=119725"}],"curies":[{"name":"wp","href":"https:\/\/api.w.org\/{rel}","templated":true}]}}