{"id":119206,"date":"2018-09-24T18:04:45","date_gmt":"2018-09-25T01:04:45","guid":{"rendered":"http:\/\/www.cetys.mx\/noticias\/?p=119206"},"modified":"2018-09-28T15:38:38","modified_gmt":"2018-09-28T22:38:38","slug":"innovacion-en-la-educacion-superior-57-anos-de-cetys-universidad","status":"publish","type":"post","link":"https:\/\/www.cetys.mx\/noticias\/innovacion-en-la-educacion-superior-57-anos-de-cetys-universidad\/","title":{"rendered":"Innovaci\u00f3n en la Educaci\u00f3n Superior: 57 a\u00f1os de CETYS Universidad"},"content":{"rendered":"<p style=\"text-align: justify;\"><span style=\"font-weight: 400;\"><a href=\"https:\/\/www.cetys.mx\">CETYS Universidad<\/a> celebr\u00f3 su 57 Aniversario con nuevos retos en los \u00e1mbitos de <strong>innovaci\u00f3n, educaci\u00f3n de calidad global,<\/strong> as\u00ed como en el <strong>desarrollo regional y nacional\u00a0<\/strong>con una serie de Paneles Internacionales con la presencia de reconocidos acad\u00e9micos de Estados Unidos, China y Sudam\u00e9rica.<\/span><\/p>\n<h3 style=\"text-align: justify;\"><b>Panel \u2013 \u201cInnovaci\u00f3n y Desarrollo Econ\u00f3mico\u201d<\/b><\/h3>\n<p style=\"text-align: justify;\"><img loading=\"lazy\" decoding=\"async\" class=\"aligncenter size-full wp-image-119207\" src=\"https:\/\/www.cetys.mx\/noticias\/wp-content\/uploads\/2018\/09\/14-2-e1537835536818.jpg\" alt=\"\" width=\"964\" height=\"643\" \/><\/p>\n<ul style=\"text-align: justify;\">\n<li><span style=\"font-weight: 400;\">El <a href=\"https:\/\/twitter.com\/ThomReillyNV\">Dr. Thom Reilly<\/a>, Chancellor de Nevada System of Higher Education, habl\u00f3 sobre c\u00f3mo este estado ha logrado una coordinaci\u00f3n entre la industria y la educaci\u00f3n superior, mediante la conformaci\u00f3n estrat\u00e9gica de un sistema de universidades, que permite entender mayormente las necesidades del alumnado, la regi\u00f3n y el campo laboral.<br \/>\n<\/span><\/li>\n<li><span style=\"font-weight: 400;\"><span style=\"font-weight: 400;\">El <a href=\"https:\/\/twitter.com\/diegomazoc\">Dr. Diego Mazo<\/a>, Rector de CEIPA Business School de Colombia, expuso sobre el modelo educativo hacia el que la instituci\u00f3n se ha desarrollado, en el af\u00e1n de implantar estrategias innovadoras con respecto a la presentaci\u00f3n e impartici\u00f3n de clases desde una modalidad educativa virtual.<\/span><\/span><\/li>\n<li><span style=\"font-weight: 400;\"><span style=\"font-weight: 400;\">El Dr. Jiang Xinmiao, Vicerrector de <a href=\"https:\/\/twitter.com\/hunanuniv\">Hunan Normal University de China<\/a>, relat\u00f3 que, dentro de los \u00e1mbitos de Desarrollo Econ\u00f3mico, para las universidades lo m\u00e1s importante es la cooperaci\u00f3n internacional mediante un modelo \u201cOne Belt and One Road\u201d, que aspira a incrementar la conectividad regional de China.<\/span><\/span><\/li>\n<li><span style=\"font-weight: 400;\">El Dr. Dan Shunk, C\u00e1tedra Distinguida PIMSA en CETYS Universidad y Profesor Em\u00e9rito de Arizona State University, habl\u00f3 sobre la importancia de la vinculaci\u00f3n con la industria y c\u00f3mo es que CETYS realiza mejoras en sus programas, principalmente de ingenier\u00eda, para propiciar un impacto integral en el alumnado, docentes, empleadores y comunidad.<\/span><\/li>\n<\/ul>\n<p>Puedes ver el panel completo <a href=\"https:\/\/youtu.be\/G0gTT1vyfJM\">aqu\u00ed.<\/a><\/p>\n<p>&nbsp;<\/p>\n<h3 style=\"text-align: justify;\"><strong>Firma de Carta de Intenci\u00f3n entre CETYS Universidad y Nevada System of Higher Education<\/strong><\/h3>\n<p style=\"text-align: justify;\"><span style=\"font-weight: 400;\">Con la presencia del Dr. Fernando Le\u00f3n Garc\u00eda, Rector del Sistema CETYS Universidad, el Dr. Thom Reilly, Chancellor de Nevada System of Higher Education, el Lic. Juan Ignacio Guajardo, Presidente del IENAC, Peter Guzm\u00e1n, Presidente de Latin Chamber of Commerce, Nevada Inc. y Kevin Page, Chair Board of Regents de Nevada System of Higher Education; se realiz\u00f3\u00a0<\/span><span style=\"font-weight: 400;\">la firma de una Carta de Intenci\u00f3n entre el Nevada System of Higher Education y CETYS Universidad, que en un futuro cercano permitir\u00e1 la colaboraci\u00f3n entre ambos sistemas educativos.<\/span><\/p>\n<p style=\"text-align: justify;\"><img loading=\"lazy\" decoding=\"async\" class=\"aligncenter size-full wp-image-119208\" src=\"https:\/\/www.cetys.mx\/noticias\/wp-content\/uploads\/2018\/09\/34-2-e1537836056489.jpg\" alt=\"\" width=\"961\" height=\"416\" \/><\/p>\n<blockquote><p><span style=\"font-weight: 400;\">\u201cSe concentrar\u00e1 en dos grandes \u00e1reas de oportunidad: por un lado, la investigaci\u00f3n aplicada en administraci\u00f3n, ingenier\u00eda y en aspectos relacionados con el agua, el clima y las energ\u00edas renovables. Por otro lado, est\u00e1 el concentrarnos en mecanismos de intercambio de movilidad de alumnado y profesorado\u201d coment\u00f3 el Dr. Fernando Le\u00f3n.<\/span><\/p>\n<p>&nbsp;<\/p><\/blockquote>\n<h3 style=\"text-align: justify;\"><strong>Panel \u201cInnovaci\u00f3n en la Educaci\u00f3n Superior: Ense\u00f1anza, Investigaci\u00f3n, Tecnolog\u00eda y Vinculaci\u00f3n con la Industria<\/strong><\/h3>\n<p>&nbsp;<\/p>\n<blockquote><p><span style=\"font-weight: 400;\">&#8220;Es importante recalcar la relevancia de este espacio de reflexi\u00f3n acad\u00e9mica binacional, donde el objetivo es conocer el trabajo que se realiza en otras latitudes en aspectos estrat\u00e9gicos, y c\u00f3mo esto se puede aplicar de manera positiva a CETYS bajo la \u00f3ptica de la mejora continua y que refleje un resultado de provecho para los estudiantes y la comunidad&#8221; expres\u00f3 el Dr. Le\u00f3n Garc\u00eda.<\/span><\/p>\n\n            <style type='text\/css'>\n                #gallery-1 {\n                    margin: auto;\n                }\n                #gallery-1 .gallery-item {\n                    float: left;\n                    margin-top: 10px;\n                    text-align: center;\n                    width: 33%;\n                }\n                #gallery-1 img {\n                    border: 2px solid #cfcfcf;\n                }\n                #gallery-1 .gallery-caption {\n                    margin-left: 0;\n                }\n                \/* see gallery_shortcode() in wp-includes\/media.php *\/\n            <\/style>\n\t\t<div id='gallery-1' class='gallery galleryid-119206 gallery-columns-3 gallery-size-large'><dl class='gallery-item'>\n                <dt class='gallery-icon landscape'>\n                    <a href='https:\/\/www.cetys.mx\/noticias\/innovacion-en-la-educacion-superior-57-anos-de-cetys-universidad\/34-1\/'><img loading=\"lazy\" decoding=\"async\" width=\"3705\" height=\"2471\" src=\"https:\/\/www.cetys.mx\/noticias\/wp-content\/uploads\/2018\/09\/34-1-1.jpg\" class=\"attachment-large size-large\" alt=\"\" srcset=\"https:\/\/www.cetys.mx\/noticias\/wp-content\/uploads\/2018\/09\/34-1-1.jpg 3705w, https:\/\/www.cetys.mx\/noticias\/wp-content\/uploads\/2018\/09\/34-1-1-768x512.jpg 768w\" sizes=\"auto, (max-width: 3705px) 100vw, 3705px\" \/><\/a>\n                <\/dt><\/dl><dl class='gallery-item'>\n                <dt class='gallery-icon landscape'>\n                    <a href='https:\/\/www.cetys.mx\/noticias\/innovacion-en-la-educacion-superior-57-anos-de-cetys-universidad\/23-13\/'><img loading=\"lazy\" decoding=\"async\" width=\"4512\" height=\"3008\" src=\"https:\/\/www.cetys.mx\/noticias\/wp-content\/uploads\/2018\/09\/23-1.jpg\" class=\"attachment-large size-large\" alt=\"\" srcset=\"https:\/\/www.cetys.mx\/noticias\/wp-content\/uploads\/2018\/09\/23-1.jpg 4512w, https:\/\/www.cetys.mx\/noticias\/wp-content\/uploads\/2018\/09\/23-1-768x512.jpg 768w\" sizes=\"auto, (max-width: 4512px) 100vw, 4512px\" \/><\/a>\n                <\/dt><\/dl><dl class='gallery-item'>\n                <dt class='gallery-icon landscape'>\n                    <a href='https:\/\/www.cetys.mx\/noticias\/innovacion-en-la-educacion-superior-57-anos-de-cetys-universidad\/35-13\/'><img loading=\"lazy\" decoding=\"async\" width=\"3238\" height=\"2159\" src=\"https:\/\/www.cetys.mx\/noticias\/wp-content\/uploads\/2018\/09\/35-1.jpg\" class=\"attachment-large size-large\" alt=\"\" srcset=\"https:\/\/www.cetys.mx\/noticias\/wp-content\/uploads\/2018\/09\/35-1.jpg 3238w, https:\/\/www.cetys.mx\/noticias\/wp-content\/uploads\/2018\/09\/35-1-768x512.jpg 768w\" sizes=\"auto, (max-width: 3238px) 100vw, 3238px\" \/><\/a>\n                <\/dt><\/dl><br style=\"clear: both\" \/>\n            <\/div>\n<\/blockquote>\n<ul style=\"text-align: justify;\">\n<li><span style=\"font-weight: 400;\">La Dra. Marta Meana, Rectora Interina de la Universidad de Nevada en Las Vegas, abord\u00f3 la importancia de vincular desde los primeros semestres a los estudiantes universitarios con la industria sustentable.<em> \u201cPara generar innovaci\u00f3n hay que exponer a los j\u00f3venes al campo real de las empresas, eso fortalecer\u00e1 su sentido emprendedor y su desarrollo profesional\u201d<\/em>.<\/span><\/li>\n<li><span style=\"font-weight: 400;\">El Dr. Marc Johnson, Rector de la Universidad de Nevada en Reno aludi\u00f3 a esta idea, afirmando que una vez que la universidad comprende que la colaboraci\u00f3n entre academia e industria dar\u00e1 como resultado un campo de negocio atractivo. Esto dar\u00e1 como consecuencia que no solo el capital humano que se forma en las aulas se beneficie, sino tambi\u00e9n los agentes externos como la sociedad y el gobierno; lo que atraer\u00e1 innovaci\u00f3n con fines pr\u00e1cticos, aplicables y \u00fatiles.<\/span><\/li>\n<li><span style=\"font-weight: 400;\">La Dra. Kristen Averyt, Rectora del Instituto de Investigaci\u00f3n \u201cDesert Research\u201d; enfatiz\u00f3 que toda innovaci\u00f3n antes de ejecutarse, dentro de la planeaci\u00f3n debe prever el impacto ambiental que \u00e9sta pueda ocasionar, por lo que acot\u00f3 <em>\u201cuna vez que encontramos algo novedoso, esto tiene que estar fundamentado en c\u00f3mo y para qu\u00e9 ayudar\u00e1 al medio ambiente y a la sociedad\u201d<\/em>.<\/span><\/li>\n<li><span style=\"font-weight: 400;\">La Dra. Sharistan Melkonian, Directora de acreditaci\u00f3n de la Universidad de Armenia explic\u00f3, que para las universidades el desaf\u00edo est\u00e1 en entender las necesidades del entorno en el que se desenvuelven, pues de \u00e9stas se desprenden los nichos para crear innovaci\u00f3n consciente y positiva.<\/span><\/li>\n<li><span style=\"font-weight: 400;\">El Dr. Antonio Dieck, ex Rector de la Universidad de Monterrey y Ex Presidente de FIMPES, detall\u00f3 diez principios b\u00e1sicos para que las universidades puedan generar innovaci\u00f3n, entre los que destacan el transmitir a la comunidad acad\u00e9mica y estudiantil el deseo de potencializar el conocimiento, poner al alcance centros de tecnolog\u00eda aplicada, as\u00ed como incluir asignaturas que despierten el inter\u00e9s de lo que los alumnos buscan.<\/span><\/li>\n<li><span style=\"font-weight: 400;\">El Dr. Jaime Alonso G\u00f3mez, C\u00e1tedra Distinguida PIMSA en CETYS Universidad y decano del Colegio de Negocios de la Universidad de San Diego, quien fungi\u00f3 como moderador del Panel puntualiz\u00f3 que, el principal desaf\u00edo al que se enfrenta la educaci\u00f3n superior es la resistencia al cambio.<em> \u201cA la academia nos corresponde tener una mente abierta a nuevas maneras de ver y hacer las cosas, adaptarnos al futuro y las tecnolog\u00edas que llegan con \u00e9l, sin perder de vista la relaci\u00f3n entre la ciencia y la sociedad, ya que as\u00ed podremos potencializar el emprendimiento de las generaciones actuales y las que est\u00e1n por venir\u201d concluy\u00f3.<br \/>\n<\/em><\/span><\/li>\n<\/ul>\n<p>Puedes ver el panel completo <a href=\"https:\/\/youtu.be\/dvkbpfd14bw\">aqu\u00ed.<\/a><\/p>\n<h3 style=\"text-align: justify;\"><strong>Panel \u201cInnovaci\u00f3n como un instrumento de desarrollo econ\u00f3mico y social transfronterizo\u201d<\/strong><\/h3>\n<p style=\"text-align: justify;\"><img loading=\"lazy\" decoding=\"async\" class=\"aligncenter size-full wp-image-119212\" src=\"https:\/\/www.cetys.mx\/noticias\/wp-content\/uploads\/2018\/09\/cetys_aniversario57tij-2.jpg\" alt=\"\" width=\"800\" height=\"534\" srcset=\"https:\/\/www.cetys.mx\/noticias\/wp-content\/uploads\/2018\/09\/cetys_aniversario57tij-2.jpg 800w, https:\/\/www.cetys.mx\/noticias\/wp-content\/uploads\/2018\/09\/cetys_aniversario57tij-2-768x513.jpg 768w\" sizes=\"auto, (max-width: 800px) 100vw, 800px\" \/><\/p>\n<p style=\"text-align: justify;\"><span style=\"font-weight: 400;\">Promover y generar los espacios para el di\u00e1logo a favor de desarrollo econ\u00f3mico, social y cultural que la regi\u00f3n necesita se ha convertido en una tarea permanente para la instituci\u00f3n. Por ende, la visita de\u00a0<\/span><span style=\"font-weight: 400;\">Sue Saarnio, C\u00f3nsul General de los Estados Unidos en Tijuana, y la Embajadora Marcela Celorio, del Consulado General de M\u00e9xico en San Diego,\u00a0<\/span><span style=\"font-weight: 400;\">se convierte en un medio para continuar abonando a ello y as\u00ed consolidar lazos de colaboraci\u00f3n transfronteriza.<\/span><\/p>\n<blockquote><p><span style=\"font-weight: 400;\">\u201cCETYS Universidad ha migrado de ser una instituci\u00f3n que se enfoca \u00fanicamente en la formaci\u00f3n de personas de Baja California, a una que busca trabajar por ambos lados de la frontera\u201d, comparti\u00f3 el Dr. Fernando Le\u00f3n Garc\u00eda.<\/span><\/p><\/blockquote>\n<ul style=\"text-align: justify;\">\n<li><span style=\"font-weight: 400;\"><span style=\"font-weight: 400;\">La Embajadora Marcela Celorio puntualiz\u00f3 la necesidad de que los actores claves presentes en la regi\u00f3n fronteriza se mantengan en constante evoluci\u00f3n, en un proceso de adaptaci\u00f3n que les permita responder a las necesidades que exigen Tijuana y San Diego, pero tambi\u00e9n abiertos a la proyecci\u00f3n a futuro. <em>\u201cSe trata de innovar, tener la capacidad de darle la vuelta a las cosas, por ejemplo, a trav\u00e9s de la colaboraci\u00f3n\u201d<\/em>, coment\u00f3 Celorio.<\/span><\/span><\/li>\n<li><span style=\"font-weight: 400;\">La C\u00f3nsul Sue Saarnio destac\u00f3 que la creatividad es otro elemento que no se debe poner en un segundo plano, m\u00e1s cuando se trata de las nuevas generaciones, puesto que muchas de las buenas soluciones vienen de ellos; el gran reto es que si no se cuenta con dicho recurso, se tenga la capacidad de aplicar el conocimiento y la experiencia para trabajar a favor de la comunidad.<\/span><\/li>\n<\/ul>\n<p style=\"text-align: justify;\"><span style=\"font-weight: 400;\">Finalmente, las panelistas coincidieron en que el papel que juegan las universidades en la promoci\u00f3n de la innovaci\u00f3n es clave, principalmente porque esto implica el futuro de la frontera; a la par de las ideas y esfuerzo de quienes viven en la regi\u00f3n, pues al final son quienes conocen de viva voz los retos que aqu\u00ed se presentan, en conclusi\u00f3n, se trata de una responsabilidad mutua entre gobierno y sociedad.<\/span><\/p>\n<p>Puedes ver el panel completo <a href=\"https:\/\/www.youtube.com\/watch?v=9Ra_mxb3alc\">aqu\u00ed.<\/a><\/p>\n<p style=\"text-align: justify;\">\n","protected":false},"excerpt":{"rendered":"<p>CETYS Universidad celebr\u00f3 su 57 Aniversario con nuevos retos en los \u00e1mbitos de innovaci\u00f3n, educaci\u00f3n de calidad global, as\u00ed como en el&#8230;<\/p>\n","protected":false},"author":26,"featured_media":116802,"comment_status":"open","ping_status":"closed","sticky":false,"template":"","format":"standard","meta":{"footnotes":""},"categories":[2746,209,125,313],"tags":[2909],"class_list":["post-119206","post","type-post","status-publish","format-standard","has-post-thumbnail","hentry","category-57-aniversario","category-institucional","category-portada","category-vocetys-2","tag-vocetys-2018-09-29"],"yoast_head":"<!-- This site is optimized with the Yoast SEO plugin v27.4 - https:\/\/yoast.com\/product\/yoast-seo-wordpress\/ -->\n<title>Innovaci\u00f3n en la Educaci\u00f3n Superior: 57 a\u00f1os de CETYS Universidad - CETYS<\/title>\n<meta name=\"description\" content=\"Articulo sobre Innovaci\u00f3n en la Educaci\u00f3n Superior: 57 a\u00f1os de CETYS Universidad\" \/>\n<meta name=\"robots\" content=\"index, follow, max-snippet:-1, max-image-preview:large, max-video-preview:-1\" \/>\n<link rel=\"canonical\" href=\"https:\/\/www.cetys.mx\/noticias\/innovacion-en-la-educacion-superior-57-anos-de-cetys-universidad\/\" \/>\n<meta property=\"og:locale\" content=\"es_MX\" \/>\n<meta property=\"og:type\" content=\"article\" \/>\n<meta property=\"og:title\" content=\"Innovaci\u00f3n en la Educaci\u00f3n Superior: 57 a\u00f1os de CETYS Universidad - CETYS\" \/>\n<meta property=\"og:description\" content=\"Articulo sobre Innovaci\u00f3n en la Educaci\u00f3n Superior: 57 a\u00f1os de CETYS Universidad\" \/>\n<meta property=\"og:url\" content=\"https:\/\/www.cetys.mx\/noticias\/innovacion-en-la-educacion-superior-57-anos-de-cetys-universidad\/\" \/>\n<meta property=\"og:site_name\" content=\"CETYS\" \/>\n<meta property=\"article:publisher\" content=\"https:\/\/www.facebook.com\/cetysuniversidadmxl\/\" \/>\n<meta property=\"article:published_time\" content=\"2018-09-25T01:04:45+00:00\" \/>\n<meta property=\"article:modified_time\" content=\"2018-09-28T22:38:38+00:00\" \/>\n<meta property=\"og:image\" content=\"https:\/\/www.cetys.mx\/noticias\/wp-content\/uploads\/2018\/08\/CETYS_Portal.jpg\" \/>\n\t<meta property=\"og:image:width\" content=\"964\" \/>\n\t<meta property=\"og:image:height\" content=\"464\" \/>\n\t<meta property=\"og:image:type\" content=\"image\/jpeg\" \/>\n<meta name=\"author\" content=\"CETYS Institucional\" \/>\n<meta name=\"twitter:card\" content=\"summary_large_image\" \/>\n<meta name=\"twitter:creator\" content=\"@cetysuni\" \/>\n<meta name=\"twitter:site\" content=\"@cetysuni\" \/>\n<meta name=\"twitter:label1\" content=\"Escrito por\" \/>\n\t<meta name=\"twitter:data1\" content=\"CETYS Institucional\" \/>\n\t<meta name=\"twitter:label2\" content=\"Tiempo de lectura\" \/>\n\t<meta name=\"twitter:data2\" content=\"7 minutos\" \/>\n<script type=\"application\/ld+json\" class=\"yoast-schema-graph\">{\"@context\":\"https:\\\/\\\/schema.org\",\"@graph\":[{\"@type\":\"Article\",\"@id\":\"https:\\\/\\\/www.cetys.mx\\\/noticias\\\/innovacion-en-la-educacion-superior-57-anos-de-cetys-universidad\\\/#article\",\"isPartOf\":{\"@id\":\"https:\\\/\\\/www.cetys.mx\\\/noticias\\\/innovacion-en-la-educacion-superior-57-anos-de-cetys-universidad\\\/\"},\"author\":{\"name\":\"CETYS Institucional\",\"@id\":\"https:\\\/\\\/www.cetys.mx\\\/noticias\\\/#\\\/schema\\\/person\\\/e9d2b35265b64aa454df57a2828eb2ac\"},\"headline\":\"Innovaci\u00f3n en la Educaci\u00f3n Superior: 57 a\u00f1os de CETYS Universidad\",\"datePublished\":\"2018-09-25T01:04:45+00:00\",\"dateModified\":\"2018-09-28T22:38:38+00:00\",\"mainEntityOfPage\":{\"@id\":\"https:\\\/\\\/www.cetys.mx\\\/noticias\\\/innovacion-en-la-educacion-superior-57-anos-de-cetys-universidad\\\/\"},\"wordCount\":1344,\"commentCount\":0,\"image\":{\"@id\":\"https:\\\/\\\/www.cetys.mx\\\/noticias\\\/innovacion-en-la-educacion-superior-57-anos-de-cetys-universidad\\\/#primaryimage\"},\"thumbnailUrl\":\"https:\\\/\\\/www.cetys.mx\\\/noticias\\\/wp-content\\\/uploads\\\/2018\\\/08\\\/CETYS_Portal.jpg\",\"keywords\":[\"vocetys-2018-09-29\"],\"articleSection\":[\"57 Aniversario\",\"Institucional\",\"Portada\",\"VoCETYS\"],\"inLanguage\":\"es\",\"potentialAction\":[{\"@type\":\"CommentAction\",\"name\":\"Comment\",\"target\":[\"https:\\\/\\\/www.cetys.mx\\\/noticias\\\/innovacion-en-la-educacion-superior-57-anos-de-cetys-universidad\\\/#respond\"]}]},{\"@type\":\"WebPage\",\"@id\":\"https:\\\/\\\/www.cetys.mx\\\/noticias\\\/innovacion-en-la-educacion-superior-57-anos-de-cetys-universidad\\\/\",\"url\":\"https:\\\/\\\/www.cetys.mx\\\/noticias\\\/innovacion-en-la-educacion-superior-57-anos-de-cetys-universidad\\\/\",\"name\":\"Innovaci\u00f3n en la Educaci\u00f3n Superior: 57 a\u00f1os de CETYS Universidad - CETYS\",\"isPartOf\":{\"@id\":\"https:\\\/\\\/www.cetys.mx\\\/noticias\\\/#website\"},\"primaryImageOfPage\":{\"@id\":\"https:\\\/\\\/www.cetys.mx\\\/noticias\\\/innovacion-en-la-educacion-superior-57-anos-de-cetys-universidad\\\/#primaryimage\"},\"image\":{\"@id\":\"https:\\\/\\\/www.cetys.mx\\\/noticias\\\/innovacion-en-la-educacion-superior-57-anos-de-cetys-universidad\\\/#primaryimage\"},\"thumbnailUrl\":\"https:\\\/\\\/www.cetys.mx\\\/noticias\\\/wp-content\\\/uploads\\\/2018\\\/08\\\/CETYS_Portal.jpg\",\"datePublished\":\"2018-09-25T01:04:45+00:00\",\"dateModified\":\"2018-09-28T22:38:38+00:00\",\"author\":{\"@id\":\"https:\\\/\\\/www.cetys.mx\\\/noticias\\\/#\\\/schema\\\/person\\\/e9d2b35265b64aa454df57a2828eb2ac\"},\"description\":\"Articulo sobre Innovaci\u00f3n en la Educaci\u00f3n Superior: 57 a\u00f1os de CETYS Universidad\",\"breadcrumb\":{\"@id\":\"https:\\\/\\\/www.cetys.mx\\\/noticias\\\/innovacion-en-la-educacion-superior-57-anos-de-cetys-universidad\\\/#breadcrumb\"},\"inLanguage\":\"es\",\"potentialAction\":[{\"@type\":\"ReadAction\",\"target\":[\"https:\\\/\\\/www.cetys.mx\\\/noticias\\\/innovacion-en-la-educacion-superior-57-anos-de-cetys-universidad\\\/\"]}]},{\"@type\":\"ImageObject\",\"inLanguage\":\"es\",\"@id\":\"https:\\\/\\\/www.cetys.mx\\\/noticias\\\/innovacion-en-la-educacion-superior-57-anos-de-cetys-universidad\\\/#primaryimage\",\"url\":\"https:\\\/\\\/www.cetys.mx\\\/noticias\\\/wp-content\\\/uploads\\\/2018\\\/08\\\/CETYS_Portal.jpg\",\"contentUrl\":\"https:\\\/\\\/www.cetys.mx\\\/noticias\\\/wp-content\\\/uploads\\\/2018\\\/08\\\/CETYS_Portal.jpg\",\"width\":964,\"height\":464},{\"@type\":\"BreadcrumbList\",\"@id\":\"https:\\\/\\\/www.cetys.mx\\\/noticias\\\/innovacion-en-la-educacion-superior-57-anos-de-cetys-universidad\\\/#breadcrumb\",\"itemListElement\":[{\"@type\":\"ListItem\",\"position\":1,\"name\":\"Inicio\",\"item\":\"https:\\\/\\\/www.cetys.mx\\\/noticias\\\/\"},{\"@type\":\"ListItem\",\"position\":2,\"name\":\"Innovaci\u00f3n en la Educaci\u00f3n Superior: 57 a\u00f1os de CETYS Universidad\"}]},{\"@type\":\"WebSite\",\"@id\":\"https:\\\/\\\/www.cetys.mx\\\/noticias\\\/#website\",\"url\":\"https:\\\/\\\/www.cetys.mx\\\/noticias\\\/\",\"name\":\"CETYS\",\"description\":\"\",\"potentialAction\":[{\"@type\":\"SearchAction\",\"target\":{\"@type\":\"EntryPoint\",\"urlTemplate\":\"https:\\\/\\\/www.cetys.mx\\\/noticias\\\/?s={search_term_string}\"},\"query-input\":{\"@type\":\"PropertyValueSpecification\",\"valueRequired\":true,\"valueName\":\"search_term_string\"}}],\"inLanguage\":\"es\"},{\"@type\":\"Person\",\"@id\":\"https:\\\/\\\/www.cetys.mx\\\/noticias\\\/#\\\/schema\\\/person\\\/e9d2b35265b64aa454df57a2828eb2ac\",\"name\":\"CETYS Institucional\",\"url\":\"https:\\\/\\\/www.cetys.mx\\\/noticias\\\/author\\\/cetysinstitucional\\\/\"}]}<\/script>\n<!-- \/ Yoast SEO plugin. -->","yoast_head_json":{"title":"Innovaci\u00f3n en la Educaci\u00f3n Superior: 57 a\u00f1os de CETYS Universidad - CETYS","description":"Articulo sobre Innovaci\u00f3n en la Educaci\u00f3n Superior: 57 a\u00f1os de CETYS Universidad","robots":{"index":"index","follow":"follow","max-snippet":"max-snippet:-1","max-image-preview":"max-image-preview:large","max-video-preview":"max-video-preview:-1"},"canonical":"https:\/\/www.cetys.mx\/noticias\/innovacion-en-la-educacion-superior-57-anos-de-cetys-universidad\/","og_locale":"es_MX","og_type":"article","og_title":"Innovaci\u00f3n en la Educaci\u00f3n Superior: 57 a\u00f1os de CETYS Universidad - CETYS","og_description":"Articulo sobre Innovaci\u00f3n en la Educaci\u00f3n Superior: 57 a\u00f1os de CETYS Universidad","og_url":"https:\/\/www.cetys.mx\/noticias\/innovacion-en-la-educacion-superior-57-anos-de-cetys-universidad\/","og_site_name":"CETYS","article_publisher":"https:\/\/www.facebook.com\/cetysuniversidadmxl\/","article_published_time":"2018-09-25T01:04:45+00:00","article_modified_time":"2018-09-28T22:38:38+00:00","og_image":[{"width":964,"height":464,"url":"https:\/\/www.cetys.mx\/noticias\/wp-content\/uploads\/2018\/08\/CETYS_Portal.jpg","type":"image\/jpeg"}],"author":"CETYS Institucional","twitter_card":"summary_large_image","twitter_creator":"@cetysuni","twitter_site":"@cetysuni","twitter_misc":{"Escrito por":"CETYS Institucional","Tiempo de lectura":"7 minutos"},"schema":{"@context":"https:\/\/schema.org","@graph":[{"@type":"Article","@id":"https:\/\/www.cetys.mx\/noticias\/innovacion-en-la-educacion-superior-57-anos-de-cetys-universidad\/#article","isPartOf":{"@id":"https:\/\/www.cetys.mx\/noticias\/innovacion-en-la-educacion-superior-57-anos-de-cetys-universidad\/"},"author":{"name":"CETYS Institucional","@id":"https:\/\/www.cetys.mx\/noticias\/#\/schema\/person\/e9d2b35265b64aa454df57a2828eb2ac"},"headline":"Innovaci\u00f3n en la Educaci\u00f3n Superior: 57 a\u00f1os de CETYS Universidad","datePublished":"2018-09-25T01:04:45+00:00","dateModified":"2018-09-28T22:38:38+00:00","mainEntityOfPage":{"@id":"https:\/\/www.cetys.mx\/noticias\/innovacion-en-la-educacion-superior-57-anos-de-cetys-universidad\/"},"wordCount":1344,"commentCount":0,"image":{"@id":"https:\/\/www.cetys.mx\/noticias\/innovacion-en-la-educacion-superior-57-anos-de-cetys-universidad\/#primaryimage"},"thumbnailUrl":"https:\/\/www.cetys.mx\/noticias\/wp-content\/uploads\/2018\/08\/CETYS_Portal.jpg","keywords":["vocetys-2018-09-29"],"articleSection":["57 Aniversario","Institucional","Portada","VoCETYS"],"inLanguage":"es","potentialAction":[{"@type":"CommentAction","name":"Comment","target":["https:\/\/www.cetys.mx\/noticias\/innovacion-en-la-educacion-superior-57-anos-de-cetys-universidad\/#respond"]}]},{"@type":"WebPage","@id":"https:\/\/www.cetys.mx\/noticias\/innovacion-en-la-educacion-superior-57-anos-de-cetys-universidad\/","url":"https:\/\/www.cetys.mx\/noticias\/innovacion-en-la-educacion-superior-57-anos-de-cetys-universidad\/","name":"Innovaci\u00f3n en la Educaci\u00f3n Superior: 57 a\u00f1os de CETYS Universidad - CETYS","isPartOf":{"@id":"https:\/\/www.cetys.mx\/noticias\/#website"},"primaryImageOfPage":{"@id":"https:\/\/www.cetys.mx\/noticias\/innovacion-en-la-educacion-superior-57-anos-de-cetys-universidad\/#primaryimage"},"image":{"@id":"https:\/\/www.cetys.mx\/noticias\/innovacion-en-la-educacion-superior-57-anos-de-cetys-universidad\/#primaryimage"},"thumbnailUrl":"https:\/\/www.cetys.mx\/noticias\/wp-content\/uploads\/2018\/08\/CETYS_Portal.jpg","datePublished":"2018-09-25T01:04:45+00:00","dateModified":"2018-09-28T22:38:38+00:00","author":{"@id":"https:\/\/www.cetys.mx\/noticias\/#\/schema\/person\/e9d2b35265b64aa454df57a2828eb2ac"},"description":"Articulo sobre Innovaci\u00f3n en la Educaci\u00f3n Superior: 57 a\u00f1os de CETYS Universidad","breadcrumb":{"@id":"https:\/\/www.cetys.mx\/noticias\/innovacion-en-la-educacion-superior-57-anos-de-cetys-universidad\/#breadcrumb"},"inLanguage":"es","potentialAction":[{"@type":"ReadAction","target":["https:\/\/www.cetys.mx\/noticias\/innovacion-en-la-educacion-superior-57-anos-de-cetys-universidad\/"]}]},{"@type":"ImageObject","inLanguage":"es","@id":"https:\/\/www.cetys.mx\/noticias\/innovacion-en-la-educacion-superior-57-anos-de-cetys-universidad\/#primaryimage","url":"https:\/\/www.cetys.mx\/noticias\/wp-content\/uploads\/2018\/08\/CETYS_Portal.jpg","contentUrl":"https:\/\/www.cetys.mx\/noticias\/wp-content\/uploads\/2018\/08\/CETYS_Portal.jpg","width":964,"height":464},{"@type":"BreadcrumbList","@id":"https:\/\/www.cetys.mx\/noticias\/innovacion-en-la-educacion-superior-57-anos-de-cetys-universidad\/#breadcrumb","itemListElement":[{"@type":"ListItem","position":1,"name":"Inicio","item":"https:\/\/www.cetys.mx\/noticias\/"},{"@type":"ListItem","position":2,"name":"Innovaci\u00f3n en la Educaci\u00f3n Superior: 57 a\u00f1os de CETYS Universidad"}]},{"@type":"WebSite","@id":"https:\/\/www.cetys.mx\/noticias\/#website","url":"https:\/\/www.cetys.mx\/noticias\/","name":"CETYS","description":"","potentialAction":[{"@type":"SearchAction","target":{"@type":"EntryPoint","urlTemplate":"https:\/\/www.cetys.mx\/noticias\/?s={search_term_string}"},"query-input":{"@type":"PropertyValueSpecification","valueRequired":true,"valueName":"search_term_string"}}],"inLanguage":"es"},{"@type":"Person","@id":"https:\/\/www.cetys.mx\/noticias\/#\/schema\/person\/e9d2b35265b64aa454df57a2828eb2ac","name":"CETYS Institucional","url":"https:\/\/www.cetys.mx\/noticias\/author\/cetysinstitucional\/"}]}},"_links":{"self":[{"href":"https:\/\/www.cetys.mx\/noticias\/wp-json\/wp\/v2\/posts\/119206","targetHints":{"allow":["GET"]}}],"collection":[{"href":"https:\/\/www.cetys.mx\/noticias\/wp-json\/wp\/v2\/posts"}],"about":[{"href":"https:\/\/www.cetys.mx\/noticias\/wp-json\/wp\/v2\/types\/post"}],"author":[{"embeddable":true,"href":"https:\/\/www.cetys.mx\/noticias\/wp-json\/wp\/v2\/users\/26"}],"replies":[{"embeddable":true,"href":"https:\/\/www.cetys.mx\/noticias\/wp-json\/wp\/v2\/comments?post=119206"}],"version-history":[{"count":0,"href":"https:\/\/www.cetys.mx\/noticias\/wp-json\/wp\/v2\/posts\/119206\/revisions"}],"wp:featuredmedia":[{"embeddable":true,"href":"https:\/\/www.cetys.mx\/noticias\/wp-json\/wp\/v2\/media\/116802"}],"wp:attachment":[{"href":"https:\/\/www.cetys.mx\/noticias\/wp-json\/wp\/v2\/media?parent=119206"}],"wp:term":[{"taxonomy":"category","embeddable":true,"href":"https:\/\/www.cetys.mx\/noticias\/wp-json\/wp\/v2\/categories?post=119206"},{"taxonomy":"post_tag","embeddable":true,"href":"https:\/\/www.cetys.mx\/noticias\/wp-json\/wp\/v2\/tags?post=119206"}],"curies":[{"name":"wp","href":"https:\/\/api.w.org\/{rel}","templated":true}]}}