{"id":118434,"date":"2018-09-14T10:18:35","date_gmt":"2018-09-14T17:18:35","guid":{"rendered":"http:\/\/www.cetys.mx\/noticias\/?p=118434"},"modified":"2018-09-17T17:23:23","modified_gmt":"2018-09-18T00:23:23","slug":"equipos-de-campus-tijuana-estan-listos-para-encarar-sus-competencias","status":"publish","type":"post","link":"https:\/\/www.cetys.mx\/noticias\/equipos-de-campus-tijuana-estan-listos-para-encarar-sus-competencias\/","title":{"rendered":"Equipos de Campus Tijuana est\u00e1n listos para encarar sus competencias"},"content":{"rendered":"<p align=\"justify\">Ante autoridades, estudiantes, prensa y p\u00fablico en general, se celebr\u00f3 la presentaci\u00f3n de equipos deportivos que representan a <strong>CETYS Universidad Campus Tijuana<\/strong>, teniendo como escenario la <strong>Plaza C\u00edvica<\/strong>.<\/p>\n<p align=\"justify\">Uno a uno desfilaron quienes competir\u00e1n en la <a href=\"https:\/\/www.facebook.com\/voleibolconadeipoficial\/\"><strong>Conferencia Nacional de Voleibol CONADEIP<\/strong><\/a> (ambas ramas), Divisi\u00f3n Uno Femenil de Baloncesto en<a href=\"https:\/\/abemexico.org\/\"><strong> Liga ABE<\/strong><\/a>, <a href=\"https:\/\/conadeipfba.org.mx\/\"><strong>Conferencia Premier de F\u00fatbol Americano CONADEIP<\/strong><\/a>, Primera Fuerza del<a href=\"https:\/\/www.conadeip.mx\/convocatoria-campeonato-nacional-de-futbol-rapido-varonil\/\"><strong> Campeonato Nacional de F\u00fatbol R\u00e1pido CONADEIP<\/strong><\/a> y Categor\u00eda Varsity de F\u00fatbol Americano <a href=\"https:\/\/oefa.com\/\"><strong>OEFA<\/strong><\/a>.<\/p>\n<div id=\"attachment_118441\" style=\"width: 968px\" class=\"wp-caption alignnone\"><img loading=\"lazy\" decoding=\"async\" aria-describedby=\"caption-attachment-118441\" class=\"size-full wp-image-118441\" src=\"https:\/\/www.cetys.mx\/noticias\/wp-content\/uploads\/2018\/09\/IMG_3738-e1536944666895.jpg\" alt=\"\" width=\"958\" height=\"637\" \/><p id=\"caption-attachment-118441\" class=\"wp-caption-text\">&#8220;La hermandad es cualidad nuestra&#8221;, dijo Ricardo Maga\u00f1a (f\u00fatbol americano).<\/p><\/div>\n<blockquote>\n<p align=\"justify\"><em>&#8220;Todo esto contribuye a la formaci\u00f3n integral de nuestros estudiantes, generando sentido de pertenencia a esta instituci\u00f3n. Todos somos <strong>CETYS<\/strong>, todos somos <strong>Zorros<\/strong> y queremos invitar a toda la comunidad del campus a que &#8216;Sean Parte del Juego&#8217;. Hay que llenar nuestros escenarios y pintarlos de amarillo y negro&#8221;<\/em>, declar\u00f3 la <strong>Mtra. Jessica Ibarra Ramonet<\/strong>, Directora Zona Costa de <strong>CETYS Universidad<\/strong>.<\/p>\n<\/blockquote>\n<p align=\"justify\">Los primeros en comenzar su campa\u00f1a ser\u00e1n quienes compiten en la <strong>Conferencia Premier<\/strong>, quienes recibir\u00e1n a Cimarrones UABC este 15 de septiembre (15:00 horas) en el <strong>Estadio &#8220;Margarita Astiazar\u00e1n de Fimbres&#8221;<\/strong>.<\/p>\n<blockquote>\n<p align=\"justify\"><em>&#8220;La hermandad es una cualidad muy grande, algo que se caracteriza en todos los equipos de <strong>CETYS<\/strong><\/em> -agreg\u00f3 <strong>Jos\u00e9 Ricardo Maga\u00f1a<\/strong> (jugador de f\u00fatbol americano colegial)-. <em>A veces tenemos tropiezos, pero siempre salimos adelante. Tenemos el compromiso de ser estudiantes y ser deportistas, sobresaliendo en todo lo que hacemos. Invito a toda la afici\u00f3n a que nos apoyen en las gradas&#8221;.<\/em><\/p>\n<\/blockquote>\n<div id=\"attachment_118439\" style=\"width: 968px\" class=\"wp-caption alignnone\"><img loading=\"lazy\" decoding=\"async\" aria-describedby=\"caption-attachment-118439\" class=\"size-full wp-image-118439\" src=\"https:\/\/www.cetys.mx\/noticias\/wp-content\/uploads\/2018\/09\/IMG_3623-e1536944537275.jpg\" alt=\"\" width=\"958\" height=\"637\" \/><p id=\"caption-attachment-118439\" class=\"wp-caption-text\">El equipo de f\u00fatbol r\u00e1pido viajar\u00e1 en octubre a Morelia.<\/p><\/div>\n<p align=\"justify\">Siguiendo con el deporte de las tacleadas, <strong>Zorros Tijuana<\/strong> enfrentar\u00e1n como locales a Jaguares PFLC (14:00 horas) el 29 de septiembre. Esa misma tarde abren <strong>Zorros Femenil<\/strong> en el <strong>Gimnasio-Auditorio &#8220;Rodrigo Valle Hern\u00e1ndez&#8221;<\/strong>, enfrentando a Tucitas UAZ (16:00 horas) para estrenar campeonato de <strong>Liga ABE<\/strong>.<\/p>\n<p align=\"justify\">Pasando al voleibol, el pr\u00f3ximo 19 de octubre ser\u00e1 turno de las sextetas en el mismo <strong>Gimnasio-Auditorio<\/strong>, abriendo sus respectivas campa\u00f1as en la <strong>Conferencia Nacional<\/strong> ante sus similares de UDEM. Los campeones varones entran a la duela a las 18:00 horas y las damas minutos despu\u00e9s.<\/p>\n<blockquote>\n<p align=\"justify\"><em>&#8220;Hay un largo camino por recorrer en busca de nuestros objetivos, pero de la mano de todos ser\u00e1n posibles. Un pase de anotaci\u00f3n, un remate a la cancha, un gol o una canasta marcan diferencia; pero el apoyo de toda la comunidad no tiene comparaci\u00f3n&#8221;<\/em>, cit\u00f3 <strong>Eduardo Murgu\u00eda<\/strong>, entrenador de voleibol.<\/p>\n<\/blockquote>\n<div id=\"attachment_118437\" style=\"width: 968px\" class=\"wp-caption alignnone\"><img loading=\"lazy\" decoding=\"async\" aria-describedby=\"caption-attachment-118437\" class=\"size-full wp-image-118437\" src=\"https:\/\/www.cetys.mx\/noticias\/wp-content\/uploads\/2018\/09\/IMG_3673-e1536944425307.jpg\" alt=\"\" width=\"958\" height=\"637\" \/><p id=\"caption-attachment-118437\" class=\"wp-caption-text\">Eduardo Murgu\u00eda (voleibol) represent\u00f3 a los entrenadores del campus.<\/p><\/div>\n<p align=\"justify\">Finalmente, la escuadra de f\u00fatbol r\u00e1pido viajar\u00e1 del 15 al 20 de octubre a Morelia, Michoac\u00e1n, para tratar de retener el t\u00edtulo nacional universitario que ganaron en 2017. Dirigidos por <strong>Alfredo Rodr\u00edguez<\/strong>, los <strong>Zorros<\/strong> tendr\u00e1n la misi\u00f3n de volver a casa con otro cetro.<\/p>\n<blockquote>\n<p align=\"justify\">&#8220;La etapa del entrenamiento qued\u00f3 atr\u00e1s, el momento de combinar los deberes escolares con los deportivos ha comenzado -a\u00f1adi\u00f3 <strong>Enrique Lechuga<\/strong>, Director de Deportes del <strong>Sistema CETYS Universidad<\/strong>-. Disciplina y sacrificio se reflejar\u00e1 en cada resultado final, pero mayor responsabilidad es llevar los colores de CETYS con orgullo&#8221;.<\/p>\n<\/blockquote>\n<p align=\"justify\">Al final del evento, autoridades educativas y deportistas accedieron a la toma de fotograf\u00eda oficial para recordar el momento.<\/p>\n<div id=\"attachment_118436\" style=\"width: 965px\" class=\"wp-caption alignnone\"><img loading=\"lazy\" decoding=\"async\" aria-describedby=\"caption-attachment-118436\" class=\"size-full wp-image-118436\" src=\"https:\/\/www.cetys.mx\/noticias\/wp-content\/uploads\/2018\/09\/IMG_3617-e1536944274325.jpg\" alt=\"\" width=\"955\" height=\"637\" \/><p id=\"caption-attachment-118436\" class=\"wp-caption-text\">Zorros Tijuana reciben a UABC este 15 de septiembre.<\/p><\/div>\n","protected":false},"excerpt":{"rendered":"<p>Ante autoridades, estudiantes, prensa y p\u00fablico en general, se celebr\u00f3 la presentaci\u00f3n de equipos deportivos que representan a CETYS Universidad Campus Tijuana,&#8230;<\/p>\n","protected":false},"author":24,"featured_media":118435,"comment_status":"open","ping_status":"closed","sticky":false,"template":"","format":"standard","meta":{"footnotes":""},"categories":[134,312,125,313],"tags":[438,233,933,686,2848,658],"class_list":["post-118434","post","type-post","status-publish","format-standard","has-post-thumbnail","hentry","category-campus-tijuana","category-deportes","category-portada","category-vocetys-2","tag-basquetbol","tag-deportes","tag-futbol-americano","tag-futbol-rapido","tag-vocetys-2018-09-14","tag-voleibol","univesidades-cetys-campus-tijuana"],"yoast_head":"<!-- This site is optimized with the Yoast SEO plugin v27.4 - https:\/\/yoast.com\/product\/yoast-seo-wordpress\/ -->\n<title>Equipos de Campus Tijuana est\u00e1n listos para encarar sus competencias - CETYS<\/title>\n<meta name=\"description\" content=\"Articulo sobre Equipos de Campus Tijuana est\u00e1n listos para encarar sus competencias\" \/>\n<meta name=\"robots\" content=\"index, follow, max-snippet:-1, max-image-preview:large, max-video-preview:-1\" \/>\n<link rel=\"canonical\" href=\"https:\/\/www.cetys.mx\/noticias\/equipos-de-campus-tijuana-estan-listos-para-encarar-sus-competencias\/\" \/>\n<meta property=\"og:locale\" content=\"es_MX\" \/>\n<meta property=\"og:type\" content=\"article\" \/>\n<meta property=\"og:title\" content=\"Equipos de Campus Tijuana est\u00e1n listos para encarar sus competencias - CETYS\" \/>\n<meta property=\"og:description\" content=\"Articulo sobre Equipos de Campus Tijuana est\u00e1n listos para encarar sus competencias\" \/>\n<meta property=\"og:url\" content=\"https:\/\/www.cetys.mx\/noticias\/equipos-de-campus-tijuana-estan-listos-para-encarar-sus-competencias\/\" \/>\n<meta property=\"og:site_name\" content=\"CETYS\" \/>\n<meta property=\"article:publisher\" content=\"https:\/\/www.facebook.com\/cetysuniversidadmxl\/\" \/>\n<meta property=\"article:published_time\" content=\"2018-09-14T17:18:35+00:00\" \/>\n<meta property=\"article:modified_time\" content=\"2018-09-18T00:23:23+00:00\" \/>\n<meta property=\"og:image\" content=\"https:\/\/www.cetys.mx\/noticias\/wp-content\/uploads\/2018\/09\/IMG_3801-e1536944165390.jpg\" \/>\n\t<meta property=\"og:image:width\" content=\"958\" \/>\n\t<meta property=\"og:image:height\" content=\"637\" \/>\n\t<meta property=\"og:image:type\" content=\"image\/jpeg\" \/>\n<meta name=\"author\" content=\"Campus Tijuana\" \/>\n<meta name=\"twitter:card\" content=\"summary_large_image\" \/>\n<meta name=\"twitter:creator\" content=\"@cetysuni\" \/>\n<meta name=\"twitter:site\" content=\"@cetysuni\" \/>\n<meta name=\"twitter:label1\" content=\"Escrito por\" \/>\n\t<meta name=\"twitter:data1\" content=\"Campus Tijuana\" \/>\n\t<meta name=\"twitter:label2\" content=\"Tiempo de lectura\" \/>\n\t<meta name=\"twitter:data2\" content=\"3 minutos\" \/>\n<script type=\"application\/ld+json\" class=\"yoast-schema-graph\">{\"@context\":\"https:\\\/\\\/schema.org\",\"@graph\":[{\"@type\":\"Article\",\"@id\":\"https:\\\/\\\/www.cetys.mx\\\/noticias\\\/equipos-de-campus-tijuana-estan-listos-para-encarar-sus-competencias\\\/#article\",\"isPartOf\":{\"@id\":\"https:\\\/\\\/www.cetys.mx\\\/noticias\\\/equipos-de-campus-tijuana-estan-listos-para-encarar-sus-competencias\\\/\"},\"author\":{\"name\":\"Campus Tijuana\",\"@id\":\"https:\\\/\\\/www.cetys.mx\\\/noticias\\\/#\\\/schema\\\/person\\\/e790051ce60e18ae47cfa87011c8653f\"},\"headline\":\"Equipos de Campus Tijuana est\u00e1n listos para encarar sus competencias\",\"datePublished\":\"2018-09-14T17:18:35+00:00\",\"dateModified\":\"2018-09-18T00:23:23+00:00\",\"mainEntityOfPage\":{\"@id\":\"https:\\\/\\\/www.cetys.mx\\\/noticias\\\/equipos-de-campus-tijuana-estan-listos-para-encarar-sus-competencias\\\/\"},\"wordCount\":589,\"commentCount\":0,\"image\":{\"@id\":\"https:\\\/\\\/www.cetys.mx\\\/noticias\\\/equipos-de-campus-tijuana-estan-listos-para-encarar-sus-competencias\\\/#primaryimage\"},\"thumbnailUrl\":\"https:\\\/\\\/www.cetys.mx\\\/noticias\\\/wp-content\\\/uploads\\\/2018\\\/09\\\/IMG_3801-e1536944165390.jpg\",\"keywords\":[\"Basquetbol\",\"Deportes\",\"Futbol Americano\",\"Futbol R\u00e1pido\",\"vocetys-2018-09-14\",\"voleibol\"],\"articleSection\":[\"Campus Tijuana\",\"Deportes\",\"Portada\",\"VoCETYS\"],\"inLanguage\":\"es\",\"potentialAction\":[{\"@type\":\"CommentAction\",\"name\":\"Comment\",\"target\":[\"https:\\\/\\\/www.cetys.mx\\\/noticias\\\/equipos-de-campus-tijuana-estan-listos-para-encarar-sus-competencias\\\/#respond\"]}]},{\"@type\":\"WebPage\",\"@id\":\"https:\\\/\\\/www.cetys.mx\\\/noticias\\\/equipos-de-campus-tijuana-estan-listos-para-encarar-sus-competencias\\\/\",\"url\":\"https:\\\/\\\/www.cetys.mx\\\/noticias\\\/equipos-de-campus-tijuana-estan-listos-para-encarar-sus-competencias\\\/\",\"name\":\"Equipos de Campus Tijuana est\u00e1n listos para encarar sus competencias - CETYS\",\"isPartOf\":{\"@id\":\"https:\\\/\\\/www.cetys.mx\\\/noticias\\\/#website\"},\"primaryImageOfPage\":{\"@id\":\"https:\\\/\\\/www.cetys.mx\\\/noticias\\\/equipos-de-campus-tijuana-estan-listos-para-encarar-sus-competencias\\\/#primaryimage\"},\"image\":{\"@id\":\"https:\\\/\\\/www.cetys.mx\\\/noticias\\\/equipos-de-campus-tijuana-estan-listos-para-encarar-sus-competencias\\\/#primaryimage\"},\"thumbnailUrl\":\"https:\\\/\\\/www.cetys.mx\\\/noticias\\\/wp-content\\\/uploads\\\/2018\\\/09\\\/IMG_3801-e1536944165390.jpg\",\"datePublished\":\"2018-09-14T17:18:35+00:00\",\"dateModified\":\"2018-09-18T00:23:23+00:00\",\"author\":{\"@id\":\"https:\\\/\\\/www.cetys.mx\\\/noticias\\\/#\\\/schema\\\/person\\\/e790051ce60e18ae47cfa87011c8653f\"},\"description\":\"Articulo sobre Equipos de Campus Tijuana est\u00e1n listos para encarar sus competencias\",\"breadcrumb\":{\"@id\":\"https:\\\/\\\/www.cetys.mx\\\/noticias\\\/equipos-de-campus-tijuana-estan-listos-para-encarar-sus-competencias\\\/#breadcrumb\"},\"inLanguage\":\"es\",\"potentialAction\":[{\"@type\":\"ReadAction\",\"target\":[\"https:\\\/\\\/www.cetys.mx\\\/noticias\\\/equipos-de-campus-tijuana-estan-listos-para-encarar-sus-competencias\\\/\"]}]},{\"@type\":\"ImageObject\",\"inLanguage\":\"es\",\"@id\":\"https:\\\/\\\/www.cetys.mx\\\/noticias\\\/equipos-de-campus-tijuana-estan-listos-para-encarar-sus-competencias\\\/#primaryimage\",\"url\":\"https:\\\/\\\/www.cetys.mx\\\/noticias\\\/wp-content\\\/uploads\\\/2018\\\/09\\\/IMG_3801-e1536944165390.jpg\",\"contentUrl\":\"https:\\\/\\\/www.cetys.mx\\\/noticias\\\/wp-content\\\/uploads\\\/2018\\\/09\\\/IMG_3801-e1536944165390.jpg\",\"width\":958,\"height\":637,\"caption\":\"CETYS Tijuana - Deportes\"},{\"@type\":\"BreadcrumbList\",\"@id\":\"https:\\\/\\\/www.cetys.mx\\\/noticias\\\/equipos-de-campus-tijuana-estan-listos-para-encarar-sus-competencias\\\/#breadcrumb\",\"itemListElement\":[{\"@type\":\"ListItem\",\"position\":1,\"name\":\"Inicio\",\"item\":\"https:\\\/\\\/www.cetys.mx\\\/noticias\\\/\"},{\"@type\":\"ListItem\",\"position\":2,\"name\":\"Equipos de Campus Tijuana est\u00e1n listos para encarar sus competencias\"}]},{\"@type\":\"WebSite\",\"@id\":\"https:\\\/\\\/www.cetys.mx\\\/noticias\\\/#website\",\"url\":\"https:\\\/\\\/www.cetys.mx\\\/noticias\\\/\",\"name\":\"CETYS\",\"description\":\"\",\"potentialAction\":[{\"@type\":\"SearchAction\",\"target\":{\"@type\":\"EntryPoint\",\"urlTemplate\":\"https:\\\/\\\/www.cetys.mx\\\/noticias\\\/?s={search_term_string}\"},\"query-input\":{\"@type\":\"PropertyValueSpecification\",\"valueRequired\":true,\"valueName\":\"search_term_string\"}}],\"inLanguage\":\"es\"},{\"@type\":\"Person\",\"@id\":\"https:\\\/\\\/www.cetys.mx\\\/noticias\\\/#\\\/schema\\\/person\\\/e790051ce60e18ae47cfa87011c8653f\",\"name\":\"Campus Tijuana\",\"url\":\"https:\\\/\\\/www.cetys.mx\\\/noticias\\\/author\\\/campustijuana\\\/\"}]}<\/script>\n<!-- \/ Yoast SEO plugin. -->","yoast_head_json":{"title":"Equipos de Campus Tijuana est\u00e1n listos para encarar sus competencias - CETYS","description":"Articulo sobre Equipos de Campus Tijuana est\u00e1n listos para encarar sus competencias","robots":{"index":"index","follow":"follow","max-snippet":"max-snippet:-1","max-image-preview":"max-image-preview:large","max-video-preview":"max-video-preview:-1"},"canonical":"https:\/\/www.cetys.mx\/noticias\/equipos-de-campus-tijuana-estan-listos-para-encarar-sus-competencias\/","og_locale":"es_MX","og_type":"article","og_title":"Equipos de Campus Tijuana est\u00e1n listos para encarar sus competencias - CETYS","og_description":"Articulo sobre Equipos de Campus Tijuana est\u00e1n listos para encarar sus competencias","og_url":"https:\/\/www.cetys.mx\/noticias\/equipos-de-campus-tijuana-estan-listos-para-encarar-sus-competencias\/","og_site_name":"CETYS","article_publisher":"https:\/\/www.facebook.com\/cetysuniversidadmxl\/","article_published_time":"2018-09-14T17:18:35+00:00","article_modified_time":"2018-09-18T00:23:23+00:00","og_image":[{"width":958,"height":637,"url":"https:\/\/www.cetys.mx\/noticias\/wp-content\/uploads\/2018\/09\/IMG_3801-e1536944165390.jpg","type":"image\/jpeg"}],"author":"Campus Tijuana","twitter_card":"summary_large_image","twitter_creator":"@cetysuni","twitter_site":"@cetysuni","twitter_misc":{"Escrito por":"Campus Tijuana","Tiempo de lectura":"3 minutos"},"schema":{"@context":"https:\/\/schema.org","@graph":[{"@type":"Article","@id":"https:\/\/www.cetys.mx\/noticias\/equipos-de-campus-tijuana-estan-listos-para-encarar-sus-competencias\/#article","isPartOf":{"@id":"https:\/\/www.cetys.mx\/noticias\/equipos-de-campus-tijuana-estan-listos-para-encarar-sus-competencias\/"},"author":{"name":"Campus Tijuana","@id":"https:\/\/www.cetys.mx\/noticias\/#\/schema\/person\/e790051ce60e18ae47cfa87011c8653f"},"headline":"Equipos de Campus Tijuana est\u00e1n listos para encarar sus competencias","datePublished":"2018-09-14T17:18:35+00:00","dateModified":"2018-09-18T00:23:23+00:00","mainEntityOfPage":{"@id":"https:\/\/www.cetys.mx\/noticias\/equipos-de-campus-tijuana-estan-listos-para-encarar-sus-competencias\/"},"wordCount":589,"commentCount":0,"image":{"@id":"https:\/\/www.cetys.mx\/noticias\/equipos-de-campus-tijuana-estan-listos-para-encarar-sus-competencias\/#primaryimage"},"thumbnailUrl":"https:\/\/www.cetys.mx\/noticias\/wp-content\/uploads\/2018\/09\/IMG_3801-e1536944165390.jpg","keywords":["Basquetbol","Deportes","Futbol Americano","Futbol R\u00e1pido","vocetys-2018-09-14","voleibol"],"articleSection":["Campus Tijuana","Deportes","Portada","VoCETYS"],"inLanguage":"es","potentialAction":[{"@type":"CommentAction","name":"Comment","target":["https:\/\/www.cetys.mx\/noticias\/equipos-de-campus-tijuana-estan-listos-para-encarar-sus-competencias\/#respond"]}]},{"@type":"WebPage","@id":"https:\/\/www.cetys.mx\/noticias\/equipos-de-campus-tijuana-estan-listos-para-encarar-sus-competencias\/","url":"https:\/\/www.cetys.mx\/noticias\/equipos-de-campus-tijuana-estan-listos-para-encarar-sus-competencias\/","name":"Equipos de Campus Tijuana est\u00e1n listos para encarar sus competencias - CETYS","isPartOf":{"@id":"https:\/\/www.cetys.mx\/noticias\/#website"},"primaryImageOfPage":{"@id":"https:\/\/www.cetys.mx\/noticias\/equipos-de-campus-tijuana-estan-listos-para-encarar-sus-competencias\/#primaryimage"},"image":{"@id":"https:\/\/www.cetys.mx\/noticias\/equipos-de-campus-tijuana-estan-listos-para-encarar-sus-competencias\/#primaryimage"},"thumbnailUrl":"https:\/\/www.cetys.mx\/noticias\/wp-content\/uploads\/2018\/09\/IMG_3801-e1536944165390.jpg","datePublished":"2018-09-14T17:18:35+00:00","dateModified":"2018-09-18T00:23:23+00:00","author":{"@id":"https:\/\/www.cetys.mx\/noticias\/#\/schema\/person\/e790051ce60e18ae47cfa87011c8653f"},"description":"Articulo sobre Equipos de Campus Tijuana est\u00e1n listos para encarar sus competencias","breadcrumb":{"@id":"https:\/\/www.cetys.mx\/noticias\/equipos-de-campus-tijuana-estan-listos-para-encarar-sus-competencias\/#breadcrumb"},"inLanguage":"es","potentialAction":[{"@type":"ReadAction","target":["https:\/\/www.cetys.mx\/noticias\/equipos-de-campus-tijuana-estan-listos-para-encarar-sus-competencias\/"]}]},{"@type":"ImageObject","inLanguage":"es","@id":"https:\/\/www.cetys.mx\/noticias\/equipos-de-campus-tijuana-estan-listos-para-encarar-sus-competencias\/#primaryimage","url":"https:\/\/www.cetys.mx\/noticias\/wp-content\/uploads\/2018\/09\/IMG_3801-e1536944165390.jpg","contentUrl":"https:\/\/www.cetys.mx\/noticias\/wp-content\/uploads\/2018\/09\/IMG_3801-e1536944165390.jpg","width":958,"height":637,"caption":"CETYS Tijuana - Deportes"},{"@type":"BreadcrumbList","@id":"https:\/\/www.cetys.mx\/noticias\/equipos-de-campus-tijuana-estan-listos-para-encarar-sus-competencias\/#breadcrumb","itemListElement":[{"@type":"ListItem","position":1,"name":"Inicio","item":"https:\/\/www.cetys.mx\/noticias\/"},{"@type":"ListItem","position":2,"name":"Equipos de Campus Tijuana est\u00e1n listos para encarar sus competencias"}]},{"@type":"WebSite","@id":"https:\/\/www.cetys.mx\/noticias\/#website","url":"https:\/\/www.cetys.mx\/noticias\/","name":"CETYS","description":"","potentialAction":[{"@type":"SearchAction","target":{"@type":"EntryPoint","urlTemplate":"https:\/\/www.cetys.mx\/noticias\/?s={search_term_string}"},"query-input":{"@type":"PropertyValueSpecification","valueRequired":true,"valueName":"search_term_string"}}],"inLanguage":"es"},{"@type":"Person","@id":"https:\/\/www.cetys.mx\/noticias\/#\/schema\/person\/e790051ce60e18ae47cfa87011c8653f","name":"Campus Tijuana","url":"https:\/\/www.cetys.mx\/noticias\/author\/campustijuana\/"}]}},"_links":{"self":[{"href":"https:\/\/www.cetys.mx\/noticias\/wp-json\/wp\/v2\/posts\/118434","targetHints":{"allow":["GET"]}}],"collection":[{"href":"https:\/\/www.cetys.mx\/noticias\/wp-json\/wp\/v2\/posts"}],"about":[{"href":"https:\/\/www.cetys.mx\/noticias\/wp-json\/wp\/v2\/types\/post"}],"author":[{"embeddable":true,"href":"https:\/\/www.cetys.mx\/noticias\/wp-json\/wp\/v2\/users\/24"}],"replies":[{"embeddable":true,"href":"https:\/\/www.cetys.mx\/noticias\/wp-json\/wp\/v2\/comments?post=118434"}],"version-history":[{"count":0,"href":"https:\/\/www.cetys.mx\/noticias\/wp-json\/wp\/v2\/posts\/118434\/revisions"}],"wp:featuredmedia":[{"embeddable":true,"href":"https:\/\/www.cetys.mx\/noticias\/wp-json\/wp\/v2\/media\/118435"}],"wp:attachment":[{"href":"https:\/\/www.cetys.mx\/noticias\/wp-json\/wp\/v2\/media?parent=118434"}],"wp:term":[{"taxonomy":"category","embeddable":true,"href":"https:\/\/www.cetys.mx\/noticias\/wp-json\/wp\/v2\/categories?post=118434"},{"taxonomy":"post_tag","embeddable":true,"href":"https:\/\/www.cetys.mx\/noticias\/wp-json\/wp\/v2\/tags?post=118434"}],"curies":[{"name":"wp","href":"https:\/\/api.w.org\/{rel}","templated":true}]}}