{"id":118201,"date":"2018-09-11T13:39:31","date_gmt":"2018-09-11T20:39:31","guid":{"rendered":"http:\/\/www.cetys.mx\/noticias\/?p=118201"},"modified":"2018-09-17T17:27:47","modified_gmt":"2018-09-18T00:27:47","slug":"inicio-pretemporada-zorros-fem-abe","status":"publish","type":"post","link":"https:\/\/www.cetys.mx\/noticias\/inicio-pretemporada-zorros-fem-abe\/","title":{"rendered":"Inici\u00f3 la pretemporada de Zorros Femenil rumbo a Liga ABE"},"content":{"rendered":"<p align=\"justify\">La duela del <strong>Gimnasio-Auditorio \u201cRodrigo Valle Hern\u00e1ndez\u201d<\/strong> recibe de nuevo a las integrantes de <strong>Zorros Femenil<\/strong>, ahora como casa de las campeonas de <strong>Liga ABE<\/strong>. Han sido tres partidos de exhibici\u00f3n los efectuados al momento, de cara a la pr\u00f3xima temporada en la <em>Divisi\u00f3n Uno<\/em>.<\/p>\n<p align=\"justify\">El equipo de <strong>CETYS Universidad<\/strong> ya se prepara rumbo a la defensa del t\u00edtulo, ganado hace cinco meses, donde volver\u00edan nueve de las doce pupilas que C\u00e9sar Valencia gui\u00f3 para dicha haza\u00f1a. No obstante, algunos papeles cambiar\u00edan en esta ocasi\u00f3n.<\/p>\n<blockquote>\n<p align=\"justify\">\u201cEl equipo se ha acoplado mejor con estos juegos que llevamos, pero pienso que nos har\u00e1n falta m\u00e1s. Seguir midiendo a las muchachas con las mismas rivales no es problema, mientras se mantengan en forma; pero ser\u00eda mejor tratar de enfrentarse a escuadras afines. Por lo pronto, seguimos avanzando\u201d, dijo el entrenador en jefe.<\/p>\n<\/blockquote>\n<div id=\"attachment_118202\" style=\"width: 965px\" class=\"wp-caption alignnone\"><img loading=\"lazy\" decoding=\"async\" aria-describedby=\"caption-attachment-118202\" class=\"size-full wp-image-118202\" src=\"https:\/\/www.cetys.mx\/noticias\/wp-content\/uploads\/2018\/09\/DSC_0017-e1536697757911.jpg\" alt=\"\" width=\"955\" height=\"637\" \/><p id=\"caption-attachment-118202\" class=\"wp-caption-text\">Buscan ser parte de una lista de 12 para arrancar campa\u00f1a.<\/p><\/div>\n<p>&nbsp;<\/p>\n<p align=\"justify\">Antes del 29 de septiembre, fecha de la apertura de temporada frente a Tucitas UAZ, el timonel pone atenci\u00f3n en quienes pudieran ser las jugadoras que comenzar\u00e1n a defender la playera de <strong>CETYS<\/strong> este a\u00f1o. Quienes ya fueron campeonas, deben ganarse el lugar de nuevo. Diez m\u00e1s intentan ser parte de esa lista o, de lo contrario, permanecer\u00e1n como reservas.<\/p>\n<blockquote>\n<p align=\"justify\">\u201cSiento que el sistema lo vamos aprendiendo bien, pero nos hace falta estudiarlo m\u00e1s \u2013a\u00f1adi\u00f3 la guardia\/movedora <strong>Andrea Rosales<\/strong>-. Este a\u00f1o baj\u00f3 nuestro promedio general de estatura, por eso seremos m\u00e1s r\u00e1pidas con el bal\u00f3n. Siento una mayor responsabilidad que antes, despu\u00e9s de todo lo que hemos cosechado y por el arribo de nuevas compa\u00f1eras\u201d.<\/p>\n<\/blockquote>\n<div id=\"attachment_118205\" style=\"width: 965px\" class=\"wp-caption alignnone\"><img loading=\"lazy\" decoding=\"async\" aria-describedby=\"caption-attachment-118205\" class=\"size-full wp-image-118205\" src=\"https:\/\/www.cetys.mx\/noticias\/wp-content\/uploads\/2018\/09\/DSC_0021-e1536698203793.jpg\" alt=\"\" width=\"955\" height=\"637\" \/><p id=\"caption-attachment-118205\" class=\"wp-caption-text\">Nuevo sistema de juego para las pupilas de C\u00e9sar Valencia.<\/p><\/div>\n<p align=\"justify\">El equipo hace concentraciones cada fin de semana en Tijuana, Mexicali o Ensenada. Uno de los duelos amistosos fue contra Galgos Femenil del Tec. Tijuana, a quienes derrotaron por 70-37. Como se mencion\u00f3, hay caras nuevas y una proviene del sureste de M\u00e9xico; super\u00f3 las visor\u00edas y ahora quiere estar en la lista final.<\/p>\n<blockquote>\n<p align=\"justify\"><em>\u201cMe encuentro en un equipo muy unido, pienso que nos ir\u00e1 muy bien si le echamos muchas ganas. Estoy orgullosa y contenta por pertenecer a esta instituci\u00f3n, ejemplo a nivel nacional. Ahora hay que ganarse el lugar corriendo mucho sobre la duela y poniendo el coraz\u00f3n en la pelota\u201d<\/em>, concluy\u00f3 la guerrerense <strong>Daryana D\u00edaz<\/strong> (estudiante de Primer Semestre de Psicolog\u00eda Cl\u00ednica en Campus Tijuana).<\/p>\n<\/blockquote>\n<p align=\"justify\"><strong>Valencia<\/strong> agreg\u00f3 que la quinteta bajacaliforniana programar\u00e1 m\u00e1s partidos de preparaci\u00f3n, pero sin especificar fechas y oponentes. Las 12 elegidas para estrenar corona ser\u00e1n confirmadas m\u00e1s adelante.<\/p>\n<div id=\"attachment_118203\" style=\"width: 965px\" class=\"wp-caption alignnone\"><img loading=\"lazy\" decoding=\"async\" aria-describedby=\"caption-attachment-118203\" class=\"size-full wp-image-118203\" src=\"https:\/\/www.cetys.mx\/noticias\/wp-content\/uploads\/2018\/09\/DSC_0092-1-e1536697866690.jpg\" alt=\"\" width=\"955\" height=\"637\" \/><p id=\"caption-attachment-118203\" class=\"wp-caption-text\">&#8220;Ahora siento una mayor responsabilidad&#8221;, dijo Andrea Rosales (24).<\/p><\/div>\n","protected":false},"excerpt":{"rendered":"<p>La duela del Gimnasio-Auditorio \u201cRodrigo Valle Hern\u00e1ndez\u201d recibe de nuevo a las integrantes de Zorros Femenil, ahora como casa de las campeonas&#8230;<\/p>\n","protected":false},"author":26,"featured_media":118204,"comment_status":"open","ping_status":"closed","sticky":false,"template":"","format":"standard","meta":{"footnotes":""},"categories":[312,209,105,313],"tags":[438,233,1404,2848],"class_list":["post-118201","post","type-post","status-publish","format-standard","has-post-thumbnail","hentry","category-deportes","category-institucional","category-vida-estudiantil","category-vocetys-2","tag-basquetbol","tag-deportes","tag-liga-abe","tag-vocetys-2018-09-14","univesidades-cetys"],"yoast_head":"<!-- This site is optimized with the Yoast SEO plugin v27.4 - https:\/\/yoast.com\/product\/yoast-seo-wordpress\/ -->\n<title>Inici\u00f3 la pretemporada de Zorros Femenil rumbo a Liga ABE - CETYS<\/title>\n<meta name=\"description\" content=\"Articulo sobre Inici\u00f3 la pretemporada de Zorros Femenil rumbo a Liga ABE\" \/>\n<meta name=\"robots\" content=\"index, follow, max-snippet:-1, max-image-preview:large, max-video-preview:-1\" \/>\n<link rel=\"canonical\" href=\"https:\/\/www.cetys.mx\/noticias\/inicio-pretemporada-zorros-fem-abe\/\" \/>\n<meta property=\"og:locale\" content=\"es_MX\" \/>\n<meta property=\"og:type\" content=\"article\" \/>\n<meta property=\"og:title\" content=\"Inici\u00f3 la pretemporada de Zorros Femenil rumbo a Liga ABE - CETYS\" \/>\n<meta property=\"og:description\" content=\"Articulo sobre Inici\u00f3 la pretemporada de Zorros Femenil rumbo a Liga ABE\" \/>\n<meta property=\"og:url\" content=\"https:\/\/www.cetys.mx\/noticias\/inicio-pretemporada-zorros-fem-abe\/\" \/>\n<meta property=\"og:site_name\" content=\"CETYS\" \/>\n<meta property=\"article:publisher\" content=\"https:\/\/www.facebook.com\/cetysuniversidadmxl\/\" \/>\n<meta property=\"article:published_time\" content=\"2018-09-11T20:39:31+00:00\" \/>\n<meta property=\"article:modified_time\" content=\"2018-09-18T00:27:47+00:00\" \/>\n<meta property=\"og:image\" content=\"https:\/\/www.cetys.mx\/noticias\/wp-content\/uploads\/2018\/09\/DSC_0027-e1536698001197.jpg\" \/>\n\t<meta property=\"og:image:width\" content=\"955\" \/>\n\t<meta property=\"og:image:height\" content=\"637\" \/>\n\t<meta property=\"og:image:type\" content=\"image\/jpeg\" \/>\n<meta name=\"author\" content=\"CETYS Institucional\" \/>\n<meta name=\"twitter:card\" content=\"summary_large_image\" \/>\n<meta name=\"twitter:creator\" content=\"@cetysuni\" \/>\n<meta name=\"twitter:site\" content=\"@cetysuni\" \/>\n<meta name=\"twitter:label1\" content=\"Escrito por\" \/>\n\t<meta name=\"twitter:data1\" content=\"CETYS Institucional\" \/>\n\t<meta name=\"twitter:label2\" content=\"Tiempo de lectura\" \/>\n\t<meta name=\"twitter:data2\" content=\"2 minutos\" \/>\n<script type=\"application\/ld+json\" class=\"yoast-schema-graph\">{\"@context\":\"https:\\\/\\\/schema.org\",\"@graph\":[{\"@type\":\"Article\",\"@id\":\"https:\\\/\\\/www.cetys.mx\\\/noticias\\\/inicio-pretemporada-zorros-fem-abe\\\/#article\",\"isPartOf\":{\"@id\":\"https:\\\/\\\/www.cetys.mx\\\/noticias\\\/inicio-pretemporada-zorros-fem-abe\\\/\"},\"author\":{\"name\":\"CETYS Institucional\",\"@id\":\"https:\\\/\\\/www.cetys.mx\\\/noticias\\\/#\\\/schema\\\/person\\\/e9d2b35265b64aa454df57a2828eb2ac\"},\"headline\":\"Inici\u00f3 la pretemporada de Zorros Femenil rumbo a Liga ABE\",\"datePublished\":\"2018-09-11T20:39:31+00:00\",\"dateModified\":\"2018-09-18T00:27:47+00:00\",\"mainEntityOfPage\":{\"@id\":\"https:\\\/\\\/www.cetys.mx\\\/noticias\\\/inicio-pretemporada-zorros-fem-abe\\\/\"},\"wordCount\":497,\"commentCount\":0,\"image\":{\"@id\":\"https:\\\/\\\/www.cetys.mx\\\/noticias\\\/inicio-pretemporada-zorros-fem-abe\\\/#primaryimage\"},\"thumbnailUrl\":\"https:\\\/\\\/www.cetys.mx\\\/noticias\\\/wp-content\\\/uploads\\\/2018\\\/09\\\/DSC_0027-e1536698001197.jpg\",\"keywords\":[\"Basquetbol\",\"Deportes\",\"Liga ABE\",\"vocetys-2018-09-14\"],\"articleSection\":[\"Deportes\",\"Institucional\",\"Vida Estudiantil\",\"VoCETYS\"],\"inLanguage\":\"es\",\"potentialAction\":[{\"@type\":\"CommentAction\",\"name\":\"Comment\",\"target\":[\"https:\\\/\\\/www.cetys.mx\\\/noticias\\\/inicio-pretemporada-zorros-fem-abe\\\/#respond\"]}]},{\"@type\":\"WebPage\",\"@id\":\"https:\\\/\\\/www.cetys.mx\\\/noticias\\\/inicio-pretemporada-zorros-fem-abe\\\/\",\"url\":\"https:\\\/\\\/www.cetys.mx\\\/noticias\\\/inicio-pretemporada-zorros-fem-abe\\\/\",\"name\":\"Inici\u00f3 la pretemporada de Zorros Femenil rumbo a Liga ABE - CETYS\",\"isPartOf\":{\"@id\":\"https:\\\/\\\/www.cetys.mx\\\/noticias\\\/#website\"},\"primaryImageOfPage\":{\"@id\":\"https:\\\/\\\/www.cetys.mx\\\/noticias\\\/inicio-pretemporada-zorros-fem-abe\\\/#primaryimage\"},\"image\":{\"@id\":\"https:\\\/\\\/www.cetys.mx\\\/noticias\\\/inicio-pretemporada-zorros-fem-abe\\\/#primaryimage\"},\"thumbnailUrl\":\"https:\\\/\\\/www.cetys.mx\\\/noticias\\\/wp-content\\\/uploads\\\/2018\\\/09\\\/DSC_0027-e1536698001197.jpg\",\"datePublished\":\"2018-09-11T20:39:31+00:00\",\"dateModified\":\"2018-09-18T00:27:47+00:00\",\"author\":{\"@id\":\"https:\\\/\\\/www.cetys.mx\\\/noticias\\\/#\\\/schema\\\/person\\\/e9d2b35265b64aa454df57a2828eb2ac\"},\"description\":\"Articulo sobre Inici\u00f3 la pretemporada de Zorros Femenil rumbo a Liga ABE\",\"breadcrumb\":{\"@id\":\"https:\\\/\\\/www.cetys.mx\\\/noticias\\\/inicio-pretemporada-zorros-fem-abe\\\/#breadcrumb\"},\"inLanguage\":\"es\",\"potentialAction\":[{\"@type\":\"ReadAction\",\"target\":[\"https:\\\/\\\/www.cetys.mx\\\/noticias\\\/inicio-pretemporada-zorros-fem-abe\\\/\"]}]},{\"@type\":\"ImageObject\",\"inLanguage\":\"es\",\"@id\":\"https:\\\/\\\/www.cetys.mx\\\/noticias\\\/inicio-pretemporada-zorros-fem-abe\\\/#primaryimage\",\"url\":\"https:\\\/\\\/www.cetys.mx\\\/noticias\\\/wp-content\\\/uploads\\\/2018\\\/09\\\/DSC_0027-e1536698001197.jpg\",\"contentUrl\":\"https:\\\/\\\/www.cetys.mx\\\/noticias\\\/wp-content\\\/uploads\\\/2018\\\/09\\\/DSC_0027-e1536698001197.jpg\",\"width\":955,\"height\":637,\"caption\":\"CETYS Universidad - B\u00e1squetbol\"},{\"@type\":\"BreadcrumbList\",\"@id\":\"https:\\\/\\\/www.cetys.mx\\\/noticias\\\/inicio-pretemporada-zorros-fem-abe\\\/#breadcrumb\",\"itemListElement\":[{\"@type\":\"ListItem\",\"position\":1,\"name\":\"Inicio\",\"item\":\"https:\\\/\\\/www.cetys.mx\\\/noticias\\\/\"},{\"@type\":\"ListItem\",\"position\":2,\"name\":\"Inici\u00f3 la pretemporada de Zorros Femenil rumbo a Liga ABE\"}]},{\"@type\":\"WebSite\",\"@id\":\"https:\\\/\\\/www.cetys.mx\\\/noticias\\\/#website\",\"url\":\"https:\\\/\\\/www.cetys.mx\\\/noticias\\\/\",\"name\":\"CETYS\",\"description\":\"\",\"potentialAction\":[{\"@type\":\"SearchAction\",\"target\":{\"@type\":\"EntryPoint\",\"urlTemplate\":\"https:\\\/\\\/www.cetys.mx\\\/noticias\\\/?s={search_term_string}\"},\"query-input\":{\"@type\":\"PropertyValueSpecification\",\"valueRequired\":true,\"valueName\":\"search_term_string\"}}],\"inLanguage\":\"es\"},{\"@type\":\"Person\",\"@id\":\"https:\\\/\\\/www.cetys.mx\\\/noticias\\\/#\\\/schema\\\/person\\\/e9d2b35265b64aa454df57a2828eb2ac\",\"name\":\"CETYS Institucional\",\"url\":\"https:\\\/\\\/www.cetys.mx\\\/noticias\\\/author\\\/cetysinstitucional\\\/\"}]}<\/script>\n<!-- \/ Yoast SEO plugin. -->","yoast_head_json":{"title":"Inici\u00f3 la pretemporada de Zorros Femenil rumbo a Liga ABE - CETYS","description":"Articulo sobre Inici\u00f3 la pretemporada de Zorros Femenil rumbo a Liga ABE","robots":{"index":"index","follow":"follow","max-snippet":"max-snippet:-1","max-image-preview":"max-image-preview:large","max-video-preview":"max-video-preview:-1"},"canonical":"https:\/\/www.cetys.mx\/noticias\/inicio-pretemporada-zorros-fem-abe\/","og_locale":"es_MX","og_type":"article","og_title":"Inici\u00f3 la pretemporada de Zorros Femenil rumbo a Liga ABE - CETYS","og_description":"Articulo sobre Inici\u00f3 la pretemporada de Zorros Femenil rumbo a Liga ABE","og_url":"https:\/\/www.cetys.mx\/noticias\/inicio-pretemporada-zorros-fem-abe\/","og_site_name":"CETYS","article_publisher":"https:\/\/www.facebook.com\/cetysuniversidadmxl\/","article_published_time":"2018-09-11T20:39:31+00:00","article_modified_time":"2018-09-18T00:27:47+00:00","og_image":[{"width":955,"height":637,"url":"https:\/\/www.cetys.mx\/noticias\/wp-content\/uploads\/2018\/09\/DSC_0027-e1536698001197.jpg","type":"image\/jpeg"}],"author":"CETYS Institucional","twitter_card":"summary_large_image","twitter_creator":"@cetysuni","twitter_site":"@cetysuni","twitter_misc":{"Escrito por":"CETYS Institucional","Tiempo de lectura":"2 minutos"},"schema":{"@context":"https:\/\/schema.org","@graph":[{"@type":"Article","@id":"https:\/\/www.cetys.mx\/noticias\/inicio-pretemporada-zorros-fem-abe\/#article","isPartOf":{"@id":"https:\/\/www.cetys.mx\/noticias\/inicio-pretemporada-zorros-fem-abe\/"},"author":{"name":"CETYS Institucional","@id":"https:\/\/www.cetys.mx\/noticias\/#\/schema\/person\/e9d2b35265b64aa454df57a2828eb2ac"},"headline":"Inici\u00f3 la pretemporada de Zorros Femenil rumbo a Liga ABE","datePublished":"2018-09-11T20:39:31+00:00","dateModified":"2018-09-18T00:27:47+00:00","mainEntityOfPage":{"@id":"https:\/\/www.cetys.mx\/noticias\/inicio-pretemporada-zorros-fem-abe\/"},"wordCount":497,"commentCount":0,"image":{"@id":"https:\/\/www.cetys.mx\/noticias\/inicio-pretemporada-zorros-fem-abe\/#primaryimage"},"thumbnailUrl":"https:\/\/www.cetys.mx\/noticias\/wp-content\/uploads\/2018\/09\/DSC_0027-e1536698001197.jpg","keywords":["Basquetbol","Deportes","Liga ABE","vocetys-2018-09-14"],"articleSection":["Deportes","Institucional","Vida Estudiantil","VoCETYS"],"inLanguage":"es","potentialAction":[{"@type":"CommentAction","name":"Comment","target":["https:\/\/www.cetys.mx\/noticias\/inicio-pretemporada-zorros-fem-abe\/#respond"]}]},{"@type":"WebPage","@id":"https:\/\/www.cetys.mx\/noticias\/inicio-pretemporada-zorros-fem-abe\/","url":"https:\/\/www.cetys.mx\/noticias\/inicio-pretemporada-zorros-fem-abe\/","name":"Inici\u00f3 la pretemporada de Zorros Femenil rumbo a Liga ABE - CETYS","isPartOf":{"@id":"https:\/\/www.cetys.mx\/noticias\/#website"},"primaryImageOfPage":{"@id":"https:\/\/www.cetys.mx\/noticias\/inicio-pretemporada-zorros-fem-abe\/#primaryimage"},"image":{"@id":"https:\/\/www.cetys.mx\/noticias\/inicio-pretemporada-zorros-fem-abe\/#primaryimage"},"thumbnailUrl":"https:\/\/www.cetys.mx\/noticias\/wp-content\/uploads\/2018\/09\/DSC_0027-e1536698001197.jpg","datePublished":"2018-09-11T20:39:31+00:00","dateModified":"2018-09-18T00:27:47+00:00","author":{"@id":"https:\/\/www.cetys.mx\/noticias\/#\/schema\/person\/e9d2b35265b64aa454df57a2828eb2ac"},"description":"Articulo sobre Inici\u00f3 la pretemporada de Zorros Femenil rumbo a Liga ABE","breadcrumb":{"@id":"https:\/\/www.cetys.mx\/noticias\/inicio-pretemporada-zorros-fem-abe\/#breadcrumb"},"inLanguage":"es","potentialAction":[{"@type":"ReadAction","target":["https:\/\/www.cetys.mx\/noticias\/inicio-pretemporada-zorros-fem-abe\/"]}]},{"@type":"ImageObject","inLanguage":"es","@id":"https:\/\/www.cetys.mx\/noticias\/inicio-pretemporada-zorros-fem-abe\/#primaryimage","url":"https:\/\/www.cetys.mx\/noticias\/wp-content\/uploads\/2018\/09\/DSC_0027-e1536698001197.jpg","contentUrl":"https:\/\/www.cetys.mx\/noticias\/wp-content\/uploads\/2018\/09\/DSC_0027-e1536698001197.jpg","width":955,"height":637,"caption":"CETYS Universidad - B\u00e1squetbol"},{"@type":"BreadcrumbList","@id":"https:\/\/www.cetys.mx\/noticias\/inicio-pretemporada-zorros-fem-abe\/#breadcrumb","itemListElement":[{"@type":"ListItem","position":1,"name":"Inicio","item":"https:\/\/www.cetys.mx\/noticias\/"},{"@type":"ListItem","position":2,"name":"Inici\u00f3 la pretemporada de Zorros Femenil rumbo a Liga ABE"}]},{"@type":"WebSite","@id":"https:\/\/www.cetys.mx\/noticias\/#website","url":"https:\/\/www.cetys.mx\/noticias\/","name":"CETYS","description":"","potentialAction":[{"@type":"SearchAction","target":{"@type":"EntryPoint","urlTemplate":"https:\/\/www.cetys.mx\/noticias\/?s={search_term_string}"},"query-input":{"@type":"PropertyValueSpecification","valueRequired":true,"valueName":"search_term_string"}}],"inLanguage":"es"},{"@type":"Person","@id":"https:\/\/www.cetys.mx\/noticias\/#\/schema\/person\/e9d2b35265b64aa454df57a2828eb2ac","name":"CETYS Institucional","url":"https:\/\/www.cetys.mx\/noticias\/author\/cetysinstitucional\/"}]}},"_links":{"self":[{"href":"https:\/\/www.cetys.mx\/noticias\/wp-json\/wp\/v2\/posts\/118201","targetHints":{"allow":["GET"]}}],"collection":[{"href":"https:\/\/www.cetys.mx\/noticias\/wp-json\/wp\/v2\/posts"}],"about":[{"href":"https:\/\/www.cetys.mx\/noticias\/wp-json\/wp\/v2\/types\/post"}],"author":[{"embeddable":true,"href":"https:\/\/www.cetys.mx\/noticias\/wp-json\/wp\/v2\/users\/26"}],"replies":[{"embeddable":true,"href":"https:\/\/www.cetys.mx\/noticias\/wp-json\/wp\/v2\/comments?post=118201"}],"version-history":[{"count":0,"href":"https:\/\/www.cetys.mx\/noticias\/wp-json\/wp\/v2\/posts\/118201\/revisions"}],"wp:featuredmedia":[{"embeddable":true,"href":"https:\/\/www.cetys.mx\/noticias\/wp-json\/wp\/v2\/media\/118204"}],"wp:attachment":[{"href":"https:\/\/www.cetys.mx\/noticias\/wp-json\/wp\/v2\/media?parent=118201"}],"wp:term":[{"taxonomy":"category","embeddable":true,"href":"https:\/\/www.cetys.mx\/noticias\/wp-json\/wp\/v2\/categories?post=118201"},{"taxonomy":"post_tag","embeddable":true,"href":"https:\/\/www.cetys.mx\/noticias\/wp-json\/wp\/v2\/tags?post=118201"}],"curies":[{"name":"wp","href":"https:\/\/api.w.org\/{rel}","templated":true}]}}