{"id":117855,"date":"2018-09-07T13:07:35","date_gmt":"2018-09-07T20:07:35","guid":{"rendered":"http:\/\/www.cetys.mx\/noticias\/?p=117855"},"modified":"2018-09-07T13:32:13","modified_gmt":"2018-09-07T20:32:13","slug":"hora-zorros-tij-pretemporada-oefa","status":"publish","type":"post","link":"https:\/\/www.cetys.mx\/noticias\/hora-zorros-tij-pretemporada-oefa\/","title":{"rendered":"Zorros Tijuana reciben a Panteras en duelo de exhibici\u00f3n"},"content":{"rendered":"<p>Un largo descanso de 280 d\u00edas ha llegado a su fin. Los <strong>Zorros del CETYS Tijuana<\/strong> se pondr\u00e1n cascos nuevos y hombreras este s\u00e1bado 8 de septiembre en el <strong>Estadio &#8220;Margarita Astiazar\u00e1n de Fimbres&#8221;<\/strong>, recibiendo a <em>Panteras del COBACH La Mesa<\/em>.<\/p>\n<p>Este encuentro ser\u00e1 de exhibici\u00f3n, pues la temporada regular de la <strong>OEFA<\/strong> (<em>Organizaci\u00f3n Estudiantil de F\u00fatbol Americano en Baja California<\/em>) para los pupilos de <strong>Carlos Campa<\/strong> comienza hasta el 22 del mismo mes.<\/p>\n<blockquote><p><em>&#8220;Los muchachos est\u00e1n ansiosos por jugar, han entrenado muy bien en las \u00faltimas semanas. Ten\u00edamos originalmente programado enfrentar a Broncos (<\/em>del CETIS 156<em>), pero ellos no estaban listos para el compromiso. Afortunadamente Panteras aceptaron la invitaci\u00f3n y tendremos oportunidad de ver el progreso&#8221;<\/em>, dijo el entrenador en jefe.<\/p><\/blockquote>\n<p>Un total de 42 preparatorianos est\u00e1n disponibles para (este a\u00f1o) volver al <strong>Taz\u00f3n Baja<\/strong> a finales del presente a\u00f1o. Tras el subcampeonato obtenido durante el pasado torneo, <strong>Zorros Tijuana<\/strong> no tienen otro objetivo mayor que ser campeones.<\/p>\n<div id=\"attachment_117857\" style=\"width: 966px\" class=\"wp-caption alignnone\"><img loading=\"lazy\" decoding=\"async\" aria-describedby=\"caption-attachment-117857\" class=\"size-full wp-image-117857\" src=\"https:\/\/www.cetys.mx\/noticias\/wp-content\/uploads\/2018\/09\/image00008-e1536349372684.jpg\" alt=\"\" width=\"956\" height=\"637\" \/><p id=\"caption-attachment-117857\" class=\"wp-caption-text\">El duelo de exhibici\u00f3n contra Panteras es este s\u00e1bado a las 15:00 horas.<\/p><\/div>\n<p><em>&#8220;Dos jugadores se dieron de baja la semana pasada por razones extra deportivas, mientras otro se recupera de una lesi\u00f3n<\/em> -agreg\u00f3 <strong>Campa<\/strong>-; <em>hubi\u00e9ramos comenzado con 45 en la lista, pero pienso de vamos bien y con optimismo para el arranque de campa\u00f1a&#8221;<\/em>.<\/p>\n<p>Cabe mencionar que el estratega tiene caras nuevas en la parte defensiva de su staff t\u00e9cnico: <strong>Alan L\u00f3pez Valenzuela<\/strong> (entrenador de f\u00fatbol bandera femenil) colabora con <strong>Campa<\/strong> como instructor de alas, en tanto que <strong>\u00c9dgar Ceballos<\/strong> se retir\u00f3 como jugador y ahora se encarga de los linieros.<\/p>\n<p><em>&#8220;Ambos vienen a contribuir como un enlace fuerte entre jugadores y entrenador en jefe, han trabajado muy bien. Alan cumple con una metodolog\u00eda de aprendizaje muy desarrollada que le funciona en &#8216;flag&#8217;, mientras Iv\u00e1n acaba de terminar una exitosa etapa colegial y dio inicio una nueva en este deporte; estamos abiertos para que aporten sus conocimientos y crezcan en sus respectivos objetivos&#8221;<\/em>, concluy\u00f3.<\/p>\n<p>Zorros Tijuana y Panteras dar\u00e1n la patada inicial a las 15:00 horas.<\/p>\n<div id=\"attachment_117856\" style=\"width: 965px\" class=\"wp-caption alignnone\"><img loading=\"lazy\" decoding=\"async\" aria-describedby=\"caption-attachment-117856\" class=\"size-full wp-image-117856\" src=\"https:\/\/www.cetys.mx\/noticias\/wp-content\/uploads\/2018\/09\/image00003-e1536349157535.jpg\" alt=\"\" width=\"955\" height=\"637\" \/><p id=\"caption-attachment-117856\" class=\"wp-caption-text\">42 jugadores est\u00e1n disponibles para el arranque de campa\u00f1a regular.<\/p><\/div>\n","protected":false},"excerpt":{"rendered":"<p>Un largo descanso de 280 d\u00edas ha llegado a su fin. Los Zorros del CETYS Tijuana se pondr\u00e1n cascos nuevos y hombreras&#8230;<\/p>\n","protected":false},"author":24,"featured_media":117862,"comment_status":"open","ping_status":"closed","sticky":false,"template":"","format":"standard","meta":{"footnotes":""},"categories":[134,312,313],"tags":[233,933,1019,2231],"class_list":["post-117855","post","type-post","status-publish","format-standard","has-post-thumbnail","hentry","category-campus-tijuana","category-deportes","category-vocetys-2","tag-deportes","tag-futbol-americano","tag-oefa","tag-pretemporada","univesidades-cetys-campus-tijuana"],"yoast_head":"<!-- This site is optimized with the Yoast SEO plugin v27.4 - https:\/\/yoast.com\/product\/yoast-seo-wordpress\/ -->\n<title>Zorros Tijuana reciben a Panteras en duelo de exhibici\u00f3n - CETYS<\/title>\n<meta name=\"description\" content=\"Articulo sobre Zorros Tijuana reciben a Panteras en duelo de exhibici\u00f3n\" \/>\n<meta name=\"robots\" content=\"index, follow, max-snippet:-1, max-image-preview:large, max-video-preview:-1\" \/>\n<link rel=\"canonical\" href=\"https:\/\/www.cetys.mx\/noticias\/hora-zorros-tij-pretemporada-oefa\/\" \/>\n<meta property=\"og:locale\" content=\"es_MX\" \/>\n<meta property=\"og:type\" content=\"article\" \/>\n<meta property=\"og:title\" content=\"Zorros Tijuana reciben a Panteras en duelo de exhibici\u00f3n - CETYS\" \/>\n<meta property=\"og:description\" content=\"Articulo sobre Zorros Tijuana reciben a Panteras en duelo de exhibici\u00f3n\" \/>\n<meta property=\"og:url\" content=\"https:\/\/www.cetys.mx\/noticias\/hora-zorros-tij-pretemporada-oefa\/\" \/>\n<meta property=\"og:site_name\" content=\"CETYS\" \/>\n<meta property=\"article:publisher\" content=\"https:\/\/www.facebook.com\/cetysuniversidadmxl\/\" \/>\n<meta property=\"article:published_time\" content=\"2018-09-07T20:07:35+00:00\" \/>\n<meta property=\"article:modified_time\" content=\"2018-09-07T20:32:13+00:00\" \/>\n<meta property=\"og:image\" content=\"https:\/\/www.cetys.mx\/noticias\/wp-content\/uploads\/2018\/09\/image00007-e1536350597480.jpg\" \/>\n\t<meta property=\"og:image:width\" content=\"956\" \/>\n\t<meta property=\"og:image:height\" content=\"637\" \/>\n\t<meta property=\"og:image:type\" content=\"image\/jpeg\" \/>\n<meta name=\"author\" content=\"Campus Tijuana\" \/>\n<meta name=\"twitter:card\" content=\"summary_large_image\" \/>\n<meta name=\"twitter:creator\" content=\"@cetysuni\" \/>\n<meta name=\"twitter:site\" content=\"@cetysuni\" \/>\n<meta name=\"twitter:label1\" content=\"Escrito por\" \/>\n\t<meta name=\"twitter:data1\" content=\"Campus Tijuana\" \/>\n\t<meta name=\"twitter:label2\" content=\"Tiempo de lectura\" \/>\n\t<meta name=\"twitter:data2\" content=\"2 minutos\" \/>\n<script type=\"application\/ld+json\" class=\"yoast-schema-graph\">{\"@context\":\"https:\\\/\\\/schema.org\",\"@graph\":[{\"@type\":\"Article\",\"@id\":\"https:\\\/\\\/www.cetys.mx\\\/noticias\\\/hora-zorros-tij-pretemporada-oefa\\\/#article\",\"isPartOf\":{\"@id\":\"https:\\\/\\\/www.cetys.mx\\\/noticias\\\/hora-zorros-tij-pretemporada-oefa\\\/\"},\"author\":{\"name\":\"Campus Tijuana\",\"@id\":\"https:\\\/\\\/www.cetys.mx\\\/noticias\\\/#\\\/schema\\\/person\\\/e790051ce60e18ae47cfa87011c8653f\"},\"headline\":\"Zorros Tijuana reciben a Panteras en duelo de exhibici\u00f3n\",\"datePublished\":\"2018-09-07T20:07:35+00:00\",\"dateModified\":\"2018-09-07T20:32:13+00:00\",\"mainEntityOfPage\":{\"@id\":\"https:\\\/\\\/www.cetys.mx\\\/noticias\\\/hora-zorros-tij-pretemporada-oefa\\\/\"},\"wordCount\":388,\"commentCount\":0,\"image\":{\"@id\":\"https:\\\/\\\/www.cetys.mx\\\/noticias\\\/hora-zorros-tij-pretemporada-oefa\\\/#primaryimage\"},\"thumbnailUrl\":\"https:\\\/\\\/www.cetys.mx\\\/noticias\\\/wp-content\\\/uploads\\\/2018\\\/09\\\/image00007-e1536350597480.jpg\",\"keywords\":[\"Deportes\",\"Futbol Americano\",\"OEFA\",\"Pretemporada\"],\"articleSection\":[\"Campus Tijuana\",\"Deportes\",\"VoCETYS\"],\"inLanguage\":\"es\",\"potentialAction\":[{\"@type\":\"CommentAction\",\"name\":\"Comment\",\"target\":[\"https:\\\/\\\/www.cetys.mx\\\/noticias\\\/hora-zorros-tij-pretemporada-oefa\\\/#respond\"]}]},{\"@type\":\"WebPage\",\"@id\":\"https:\\\/\\\/www.cetys.mx\\\/noticias\\\/hora-zorros-tij-pretemporada-oefa\\\/\",\"url\":\"https:\\\/\\\/www.cetys.mx\\\/noticias\\\/hora-zorros-tij-pretemporada-oefa\\\/\",\"name\":\"Zorros Tijuana reciben a Panteras en duelo de exhibici\u00f3n - CETYS\",\"isPartOf\":{\"@id\":\"https:\\\/\\\/www.cetys.mx\\\/noticias\\\/#website\"},\"primaryImageOfPage\":{\"@id\":\"https:\\\/\\\/www.cetys.mx\\\/noticias\\\/hora-zorros-tij-pretemporada-oefa\\\/#primaryimage\"},\"image\":{\"@id\":\"https:\\\/\\\/www.cetys.mx\\\/noticias\\\/hora-zorros-tij-pretemporada-oefa\\\/#primaryimage\"},\"thumbnailUrl\":\"https:\\\/\\\/www.cetys.mx\\\/noticias\\\/wp-content\\\/uploads\\\/2018\\\/09\\\/image00007-e1536350597480.jpg\",\"datePublished\":\"2018-09-07T20:07:35+00:00\",\"dateModified\":\"2018-09-07T20:32:13+00:00\",\"author\":{\"@id\":\"https:\\\/\\\/www.cetys.mx\\\/noticias\\\/#\\\/schema\\\/person\\\/e790051ce60e18ae47cfa87011c8653f\"},\"description\":\"Articulo sobre Zorros Tijuana reciben a Panteras en duelo de exhibici\u00f3n\",\"breadcrumb\":{\"@id\":\"https:\\\/\\\/www.cetys.mx\\\/noticias\\\/hora-zorros-tij-pretemporada-oefa\\\/#breadcrumb\"},\"inLanguage\":\"es\",\"potentialAction\":[{\"@type\":\"ReadAction\",\"target\":[\"https:\\\/\\\/www.cetys.mx\\\/noticias\\\/hora-zorros-tij-pretemporada-oefa\\\/\"]}]},{\"@type\":\"ImageObject\",\"inLanguage\":\"es\",\"@id\":\"https:\\\/\\\/www.cetys.mx\\\/noticias\\\/hora-zorros-tij-pretemporada-oefa\\\/#primaryimage\",\"url\":\"https:\\\/\\\/www.cetys.mx\\\/noticias\\\/wp-content\\\/uploads\\\/2018\\\/09\\\/image00007-e1536350597480.jpg\",\"contentUrl\":\"https:\\\/\\\/www.cetys.mx\\\/noticias\\\/wp-content\\\/uploads\\\/2018\\\/09\\\/image00007-e1536350597480.jpg\",\"width\":956,\"height\":637,\"caption\":\"CETYS Tijuana - F\u00fatbol Americano\"},{\"@type\":\"BreadcrumbList\",\"@id\":\"https:\\\/\\\/www.cetys.mx\\\/noticias\\\/hora-zorros-tij-pretemporada-oefa\\\/#breadcrumb\",\"itemListElement\":[{\"@type\":\"ListItem\",\"position\":1,\"name\":\"Inicio\",\"item\":\"https:\\\/\\\/www.cetys.mx\\\/noticias\\\/\"},{\"@type\":\"ListItem\",\"position\":2,\"name\":\"Zorros Tijuana reciben a Panteras en duelo de exhibici\u00f3n\"}]},{\"@type\":\"WebSite\",\"@id\":\"https:\\\/\\\/www.cetys.mx\\\/noticias\\\/#website\",\"url\":\"https:\\\/\\\/www.cetys.mx\\\/noticias\\\/\",\"name\":\"CETYS\",\"description\":\"\",\"potentialAction\":[{\"@type\":\"SearchAction\",\"target\":{\"@type\":\"EntryPoint\",\"urlTemplate\":\"https:\\\/\\\/www.cetys.mx\\\/noticias\\\/?s={search_term_string}\"},\"query-input\":{\"@type\":\"PropertyValueSpecification\",\"valueRequired\":true,\"valueName\":\"search_term_string\"}}],\"inLanguage\":\"es\"},{\"@type\":\"Person\",\"@id\":\"https:\\\/\\\/www.cetys.mx\\\/noticias\\\/#\\\/schema\\\/person\\\/e790051ce60e18ae47cfa87011c8653f\",\"name\":\"Campus Tijuana\",\"url\":\"https:\\\/\\\/www.cetys.mx\\\/noticias\\\/author\\\/campustijuana\\\/\"}]}<\/script>\n<!-- \/ Yoast SEO plugin. -->","yoast_head_json":{"title":"Zorros Tijuana reciben a Panteras en duelo de exhibici\u00f3n - CETYS","description":"Articulo sobre Zorros Tijuana reciben a Panteras en duelo de exhibici\u00f3n","robots":{"index":"index","follow":"follow","max-snippet":"max-snippet:-1","max-image-preview":"max-image-preview:large","max-video-preview":"max-video-preview:-1"},"canonical":"https:\/\/www.cetys.mx\/noticias\/hora-zorros-tij-pretemporada-oefa\/","og_locale":"es_MX","og_type":"article","og_title":"Zorros Tijuana reciben a Panteras en duelo de exhibici\u00f3n - CETYS","og_description":"Articulo sobre Zorros Tijuana reciben a Panteras en duelo de exhibici\u00f3n","og_url":"https:\/\/www.cetys.mx\/noticias\/hora-zorros-tij-pretemporada-oefa\/","og_site_name":"CETYS","article_publisher":"https:\/\/www.facebook.com\/cetysuniversidadmxl\/","article_published_time":"2018-09-07T20:07:35+00:00","article_modified_time":"2018-09-07T20:32:13+00:00","og_image":[{"width":956,"height":637,"url":"https:\/\/www.cetys.mx\/noticias\/wp-content\/uploads\/2018\/09\/image00007-e1536350597480.jpg","type":"image\/jpeg"}],"author":"Campus Tijuana","twitter_card":"summary_large_image","twitter_creator":"@cetysuni","twitter_site":"@cetysuni","twitter_misc":{"Escrito por":"Campus Tijuana","Tiempo de lectura":"2 minutos"},"schema":{"@context":"https:\/\/schema.org","@graph":[{"@type":"Article","@id":"https:\/\/www.cetys.mx\/noticias\/hora-zorros-tij-pretemporada-oefa\/#article","isPartOf":{"@id":"https:\/\/www.cetys.mx\/noticias\/hora-zorros-tij-pretemporada-oefa\/"},"author":{"name":"Campus Tijuana","@id":"https:\/\/www.cetys.mx\/noticias\/#\/schema\/person\/e790051ce60e18ae47cfa87011c8653f"},"headline":"Zorros Tijuana reciben a Panteras en duelo de exhibici\u00f3n","datePublished":"2018-09-07T20:07:35+00:00","dateModified":"2018-09-07T20:32:13+00:00","mainEntityOfPage":{"@id":"https:\/\/www.cetys.mx\/noticias\/hora-zorros-tij-pretemporada-oefa\/"},"wordCount":388,"commentCount":0,"image":{"@id":"https:\/\/www.cetys.mx\/noticias\/hora-zorros-tij-pretemporada-oefa\/#primaryimage"},"thumbnailUrl":"https:\/\/www.cetys.mx\/noticias\/wp-content\/uploads\/2018\/09\/image00007-e1536350597480.jpg","keywords":["Deportes","Futbol Americano","OEFA","Pretemporada"],"articleSection":["Campus Tijuana","Deportes","VoCETYS"],"inLanguage":"es","potentialAction":[{"@type":"CommentAction","name":"Comment","target":["https:\/\/www.cetys.mx\/noticias\/hora-zorros-tij-pretemporada-oefa\/#respond"]}]},{"@type":"WebPage","@id":"https:\/\/www.cetys.mx\/noticias\/hora-zorros-tij-pretemporada-oefa\/","url":"https:\/\/www.cetys.mx\/noticias\/hora-zorros-tij-pretemporada-oefa\/","name":"Zorros Tijuana reciben a Panteras en duelo de exhibici\u00f3n - CETYS","isPartOf":{"@id":"https:\/\/www.cetys.mx\/noticias\/#website"},"primaryImageOfPage":{"@id":"https:\/\/www.cetys.mx\/noticias\/hora-zorros-tij-pretemporada-oefa\/#primaryimage"},"image":{"@id":"https:\/\/www.cetys.mx\/noticias\/hora-zorros-tij-pretemporada-oefa\/#primaryimage"},"thumbnailUrl":"https:\/\/www.cetys.mx\/noticias\/wp-content\/uploads\/2018\/09\/image00007-e1536350597480.jpg","datePublished":"2018-09-07T20:07:35+00:00","dateModified":"2018-09-07T20:32:13+00:00","author":{"@id":"https:\/\/www.cetys.mx\/noticias\/#\/schema\/person\/e790051ce60e18ae47cfa87011c8653f"},"description":"Articulo sobre Zorros Tijuana reciben a Panteras en duelo de exhibici\u00f3n","breadcrumb":{"@id":"https:\/\/www.cetys.mx\/noticias\/hora-zorros-tij-pretemporada-oefa\/#breadcrumb"},"inLanguage":"es","potentialAction":[{"@type":"ReadAction","target":["https:\/\/www.cetys.mx\/noticias\/hora-zorros-tij-pretemporada-oefa\/"]}]},{"@type":"ImageObject","inLanguage":"es","@id":"https:\/\/www.cetys.mx\/noticias\/hora-zorros-tij-pretemporada-oefa\/#primaryimage","url":"https:\/\/www.cetys.mx\/noticias\/wp-content\/uploads\/2018\/09\/image00007-e1536350597480.jpg","contentUrl":"https:\/\/www.cetys.mx\/noticias\/wp-content\/uploads\/2018\/09\/image00007-e1536350597480.jpg","width":956,"height":637,"caption":"CETYS Tijuana - F\u00fatbol Americano"},{"@type":"BreadcrumbList","@id":"https:\/\/www.cetys.mx\/noticias\/hora-zorros-tij-pretemporada-oefa\/#breadcrumb","itemListElement":[{"@type":"ListItem","position":1,"name":"Inicio","item":"https:\/\/www.cetys.mx\/noticias\/"},{"@type":"ListItem","position":2,"name":"Zorros Tijuana reciben a Panteras en duelo de exhibici\u00f3n"}]},{"@type":"WebSite","@id":"https:\/\/www.cetys.mx\/noticias\/#website","url":"https:\/\/www.cetys.mx\/noticias\/","name":"CETYS","description":"","potentialAction":[{"@type":"SearchAction","target":{"@type":"EntryPoint","urlTemplate":"https:\/\/www.cetys.mx\/noticias\/?s={search_term_string}"},"query-input":{"@type":"PropertyValueSpecification","valueRequired":true,"valueName":"search_term_string"}}],"inLanguage":"es"},{"@type":"Person","@id":"https:\/\/www.cetys.mx\/noticias\/#\/schema\/person\/e790051ce60e18ae47cfa87011c8653f","name":"Campus Tijuana","url":"https:\/\/www.cetys.mx\/noticias\/author\/campustijuana\/"}]}},"_links":{"self":[{"href":"https:\/\/www.cetys.mx\/noticias\/wp-json\/wp\/v2\/posts\/117855","targetHints":{"allow":["GET"]}}],"collection":[{"href":"https:\/\/www.cetys.mx\/noticias\/wp-json\/wp\/v2\/posts"}],"about":[{"href":"https:\/\/www.cetys.mx\/noticias\/wp-json\/wp\/v2\/types\/post"}],"author":[{"embeddable":true,"href":"https:\/\/www.cetys.mx\/noticias\/wp-json\/wp\/v2\/users\/24"}],"replies":[{"embeddable":true,"href":"https:\/\/www.cetys.mx\/noticias\/wp-json\/wp\/v2\/comments?post=117855"}],"version-history":[{"count":0,"href":"https:\/\/www.cetys.mx\/noticias\/wp-json\/wp\/v2\/posts\/117855\/revisions"}],"wp:featuredmedia":[{"embeddable":true,"href":"https:\/\/www.cetys.mx\/noticias\/wp-json\/wp\/v2\/media\/117862"}],"wp:attachment":[{"href":"https:\/\/www.cetys.mx\/noticias\/wp-json\/wp\/v2\/media?parent=117855"}],"wp:term":[{"taxonomy":"category","embeddable":true,"href":"https:\/\/www.cetys.mx\/noticias\/wp-json\/wp\/v2\/categories?post=117855"},{"taxonomy":"post_tag","embeddable":true,"href":"https:\/\/www.cetys.mx\/noticias\/wp-json\/wp\/v2\/tags?post=117855"}],"curies":[{"name":"wp","href":"https:\/\/api.w.org\/{rel}","templated":true}]}}