{"id":117503,"date":"2018-09-03T13:03:32","date_gmt":"2018-09-03T20:03:32","guid":{"rendered":"http:\/\/www.cetys.mx\/noticias\/?p=117503"},"modified":"2018-09-10T15:31:45","modified_gmt":"2018-09-10T22:31:45","slug":"historico-encuentro-en-la-madriguera","status":"publish","type":"post","link":"https:\/\/www.cetys.mx\/noticias\/historico-encuentro-en-la-madriguera\/","title":{"rendered":"Hist\u00f3rico encuentro en la Madriguera"},"content":{"rendered":"<div>Con estadio lleno y un excelente ambiente, se realiz\u00f3 el pasado s\u00e1bado el hist\u00f3rico encuentro de futbol americano de primera fuerza entre <a href=\"https:\/\/www.facebook.com\/cetys.sport\/\" target=\"_blank\" rel=\"noopener\" data-link-type=\"web\">Zorros de CETYS Universidad<\/a> y <a href=\"https:\/\/www.oxyathletics.com\/sports\/fball\/index\" target=\"_blank\" rel=\"noopener\" data-link-type=\"web\">Tigers de Occidental College<\/a>.<\/div>\n<div><\/div>\n<div>\n<div id=\"attachment_117505\" style=\"width: 4522px\" class=\"wp-caption alignnone\"><img loading=\"lazy\" decoding=\"async\" aria-describedby=\"caption-attachment-117505\" class=\"size-full wp-image-117505\" src=\"https:\/\/www.cetys.mx\/noticias\/wp-content\/uploads\/2018\/09\/oxyvscetys-3.jpg\" alt=\"\" width=\"4512\" height=\"3008\" srcset=\"https:\/\/www.cetys.mx\/noticias\/wp-content\/uploads\/2018\/09\/oxyvscetys-3.jpg 4512w, https:\/\/www.cetys.mx\/noticias\/wp-content\/uploads\/2018\/09\/oxyvscetys-3-768x512.jpg 768w\" sizes=\"auto, (max-width: 4512px) 100vw, 4512px\" \/><p id=\"caption-attachment-117505\" class=\"wp-caption-text\">Momento en que se enton\u00f3 el himno de Estados Unidos en tierras mexicanas.<\/p><\/div>\n<\/div>\n<div><\/div>\n<div>Fue la primera ocasi\u00f3n en que el equipo de una universidad norteamericana visita en La Madriguera a los Zorros, para ello el estadio del <a href=\"https:\/\/www.cetys.mx\/campus-mexicali\/\" target=\"_blank\" rel=\"noopener\" data-link-type=\"web\">CETYS Universidad Campus Mexicali<\/a> visti\u00f3 de gala.<\/div>\n<div><\/div>\n<div>\n<div id=\"attachment_117515\" style=\"width: 4522px\" class=\"wp-caption alignnone\"><img loading=\"lazy\" decoding=\"async\" aria-describedby=\"caption-attachment-117515\" class=\"size-full wp-image-117515\" src=\"https:\/\/www.cetys.mx\/noticias\/wp-content\/uploads\/2018\/09\/cetysvsoxy-4.jpg\" alt=\"\" width=\"4512\" height=\"3008\" srcset=\"https:\/\/www.cetys.mx\/noticias\/wp-content\/uploads\/2018\/09\/cetysvsoxy-4.jpg 4512w, https:\/\/www.cetys.mx\/noticias\/wp-content\/uploads\/2018\/09\/cetysvsoxy-4-768x512.jpg 768w\" sizes=\"auto, (max-width: 4512px) 100vw, 4512px\" \/><p id=\"caption-attachment-117515\" class=\"wp-caption-text\">La Familia CETYS apoy\u00f3 durante todo el partido.<\/p><\/div>\n<\/div>\n<div><\/div>\n<div>Previo al juego, el acto protocolario, con la presencia del Rector del Sistema CETYS Universidad, Dr. Fernando Le\u00f3n Garc\u00eda, quien estuvo acompa\u00f1ado por el Vicerrector Operativo, Ing. Sergio Rebollar McDonough, as\u00ed como del Director del campus Mexicali, Mtro. Mario Dipp N\u00fa\u00f1ez y del Director Estatal de Deportes, Mtro. Enrique Lechuga N\u00fa\u00f1ez.<\/div>\n<div><\/div>\n<div>Luego de los himnos de Estados Unidos y de M\u00e9xico conducidos por la estudiante de Ingenier\u00eda en Energ\u00edas Renovables, Norangie Aldana Rodr\u00edguez, se realiz\u00f3 el bolado, lanzado por el Rector Fernando Le\u00f3n Garc\u00eda.<\/div>\n<div>\n<div id=\"attachment_117506\" style=\"width: 4522px\" class=\"wp-caption alignnone\"><img loading=\"lazy\" decoding=\"async\" aria-describedby=\"caption-attachment-117506\" class=\"size-full wp-image-117506\" src=\"https:\/\/www.cetys.mx\/noticias\/wp-content\/uploads\/2018\/09\/oxyvscetys-9.jpg\" alt=\"\" width=\"4512\" height=\"3008\" srcset=\"https:\/\/www.cetys.mx\/noticias\/wp-content\/uploads\/2018\/09\/oxyvscetys-9.jpg 4512w, https:\/\/www.cetys.mx\/noticias\/wp-content\/uploads\/2018\/09\/oxyvscetys-9-768x512.jpg 768w\" sizes=\"auto, (max-width: 4512px) 100vw, 4512px\" \/><p id=\"caption-attachment-117506\" class=\"wp-caption-text\">Fue una gran experiencia para los dos equipos.<\/p><\/div>\n<p>Sobre el hist\u00f3rico encuentro, el Director Estatal de Deportes, Enrique Lechuga coment\u00f3, \u201cFue una bonita experiencia para todos, OXY (Occidental College) est\u00e1 muy agradecido por la oportunidad y nosotros estamos agradecidos por ser anfitriones\u201d.<\/p>\n<\/div>\n<div>\n<div id=\"attachment_117507\" style=\"width: 3900px\" class=\"wp-caption alignnone\"><img loading=\"lazy\" decoding=\"async\" aria-describedby=\"caption-attachment-117507\" class=\"size-full wp-image-117507\" src=\"https:\/\/www.cetys.mx\/noticias\/wp-content\/uploads\/2018\/09\/oxyvscetys-20.jpg\" alt=\"\" width=\"3890\" height=\"2593\" srcset=\"https:\/\/www.cetys.mx\/noticias\/wp-content\/uploads\/2018\/09\/oxyvscetys-20.jpg 3890w, https:\/\/www.cetys.mx\/noticias\/wp-content\/uploads\/2018\/09\/oxyvscetys-20-768x512.jpg 768w\" sizes=\"auto, (max-width: 3890px) 100vw, 3890px\" \/><p id=\"caption-attachment-117507\" class=\"wp-caption-text\">Fue un gran encuentro entre los dos equipos.<\/p><\/div>\n<\/div>\n<div><\/div>\n<div>En el terreno de juego, Tigers de Occidental College aprovecharon desconcierto inicial de los Zorros de CETYS Universidad para vencerlos 20-0.<\/div>\n<div>\n<div id=\"attachment_117510\" style=\"width: 3344px\" class=\"wp-caption alignnone\"><img loading=\"lazy\" decoding=\"async\" aria-describedby=\"caption-attachment-117510\" class=\"size-full wp-image-117510\" src=\"https:\/\/www.cetys.mx\/noticias\/wp-content\/uploads\/2018\/09\/oxyvscetys-56.jpg\" alt=\"\" width=\"3334\" height=\"2223\" srcset=\"https:\/\/www.cetys.mx\/noticias\/wp-content\/uploads\/2018\/09\/oxyvscetys-56.jpg 3334w, https:\/\/www.cetys.mx\/noticias\/wp-content\/uploads\/2018\/09\/oxyvscetys-56-768x512.jpg 768w\" sizes=\"auto, (max-width: 3334px) 100vw, 3334px\" \/><p id=\"caption-attachment-117510\" class=\"wp-caption-text\">El partido tuvo jugadas cargadas de emoci\u00f3n.<\/p><\/div>\n<p>Pero la vivencia fue m\u00e1s all\u00e1 del resultado, as\u00ed lo indic\u00f3 el jugador defensivo de Zorros, Alfredo Eliud Romero, \u201cfue una buena experiencia competir ante atletas de otro pa\u00eds y que mejor que en Mexicali\u201d.<\/p>\n<\/div>\n<div>\u201cLo que nos deja es la capacidad de convivir dos campus, finalmente somos una sola instituci\u00f3n, hoy se demuestra que la rivalidad es solo una competencia\u201d, se\u00f1al\u00f3 el coach de Zorros campus Tijuana, Ernesto Campa.<\/div>\n<div>\n<div id=\"attachment_117511\" style=\"width: 2421px\" class=\"wp-caption alignnone\"><img loading=\"lazy\" decoding=\"async\" aria-describedby=\"caption-attachment-117511\" class=\"size-full wp-image-117511\" src=\"https:\/\/www.cetys.mx\/noticias\/wp-content\/uploads\/2018\/09\/oxyvscetys-64.jpg\" alt=\"\" width=\"2411\" height=\"1608\" srcset=\"https:\/\/www.cetys.mx\/noticias\/wp-content\/uploads\/2018\/09\/oxyvscetys-64.jpg 2411w, https:\/\/www.cetys.mx\/noticias\/wp-content\/uploads\/2018\/09\/oxyvscetys-64-768x512.jpg 768w\" sizes=\"auto, (max-width: 2411px) 100vw, 2411px\" \/><p id=\"caption-attachment-117511\" class=\"wp-caption-text\">El pr\u00f3ximo encuentro de Zorros ser\u00e1 en Los \u00c1ngeles, California.<\/p><\/div>\n<\/div>\n<div><\/div>\n<div>Zorros de CETYS Universidad cerrar\u00e1 su pretemporada el pr\u00f3ximo s\u00e1bado en Los \u00c1ngeles, California ante los <a href=\"https:\/\/www.leopardathletics.com\/sports\/fball\/index\" target=\"_blank\" rel=\"noopener\" data-link-type=\"web\">Jaguares de la Universidad de La Verne <\/a>y el pr\u00f3ximo 15 de septiembre iniciar\u00e1n la <a href=\"https:\/\/conadeipfba.org.mx\/calendarios\/14732\/primera-fuerza\/2018\/temporada\" target=\"_blank\" rel=\"noopener\" data-link-type=\"web\">temporada 2018 de la Conferencia Premier.<\/a><\/div>\n","protected":false},"excerpt":{"rendered":"<p>Con estadio lleno y un excelente ambiente, se realiz\u00f3 el pasado s\u00e1bado el hist\u00f3rico encuentro de futbol americano de primera fuerza entre&#8230;<\/p>\n","protected":false},"author":26,"featured_media":117514,"comment_status":"open","ping_status":"closed","sticky":false,"template":"","format":"standard","meta":{"footnotes":""},"categories":[133,312,209,125,105,313],"tags":[933,2787,2613,2231,2789,2788,2786,2793,2821,1523],"class_list":["post-117503","post","type-post","status-publish","format-standard","has-post-thumbnail","hentry","category-campus-mexicali","category-deportes","category-institucional","category-portada","category-vida-estudiantil","category-vocetys-2","tag-futbol-americano","tag-oxy","tag-premier-conadeip","tag-pretemporada","tag-seleccion","tag-tigers","tag-vocetys-2018-09-03","tag-vocetys-2018-09-04","tag-vocetys-2018-09-10","tag-zorros-del-cetys","univesidades-occidental-college"],"yoast_head":"<!-- This site is optimized with the Yoast SEO plugin v27.4 - https:\/\/yoast.com\/product\/yoast-seo-wordpress\/ -->\n<title>Hist\u00f3rico encuentro en la Madriguera - CETYS<\/title>\n<meta name=\"description\" content=\"Articulo sobre Hist\u00f3rico encuentro en la Madriguera\" \/>\n<meta name=\"robots\" content=\"index, follow, max-snippet:-1, max-image-preview:large, max-video-preview:-1\" \/>\n<link rel=\"canonical\" href=\"https:\/\/www.cetys.mx\/noticias\/historico-encuentro-en-la-madriguera\/\" \/>\n<meta property=\"og:locale\" content=\"es_MX\" \/>\n<meta property=\"og:type\" content=\"article\" \/>\n<meta property=\"og:title\" content=\"Hist\u00f3rico encuentro en la Madriguera - CETYS\" \/>\n<meta property=\"og:description\" content=\"Articulo sobre Hist\u00f3rico encuentro en la Madriguera\" \/>\n<meta property=\"og:url\" content=\"https:\/\/www.cetys.mx\/noticias\/historico-encuentro-en-la-madriguera\/\" \/>\n<meta property=\"og:site_name\" content=\"CETYS\" \/>\n<meta property=\"article:publisher\" content=\"https:\/\/www.facebook.com\/cetysuniversidadmxl\/\" \/>\n<meta property=\"article:published_time\" content=\"2018-09-03T20:03:32+00:00\" \/>\n<meta property=\"article:modified_time\" content=\"2018-09-10T22:31:45+00:00\" \/>\n<meta property=\"og:image\" content=\"https:\/\/www.cetys.mx\/noticias\/wp-content\/uploads\/2018\/09\/portacetys.jpg\" \/>\n\t<meta property=\"og:image:width\" content=\"958\" \/>\n\t<meta property=\"og:image:height\" content=\"639\" \/>\n\t<meta property=\"og:image:type\" content=\"image\/jpeg\" \/>\n<meta name=\"author\" content=\"CETYS Institucional\" \/>\n<meta name=\"twitter:card\" content=\"summary_large_image\" \/>\n<meta name=\"twitter:creator\" content=\"@cetysuni\" \/>\n<meta name=\"twitter:site\" content=\"@cetysuni\" \/>\n<meta name=\"twitter:label1\" content=\"Escrito por\" \/>\n\t<meta name=\"twitter:data1\" content=\"CETYS Institucional\" \/>\n\t<meta name=\"twitter:label2\" content=\"Tiempo de lectura\" \/>\n\t<meta name=\"twitter:data2\" content=\"2 minutos\" \/>\n<script type=\"application\/ld+json\" class=\"yoast-schema-graph\">{\"@context\":\"https:\\\/\\\/schema.org\",\"@graph\":[{\"@type\":\"Article\",\"@id\":\"https:\\\/\\\/www.cetys.mx\\\/noticias\\\/historico-encuentro-en-la-madriguera\\\/#article\",\"isPartOf\":{\"@id\":\"https:\\\/\\\/www.cetys.mx\\\/noticias\\\/historico-encuentro-en-la-madriguera\\\/\"},\"author\":{\"name\":\"CETYS Institucional\",\"@id\":\"https:\\\/\\\/www.cetys.mx\\\/noticias\\\/#\\\/schema\\\/person\\\/e9d2b35265b64aa454df57a2828eb2ac\"},\"headline\":\"Hist\u00f3rico encuentro en la Madriguera\",\"datePublished\":\"2018-09-03T20:03:32+00:00\",\"dateModified\":\"2018-09-10T22:31:45+00:00\",\"mainEntityOfPage\":{\"@id\":\"https:\\\/\\\/www.cetys.mx\\\/noticias\\\/historico-encuentro-en-la-madriguera\\\/\"},\"wordCount\":433,\"commentCount\":0,\"image\":{\"@id\":\"https:\\\/\\\/www.cetys.mx\\\/noticias\\\/historico-encuentro-en-la-madriguera\\\/#primaryimage\"},\"thumbnailUrl\":\"https:\\\/\\\/www.cetys.mx\\\/noticias\\\/wp-content\\\/uploads\\\/2018\\\/09\\\/portacetys.jpg\",\"keywords\":[\"Futbol Americano\",\"OXY\",\"Premier CONADEIP\",\"Pretemporada\",\"Selecci\u00f3n\",\"Tigers\",\"vocetys-2018-09-03\",\"vocetys-2018-09-04\",\"vocetys-2018-09-10\",\"zorros del CETYS\"],\"articleSection\":[\"Campus Mexicali\",\"Deportes\",\"Institucional\",\"Portada\",\"Vida Estudiantil\",\"VoCETYS\"],\"inLanguage\":\"es\",\"potentialAction\":[{\"@type\":\"CommentAction\",\"name\":\"Comment\",\"target\":[\"https:\\\/\\\/www.cetys.mx\\\/noticias\\\/historico-encuentro-en-la-madriguera\\\/#respond\"]}]},{\"@type\":\"WebPage\",\"@id\":\"https:\\\/\\\/www.cetys.mx\\\/noticias\\\/historico-encuentro-en-la-madriguera\\\/\",\"url\":\"https:\\\/\\\/www.cetys.mx\\\/noticias\\\/historico-encuentro-en-la-madriguera\\\/\",\"name\":\"Hist\u00f3rico encuentro en la Madriguera - CETYS\",\"isPartOf\":{\"@id\":\"https:\\\/\\\/www.cetys.mx\\\/noticias\\\/#website\"},\"primaryImageOfPage\":{\"@id\":\"https:\\\/\\\/www.cetys.mx\\\/noticias\\\/historico-encuentro-en-la-madriguera\\\/#primaryimage\"},\"image\":{\"@id\":\"https:\\\/\\\/www.cetys.mx\\\/noticias\\\/historico-encuentro-en-la-madriguera\\\/#primaryimage\"},\"thumbnailUrl\":\"https:\\\/\\\/www.cetys.mx\\\/noticias\\\/wp-content\\\/uploads\\\/2018\\\/09\\\/portacetys.jpg\",\"datePublished\":\"2018-09-03T20:03:32+00:00\",\"dateModified\":\"2018-09-10T22:31:45+00:00\",\"author\":{\"@id\":\"https:\\\/\\\/www.cetys.mx\\\/noticias\\\/#\\\/schema\\\/person\\\/e9d2b35265b64aa454df57a2828eb2ac\"},\"description\":\"Articulo sobre Hist\u00f3rico encuentro en la Madriguera\",\"breadcrumb\":{\"@id\":\"https:\\\/\\\/www.cetys.mx\\\/noticias\\\/historico-encuentro-en-la-madriguera\\\/#breadcrumb\"},\"inLanguage\":\"es\",\"potentialAction\":[{\"@type\":\"ReadAction\",\"target\":[\"https:\\\/\\\/www.cetys.mx\\\/noticias\\\/historico-encuentro-en-la-madriguera\\\/\"]}]},{\"@type\":\"ImageObject\",\"inLanguage\":\"es\",\"@id\":\"https:\\\/\\\/www.cetys.mx\\\/noticias\\\/historico-encuentro-en-la-madriguera\\\/#primaryimage\",\"url\":\"https:\\\/\\\/www.cetys.mx\\\/noticias\\\/wp-content\\\/uploads\\\/2018\\\/09\\\/portacetys.jpg\",\"contentUrl\":\"https:\\\/\\\/www.cetys.mx\\\/noticias\\\/wp-content\\\/uploads\\\/2018\\\/09\\\/portacetys.jpg\",\"width\":958,\"height\":639,\"caption\":\"Tigers y Zorros posan para la foto del recuerdo.\"},{\"@type\":\"BreadcrumbList\",\"@id\":\"https:\\\/\\\/www.cetys.mx\\\/noticias\\\/historico-encuentro-en-la-madriguera\\\/#breadcrumb\",\"itemListElement\":[{\"@type\":\"ListItem\",\"position\":1,\"name\":\"Inicio\",\"item\":\"https:\\\/\\\/www.cetys.mx\\\/noticias\\\/\"},{\"@type\":\"ListItem\",\"position\":2,\"name\":\"Hist\u00f3rico encuentro en la Madriguera\"}]},{\"@type\":\"WebSite\",\"@id\":\"https:\\\/\\\/www.cetys.mx\\\/noticias\\\/#website\",\"url\":\"https:\\\/\\\/www.cetys.mx\\\/noticias\\\/\",\"name\":\"CETYS\",\"description\":\"\",\"potentialAction\":[{\"@type\":\"SearchAction\",\"target\":{\"@type\":\"EntryPoint\",\"urlTemplate\":\"https:\\\/\\\/www.cetys.mx\\\/noticias\\\/?s={search_term_string}\"},\"query-input\":{\"@type\":\"PropertyValueSpecification\",\"valueRequired\":true,\"valueName\":\"search_term_string\"}}],\"inLanguage\":\"es\"},{\"@type\":\"Person\",\"@id\":\"https:\\\/\\\/www.cetys.mx\\\/noticias\\\/#\\\/schema\\\/person\\\/e9d2b35265b64aa454df57a2828eb2ac\",\"name\":\"CETYS Institucional\",\"url\":\"https:\\\/\\\/www.cetys.mx\\\/noticias\\\/author\\\/cetysinstitucional\\\/\"}]}<\/script>\n<!-- \/ Yoast SEO plugin. -->","yoast_head_json":{"title":"Hist\u00f3rico encuentro en la Madriguera - CETYS","description":"Articulo sobre Hist\u00f3rico encuentro en la Madriguera","robots":{"index":"index","follow":"follow","max-snippet":"max-snippet:-1","max-image-preview":"max-image-preview:large","max-video-preview":"max-video-preview:-1"},"canonical":"https:\/\/www.cetys.mx\/noticias\/historico-encuentro-en-la-madriguera\/","og_locale":"es_MX","og_type":"article","og_title":"Hist\u00f3rico encuentro en la Madriguera - CETYS","og_description":"Articulo sobre Hist\u00f3rico encuentro en la Madriguera","og_url":"https:\/\/www.cetys.mx\/noticias\/historico-encuentro-en-la-madriguera\/","og_site_name":"CETYS","article_publisher":"https:\/\/www.facebook.com\/cetysuniversidadmxl\/","article_published_time":"2018-09-03T20:03:32+00:00","article_modified_time":"2018-09-10T22:31:45+00:00","og_image":[{"width":958,"height":639,"url":"https:\/\/www.cetys.mx\/noticias\/wp-content\/uploads\/2018\/09\/portacetys.jpg","type":"image\/jpeg"}],"author":"CETYS Institucional","twitter_card":"summary_large_image","twitter_creator":"@cetysuni","twitter_site":"@cetysuni","twitter_misc":{"Escrito por":"CETYS Institucional","Tiempo de lectura":"2 minutos"},"schema":{"@context":"https:\/\/schema.org","@graph":[{"@type":"Article","@id":"https:\/\/www.cetys.mx\/noticias\/historico-encuentro-en-la-madriguera\/#article","isPartOf":{"@id":"https:\/\/www.cetys.mx\/noticias\/historico-encuentro-en-la-madriguera\/"},"author":{"name":"CETYS Institucional","@id":"https:\/\/www.cetys.mx\/noticias\/#\/schema\/person\/e9d2b35265b64aa454df57a2828eb2ac"},"headline":"Hist\u00f3rico encuentro en la Madriguera","datePublished":"2018-09-03T20:03:32+00:00","dateModified":"2018-09-10T22:31:45+00:00","mainEntityOfPage":{"@id":"https:\/\/www.cetys.mx\/noticias\/historico-encuentro-en-la-madriguera\/"},"wordCount":433,"commentCount":0,"image":{"@id":"https:\/\/www.cetys.mx\/noticias\/historico-encuentro-en-la-madriguera\/#primaryimage"},"thumbnailUrl":"https:\/\/www.cetys.mx\/noticias\/wp-content\/uploads\/2018\/09\/portacetys.jpg","keywords":["Futbol Americano","OXY","Premier CONADEIP","Pretemporada","Selecci\u00f3n","Tigers","vocetys-2018-09-03","vocetys-2018-09-04","vocetys-2018-09-10","zorros del CETYS"],"articleSection":["Campus Mexicali","Deportes","Institucional","Portada","Vida Estudiantil","VoCETYS"],"inLanguage":"es","potentialAction":[{"@type":"CommentAction","name":"Comment","target":["https:\/\/www.cetys.mx\/noticias\/historico-encuentro-en-la-madriguera\/#respond"]}]},{"@type":"WebPage","@id":"https:\/\/www.cetys.mx\/noticias\/historico-encuentro-en-la-madriguera\/","url":"https:\/\/www.cetys.mx\/noticias\/historico-encuentro-en-la-madriguera\/","name":"Hist\u00f3rico encuentro en la Madriguera - CETYS","isPartOf":{"@id":"https:\/\/www.cetys.mx\/noticias\/#website"},"primaryImageOfPage":{"@id":"https:\/\/www.cetys.mx\/noticias\/historico-encuentro-en-la-madriguera\/#primaryimage"},"image":{"@id":"https:\/\/www.cetys.mx\/noticias\/historico-encuentro-en-la-madriguera\/#primaryimage"},"thumbnailUrl":"https:\/\/www.cetys.mx\/noticias\/wp-content\/uploads\/2018\/09\/portacetys.jpg","datePublished":"2018-09-03T20:03:32+00:00","dateModified":"2018-09-10T22:31:45+00:00","author":{"@id":"https:\/\/www.cetys.mx\/noticias\/#\/schema\/person\/e9d2b35265b64aa454df57a2828eb2ac"},"description":"Articulo sobre Hist\u00f3rico encuentro en la Madriguera","breadcrumb":{"@id":"https:\/\/www.cetys.mx\/noticias\/historico-encuentro-en-la-madriguera\/#breadcrumb"},"inLanguage":"es","potentialAction":[{"@type":"ReadAction","target":["https:\/\/www.cetys.mx\/noticias\/historico-encuentro-en-la-madriguera\/"]}]},{"@type":"ImageObject","inLanguage":"es","@id":"https:\/\/www.cetys.mx\/noticias\/historico-encuentro-en-la-madriguera\/#primaryimage","url":"https:\/\/www.cetys.mx\/noticias\/wp-content\/uploads\/2018\/09\/portacetys.jpg","contentUrl":"https:\/\/www.cetys.mx\/noticias\/wp-content\/uploads\/2018\/09\/portacetys.jpg","width":958,"height":639,"caption":"Tigers y Zorros posan para la foto del recuerdo."},{"@type":"BreadcrumbList","@id":"https:\/\/www.cetys.mx\/noticias\/historico-encuentro-en-la-madriguera\/#breadcrumb","itemListElement":[{"@type":"ListItem","position":1,"name":"Inicio","item":"https:\/\/www.cetys.mx\/noticias\/"},{"@type":"ListItem","position":2,"name":"Hist\u00f3rico encuentro en la Madriguera"}]},{"@type":"WebSite","@id":"https:\/\/www.cetys.mx\/noticias\/#website","url":"https:\/\/www.cetys.mx\/noticias\/","name":"CETYS","description":"","potentialAction":[{"@type":"SearchAction","target":{"@type":"EntryPoint","urlTemplate":"https:\/\/www.cetys.mx\/noticias\/?s={search_term_string}"},"query-input":{"@type":"PropertyValueSpecification","valueRequired":true,"valueName":"search_term_string"}}],"inLanguage":"es"},{"@type":"Person","@id":"https:\/\/www.cetys.mx\/noticias\/#\/schema\/person\/e9d2b35265b64aa454df57a2828eb2ac","name":"CETYS Institucional","url":"https:\/\/www.cetys.mx\/noticias\/author\/cetysinstitucional\/"}]}},"_links":{"self":[{"href":"https:\/\/www.cetys.mx\/noticias\/wp-json\/wp\/v2\/posts\/117503","targetHints":{"allow":["GET"]}}],"collection":[{"href":"https:\/\/www.cetys.mx\/noticias\/wp-json\/wp\/v2\/posts"}],"about":[{"href":"https:\/\/www.cetys.mx\/noticias\/wp-json\/wp\/v2\/types\/post"}],"author":[{"embeddable":true,"href":"https:\/\/www.cetys.mx\/noticias\/wp-json\/wp\/v2\/users\/26"}],"replies":[{"embeddable":true,"href":"https:\/\/www.cetys.mx\/noticias\/wp-json\/wp\/v2\/comments?post=117503"}],"version-history":[{"count":0,"href":"https:\/\/www.cetys.mx\/noticias\/wp-json\/wp\/v2\/posts\/117503\/revisions"}],"wp:featuredmedia":[{"embeddable":true,"href":"https:\/\/www.cetys.mx\/noticias\/wp-json\/wp\/v2\/media\/117514"}],"wp:attachment":[{"href":"https:\/\/www.cetys.mx\/noticias\/wp-json\/wp\/v2\/media?parent=117503"}],"wp:term":[{"taxonomy":"category","embeddable":true,"href":"https:\/\/www.cetys.mx\/noticias\/wp-json\/wp\/v2\/categories?post=117503"},{"taxonomy":"post_tag","embeddable":true,"href":"https:\/\/www.cetys.mx\/noticias\/wp-json\/wp\/v2\/tags?post=117503"}],"curies":[{"name":"wp","href":"https:\/\/api.w.org\/{rel}","templated":true}]}}