{"id":117314,"date":"2018-08-30T17:31:12","date_gmt":"2018-08-31T00:31:12","guid":{"rendered":"http:\/\/www.cetys.mx\/noticias\/?p=117314"},"modified":"2018-08-30T17:41:16","modified_gmt":"2018-08-31T00:41:16","slug":"ofrece-cetys-conferencia-como-sobrevivir-profesionalmente-en-el-siglo-xxi","status":"publish","type":"post","link":"https:\/\/www.cetys.mx\/noticias\/ofrece-cetys-conferencia-como-sobrevivir-profesionalmente-en-el-siglo-xxi\/","title":{"rendered":"Ofrece CETYS conferencia &#8220;C\u00f3mo sobrevivir profesionalmente en el siglo XXI&#8221;"},"content":{"rendered":"<blockquote><p>\u201cEl mundo est\u00e1 cambiando y tenemos que cambiar con \u00e9l, los cambios son tan acelerados que debemos aprender r\u00e1pido al mismo tiempo que nos adaptamos y seguimos trabajando\u201d, se\u00f1al\u00f3 la Dra. M\u00f3nica L\u00f3pez Sieben en la conferencia <strong>&#8220;C\u00f3mo sobrevivir profesionalmente en el siglo XXI&#8221;<\/strong>, presentada en el marco de un <strong>Desayuno empresarial<\/strong> ofrecido por <a href=\"https:\/\/www.cetys.mx\">CETYS Universidad<\/a> Campus Internacional Ensenada.<\/p><\/blockquote>\n<p>La Dra. M\u00f3nica L\u00f3pez dijo tambi\u00e9n que son muchos factores los que se deben de tomar en cuenta para sobrevivir profesionalmente en la actualidad, algunos de ellos son: <strong>globalizaci\u00f3n, tecnolog\u00eda, sustentabilidad, seguridad, econom\u00eda, migraci\u00f3n e inmigraci\u00f3n, \u00edndices de pobreza mundial<\/strong>, entre otros.<\/p>\n<div id=\"attachment_117322\" style=\"width: 456px\" class=\"wp-caption alignright\"><img loading=\"lazy\" decoding=\"async\" aria-describedby=\"caption-attachment-117322\" class=\" wp-image-117322\" src=\"https:\/\/www.cetys.mx\/noticias\/wp-content\/uploads\/2018\/08\/IMG_1758-1.jpg\" alt=\"\" width=\"446\" height=\"298\" \/><p id=\"caption-attachment-117322\" class=\"wp-caption-text\">La Dra. M\u00f3nica L\u00f3pez, ofrece conferencia en Desayuno Empresarial.<\/p><\/div>\n<blockquote><p>\u201cLa clave est\u00e1 en saber adaptarnos a todos estos cambios, necesitamos personas que se hagan preguntas, m\u00e1s que respuestas y que constantemente est\u00e9n innovando\u201d, se\u00f1al\u00f3.<\/p>\n<p>&nbsp;<\/p><\/blockquote>\n<p>La brecha generacional fue otro de los temas abordados durante el desayuno, la Dra. L\u00f3pez Sieben invit\u00f3 a los presentes a no verlo como un conflicto entre millennials y generaci\u00f3n X, \u201chay que partir de que no somos generaciones distintas, vivimos en un mundo intercultural, no son ellos y nosotros, m\u00e1s bien debemos hacerlos part\u00edcipes y trabajar en equipo\u201d, explic\u00f3.<\/p>\n<blockquote><p>\u201cPor sus caracter\u00edsticas, los <strong>millennials<\/strong> son los que dise\u00f1an el futuro, pero la <strong>generaci\u00f3n X<\/strong> es la que tiene la experiencia y para ambos es importante adaptarse a los cambios, la balanza est\u00e1 entre la experiencia y la innovaci\u00f3n, y son precisamente las dos generaciones que tenemos en las empresas actualmente\u201d, dijo.<\/p><\/blockquote>\n<p>Concluy\u00f3 que lo verdaderamente importante es hacer equipos de trabajo encabezados por l\u00edderes globalmente competitivos, agentes de cambio comprometidos con el entorno, innovadores y emprendedores.<\/p>\n<div id=\"attachment_117323\" style=\"width: 667px\" class=\"wp-caption aligncenter\"><img loading=\"lazy\" decoding=\"async\" aria-describedby=\"caption-attachment-117323\" class=\"size-full wp-image-117323\" src=\"https:\/\/www.cetys.mx\/noticias\/wp-content\/uploads\/2018\/08\/IMG_1637.jpg\" alt=\"\" width=\"657\" height=\"438\" \/><p id=\"caption-attachment-117323\" class=\"wp-caption-text\">Directivos de empresas asisten atentos a la conferencia de la Dra. L\u00f3pez Sieben.<\/p><\/div>\n<p>La Dra. M\u00f3nica L\u00f3pez Sieben es Directora de la Escuela de Posgrado en Administraci\u00f3n de Negocios en CETYS Universidad a nivel sistema y ha trabajado en procesos de formaci\u00f3n y consultor\u00eda para equipos directivos de empresas e instituciones de Educaci\u00f3n Superior en m\u00e1s de 10 pa\u00edses de Am\u00e9rica Latina y Europa.<\/p>\n<p>El objetivo de este Desayuno Empresarial es estrechar lazos con empresas de la localidad y trabajar en conjunto para la formaci\u00f3n de alianzas en beneficio de la educaci\u00f3n y de la formaci\u00f3n de profesionales l\u00edderes que se inserten en el mundo laboral en beneficio de las empresas y de la sociedad en general.<\/p>\n<p>&nbsp;<\/p>\n","protected":false},"excerpt":{"rendered":"<p>\u201cEl mundo est\u00e1 cambiando y tenemos que cambiar con \u00e9l, los cambios son tan acelerados que debemos aprender r\u00e1pido al mismo tiempo&#8230;<\/p>\n","protected":false},"author":23,"featured_media":117321,"comment_status":"open","ping_status":"closed","sticky":false,"template":"","format":"standard","meta":{"footnotes":""},"categories":[132,946,109,313],"tags":[2767,2747],"class_list":["post-117314","post","type-post","status-publish","format-standard","has-post-thumbnail","hentry","category-campus-ensenada","category-promocion-academica","category-vinculacion","category-vocetys-2","tag-desayuno-empresarial","tag-vocetys-2018-08-27"],"yoast_head":"<!-- This site is optimized with the Yoast SEO plugin v27.4 - https:\/\/yoast.com\/product\/yoast-seo-wordpress\/ -->\n<title>Ofrece CETYS conferencia &quot;C\u00f3mo sobrevivir profesionalmente en el siglo XXI&quot; - CETYS<\/title>\n<meta name=\"description\" content=\"Articulo sobre Ofrece CETYS conferencia &quot;C\u00f3mo sobrevivir profesionalmente en el siglo XXI&quot;\" \/>\n<meta name=\"robots\" content=\"index, follow, max-snippet:-1, max-image-preview:large, max-video-preview:-1\" \/>\n<link rel=\"canonical\" href=\"https:\/\/www.cetys.mx\/noticias\/ofrece-cetys-conferencia-como-sobrevivir-profesionalmente-en-el-siglo-xxi\/\" \/>\n<meta property=\"og:locale\" content=\"es_MX\" \/>\n<meta property=\"og:type\" content=\"article\" \/>\n<meta property=\"og:title\" content=\"Ofrece CETYS conferencia &quot;C\u00f3mo sobrevivir profesionalmente en el siglo XXI&quot; - CETYS\" \/>\n<meta property=\"og:description\" content=\"Articulo sobre Ofrece CETYS conferencia &quot;C\u00f3mo sobrevivir profesionalmente en el siglo XXI&quot;\" \/>\n<meta property=\"og:url\" content=\"https:\/\/www.cetys.mx\/noticias\/ofrece-cetys-conferencia-como-sobrevivir-profesionalmente-en-el-siglo-xxi\/\" \/>\n<meta property=\"og:site_name\" content=\"CETYS\" \/>\n<meta property=\"article:publisher\" content=\"https:\/\/www.facebook.com\/cetysuniversidadmxl\/\" \/>\n<meta property=\"article:published_time\" content=\"2018-08-31T00:31:12+00:00\" \/>\n<meta property=\"article:modified_time\" content=\"2018-08-31T00:41:16+00:00\" \/>\n<meta property=\"og:image\" content=\"https:\/\/www.cetys.mx\/noticias\/wp-content\/uploads\/2018\/08\/IMG_1660.jpg\" \/>\n\t<meta property=\"og:image:width\" content=\"657\" \/>\n\t<meta property=\"og:image:height\" content=\"438\" \/>\n\t<meta property=\"og:image:type\" content=\"image\/jpeg\" \/>\n<meta name=\"author\" content=\"Campus Ensenada\" \/>\n<meta name=\"twitter:card\" content=\"summary_large_image\" \/>\n<meta name=\"twitter:creator\" content=\"@cetysuni\" \/>\n<meta name=\"twitter:site\" content=\"@cetysuni\" \/>\n<meta name=\"twitter:label1\" content=\"Escrito por\" \/>\n\t<meta name=\"twitter:data1\" content=\"Campus Ensenada\" \/>\n\t<meta name=\"twitter:label2\" content=\"Tiempo de lectura\" \/>\n\t<meta name=\"twitter:data2\" content=\"2 minutos\" \/>\n<script type=\"application\/ld+json\" class=\"yoast-schema-graph\">{\"@context\":\"https:\\\/\\\/schema.org\",\"@graph\":[{\"@type\":\"Article\",\"@id\":\"https:\\\/\\\/www.cetys.mx\\\/noticias\\\/ofrece-cetys-conferencia-como-sobrevivir-profesionalmente-en-el-siglo-xxi\\\/#article\",\"isPartOf\":{\"@id\":\"https:\\\/\\\/www.cetys.mx\\\/noticias\\\/ofrece-cetys-conferencia-como-sobrevivir-profesionalmente-en-el-siglo-xxi\\\/\"},\"author\":{\"name\":\"Campus Ensenada\",\"@id\":\"https:\\\/\\\/www.cetys.mx\\\/noticias\\\/#\\\/schema\\\/person\\\/1a1a88c0b6586e66a2e9e88e07afc712\"},\"headline\":\"Ofrece CETYS conferencia &#8220;C\u00f3mo sobrevivir profesionalmente en el siglo XXI&#8221;\",\"datePublished\":\"2018-08-31T00:31:12+00:00\",\"dateModified\":\"2018-08-31T00:41:16+00:00\",\"mainEntityOfPage\":{\"@id\":\"https:\\\/\\\/www.cetys.mx\\\/noticias\\\/ofrece-cetys-conferencia-como-sobrevivir-profesionalmente-en-el-siglo-xxi\\\/\"},\"wordCount\":456,\"commentCount\":0,\"image\":{\"@id\":\"https:\\\/\\\/www.cetys.mx\\\/noticias\\\/ofrece-cetys-conferencia-como-sobrevivir-profesionalmente-en-el-siglo-xxi\\\/#primaryimage\"},\"thumbnailUrl\":\"https:\\\/\\\/www.cetys.mx\\\/noticias\\\/wp-content\\\/uploads\\\/2018\\\/08\\\/IMG_1660.jpg\",\"keywords\":[\"Desayuno empresarial\",\"vocetys-2018-08-27\"],\"articleSection\":[\"Campus Ensenada\",\"Promoci\u00f3n Acad\u00e9mica\",\"Vinculaci\u00f3n\",\"VoCETYS\"],\"inLanguage\":\"es\",\"potentialAction\":[{\"@type\":\"CommentAction\",\"name\":\"Comment\",\"target\":[\"https:\\\/\\\/www.cetys.mx\\\/noticias\\\/ofrece-cetys-conferencia-como-sobrevivir-profesionalmente-en-el-siglo-xxi\\\/#respond\"]}]},{\"@type\":\"WebPage\",\"@id\":\"https:\\\/\\\/www.cetys.mx\\\/noticias\\\/ofrece-cetys-conferencia-como-sobrevivir-profesionalmente-en-el-siglo-xxi\\\/\",\"url\":\"https:\\\/\\\/www.cetys.mx\\\/noticias\\\/ofrece-cetys-conferencia-como-sobrevivir-profesionalmente-en-el-siglo-xxi\\\/\",\"name\":\"Ofrece CETYS conferencia \\\"C\u00f3mo sobrevivir profesionalmente en el siglo XXI\\\" - CETYS\",\"isPartOf\":{\"@id\":\"https:\\\/\\\/www.cetys.mx\\\/noticias\\\/#website\"},\"primaryImageOfPage\":{\"@id\":\"https:\\\/\\\/www.cetys.mx\\\/noticias\\\/ofrece-cetys-conferencia-como-sobrevivir-profesionalmente-en-el-siglo-xxi\\\/#primaryimage\"},\"image\":{\"@id\":\"https:\\\/\\\/www.cetys.mx\\\/noticias\\\/ofrece-cetys-conferencia-como-sobrevivir-profesionalmente-en-el-siglo-xxi\\\/#primaryimage\"},\"thumbnailUrl\":\"https:\\\/\\\/www.cetys.mx\\\/noticias\\\/wp-content\\\/uploads\\\/2018\\\/08\\\/IMG_1660.jpg\",\"datePublished\":\"2018-08-31T00:31:12+00:00\",\"dateModified\":\"2018-08-31T00:41:16+00:00\",\"author\":{\"@id\":\"https:\\\/\\\/www.cetys.mx\\\/noticias\\\/#\\\/schema\\\/person\\\/1a1a88c0b6586e66a2e9e88e07afc712\"},\"description\":\"Articulo sobre Ofrece CETYS conferencia \\\"C\u00f3mo sobrevivir profesionalmente en el siglo XXI\\\"\",\"breadcrumb\":{\"@id\":\"https:\\\/\\\/www.cetys.mx\\\/noticias\\\/ofrece-cetys-conferencia-como-sobrevivir-profesionalmente-en-el-siglo-xxi\\\/#breadcrumb\"},\"inLanguage\":\"es\",\"potentialAction\":[{\"@type\":\"ReadAction\",\"target\":[\"https:\\\/\\\/www.cetys.mx\\\/noticias\\\/ofrece-cetys-conferencia-como-sobrevivir-profesionalmente-en-el-siglo-xxi\\\/\"]}]},{\"@type\":\"ImageObject\",\"inLanguage\":\"es\",\"@id\":\"https:\\\/\\\/www.cetys.mx\\\/noticias\\\/ofrece-cetys-conferencia-como-sobrevivir-profesionalmente-en-el-siglo-xxi\\\/#primaryimage\",\"url\":\"https:\\\/\\\/www.cetys.mx\\\/noticias\\\/wp-content\\\/uploads\\\/2018\\\/08\\\/IMG_1660.jpg\",\"contentUrl\":\"https:\\\/\\\/www.cetys.mx\\\/noticias\\\/wp-content\\\/uploads\\\/2018\\\/08\\\/IMG_1660.jpg\",\"width\":657,\"height\":438,\"caption\":\"La Dra. Monica L\u00f3pez Sieben imparte conferencia en Desayuno empresarial.\"},{\"@type\":\"BreadcrumbList\",\"@id\":\"https:\\\/\\\/www.cetys.mx\\\/noticias\\\/ofrece-cetys-conferencia-como-sobrevivir-profesionalmente-en-el-siglo-xxi\\\/#breadcrumb\",\"itemListElement\":[{\"@type\":\"ListItem\",\"position\":1,\"name\":\"Inicio\",\"item\":\"https:\\\/\\\/www.cetys.mx\\\/noticias\\\/\"},{\"@type\":\"ListItem\",\"position\":2,\"name\":\"Ofrece CETYS conferencia &#8220;C\u00f3mo sobrevivir profesionalmente en el siglo XXI&#8221;\"}]},{\"@type\":\"WebSite\",\"@id\":\"https:\\\/\\\/www.cetys.mx\\\/noticias\\\/#website\",\"url\":\"https:\\\/\\\/www.cetys.mx\\\/noticias\\\/\",\"name\":\"CETYS\",\"description\":\"\",\"potentialAction\":[{\"@type\":\"SearchAction\",\"target\":{\"@type\":\"EntryPoint\",\"urlTemplate\":\"https:\\\/\\\/www.cetys.mx\\\/noticias\\\/?s={search_term_string}\"},\"query-input\":{\"@type\":\"PropertyValueSpecification\",\"valueRequired\":true,\"valueName\":\"search_term_string\"}}],\"inLanguage\":\"es\"},{\"@type\":\"Person\",\"@id\":\"https:\\\/\\\/www.cetys.mx\\\/noticias\\\/#\\\/schema\\\/person\\\/1a1a88c0b6586e66a2e9e88e07afc712\",\"name\":\"Campus Ensenada\",\"url\":\"https:\\\/\\\/www.cetys.mx\\\/noticias\\\/author\\\/campusensenada\\\/\"}]}<\/script>\n<!-- \/ Yoast SEO plugin. -->","yoast_head_json":{"title":"Ofrece CETYS conferencia \"C\u00f3mo sobrevivir profesionalmente en el siglo XXI\" - CETYS","description":"Articulo sobre Ofrece CETYS conferencia \"C\u00f3mo sobrevivir profesionalmente en el siglo XXI\"","robots":{"index":"index","follow":"follow","max-snippet":"max-snippet:-1","max-image-preview":"max-image-preview:large","max-video-preview":"max-video-preview:-1"},"canonical":"https:\/\/www.cetys.mx\/noticias\/ofrece-cetys-conferencia-como-sobrevivir-profesionalmente-en-el-siglo-xxi\/","og_locale":"es_MX","og_type":"article","og_title":"Ofrece CETYS conferencia \"C\u00f3mo sobrevivir profesionalmente en el siglo XXI\" - CETYS","og_description":"Articulo sobre Ofrece CETYS conferencia \"C\u00f3mo sobrevivir profesionalmente en el siglo XXI\"","og_url":"https:\/\/www.cetys.mx\/noticias\/ofrece-cetys-conferencia-como-sobrevivir-profesionalmente-en-el-siglo-xxi\/","og_site_name":"CETYS","article_publisher":"https:\/\/www.facebook.com\/cetysuniversidadmxl\/","article_published_time":"2018-08-31T00:31:12+00:00","article_modified_time":"2018-08-31T00:41:16+00:00","og_image":[{"width":657,"height":438,"url":"https:\/\/www.cetys.mx\/noticias\/wp-content\/uploads\/2018\/08\/IMG_1660.jpg","type":"image\/jpeg"}],"author":"Campus Ensenada","twitter_card":"summary_large_image","twitter_creator":"@cetysuni","twitter_site":"@cetysuni","twitter_misc":{"Escrito por":"Campus Ensenada","Tiempo de lectura":"2 minutos"},"schema":{"@context":"https:\/\/schema.org","@graph":[{"@type":"Article","@id":"https:\/\/www.cetys.mx\/noticias\/ofrece-cetys-conferencia-como-sobrevivir-profesionalmente-en-el-siglo-xxi\/#article","isPartOf":{"@id":"https:\/\/www.cetys.mx\/noticias\/ofrece-cetys-conferencia-como-sobrevivir-profesionalmente-en-el-siglo-xxi\/"},"author":{"name":"Campus Ensenada","@id":"https:\/\/www.cetys.mx\/noticias\/#\/schema\/person\/1a1a88c0b6586e66a2e9e88e07afc712"},"headline":"Ofrece CETYS conferencia &#8220;C\u00f3mo sobrevivir profesionalmente en el siglo XXI&#8221;","datePublished":"2018-08-31T00:31:12+00:00","dateModified":"2018-08-31T00:41:16+00:00","mainEntityOfPage":{"@id":"https:\/\/www.cetys.mx\/noticias\/ofrece-cetys-conferencia-como-sobrevivir-profesionalmente-en-el-siglo-xxi\/"},"wordCount":456,"commentCount":0,"image":{"@id":"https:\/\/www.cetys.mx\/noticias\/ofrece-cetys-conferencia-como-sobrevivir-profesionalmente-en-el-siglo-xxi\/#primaryimage"},"thumbnailUrl":"https:\/\/www.cetys.mx\/noticias\/wp-content\/uploads\/2018\/08\/IMG_1660.jpg","keywords":["Desayuno empresarial","vocetys-2018-08-27"],"articleSection":["Campus Ensenada","Promoci\u00f3n Acad\u00e9mica","Vinculaci\u00f3n","VoCETYS"],"inLanguage":"es","potentialAction":[{"@type":"CommentAction","name":"Comment","target":["https:\/\/www.cetys.mx\/noticias\/ofrece-cetys-conferencia-como-sobrevivir-profesionalmente-en-el-siglo-xxi\/#respond"]}]},{"@type":"WebPage","@id":"https:\/\/www.cetys.mx\/noticias\/ofrece-cetys-conferencia-como-sobrevivir-profesionalmente-en-el-siglo-xxi\/","url":"https:\/\/www.cetys.mx\/noticias\/ofrece-cetys-conferencia-como-sobrevivir-profesionalmente-en-el-siglo-xxi\/","name":"Ofrece CETYS conferencia \"C\u00f3mo sobrevivir profesionalmente en el siglo XXI\" - CETYS","isPartOf":{"@id":"https:\/\/www.cetys.mx\/noticias\/#website"},"primaryImageOfPage":{"@id":"https:\/\/www.cetys.mx\/noticias\/ofrece-cetys-conferencia-como-sobrevivir-profesionalmente-en-el-siglo-xxi\/#primaryimage"},"image":{"@id":"https:\/\/www.cetys.mx\/noticias\/ofrece-cetys-conferencia-como-sobrevivir-profesionalmente-en-el-siglo-xxi\/#primaryimage"},"thumbnailUrl":"https:\/\/www.cetys.mx\/noticias\/wp-content\/uploads\/2018\/08\/IMG_1660.jpg","datePublished":"2018-08-31T00:31:12+00:00","dateModified":"2018-08-31T00:41:16+00:00","author":{"@id":"https:\/\/www.cetys.mx\/noticias\/#\/schema\/person\/1a1a88c0b6586e66a2e9e88e07afc712"},"description":"Articulo sobre Ofrece CETYS conferencia \"C\u00f3mo sobrevivir profesionalmente en el siglo XXI\"","breadcrumb":{"@id":"https:\/\/www.cetys.mx\/noticias\/ofrece-cetys-conferencia-como-sobrevivir-profesionalmente-en-el-siglo-xxi\/#breadcrumb"},"inLanguage":"es","potentialAction":[{"@type":"ReadAction","target":["https:\/\/www.cetys.mx\/noticias\/ofrece-cetys-conferencia-como-sobrevivir-profesionalmente-en-el-siglo-xxi\/"]}]},{"@type":"ImageObject","inLanguage":"es","@id":"https:\/\/www.cetys.mx\/noticias\/ofrece-cetys-conferencia-como-sobrevivir-profesionalmente-en-el-siglo-xxi\/#primaryimage","url":"https:\/\/www.cetys.mx\/noticias\/wp-content\/uploads\/2018\/08\/IMG_1660.jpg","contentUrl":"https:\/\/www.cetys.mx\/noticias\/wp-content\/uploads\/2018\/08\/IMG_1660.jpg","width":657,"height":438,"caption":"La Dra. Monica L\u00f3pez Sieben imparte conferencia en Desayuno empresarial."},{"@type":"BreadcrumbList","@id":"https:\/\/www.cetys.mx\/noticias\/ofrece-cetys-conferencia-como-sobrevivir-profesionalmente-en-el-siglo-xxi\/#breadcrumb","itemListElement":[{"@type":"ListItem","position":1,"name":"Inicio","item":"https:\/\/www.cetys.mx\/noticias\/"},{"@type":"ListItem","position":2,"name":"Ofrece CETYS conferencia &#8220;C\u00f3mo sobrevivir profesionalmente en el siglo XXI&#8221;"}]},{"@type":"WebSite","@id":"https:\/\/www.cetys.mx\/noticias\/#website","url":"https:\/\/www.cetys.mx\/noticias\/","name":"CETYS","description":"","potentialAction":[{"@type":"SearchAction","target":{"@type":"EntryPoint","urlTemplate":"https:\/\/www.cetys.mx\/noticias\/?s={search_term_string}"},"query-input":{"@type":"PropertyValueSpecification","valueRequired":true,"valueName":"search_term_string"}}],"inLanguage":"es"},{"@type":"Person","@id":"https:\/\/www.cetys.mx\/noticias\/#\/schema\/person\/1a1a88c0b6586e66a2e9e88e07afc712","name":"Campus Ensenada","url":"https:\/\/www.cetys.mx\/noticias\/author\/campusensenada\/"}]}},"_links":{"self":[{"href":"https:\/\/www.cetys.mx\/noticias\/wp-json\/wp\/v2\/posts\/117314","targetHints":{"allow":["GET"]}}],"collection":[{"href":"https:\/\/www.cetys.mx\/noticias\/wp-json\/wp\/v2\/posts"}],"about":[{"href":"https:\/\/www.cetys.mx\/noticias\/wp-json\/wp\/v2\/types\/post"}],"author":[{"embeddable":true,"href":"https:\/\/www.cetys.mx\/noticias\/wp-json\/wp\/v2\/users\/23"}],"replies":[{"embeddable":true,"href":"https:\/\/www.cetys.mx\/noticias\/wp-json\/wp\/v2\/comments?post=117314"}],"version-history":[{"count":0,"href":"https:\/\/www.cetys.mx\/noticias\/wp-json\/wp\/v2\/posts\/117314\/revisions"}],"wp:featuredmedia":[{"embeddable":true,"href":"https:\/\/www.cetys.mx\/noticias\/wp-json\/wp\/v2\/media\/117321"}],"wp:attachment":[{"href":"https:\/\/www.cetys.mx\/noticias\/wp-json\/wp\/v2\/media?parent=117314"}],"wp:term":[{"taxonomy":"category","embeddable":true,"href":"https:\/\/www.cetys.mx\/noticias\/wp-json\/wp\/v2\/categories?post=117314"},{"taxonomy":"post_tag","embeddable":true,"href":"https:\/\/www.cetys.mx\/noticias\/wp-json\/wp\/v2\/tags?post=117314"}],"curies":[{"name":"wp","href":"https:\/\/api.w.org\/{rel}","templated":true}]}}