{"id":117002,"date":"2018-08-28T09:40:30","date_gmt":"2018-08-28T16:40:30","guid":{"rendered":"http:\/\/www.cetys.mx\/noticias\/?p=117002"},"modified":"2018-08-28T09:54:00","modified_gmt":"2018-08-28T16:54:00","slug":"joel-sanz-un-joven-becario-de-excelencia","status":"publish","type":"post","link":"https:\/\/www.cetys.mx\/noticias\/joel-sanz-un-joven-becario-de-excelencia\/","title":{"rendered":"Joel Sanz, un joven becario de excelencia"},"content":{"rendered":"<p>Desde hace poco m\u00e1s de 56 a\u00f1os en CETYS Universidad se forjan historias de \u00e9xito, de personas que sin importar sus condiciones buscan darle un giro a su vida y han encontrado en la educaci\u00f3n la llave para poder aportar en el mejoramiento econ\u00f3mico, social y cultural de M\u00e9xico; se trata de una nueva generaci\u00f3n de j\u00f3venes comprometidos con la comunidad.<\/p>\n<p><strong>Joel Emiliano Sanz Hern\u00e1ndez<\/strong> es uno de ellos, actualmente cursa el primer semestre del <a href=\"https:\/\/www.cetys.mx\/oferta-educativa\/preparatoria\/\">Bachillerato General en Campus Tijuana<\/a> y este a\u00f1o fue el acreedor al m\u00e1ximo reconocimiento que otorga la Preparatoria de CETYS Universidad. Se trata de la <strong>Beca al M\u00e9rito Acad\u00e9mico<\/strong>, otorgado a aquellos estudiantes que durante sus tres a\u00f1os de secundaria <em>demostraron compromiso, responsabilidad y esfuerzo<\/em>, adem\u00e1s de\u00a0<em>resultados sobresalientes en cuestiones cognitivas, as\u00ed como habilidades verbales y matem\u00e1ticas.\u00a0<\/em>Es as\u00ed como Sanz logr\u00f3 el 90% de beca, el mayor otorgado a nivel Preparatoria y al cual s\u00f3lo alumno por generaci\u00f3n puede obtener.<\/p>\n<blockquote><p>\u201cTen\u00eda otras opciones, pero CETYS era la principal y aqu\u00ed es donde estoy ahora, cuando revise los resultados y vi mi matr\u00edcula me emocion\u00e9 mucho, por la oportunidad que tengo en este momento de caminar por sus instalaciones, asistir a clases, se siente un ambiente muy diferente a otras escuelas\u201d, comparti\u00f3 Sanz Hern\u00e1ndez.<\/p><\/blockquote>\n<div id=\"attachment_117010\" style=\"width: 968px\" class=\"wp-caption aligncenter\"><img loading=\"lazy\" decoding=\"async\" aria-describedby=\"caption-attachment-117010\" class=\"wp-image-117010 size-full\" src=\"https:\/\/www.cetys.mx\/noticias\/wp-content\/uploads\/2018\/08\/cetys_ceremoniadebecasprepa.jpg\" alt=\"A\u00f1o con a\u00f1o, CETYS abre sus puertas al talento a trav\u00e9s del Fondo de Becas.\" width=\"958\" height=\"637\" srcset=\"https:\/\/www.cetys.mx\/noticias\/wp-content\/uploads\/2018\/08\/cetys_ceremoniadebecasprepa.jpg 958w, https:\/\/www.cetys.mx\/noticias\/wp-content\/uploads\/2018\/08\/cetys_ceremoniadebecasprepa-768x511.jpg 768w\" sizes=\"auto, (max-width: 958px) 100vw, 958px\" \/><p id=\"caption-attachment-117010\" class=\"wp-caption-text\">A\u00f1o con a\u00f1o, CETYS abre sus puertas al talento a trav\u00e9s del Fondo de Becas.<\/p><\/div>\n<p>Egresado del Colegio Cumbres de Villafloresta, hoy Joel Sanz disfruta de las clases de <strong>Metodolog\u00eda de la Investigaci\u00f3n y Matem\u00e1ticas<\/strong>, materias que actualmente le han llamado m\u00e1s la atenci\u00f3n, pues <strong>en un futuro le gustar\u00eda poder desarrollarse en esas \u00e1reas y poder as\u00ed contribuir con un granito de arena a su comunidad<\/strong>; teniendo en esta \u00faltima \u00e1rea el logro de participar y haber llegado a la etapa estatal en la Olimpiada Mexicana de Matem\u00e1ticas en a\u00f1os anteriores.<\/p>\n<p>Para Sanz y su familia, este logro es el reconocimiento a un arduo trabajo que comenz\u00f3 desde nivel Primaria. Este mi\u00e9rcoles 29 de agosto \u00e9l, junto a otros 382 estudiantes de Preparatoria y Profesional, participar\u00e1 en la tradicional<strong> Ceremonia de Entrega de Becas<\/strong> a estudiantes de nuevo ingreso, donde en manos de las autoridades universitarias recibir\u00e1n constancia que avala el apoyo brindado por CETYS Universidad, bajo el respaldo de cientos de personas que a\u00f1o con a\u00f1o conf\u00edan en el talento a trav\u00e9s del Fondo de Becas de la instituci\u00f3n.<\/p>\n","protected":false},"excerpt":{"rendered":"<p>Desde hace poco m\u00e1s de 56 a\u00f1os en CETYS Universidad se forjan historias de \u00e9xito, de personas que sin importar sus condiciones&#8230;<\/p>\n","protected":false},"author":24,"featured_media":117008,"comment_status":"open","ping_status":"closed","sticky":false,"template":"","format":"standard","meta":{"footnotes":""},"categories":[134,112,318,105,313],"tags":[285,297,92,226,2754],"class_list":["post-117002","post","type-post","status-publish","format-standard","has-post-thumbnail","hentry","category-campus-tijuana","category-filantropia","category-preparatoria","category-vida-estudiantil","category-vocetys-2","tag-alumnos","tag-campus-tijuana","tag-preparatoria","tag-tijuana","tag-vocetys-top-2018-08-28"],"yoast_head":"<!-- This site is optimized with the Yoast SEO plugin v27.4 - https:\/\/yoast.com\/product\/yoast-seo-wordpress\/ -->\n<title>Joel Sanz, un joven becario de excelencia - CETYS<\/title>\n<meta name=\"description\" content=\"Sanz se convirti\u00f3 en el becario que este a\u00f1o obtuvo el m\u00e1s alto porcentaje de beca otorgado a nivel Preparatoria en CETYS Universidad.\" \/>\n<meta name=\"robots\" content=\"index, follow, max-snippet:-1, max-image-preview:large, max-video-preview:-1\" \/>\n<link rel=\"canonical\" href=\"https:\/\/www.cetys.mx\/noticias\/joel-sanz-un-joven-becario-de-excelencia\/\" \/>\n<meta property=\"og:locale\" content=\"es_MX\" \/>\n<meta property=\"og:type\" content=\"article\" \/>\n<meta property=\"og:title\" content=\"Joel Sanz, un joven becario de excelencia - CETYS\" \/>\n<meta property=\"og:description\" content=\"Sanz se convirti\u00f3 en el becario que este a\u00f1o obtuvo el m\u00e1s alto porcentaje de beca otorgado a nivel Preparatoria en CETYS Universidad.\" \/>\n<meta property=\"og:url\" content=\"https:\/\/www.cetys.mx\/noticias\/joel-sanz-un-joven-becario-de-excelencia\/\" \/>\n<meta property=\"og:site_name\" content=\"CETYS\" \/>\n<meta property=\"article:publisher\" content=\"https:\/\/www.facebook.com\/cetysuniversidadmxl\/\" \/>\n<meta property=\"article:published_time\" content=\"2018-08-28T16:40:30+00:00\" \/>\n<meta property=\"article:modified_time\" content=\"2018-08-28T16:54:00+00:00\" \/>\n<meta property=\"og:image\" content=\"https:\/\/www.cetys.mx\/noticias\/wp-content\/uploads\/2018\/08\/cetys_sanzbecarioexcelencia1.jpg\" \/>\n\t<meta property=\"og:image:width\" content=\"958\" \/>\n\t<meta property=\"og:image:height\" content=\"637\" \/>\n\t<meta property=\"og:image:type\" content=\"image\/jpeg\" \/>\n<meta name=\"author\" content=\"Campus Tijuana\" \/>\n<meta name=\"twitter:card\" content=\"summary_large_image\" \/>\n<meta name=\"twitter:creator\" content=\"@cetysuni\" \/>\n<meta name=\"twitter:site\" content=\"@cetysuni\" \/>\n<meta name=\"twitter:label1\" content=\"Escrito por\" \/>\n\t<meta name=\"twitter:data1\" content=\"Campus Tijuana\" \/>\n\t<meta name=\"twitter:label2\" content=\"Tiempo de lectura\" \/>\n\t<meta name=\"twitter:data2\" content=\"2 minutos\" \/>\n<script type=\"application\/ld+json\" class=\"yoast-schema-graph\">{\"@context\":\"https:\\\/\\\/schema.org\",\"@graph\":[{\"@type\":\"Article\",\"@id\":\"https:\\\/\\\/www.cetys.mx\\\/noticias\\\/joel-sanz-un-joven-becario-de-excelencia\\\/#article\",\"isPartOf\":{\"@id\":\"https:\\\/\\\/www.cetys.mx\\\/noticias\\\/joel-sanz-un-joven-becario-de-excelencia\\\/\"},\"author\":{\"name\":\"Campus Tijuana\",\"@id\":\"https:\\\/\\\/www.cetys.mx\\\/noticias\\\/#\\\/schema\\\/person\\\/e790051ce60e18ae47cfa87011c8653f\"},\"headline\":\"Joel Sanz, un joven becario de excelencia\",\"datePublished\":\"2018-08-28T16:40:30+00:00\",\"dateModified\":\"2018-08-28T16:54:00+00:00\",\"mainEntityOfPage\":{\"@id\":\"https:\\\/\\\/www.cetys.mx\\\/noticias\\\/joel-sanz-un-joven-becario-de-excelencia\\\/\"},\"wordCount\":439,\"commentCount\":0,\"image\":{\"@id\":\"https:\\\/\\\/www.cetys.mx\\\/noticias\\\/joel-sanz-un-joven-becario-de-excelencia\\\/#primaryimage\"},\"thumbnailUrl\":\"https:\\\/\\\/www.cetys.mx\\\/noticias\\\/wp-content\\\/uploads\\\/2018\\\/08\\\/cetys_sanzbecarioexcelencia1.jpg\",\"keywords\":[\"Alumnos\",\"Campus Tijuana\",\"Preparatoria\",\"tijuana\",\"vocetys-top-2018-08-28\"],\"articleSection\":[\"Campus Tijuana\",\"Filantrop\u00eda\",\"Preparatoria\",\"Vida Estudiantil\",\"VoCETYS\"],\"inLanguage\":\"es\",\"potentialAction\":[{\"@type\":\"CommentAction\",\"name\":\"Comment\",\"target\":[\"https:\\\/\\\/www.cetys.mx\\\/noticias\\\/joel-sanz-un-joven-becario-de-excelencia\\\/#respond\"]}]},{\"@type\":\"WebPage\",\"@id\":\"https:\\\/\\\/www.cetys.mx\\\/noticias\\\/joel-sanz-un-joven-becario-de-excelencia\\\/\",\"url\":\"https:\\\/\\\/www.cetys.mx\\\/noticias\\\/joel-sanz-un-joven-becario-de-excelencia\\\/\",\"name\":\"Joel Sanz, un joven becario de excelencia - CETYS\",\"isPartOf\":{\"@id\":\"https:\\\/\\\/www.cetys.mx\\\/noticias\\\/#website\"},\"primaryImageOfPage\":{\"@id\":\"https:\\\/\\\/www.cetys.mx\\\/noticias\\\/joel-sanz-un-joven-becario-de-excelencia\\\/#primaryimage\"},\"image\":{\"@id\":\"https:\\\/\\\/www.cetys.mx\\\/noticias\\\/joel-sanz-un-joven-becario-de-excelencia\\\/#primaryimage\"},\"thumbnailUrl\":\"https:\\\/\\\/www.cetys.mx\\\/noticias\\\/wp-content\\\/uploads\\\/2018\\\/08\\\/cetys_sanzbecarioexcelencia1.jpg\",\"datePublished\":\"2018-08-28T16:40:30+00:00\",\"dateModified\":\"2018-08-28T16:54:00+00:00\",\"author\":{\"@id\":\"https:\\\/\\\/www.cetys.mx\\\/noticias\\\/#\\\/schema\\\/person\\\/e790051ce60e18ae47cfa87011c8653f\"},\"description\":\"Sanz se convirti\u00f3 en el becario que este a\u00f1o obtuvo el m\u00e1s alto porcentaje de beca otorgado a nivel Preparatoria en CETYS Universidad.\",\"breadcrumb\":{\"@id\":\"https:\\\/\\\/www.cetys.mx\\\/noticias\\\/joel-sanz-un-joven-becario-de-excelencia\\\/#breadcrumb\"},\"inLanguage\":\"es\",\"potentialAction\":[{\"@type\":\"ReadAction\",\"target\":[\"https:\\\/\\\/www.cetys.mx\\\/noticias\\\/joel-sanz-un-joven-becario-de-excelencia\\\/\"]}]},{\"@type\":\"ImageObject\",\"inLanguage\":\"es\",\"@id\":\"https:\\\/\\\/www.cetys.mx\\\/noticias\\\/joel-sanz-un-joven-becario-de-excelencia\\\/#primaryimage\",\"url\":\"https:\\\/\\\/www.cetys.mx\\\/noticias\\\/wp-content\\\/uploads\\\/2018\\\/08\\\/cetys_sanzbecarioexcelencia1.jpg\",\"contentUrl\":\"https:\\\/\\\/www.cetys.mx\\\/noticias\\\/wp-content\\\/uploads\\\/2018\\\/08\\\/cetys_sanzbecarioexcelencia1.jpg\",\"width\":958,\"height\":637},{\"@type\":\"BreadcrumbList\",\"@id\":\"https:\\\/\\\/www.cetys.mx\\\/noticias\\\/joel-sanz-un-joven-becario-de-excelencia\\\/#breadcrumb\",\"itemListElement\":[{\"@type\":\"ListItem\",\"position\":1,\"name\":\"Inicio\",\"item\":\"https:\\\/\\\/www.cetys.mx\\\/noticias\\\/\"},{\"@type\":\"ListItem\",\"position\":2,\"name\":\"Joel Sanz, un joven becario de excelencia\"}]},{\"@type\":\"WebSite\",\"@id\":\"https:\\\/\\\/www.cetys.mx\\\/noticias\\\/#website\",\"url\":\"https:\\\/\\\/www.cetys.mx\\\/noticias\\\/\",\"name\":\"CETYS\",\"description\":\"\",\"potentialAction\":[{\"@type\":\"SearchAction\",\"target\":{\"@type\":\"EntryPoint\",\"urlTemplate\":\"https:\\\/\\\/www.cetys.mx\\\/noticias\\\/?s={search_term_string}\"},\"query-input\":{\"@type\":\"PropertyValueSpecification\",\"valueRequired\":true,\"valueName\":\"search_term_string\"}}],\"inLanguage\":\"es\"},{\"@type\":\"Person\",\"@id\":\"https:\\\/\\\/www.cetys.mx\\\/noticias\\\/#\\\/schema\\\/person\\\/e790051ce60e18ae47cfa87011c8653f\",\"name\":\"Campus Tijuana\",\"url\":\"https:\\\/\\\/www.cetys.mx\\\/noticias\\\/author\\\/campustijuana\\\/\"}]}<\/script>\n<!-- \/ Yoast SEO plugin. -->","yoast_head_json":{"title":"Joel Sanz, un joven becario de excelencia - CETYS","description":"Sanz se convirti\u00f3 en el becario que este a\u00f1o obtuvo el m\u00e1s alto porcentaje de beca otorgado a nivel Preparatoria en CETYS Universidad.","robots":{"index":"index","follow":"follow","max-snippet":"max-snippet:-1","max-image-preview":"max-image-preview:large","max-video-preview":"max-video-preview:-1"},"canonical":"https:\/\/www.cetys.mx\/noticias\/joel-sanz-un-joven-becario-de-excelencia\/","og_locale":"es_MX","og_type":"article","og_title":"Joel Sanz, un joven becario de excelencia - CETYS","og_description":"Sanz se convirti\u00f3 en el becario que este a\u00f1o obtuvo el m\u00e1s alto porcentaje de beca otorgado a nivel Preparatoria en CETYS Universidad.","og_url":"https:\/\/www.cetys.mx\/noticias\/joel-sanz-un-joven-becario-de-excelencia\/","og_site_name":"CETYS","article_publisher":"https:\/\/www.facebook.com\/cetysuniversidadmxl\/","article_published_time":"2018-08-28T16:40:30+00:00","article_modified_time":"2018-08-28T16:54:00+00:00","og_image":[{"width":958,"height":637,"url":"https:\/\/www.cetys.mx\/noticias\/wp-content\/uploads\/2018\/08\/cetys_sanzbecarioexcelencia1.jpg","type":"image\/jpeg"}],"author":"Campus Tijuana","twitter_card":"summary_large_image","twitter_creator":"@cetysuni","twitter_site":"@cetysuni","twitter_misc":{"Escrito por":"Campus Tijuana","Tiempo de lectura":"2 minutos"},"schema":{"@context":"https:\/\/schema.org","@graph":[{"@type":"Article","@id":"https:\/\/www.cetys.mx\/noticias\/joel-sanz-un-joven-becario-de-excelencia\/#article","isPartOf":{"@id":"https:\/\/www.cetys.mx\/noticias\/joel-sanz-un-joven-becario-de-excelencia\/"},"author":{"name":"Campus Tijuana","@id":"https:\/\/www.cetys.mx\/noticias\/#\/schema\/person\/e790051ce60e18ae47cfa87011c8653f"},"headline":"Joel Sanz, un joven becario de excelencia","datePublished":"2018-08-28T16:40:30+00:00","dateModified":"2018-08-28T16:54:00+00:00","mainEntityOfPage":{"@id":"https:\/\/www.cetys.mx\/noticias\/joel-sanz-un-joven-becario-de-excelencia\/"},"wordCount":439,"commentCount":0,"image":{"@id":"https:\/\/www.cetys.mx\/noticias\/joel-sanz-un-joven-becario-de-excelencia\/#primaryimage"},"thumbnailUrl":"https:\/\/www.cetys.mx\/noticias\/wp-content\/uploads\/2018\/08\/cetys_sanzbecarioexcelencia1.jpg","keywords":["Alumnos","Campus Tijuana","Preparatoria","tijuana","vocetys-top-2018-08-28"],"articleSection":["Campus Tijuana","Filantrop\u00eda","Preparatoria","Vida Estudiantil","VoCETYS"],"inLanguage":"es","potentialAction":[{"@type":"CommentAction","name":"Comment","target":["https:\/\/www.cetys.mx\/noticias\/joel-sanz-un-joven-becario-de-excelencia\/#respond"]}]},{"@type":"WebPage","@id":"https:\/\/www.cetys.mx\/noticias\/joel-sanz-un-joven-becario-de-excelencia\/","url":"https:\/\/www.cetys.mx\/noticias\/joel-sanz-un-joven-becario-de-excelencia\/","name":"Joel Sanz, un joven becario de excelencia - CETYS","isPartOf":{"@id":"https:\/\/www.cetys.mx\/noticias\/#website"},"primaryImageOfPage":{"@id":"https:\/\/www.cetys.mx\/noticias\/joel-sanz-un-joven-becario-de-excelencia\/#primaryimage"},"image":{"@id":"https:\/\/www.cetys.mx\/noticias\/joel-sanz-un-joven-becario-de-excelencia\/#primaryimage"},"thumbnailUrl":"https:\/\/www.cetys.mx\/noticias\/wp-content\/uploads\/2018\/08\/cetys_sanzbecarioexcelencia1.jpg","datePublished":"2018-08-28T16:40:30+00:00","dateModified":"2018-08-28T16:54:00+00:00","author":{"@id":"https:\/\/www.cetys.mx\/noticias\/#\/schema\/person\/e790051ce60e18ae47cfa87011c8653f"},"description":"Sanz se convirti\u00f3 en el becario que este a\u00f1o obtuvo el m\u00e1s alto porcentaje de beca otorgado a nivel Preparatoria en CETYS Universidad.","breadcrumb":{"@id":"https:\/\/www.cetys.mx\/noticias\/joel-sanz-un-joven-becario-de-excelencia\/#breadcrumb"},"inLanguage":"es","potentialAction":[{"@type":"ReadAction","target":["https:\/\/www.cetys.mx\/noticias\/joel-sanz-un-joven-becario-de-excelencia\/"]}]},{"@type":"ImageObject","inLanguage":"es","@id":"https:\/\/www.cetys.mx\/noticias\/joel-sanz-un-joven-becario-de-excelencia\/#primaryimage","url":"https:\/\/www.cetys.mx\/noticias\/wp-content\/uploads\/2018\/08\/cetys_sanzbecarioexcelencia1.jpg","contentUrl":"https:\/\/www.cetys.mx\/noticias\/wp-content\/uploads\/2018\/08\/cetys_sanzbecarioexcelencia1.jpg","width":958,"height":637},{"@type":"BreadcrumbList","@id":"https:\/\/www.cetys.mx\/noticias\/joel-sanz-un-joven-becario-de-excelencia\/#breadcrumb","itemListElement":[{"@type":"ListItem","position":1,"name":"Inicio","item":"https:\/\/www.cetys.mx\/noticias\/"},{"@type":"ListItem","position":2,"name":"Joel Sanz, un joven becario de excelencia"}]},{"@type":"WebSite","@id":"https:\/\/www.cetys.mx\/noticias\/#website","url":"https:\/\/www.cetys.mx\/noticias\/","name":"CETYS","description":"","potentialAction":[{"@type":"SearchAction","target":{"@type":"EntryPoint","urlTemplate":"https:\/\/www.cetys.mx\/noticias\/?s={search_term_string}"},"query-input":{"@type":"PropertyValueSpecification","valueRequired":true,"valueName":"search_term_string"}}],"inLanguage":"es"},{"@type":"Person","@id":"https:\/\/www.cetys.mx\/noticias\/#\/schema\/person\/e790051ce60e18ae47cfa87011c8653f","name":"Campus Tijuana","url":"https:\/\/www.cetys.mx\/noticias\/author\/campustijuana\/"}]}},"_links":{"self":[{"href":"https:\/\/www.cetys.mx\/noticias\/wp-json\/wp\/v2\/posts\/117002","targetHints":{"allow":["GET"]}}],"collection":[{"href":"https:\/\/www.cetys.mx\/noticias\/wp-json\/wp\/v2\/posts"}],"about":[{"href":"https:\/\/www.cetys.mx\/noticias\/wp-json\/wp\/v2\/types\/post"}],"author":[{"embeddable":true,"href":"https:\/\/www.cetys.mx\/noticias\/wp-json\/wp\/v2\/users\/24"}],"replies":[{"embeddable":true,"href":"https:\/\/www.cetys.mx\/noticias\/wp-json\/wp\/v2\/comments?post=117002"}],"version-history":[{"count":0,"href":"https:\/\/www.cetys.mx\/noticias\/wp-json\/wp\/v2\/posts\/117002\/revisions"}],"wp:featuredmedia":[{"embeddable":true,"href":"https:\/\/www.cetys.mx\/noticias\/wp-json\/wp\/v2\/media\/117008"}],"wp:attachment":[{"href":"https:\/\/www.cetys.mx\/noticias\/wp-json\/wp\/v2\/media?parent=117002"}],"wp:term":[{"taxonomy":"category","embeddable":true,"href":"https:\/\/www.cetys.mx\/noticias\/wp-json\/wp\/v2\/categories?post=117002"},{"taxonomy":"post_tag","embeddable":true,"href":"https:\/\/www.cetys.mx\/noticias\/wp-json\/wp\/v2\/tags?post=117002"}],"curies":[{"name":"wp","href":"https:\/\/api.w.org\/{rel}","templated":true}]}}