{"id":116839,"date":"2018-08-27T09:39:41","date_gmt":"2018-08-27T16:39:41","guid":{"rendered":"http:\/\/www.cetys.mx\/noticias\/?p=116839"},"modified":"2018-08-28T10:10:00","modified_gmt":"2018-08-28T17:10:00","slug":"dios-nos-habla","status":"publish","type":"post","link":"https:\/\/www.cetys.mx\/noticias\/dios-nos-habla\/","title":{"rendered":"\u00bfDios nos habla?"},"content":{"rendered":"<p><span style=\"font-weight: 400;\">Hace algunas semanas me puse a releer un libro que compendia extractos de Mohandas (<em>Mahatma<\/em>) Gandhi, uno de los mayores emblemas de la no violencia. En este libro hay un cap\u00edtulo intitulado \u201cVoz de Dios\u201d y quiero compartir con ustedes algunas reflexiones.<\/span><\/p>\n<blockquote><p><span style=\"font-weight: 400;\">Para Gandhi es inobjetable tanto la existencia de Dios como el hecho de que \u00e9l habla. Y aunque reconoce que es imposible demostrarlo, puesto que \u201cDios dejar\u00eda de ser Dios si se vuelve un objeto de demostraci\u00f3n\u201d (p. 55), s\u00ed nos dice c\u00f3mo \u00e9l escucha la voz de Dios. Cito:<\/span><\/p><\/blockquote>\n<p style=\"padding-left: 90px;\"><span style=\"font-weight: 400;\">Para m\u00ed la Voz de Dios, de la Conciencia, de la Verdad, la Voz Interior o &lt;la silenciosa y suave Voz&gt; significan una sola e id\u00e9ntica cosa. No he visto ninguna forma, pues (\u2026) Dios no tiene forma. Pero una vez o\u00ed algo as\u00ed como una Voz lejana y, sin embargo, bastante cercana. (&#8230;) La escucha de la Voz estuvo precedida de una lucha terrible dentro de m\u00ed. De pronto la Voz me habl\u00f3. Escuch\u00e9, me cercior\u00e9 de que era la Voz, y la lucha ces\u00f3. Me qued\u00e9 tranquilo (p. 56).<\/span><\/p>\n<p><strong>Nuestra condici\u00f3n humana es esencialmente <i>dialogal<\/i><\/strong><span style=\"font-weight: 400;\">. El <\/span><i><span style=\"font-weight: 400;\">di\u00e1logo<\/span><\/i><span style=\"font-weight: 400;\"> (encuentro con el <\/span><i><span style=\"font-weight: 400;\">otro<\/span><\/i><span style=\"font-weight: 400;\">) es lo que nos hace humanos. Pero el di\u00e1logo no es exclusivamente con quienes est\u00e1n cerca nuestro, pero fuera de nosotros. El di\u00e1logo debe comenzar en nuestro interior, con nosotros mismos y con <\/span><i><span style=\"font-weight: 400;\">aquello que es la fuente de la vida<\/span><\/i><span style=\"font-weight: 400;\">. Algunos le llamamos \u201cDios\u201d, otros usan otras palabras (energ\u00eda, principio vital, etc.). <\/span><\/p>\n<blockquote><p><span style=\"font-weight: 400;\">Lo que parece innegable es la necesidad de este di\u00e1logo. En un mundo que quiere ser cada vez m\u00e1s inclusivo, m\u00e1s democr\u00e1tico, m\u00e1s igualitario, el di\u00e1logo es la herramienta esencial. Es el di\u00e1logo el que nos permite superar nuestras luchas y alcanzar la tranquilidad. <\/span><\/p><\/blockquote>\n<p><span style=\"font-weight: 400;\">Vayamos al encuentro de \u201clos otros\u201d a construir espacios de di\u00e1logo. Iremos empoderados si <\/span><b>antes<\/b><span style=\"font-weight: 400;\"> hemos escuchado nuestra <\/span><i><span style=\"font-weight: 400;\">Voz Interior<\/span><\/i><span style=\"font-weight: 400;\">, nuestra <\/span><i><span style=\"font-weight: 400;\">Conciencia<\/span><\/i><span style=\"font-weight: 400;\">. Ello nos permitir\u00e1 ser aut\u00e9nticos, transparentes, coherentes, constructivos.<\/span><\/p>\n<p><span style=\"font-weight: 400;\">Fuente:<\/span><\/p>\n<p><span style=\"font-weight: 400;\">Gandhi, M. (2004). Mi Dios. Espa\u00f1a: Sal Terrae.<\/span><\/p>\n<hr \/>\n<p><u>Sobre el autor<\/u>&#8230;<\/p>\n<p><a href=\"https:\/\/www.cetys.mx\/noticias\/wp-content\/uploads\/2017\/10\/cetys_brio.jpg\"><img loading=\"lazy\" decoding=\"async\" class=\"alignleft wp-image-75817\" src=\"https:\/\/www.cetys.mx\/noticias\/wp-content\/uploads\/2017\/10\/cetys_brio.jpg\" alt=\"cetys_brio\" width=\"150\" height=\"166\" \/><\/a>El\u00a0<strong>Maestro Jos\u00e9 Luis Espinosa<\/strong>\u00a0estudi\u00f3 Filosof\u00eda y Teolog\u00eda. Actualmente es\u00a0<em>Director de Formaci\u00f3n Integral Universitaria<\/em>, responsable de los programas<em>\u00a0Fortes, Impacto y Br\u00edo<\/em>\u00a0en el Sistema CETYS Universidad. Le interesa el desarrollo humano, la \u00e9tica aplicada y la m\u00fasica cl\u00e1sica.<\/p>\n<p>Cont\u00e1ctalo a trav\u00e9s de\u00a0<a href=\"https:\/\/joseluis.espinosa@cetys.mx\">joseluis.espinosa@cetys.mx<\/a><\/p>\n<p>&nbsp;<\/p>\n","protected":false},"excerpt":{"rendered":"<p>Hace algunas semanas me puse a releer un libro que compendia extractos de Mohandas (Mahatma) Gandhi, uno de los mayores emblemas de&#8230;<\/p>\n","protected":false},"author":1,"featured_media":116855,"comment_status":"open","ping_status":"closed","sticky":false,"template":"","format":"standard","meta":{"footnotes":""},"categories":[114],"tags":[1751,524,721],"class_list":["post-116839","post","type-post","status-publish","format-standard","has-post-thumbnail","hentry","category-opinion","tag-brio","tag-espiritualidad","tag-vida-estudiantil"],"yoast_head":"<!-- This site is optimized with the Yoast SEO plugin v27.4 - https:\/\/yoast.com\/product\/yoast-seo-wordpress\/ -->\n<title>\u00bfDios nos habla? - CETYS<\/title>\n<meta name=\"description\" content=\"Articulo sobre \u00bfDios nos habla?\" \/>\n<meta name=\"robots\" content=\"index, follow, max-snippet:-1, max-image-preview:large, max-video-preview:-1\" \/>\n<link rel=\"canonical\" href=\"https:\/\/www.cetys.mx\/noticias\/dios-nos-habla\/\" \/>\n<meta property=\"og:locale\" content=\"es_MX\" \/>\n<meta property=\"og:type\" content=\"article\" \/>\n<meta property=\"og:title\" content=\"\u00bfDios nos habla? - CETYS\" \/>\n<meta property=\"og:description\" content=\"Articulo sobre \u00bfDios nos habla?\" \/>\n<meta property=\"og:url\" content=\"https:\/\/www.cetys.mx\/noticias\/dios-nos-habla\/\" \/>\n<meta property=\"og:site_name\" content=\"CETYS\" \/>\n<meta property=\"article:publisher\" content=\"https:\/\/www.facebook.com\/cetysuniversidadmxl\/\" \/>\n<meta property=\"article:published_time\" content=\"2018-08-27T16:39:41+00:00\" \/>\n<meta property=\"article:modified_time\" content=\"2018-08-28T17:10:00+00:00\" \/>\n<meta property=\"og:image\" content=\"https:\/\/www.cetys.mx\/noticias\/wp-content\/uploads\/2018\/08\/cetys_brio2018.png\" \/>\n\t<meta property=\"og:image:width\" content=\"958\" \/>\n\t<meta property=\"og:image:height\" content=\"637\" \/>\n\t<meta property=\"og:image:type\" content=\"image\/png\" \/>\n<meta name=\"author\" content=\"Sistema CETYS Universidad\" \/>\n<meta name=\"twitter:card\" content=\"summary_large_image\" \/>\n<meta name=\"twitter:creator\" content=\"@cetysuni\" \/>\n<meta name=\"twitter:site\" content=\"@cetysuni\" \/>\n<meta name=\"twitter:label1\" content=\"Escrito por\" \/>\n\t<meta name=\"twitter:data1\" content=\"Sistema CETYS Universidad\" \/>\n\t<meta name=\"twitter:label2\" content=\"Tiempo de lectura\" \/>\n\t<meta name=\"twitter:data2\" content=\"2 minutos\" \/>\n<script type=\"application\/ld+json\" class=\"yoast-schema-graph\">{\"@context\":\"https:\\\/\\\/schema.org\",\"@graph\":[{\"@type\":\"Article\",\"@id\":\"https:\\\/\\\/www.cetys.mx\\\/noticias\\\/dios-nos-habla\\\/#article\",\"isPartOf\":{\"@id\":\"https:\\\/\\\/www.cetys.mx\\\/noticias\\\/dios-nos-habla\\\/\"},\"author\":{\"name\":\"Sistema CETYS Universidad\",\"@id\":\"https:\\\/\\\/www.cetys.mx\\\/noticias\\\/#\\\/schema\\\/person\\\/c4eb69b020e39dc99cef8335a64ccb4b\"},\"headline\":\"\u00bfDios nos habla?\",\"datePublished\":\"2018-08-27T16:39:41+00:00\",\"dateModified\":\"2018-08-28T17:10:00+00:00\",\"mainEntityOfPage\":{\"@id\":\"https:\\\/\\\/www.cetys.mx\\\/noticias\\\/dios-nos-habla\\\/\"},\"wordCount\":413,\"commentCount\":0,\"image\":{\"@id\":\"https:\\\/\\\/www.cetys.mx\\\/noticias\\\/dios-nos-habla\\\/#primaryimage\"},\"thumbnailUrl\":\"https:\\\/\\\/www.cetys.mx\\\/noticias\\\/wp-content\\\/uploads\\\/2018\\\/08\\\/cetys_brio2018.png\",\"keywords\":[\"br\u00edo\",\"espiritualidad\",\"Vida Estudiantil\"],\"articleSection\":[\"Opini\u00f3n\"],\"inLanguage\":\"es\",\"potentialAction\":[{\"@type\":\"CommentAction\",\"name\":\"Comment\",\"target\":[\"https:\\\/\\\/www.cetys.mx\\\/noticias\\\/dios-nos-habla\\\/#respond\"]}]},{\"@type\":\"WebPage\",\"@id\":\"https:\\\/\\\/www.cetys.mx\\\/noticias\\\/dios-nos-habla\\\/\",\"url\":\"https:\\\/\\\/www.cetys.mx\\\/noticias\\\/dios-nos-habla\\\/\",\"name\":\"\u00bfDios nos habla? - CETYS\",\"isPartOf\":{\"@id\":\"https:\\\/\\\/www.cetys.mx\\\/noticias\\\/#website\"},\"primaryImageOfPage\":{\"@id\":\"https:\\\/\\\/www.cetys.mx\\\/noticias\\\/dios-nos-habla\\\/#primaryimage\"},\"image\":{\"@id\":\"https:\\\/\\\/www.cetys.mx\\\/noticias\\\/dios-nos-habla\\\/#primaryimage\"},\"thumbnailUrl\":\"https:\\\/\\\/www.cetys.mx\\\/noticias\\\/wp-content\\\/uploads\\\/2018\\\/08\\\/cetys_brio2018.png\",\"datePublished\":\"2018-08-27T16:39:41+00:00\",\"dateModified\":\"2018-08-28T17:10:00+00:00\",\"author\":{\"@id\":\"https:\\\/\\\/www.cetys.mx\\\/noticias\\\/#\\\/schema\\\/person\\\/c4eb69b020e39dc99cef8335a64ccb4b\"},\"description\":\"Articulo sobre \u00bfDios nos habla?\",\"breadcrumb\":{\"@id\":\"https:\\\/\\\/www.cetys.mx\\\/noticias\\\/dios-nos-habla\\\/#breadcrumb\"},\"inLanguage\":\"es\",\"potentialAction\":[{\"@type\":\"ReadAction\",\"target\":[\"https:\\\/\\\/www.cetys.mx\\\/noticias\\\/dios-nos-habla\\\/\"]}]},{\"@type\":\"ImageObject\",\"inLanguage\":\"es\",\"@id\":\"https:\\\/\\\/www.cetys.mx\\\/noticias\\\/dios-nos-habla\\\/#primaryimage\",\"url\":\"https:\\\/\\\/www.cetys.mx\\\/noticias\\\/wp-content\\\/uploads\\\/2018\\\/08\\\/cetys_brio2018.png\",\"contentUrl\":\"https:\\\/\\\/www.cetys.mx\\\/noticias\\\/wp-content\\\/uploads\\\/2018\\\/08\\\/cetys_brio2018.png\",\"width\":958,\"height\":637},{\"@type\":\"BreadcrumbList\",\"@id\":\"https:\\\/\\\/www.cetys.mx\\\/noticias\\\/dios-nos-habla\\\/#breadcrumb\",\"itemListElement\":[{\"@type\":\"ListItem\",\"position\":1,\"name\":\"Inicio\",\"item\":\"https:\\\/\\\/www.cetys.mx\\\/noticias\\\/\"},{\"@type\":\"ListItem\",\"position\":2,\"name\":\"\u00bfDios nos habla?\"}]},{\"@type\":\"WebSite\",\"@id\":\"https:\\\/\\\/www.cetys.mx\\\/noticias\\\/#website\",\"url\":\"https:\\\/\\\/www.cetys.mx\\\/noticias\\\/\",\"name\":\"CETYS\",\"description\":\"\",\"potentialAction\":[{\"@type\":\"SearchAction\",\"target\":{\"@type\":\"EntryPoint\",\"urlTemplate\":\"https:\\\/\\\/www.cetys.mx\\\/noticias\\\/?s={search_term_string}\"},\"query-input\":{\"@type\":\"PropertyValueSpecification\",\"valueRequired\":true,\"valueName\":\"search_term_string\"}}],\"inLanguage\":\"es\"},{\"@type\":\"Person\",\"@id\":\"https:\\\/\\\/www.cetys.mx\\\/noticias\\\/#\\\/schema\\\/person\\\/c4eb69b020e39dc99cef8335a64ccb4b\",\"name\":\"Sistema CETYS Universidad\",\"url\":\"https:\\\/\\\/www.cetys.mx\\\/noticias\\\/author\\\/lorenaruiz\\\/\"}]}<\/script>\n<!-- \/ Yoast SEO plugin. -->","yoast_head_json":{"title":"\u00bfDios nos habla? - CETYS","description":"Articulo sobre \u00bfDios nos habla?","robots":{"index":"index","follow":"follow","max-snippet":"max-snippet:-1","max-image-preview":"max-image-preview:large","max-video-preview":"max-video-preview:-1"},"canonical":"https:\/\/www.cetys.mx\/noticias\/dios-nos-habla\/","og_locale":"es_MX","og_type":"article","og_title":"\u00bfDios nos habla? - CETYS","og_description":"Articulo sobre \u00bfDios nos habla?","og_url":"https:\/\/www.cetys.mx\/noticias\/dios-nos-habla\/","og_site_name":"CETYS","article_publisher":"https:\/\/www.facebook.com\/cetysuniversidadmxl\/","article_published_time":"2018-08-27T16:39:41+00:00","article_modified_time":"2018-08-28T17:10:00+00:00","og_image":[{"width":958,"height":637,"url":"https:\/\/www.cetys.mx\/noticias\/wp-content\/uploads\/2018\/08\/cetys_brio2018.png","type":"image\/png"}],"author":"Sistema CETYS Universidad","twitter_card":"summary_large_image","twitter_creator":"@cetysuni","twitter_site":"@cetysuni","twitter_misc":{"Escrito por":"Sistema CETYS Universidad","Tiempo de lectura":"2 minutos"},"schema":{"@context":"https:\/\/schema.org","@graph":[{"@type":"Article","@id":"https:\/\/www.cetys.mx\/noticias\/dios-nos-habla\/#article","isPartOf":{"@id":"https:\/\/www.cetys.mx\/noticias\/dios-nos-habla\/"},"author":{"name":"Sistema CETYS Universidad","@id":"https:\/\/www.cetys.mx\/noticias\/#\/schema\/person\/c4eb69b020e39dc99cef8335a64ccb4b"},"headline":"\u00bfDios nos habla?","datePublished":"2018-08-27T16:39:41+00:00","dateModified":"2018-08-28T17:10:00+00:00","mainEntityOfPage":{"@id":"https:\/\/www.cetys.mx\/noticias\/dios-nos-habla\/"},"wordCount":413,"commentCount":0,"image":{"@id":"https:\/\/www.cetys.mx\/noticias\/dios-nos-habla\/#primaryimage"},"thumbnailUrl":"https:\/\/www.cetys.mx\/noticias\/wp-content\/uploads\/2018\/08\/cetys_brio2018.png","keywords":["br\u00edo","espiritualidad","Vida Estudiantil"],"articleSection":["Opini\u00f3n"],"inLanguage":"es","potentialAction":[{"@type":"CommentAction","name":"Comment","target":["https:\/\/www.cetys.mx\/noticias\/dios-nos-habla\/#respond"]}]},{"@type":"WebPage","@id":"https:\/\/www.cetys.mx\/noticias\/dios-nos-habla\/","url":"https:\/\/www.cetys.mx\/noticias\/dios-nos-habla\/","name":"\u00bfDios nos habla? - CETYS","isPartOf":{"@id":"https:\/\/www.cetys.mx\/noticias\/#website"},"primaryImageOfPage":{"@id":"https:\/\/www.cetys.mx\/noticias\/dios-nos-habla\/#primaryimage"},"image":{"@id":"https:\/\/www.cetys.mx\/noticias\/dios-nos-habla\/#primaryimage"},"thumbnailUrl":"https:\/\/www.cetys.mx\/noticias\/wp-content\/uploads\/2018\/08\/cetys_brio2018.png","datePublished":"2018-08-27T16:39:41+00:00","dateModified":"2018-08-28T17:10:00+00:00","author":{"@id":"https:\/\/www.cetys.mx\/noticias\/#\/schema\/person\/c4eb69b020e39dc99cef8335a64ccb4b"},"description":"Articulo sobre \u00bfDios nos habla?","breadcrumb":{"@id":"https:\/\/www.cetys.mx\/noticias\/dios-nos-habla\/#breadcrumb"},"inLanguage":"es","potentialAction":[{"@type":"ReadAction","target":["https:\/\/www.cetys.mx\/noticias\/dios-nos-habla\/"]}]},{"@type":"ImageObject","inLanguage":"es","@id":"https:\/\/www.cetys.mx\/noticias\/dios-nos-habla\/#primaryimage","url":"https:\/\/www.cetys.mx\/noticias\/wp-content\/uploads\/2018\/08\/cetys_brio2018.png","contentUrl":"https:\/\/www.cetys.mx\/noticias\/wp-content\/uploads\/2018\/08\/cetys_brio2018.png","width":958,"height":637},{"@type":"BreadcrumbList","@id":"https:\/\/www.cetys.mx\/noticias\/dios-nos-habla\/#breadcrumb","itemListElement":[{"@type":"ListItem","position":1,"name":"Inicio","item":"https:\/\/www.cetys.mx\/noticias\/"},{"@type":"ListItem","position":2,"name":"\u00bfDios nos habla?"}]},{"@type":"WebSite","@id":"https:\/\/www.cetys.mx\/noticias\/#website","url":"https:\/\/www.cetys.mx\/noticias\/","name":"CETYS","description":"","potentialAction":[{"@type":"SearchAction","target":{"@type":"EntryPoint","urlTemplate":"https:\/\/www.cetys.mx\/noticias\/?s={search_term_string}"},"query-input":{"@type":"PropertyValueSpecification","valueRequired":true,"valueName":"search_term_string"}}],"inLanguage":"es"},{"@type":"Person","@id":"https:\/\/www.cetys.mx\/noticias\/#\/schema\/person\/c4eb69b020e39dc99cef8335a64ccb4b","name":"Sistema CETYS Universidad","url":"https:\/\/www.cetys.mx\/noticias\/author\/lorenaruiz\/"}]}},"_links":{"self":[{"href":"https:\/\/www.cetys.mx\/noticias\/wp-json\/wp\/v2\/posts\/116839","targetHints":{"allow":["GET"]}}],"collection":[{"href":"https:\/\/www.cetys.mx\/noticias\/wp-json\/wp\/v2\/posts"}],"about":[{"href":"https:\/\/www.cetys.mx\/noticias\/wp-json\/wp\/v2\/types\/post"}],"author":[{"embeddable":true,"href":"https:\/\/www.cetys.mx\/noticias\/wp-json\/wp\/v2\/users\/1"}],"replies":[{"embeddable":true,"href":"https:\/\/www.cetys.mx\/noticias\/wp-json\/wp\/v2\/comments?post=116839"}],"version-history":[{"count":0,"href":"https:\/\/www.cetys.mx\/noticias\/wp-json\/wp\/v2\/posts\/116839\/revisions"}],"wp:featuredmedia":[{"embeddable":true,"href":"https:\/\/www.cetys.mx\/noticias\/wp-json\/wp\/v2\/media\/116855"}],"wp:attachment":[{"href":"https:\/\/www.cetys.mx\/noticias\/wp-json\/wp\/v2\/media?parent=116839"}],"wp:term":[{"taxonomy":"category","embeddable":true,"href":"https:\/\/www.cetys.mx\/noticias\/wp-json\/wp\/v2\/categories?post=116839"},{"taxonomy":"post_tag","embeddable":true,"href":"https:\/\/www.cetys.mx\/noticias\/wp-json\/wp\/v2\/tags?post=116839"}],"curies":[{"name":"wp","href":"https:\/\/api.w.org\/{rel}","templated":true}]}}