{"id":116734,"date":"2018-08-24T11:50:38","date_gmt":"2018-08-24T18:50:38","guid":{"rendered":"http:\/\/www.cetys.mx\/noticias\/?p=116734"},"modified":"2018-08-24T12:56:01","modified_gmt":"2018-08-24T19:56:01","slug":"comunidad-cetys-por-el-mundo","status":"publish","type":"post","link":"https:\/\/www.cetys.mx\/noticias\/comunidad-cetys-por-el-mundo\/","title":{"rendered":"Comunidad CETYS por el mundo"},"content":{"rendered":"<p><span style=\"font-weight: 400;\"><strong>\u00bfY a ti d\u00f3nde te gustar\u00eda vivir una experiencia internacional?<\/strong> Ellos aprovecharon su descanso de verano para participar en alguno de los programas que CETYS Universidad, en conjunto con otras instituciones, ofertan alrededor del mundo; alumnos del Campus Tijuana nos compartieron las fotograf\u00edas de dichos viajes, donde tuvieron la oportunidad de convivir con estudiantes de otros campus.\u00a0<\/span><\/p>\n<p><span style=\"font-weight: 400;\">Dato curioso: En la \u00faltima graduaci\u00f3n, 54 % de quienes obtuvieron su t\u00edtulo universitario vivi\u00f3 una experiencia acad\u00e9mica fuera de M\u00e9xico.<\/span><\/p>\n\n            <style type='text\/css'>\n                #gallery-1 {\n                    margin: auto;\n                }\n                #gallery-1 .gallery-item {\n                    float: left;\n                    margin-top: 10px;\n                    text-align: center;\n                    width: 33%;\n                }\n                #gallery-1 img {\n                    border: 2px solid #cfcfcf;\n                }\n                #gallery-1 .gallery-caption {\n                    margin-left: 0;\n                }\n                \/* see gallery_shortcode() in wp-includes\/media.php *\/\n            <\/style>\n\t\t<div id='gallery-1' class='gallery galleryid-116734 gallery-columns-3 gallery-size-thumbnail'><dl class='gallery-item'>\n                <dt class='gallery-icon landscape'>\n                    <a href='https:\/\/www.cetys.mx\/noticias\/wp-content\/uploads\/2018\/08\/cetys_veranointernacional18-1.jpg'><img loading=\"lazy\" decoding=\"async\" width=\"128\" height=\"85\" src=\"https:\/\/www.cetys.mx\/noticias\/wp-content\/uploads\/2018\/08\/cetys_veranointernacional18-1.jpg\" class=\"attachment-thumbnail size-thumbnail\" alt=\"\" aria-describedby=\"gallery-1-116735\" srcset=\"https:\/\/www.cetys.mx\/noticias\/wp-content\/uploads\/2018\/08\/cetys_veranointernacional18-1.jpg 958w, https:\/\/www.cetys.mx\/noticias\/wp-content\/uploads\/2018\/08\/cetys_veranointernacional18-1-768x511.jpg 768w\" sizes=\"auto, (max-width: 128px) 100vw, 128px\" \/><\/a>\n                <\/dt>\n                    <dd class='wp-caption-text gallery-caption' id='gallery-1-116735'>\n                    Curso de Neuromarketing, Universidad Complutense de Madrid, Espa\u00f1a.  \n                    <\/dd><\/dl><dl class='gallery-item'>\n                <dt class='gallery-icon landscape'>\n                    <a href='https:\/\/www.cetys.mx\/noticias\/wp-content\/uploads\/2018\/08\/cetys_veranointernacional18-2.jpg'><img loading=\"lazy\" decoding=\"async\" width=\"128\" height=\"85\" src=\"https:\/\/www.cetys.mx\/noticias\/wp-content\/uploads\/2018\/08\/cetys_veranointernacional18-2.jpg\" class=\"attachment-thumbnail size-thumbnail\" alt=\"\" aria-describedby=\"gallery-1-116736\" srcset=\"https:\/\/www.cetys.mx\/noticias\/wp-content\/uploads\/2018\/08\/cetys_veranointernacional18-2.jpg 958w, https:\/\/www.cetys.mx\/noticias\/wp-content\/uploads\/2018\/08\/cetys_veranointernacional18-2-768x511.jpg 768w\" sizes=\"auto, (max-width: 128px) 100vw, 128px\" \/><\/a>\n                <\/dt>\n                    <dd class='wp-caption-text gallery-caption' id='gallery-1-116736'>\n                    Viaje cultural de Prepa CETYS, Italia, Francia e Inglaterra. \n                    <\/dd><\/dl><dl class='gallery-item'>\n                <dt class='gallery-icon landscape'>\n                    <a href='https:\/\/www.cetys.mx\/noticias\/wp-content\/uploads\/2018\/08\/cetys_veranointernacional18-3.jpg'><img loading=\"lazy\" decoding=\"async\" width=\"128\" height=\"85\" src=\"https:\/\/www.cetys.mx\/noticias\/wp-content\/uploads\/2018\/08\/cetys_veranointernacional18-3.jpg\" class=\"attachment-thumbnail size-thumbnail\" alt=\"\" aria-describedby=\"gallery-1-116737\" srcset=\"https:\/\/www.cetys.mx\/noticias\/wp-content\/uploads\/2018\/08\/cetys_veranointernacional18-3.jpg 958w, https:\/\/www.cetys.mx\/noticias\/wp-content\/uploads\/2018\/08\/cetys_veranointernacional18-3-768x511.jpg 768w\" sizes=\"auto, (max-width: 128px) 100vw, 128px\" \/><\/a>\n                <\/dt>\n                    <dd class='wp-caption-text gallery-caption' id='gallery-1-116737'>\n                    International Experience Workshop Series, The Chicago School of Professional Psychology, Estados Unidos. \n                    <\/dd><\/dl><br style=\"clear: both\" \/><dl class='gallery-item'>\n                <dt class='gallery-icon landscape'>\n                    <a href='https:\/\/www.cetys.mx\/noticias\/wp-content\/uploads\/2018\/08\/cetys_veranointernacional18-4.jpg'><img loading=\"lazy\" decoding=\"async\" width=\"128\" height=\"85\" src=\"https:\/\/www.cetys.mx\/noticias\/wp-content\/uploads\/2018\/08\/cetys_veranointernacional18-4.jpg\" class=\"attachment-thumbnail size-thumbnail\" alt=\"\" aria-describedby=\"gallery-1-116738\" srcset=\"https:\/\/www.cetys.mx\/noticias\/wp-content\/uploads\/2018\/08\/cetys_veranointernacional18-4.jpg 958w, https:\/\/www.cetys.mx\/noticias\/wp-content\/uploads\/2018\/08\/cetys_veranointernacional18-4-768x511.jpg 768w\" sizes=\"auto, (max-width: 128px) 100vw, 128px\" \/><\/a>\n                <\/dt>\n                    <dd class='wp-caption-text gallery-caption' id='gallery-1-116738'>\n                    Seminario Fuentes de Energ\u00edas Renovables, Universidad de Alcal\u00e1 de Henares, Espa\u00f1a. \n                    <\/dd><\/dl><dl class='gallery-item'>\n                <dt class='gallery-icon landscape'>\n                    <a href='https:\/\/www.cetys.mx\/noticias\/wp-content\/uploads\/2018\/08\/cetys_veranointernacional18-5.jpg'><img loading=\"lazy\" decoding=\"async\" width=\"128\" height=\"85\" src=\"https:\/\/www.cetys.mx\/noticias\/wp-content\/uploads\/2018\/08\/cetys_veranointernacional18-5.jpg\" class=\"attachment-thumbnail size-thumbnail\" alt=\"\" aria-describedby=\"gallery-1-116739\" srcset=\"https:\/\/www.cetys.mx\/noticias\/wp-content\/uploads\/2018\/08\/cetys_veranointernacional18-5.jpg 958w, https:\/\/www.cetys.mx\/noticias\/wp-content\/uploads\/2018\/08\/cetys_veranointernacional18-5-768x511.jpg 768w\" sizes=\"auto, (max-width: 128px) 100vw, 128px\" \/><\/a>\n                <\/dt>\n                    <dd class='wp-caption-text gallery-caption' id='gallery-1-116739'>\n                    International Summer Program, CETYS Universidad Campus Internacional Ensenada, M\u00e9xico.\n                    <\/dd><\/dl><dl class='gallery-item'>\n                <dt class='gallery-icon landscape'>\n                    <a href='https:\/\/www.cetys.mx\/noticias\/wp-content\/uploads\/2018\/08\/cetys_veranointernacional18-6.jpg'><img loading=\"lazy\" decoding=\"async\" width=\"128\" height=\"85\" src=\"https:\/\/www.cetys.mx\/noticias\/wp-content\/uploads\/2018\/08\/cetys_veranointernacional18-6.jpg\" class=\"attachment-thumbnail size-thumbnail\" alt=\"\" aria-describedby=\"gallery-1-116740\" srcset=\"https:\/\/www.cetys.mx\/noticias\/wp-content\/uploads\/2018\/08\/cetys_veranointernacional18-6.jpg 958w, https:\/\/www.cetys.mx\/noticias\/wp-content\/uploads\/2018\/08\/cetys_veranointernacional18-6-768x511.jpg 768w\" sizes=\"auto, (max-width: 128px) 100vw, 128px\" \/><\/a>\n                <\/dt>\n                    <dd class='wp-caption-text gallery-caption' id='gallery-1-116740'>\n                    Intercultural Leadership Seminar, Fairleigh Dickinson University, Estados Unidos. \n                    <\/dd><\/dl><br style=\"clear: both\" \/><dl class='gallery-item'>\n                <dt class='gallery-icon landscape'>\n                    <a href='https:\/\/www.cetys.mx\/noticias\/wp-content\/uploads\/2018\/08\/cetys_veranointernacional18-7.jpg'><img loading=\"lazy\" decoding=\"async\" width=\"128\" height=\"85\" src=\"https:\/\/www.cetys.mx\/noticias\/wp-content\/uploads\/2018\/08\/cetys_veranointernacional18-7.jpg\" class=\"attachment-thumbnail size-thumbnail\" alt=\"\" aria-describedby=\"gallery-1-116741\" srcset=\"https:\/\/www.cetys.mx\/noticias\/wp-content\/uploads\/2018\/08\/cetys_veranointernacional18-7.jpg 958w, https:\/\/www.cetys.mx\/noticias\/wp-content\/uploads\/2018\/08\/cetys_veranointernacional18-7-768x511.jpg 768w\" sizes=\"auto, (max-width: 128px) 100vw, 128px\" \/><\/a>\n                <\/dt>\n                    <dd class='wp-caption-text gallery-caption' id='gallery-1-116741'>\n                    Doble Grado en City University of Seattle, Washington, Estados Unidos. \n                    <\/dd><\/dl><dl class='gallery-item'>\n                <dt class='gallery-icon landscape'>\n                    <a href='https:\/\/www.cetys.mx\/noticias\/wp-content\/uploads\/2018\/08\/cetys_veranointernacional18-8.jpg'><img loading=\"lazy\" decoding=\"async\" width=\"128\" height=\"85\" src=\"https:\/\/www.cetys.mx\/noticias\/wp-content\/uploads\/2018\/08\/cetys_veranointernacional18-8.jpg\" class=\"attachment-thumbnail size-thumbnail\" alt=\"\" srcset=\"https:\/\/www.cetys.mx\/noticias\/wp-content\/uploads\/2018\/08\/cetys_veranointernacional18-8.jpg 958w, https:\/\/www.cetys.mx\/noticias\/wp-content\/uploads\/2018\/08\/cetys_veranointernacional18-8-768x511.jpg 768w\" sizes=\"auto, (max-width: 128px) 100vw, 128px\" \/><\/a>\n                <\/dt><\/dl><dl class='gallery-item'>\n                <dt class='gallery-icon landscape'>\n                    <a href='https:\/\/www.cetys.mx\/noticias\/wp-content\/uploads\/2018\/08\/cetys_veranointernacional18-9.jpg'><img loading=\"lazy\" decoding=\"async\" width=\"128\" height=\"85\" src=\"https:\/\/www.cetys.mx\/noticias\/wp-content\/uploads\/2018\/08\/cetys_veranointernacional18-9.jpg\" class=\"attachment-thumbnail size-thumbnail\" alt=\"\" aria-describedby=\"gallery-1-116743\" srcset=\"https:\/\/www.cetys.mx\/noticias\/wp-content\/uploads\/2018\/08\/cetys_veranointernacional18-9.jpg 958w, https:\/\/www.cetys.mx\/noticias\/wp-content\/uploads\/2018\/08\/cetys_veranointernacional18-9-768x511.jpg 768w\" sizes=\"auto, (max-width: 128px) 100vw, 128px\" \/><\/a>\n                <\/dt>\n                    <dd class='wp-caption-text gallery-caption' id='gallery-1-116743'>\n                    Entrepreneurship Course, SDSU &#8211; Universidad de Alcal\u00e1 de Henares, Estados Unidos y Espa\u00f1a.  \n                    <\/dd><\/dl><br style=\"clear: both\" \/><dl class='gallery-item'>\n                <dt class='gallery-icon landscape'>\n                    <a href='https:\/\/www.cetys.mx\/noticias\/wp-content\/uploads\/2018\/08\/cetys_veranointernacional18-10.jpg'><img loading=\"lazy\" decoding=\"async\" width=\"128\" height=\"85\" src=\"https:\/\/www.cetys.mx\/noticias\/wp-content\/uploads\/2018\/08\/cetys_veranointernacional18-10.jpg\" class=\"attachment-thumbnail size-thumbnail\" alt=\"\" aria-describedby=\"gallery-1-116744\" srcset=\"https:\/\/www.cetys.mx\/noticias\/wp-content\/uploads\/2018\/08\/cetys_veranointernacional18-10.jpg 958w, https:\/\/www.cetys.mx\/noticias\/wp-content\/uploads\/2018\/08\/cetys_veranointernacional18-10-768x511.jpg 768w\" sizes=\"auto, (max-width: 128px) 100vw, 128px\" \/><\/a>\n                <\/dt>\n                    <dd class='wp-caption-text gallery-caption' id='gallery-1-116744'>\n                    International Operations and Strategy Course, Northwestern Polytechnical University, China. \n                    <\/dd><\/dl><dl class='gallery-item'>\n                <dt class='gallery-icon landscape'>\n                    <a href='https:\/\/www.cetys.mx\/noticias\/wp-content\/uploads\/2018\/08\/cetys_veranointernacional18-11.jpg'><img loading=\"lazy\" decoding=\"async\" width=\"128\" height=\"85\" src=\"https:\/\/www.cetys.mx\/noticias\/wp-content\/uploads\/2018\/08\/cetys_veranointernacional18-11.jpg\" class=\"attachment-thumbnail size-thumbnail\" alt=\"\" aria-describedby=\"gallery-1-116745\" srcset=\"https:\/\/www.cetys.mx\/noticias\/wp-content\/uploads\/2018\/08\/cetys_veranointernacional18-11.jpg 958w, https:\/\/www.cetys.mx\/noticias\/wp-content\/uploads\/2018\/08\/cetys_veranointernacional18-11-768x511.jpg 768w\" sizes=\"auto, (max-width: 128px) 100vw, 128px\" \/><\/a>\n                <\/dt>\n                    <dd class='wp-caption-text gallery-caption' id='gallery-1-116745'>\n                    International Leadership and Innovation Course, San Diego State University, Estado Unidos. \n                    <\/dd><\/dl>\n                <br style='clear: both' \/>\n            <\/div>\n\n","protected":false},"excerpt":{"rendered":"<p>\u00bfY a ti d\u00f3nde te gustar\u00eda vivir una experiencia internacional? Ellos aprovecharon su descanso de verano para participar en alguno de los&#8230;<\/p>\n","protected":false},"author":24,"featured_media":116749,"comment_status":"open","ping_status":"closed","sticky":false,"template":"","format":"gallery","meta":{"footnotes":""},"categories":[143,313],"tags":[221,92,176,721],"class_list":["post-116734","post","type-post","status-publish","format-gallery","has-post-thumbnail","hentry","category-galeria","category-vocetys-2","tag-internacional","tag-preparatoria","tag-profesional","tag-vida-estudiantil","post_format-post-format-gallery"],"yoast_head":"<!-- This site is optimized with the Yoast SEO plugin v27.4 - https:\/\/yoast.com\/product\/yoast-seo-wordpress\/ -->\n<title>Comunidad CETYS por el mundo - CETYS<\/title>\n<meta name=\"description\" content=\"Articulo sobre Comunidad CETYS por el mundo\" \/>\n<meta name=\"robots\" content=\"index, follow, max-snippet:-1, max-image-preview:large, max-video-preview:-1\" \/>\n<link rel=\"canonical\" href=\"https:\/\/www.cetys.mx\/noticias\/comunidad-cetys-por-el-mundo\/\" \/>\n<meta property=\"og:locale\" content=\"es_MX\" \/>\n<meta property=\"og:type\" content=\"article\" \/>\n<meta property=\"og:title\" content=\"Comunidad CETYS por el mundo - CETYS\" \/>\n<meta property=\"og:description\" content=\"Articulo sobre Comunidad CETYS por el mundo\" \/>\n<meta property=\"og:url\" content=\"https:\/\/www.cetys.mx\/noticias\/comunidad-cetys-por-el-mundo\/\" \/>\n<meta property=\"og:site_name\" content=\"CETYS\" \/>\n<meta property=\"article:publisher\" content=\"https:\/\/www.facebook.com\/cetysuniversidadmxl\/\" \/>\n<meta property=\"article:published_time\" content=\"2018-08-24T18:50:38+00:00\" \/>\n<meta property=\"article:modified_time\" content=\"2018-08-24T19:56:01+00:00\" \/>\n<meta property=\"og:image\" content=\"https:\/\/www.cetys.mx\/noticias\/wp-content\/uploads\/2018\/08\/cetys_veranointernacional18-2-1.jpg\" \/>\n\t<meta property=\"og:image:width\" content=\"958\" \/>\n\t<meta property=\"og:image:height\" content=\"637\" \/>\n\t<meta property=\"og:image:type\" content=\"image\/jpeg\" \/>\n<meta name=\"author\" content=\"Campus Tijuana\" \/>\n<meta name=\"twitter:card\" content=\"summary_large_image\" \/>\n<meta name=\"twitter:creator\" content=\"@cetysuni\" \/>\n<meta name=\"twitter:site\" content=\"@cetysuni\" \/>\n<meta name=\"twitter:label1\" content=\"Escrito por\" \/>\n\t<meta name=\"twitter:data1\" content=\"Campus Tijuana\" \/>\n<script type=\"application\/ld+json\" class=\"yoast-schema-graph\">{\"@context\":\"https:\\\/\\\/schema.org\",\"@graph\":[{\"@type\":\"Article\",\"@id\":\"https:\\\/\\\/www.cetys.mx\\\/noticias\\\/comunidad-cetys-por-el-mundo\\\/#article\",\"isPartOf\":{\"@id\":\"https:\\\/\\\/www.cetys.mx\\\/noticias\\\/comunidad-cetys-por-el-mundo\\\/\"},\"author\":{\"name\":\"Campus Tijuana\",\"@id\":\"https:\\\/\\\/www.cetys.mx\\\/noticias\\\/#\\\/schema\\\/person\\\/e790051ce60e18ae47cfa87011c8653f\"},\"headline\":\"Comunidad CETYS por el mundo\",\"datePublished\":\"2018-08-24T18:50:38+00:00\",\"dateModified\":\"2018-08-24T19:56:01+00:00\",\"mainEntityOfPage\":{\"@id\":\"https:\\\/\\\/www.cetys.mx\\\/noticias\\\/comunidad-cetys-por-el-mundo\\\/\"},\"wordCount\":92,\"commentCount\":0,\"image\":{\"@id\":\"https:\\\/\\\/www.cetys.mx\\\/noticias\\\/comunidad-cetys-por-el-mundo\\\/#primaryimage\"},\"thumbnailUrl\":\"https:\\\/\\\/www.cetys.mx\\\/noticias\\\/wp-content\\\/uploads\\\/2018\\\/08\\\/cetys_veranointernacional18-2-1.jpg\",\"keywords\":[\"internacional\",\"Preparatoria\",\"profesional\",\"Vida Estudiantil\"],\"articleSection\":[\"Galer\u00eda\",\"VoCETYS\"],\"inLanguage\":\"es\",\"potentialAction\":[{\"@type\":\"CommentAction\",\"name\":\"Comment\",\"target\":[\"https:\\\/\\\/www.cetys.mx\\\/noticias\\\/comunidad-cetys-por-el-mundo\\\/#respond\"]}]},{\"@type\":\"WebPage\",\"@id\":\"https:\\\/\\\/www.cetys.mx\\\/noticias\\\/comunidad-cetys-por-el-mundo\\\/\",\"url\":\"https:\\\/\\\/www.cetys.mx\\\/noticias\\\/comunidad-cetys-por-el-mundo\\\/\",\"name\":\"Comunidad CETYS por el mundo - CETYS\",\"isPartOf\":{\"@id\":\"https:\\\/\\\/www.cetys.mx\\\/noticias\\\/#website\"},\"primaryImageOfPage\":{\"@id\":\"https:\\\/\\\/www.cetys.mx\\\/noticias\\\/comunidad-cetys-por-el-mundo\\\/#primaryimage\"},\"image\":{\"@id\":\"https:\\\/\\\/www.cetys.mx\\\/noticias\\\/comunidad-cetys-por-el-mundo\\\/#primaryimage\"},\"thumbnailUrl\":\"https:\\\/\\\/www.cetys.mx\\\/noticias\\\/wp-content\\\/uploads\\\/2018\\\/08\\\/cetys_veranointernacional18-2-1.jpg\",\"datePublished\":\"2018-08-24T18:50:38+00:00\",\"dateModified\":\"2018-08-24T19:56:01+00:00\",\"author\":{\"@id\":\"https:\\\/\\\/www.cetys.mx\\\/noticias\\\/#\\\/schema\\\/person\\\/e790051ce60e18ae47cfa87011c8653f\"},\"description\":\"Articulo sobre Comunidad CETYS por el mundo\",\"breadcrumb\":{\"@id\":\"https:\\\/\\\/www.cetys.mx\\\/noticias\\\/comunidad-cetys-por-el-mundo\\\/#breadcrumb\"},\"inLanguage\":\"es\",\"potentialAction\":[{\"@type\":\"ReadAction\",\"target\":[\"https:\\\/\\\/www.cetys.mx\\\/noticias\\\/comunidad-cetys-por-el-mundo\\\/\"]}]},{\"@type\":\"ImageObject\",\"inLanguage\":\"es\",\"@id\":\"https:\\\/\\\/www.cetys.mx\\\/noticias\\\/comunidad-cetys-por-el-mundo\\\/#primaryimage\",\"url\":\"https:\\\/\\\/www.cetys.mx\\\/noticias\\\/wp-content\\\/uploads\\\/2018\\\/08\\\/cetys_veranointernacional18-2-1.jpg\",\"contentUrl\":\"https:\\\/\\\/www.cetys.mx\\\/noticias\\\/wp-content\\\/uploads\\\/2018\\\/08\\\/cetys_veranointernacional18-2-1.jpg\",\"width\":958,\"height\":637},{\"@type\":\"BreadcrumbList\",\"@id\":\"https:\\\/\\\/www.cetys.mx\\\/noticias\\\/comunidad-cetys-por-el-mundo\\\/#breadcrumb\",\"itemListElement\":[{\"@type\":\"ListItem\",\"position\":1,\"name\":\"Inicio\",\"item\":\"https:\\\/\\\/www.cetys.mx\\\/noticias\\\/\"},{\"@type\":\"ListItem\",\"position\":2,\"name\":\"Comunidad CETYS por el mundo\"}]},{\"@type\":\"WebSite\",\"@id\":\"https:\\\/\\\/www.cetys.mx\\\/noticias\\\/#website\",\"url\":\"https:\\\/\\\/www.cetys.mx\\\/noticias\\\/\",\"name\":\"CETYS\",\"description\":\"\",\"potentialAction\":[{\"@type\":\"SearchAction\",\"target\":{\"@type\":\"EntryPoint\",\"urlTemplate\":\"https:\\\/\\\/www.cetys.mx\\\/noticias\\\/?s={search_term_string}\"},\"query-input\":{\"@type\":\"PropertyValueSpecification\",\"valueRequired\":true,\"valueName\":\"search_term_string\"}}],\"inLanguage\":\"es\"},{\"@type\":\"Person\",\"@id\":\"https:\\\/\\\/www.cetys.mx\\\/noticias\\\/#\\\/schema\\\/person\\\/e790051ce60e18ae47cfa87011c8653f\",\"name\":\"Campus Tijuana\",\"url\":\"https:\\\/\\\/www.cetys.mx\\\/noticias\\\/author\\\/campustijuana\\\/\"}]}<\/script>\n<!-- \/ Yoast SEO plugin. -->","yoast_head_json":{"title":"Comunidad CETYS por el mundo - CETYS","description":"Articulo sobre Comunidad CETYS por el mundo","robots":{"index":"index","follow":"follow","max-snippet":"max-snippet:-1","max-image-preview":"max-image-preview:large","max-video-preview":"max-video-preview:-1"},"canonical":"https:\/\/www.cetys.mx\/noticias\/comunidad-cetys-por-el-mundo\/","og_locale":"es_MX","og_type":"article","og_title":"Comunidad CETYS por el mundo - CETYS","og_description":"Articulo sobre Comunidad CETYS por el mundo","og_url":"https:\/\/www.cetys.mx\/noticias\/comunidad-cetys-por-el-mundo\/","og_site_name":"CETYS","article_publisher":"https:\/\/www.facebook.com\/cetysuniversidadmxl\/","article_published_time":"2018-08-24T18:50:38+00:00","article_modified_time":"2018-08-24T19:56:01+00:00","og_image":[{"width":958,"height":637,"url":"https:\/\/www.cetys.mx\/noticias\/wp-content\/uploads\/2018\/08\/cetys_veranointernacional18-2-1.jpg","type":"image\/jpeg"}],"author":"Campus Tijuana","twitter_card":"summary_large_image","twitter_creator":"@cetysuni","twitter_site":"@cetysuni","twitter_misc":{"Escrito por":"Campus Tijuana"},"schema":{"@context":"https:\/\/schema.org","@graph":[{"@type":"Article","@id":"https:\/\/www.cetys.mx\/noticias\/comunidad-cetys-por-el-mundo\/#article","isPartOf":{"@id":"https:\/\/www.cetys.mx\/noticias\/comunidad-cetys-por-el-mundo\/"},"author":{"name":"Campus Tijuana","@id":"https:\/\/www.cetys.mx\/noticias\/#\/schema\/person\/e790051ce60e18ae47cfa87011c8653f"},"headline":"Comunidad CETYS por el mundo","datePublished":"2018-08-24T18:50:38+00:00","dateModified":"2018-08-24T19:56:01+00:00","mainEntityOfPage":{"@id":"https:\/\/www.cetys.mx\/noticias\/comunidad-cetys-por-el-mundo\/"},"wordCount":92,"commentCount":0,"image":{"@id":"https:\/\/www.cetys.mx\/noticias\/comunidad-cetys-por-el-mundo\/#primaryimage"},"thumbnailUrl":"https:\/\/www.cetys.mx\/noticias\/wp-content\/uploads\/2018\/08\/cetys_veranointernacional18-2-1.jpg","keywords":["internacional","Preparatoria","profesional","Vida Estudiantil"],"articleSection":["Galer\u00eda","VoCETYS"],"inLanguage":"es","potentialAction":[{"@type":"CommentAction","name":"Comment","target":["https:\/\/www.cetys.mx\/noticias\/comunidad-cetys-por-el-mundo\/#respond"]}]},{"@type":"WebPage","@id":"https:\/\/www.cetys.mx\/noticias\/comunidad-cetys-por-el-mundo\/","url":"https:\/\/www.cetys.mx\/noticias\/comunidad-cetys-por-el-mundo\/","name":"Comunidad CETYS por el mundo - CETYS","isPartOf":{"@id":"https:\/\/www.cetys.mx\/noticias\/#website"},"primaryImageOfPage":{"@id":"https:\/\/www.cetys.mx\/noticias\/comunidad-cetys-por-el-mundo\/#primaryimage"},"image":{"@id":"https:\/\/www.cetys.mx\/noticias\/comunidad-cetys-por-el-mundo\/#primaryimage"},"thumbnailUrl":"https:\/\/www.cetys.mx\/noticias\/wp-content\/uploads\/2018\/08\/cetys_veranointernacional18-2-1.jpg","datePublished":"2018-08-24T18:50:38+00:00","dateModified":"2018-08-24T19:56:01+00:00","author":{"@id":"https:\/\/www.cetys.mx\/noticias\/#\/schema\/person\/e790051ce60e18ae47cfa87011c8653f"},"description":"Articulo sobre Comunidad CETYS por el mundo","breadcrumb":{"@id":"https:\/\/www.cetys.mx\/noticias\/comunidad-cetys-por-el-mundo\/#breadcrumb"},"inLanguage":"es","potentialAction":[{"@type":"ReadAction","target":["https:\/\/www.cetys.mx\/noticias\/comunidad-cetys-por-el-mundo\/"]}]},{"@type":"ImageObject","inLanguage":"es","@id":"https:\/\/www.cetys.mx\/noticias\/comunidad-cetys-por-el-mundo\/#primaryimage","url":"https:\/\/www.cetys.mx\/noticias\/wp-content\/uploads\/2018\/08\/cetys_veranointernacional18-2-1.jpg","contentUrl":"https:\/\/www.cetys.mx\/noticias\/wp-content\/uploads\/2018\/08\/cetys_veranointernacional18-2-1.jpg","width":958,"height":637},{"@type":"BreadcrumbList","@id":"https:\/\/www.cetys.mx\/noticias\/comunidad-cetys-por-el-mundo\/#breadcrumb","itemListElement":[{"@type":"ListItem","position":1,"name":"Inicio","item":"https:\/\/www.cetys.mx\/noticias\/"},{"@type":"ListItem","position":2,"name":"Comunidad CETYS por el mundo"}]},{"@type":"WebSite","@id":"https:\/\/www.cetys.mx\/noticias\/#website","url":"https:\/\/www.cetys.mx\/noticias\/","name":"CETYS","description":"","potentialAction":[{"@type":"SearchAction","target":{"@type":"EntryPoint","urlTemplate":"https:\/\/www.cetys.mx\/noticias\/?s={search_term_string}"},"query-input":{"@type":"PropertyValueSpecification","valueRequired":true,"valueName":"search_term_string"}}],"inLanguage":"es"},{"@type":"Person","@id":"https:\/\/www.cetys.mx\/noticias\/#\/schema\/person\/e790051ce60e18ae47cfa87011c8653f","name":"Campus Tijuana","url":"https:\/\/www.cetys.mx\/noticias\/author\/campustijuana\/"}]}},"_links":{"self":[{"href":"https:\/\/www.cetys.mx\/noticias\/wp-json\/wp\/v2\/posts\/116734","targetHints":{"allow":["GET"]}}],"collection":[{"href":"https:\/\/www.cetys.mx\/noticias\/wp-json\/wp\/v2\/posts"}],"about":[{"href":"https:\/\/www.cetys.mx\/noticias\/wp-json\/wp\/v2\/types\/post"}],"author":[{"embeddable":true,"href":"https:\/\/www.cetys.mx\/noticias\/wp-json\/wp\/v2\/users\/24"}],"replies":[{"embeddable":true,"href":"https:\/\/www.cetys.mx\/noticias\/wp-json\/wp\/v2\/comments?post=116734"}],"version-history":[{"count":0,"href":"https:\/\/www.cetys.mx\/noticias\/wp-json\/wp\/v2\/posts\/116734\/revisions"}],"wp:featuredmedia":[{"embeddable":true,"href":"https:\/\/www.cetys.mx\/noticias\/wp-json\/wp\/v2\/media\/116749"}],"wp:attachment":[{"href":"https:\/\/www.cetys.mx\/noticias\/wp-json\/wp\/v2\/media?parent=116734"}],"wp:term":[{"taxonomy":"category","embeddable":true,"href":"https:\/\/www.cetys.mx\/noticias\/wp-json\/wp\/v2\/categories?post=116734"},{"taxonomy":"post_tag","embeddable":true,"href":"https:\/\/www.cetys.mx\/noticias\/wp-json\/wp\/v2\/tags?post=116734"}],"curies":[{"name":"wp","href":"https:\/\/api.w.org\/{rel}","templated":true}]}}