{"id":116674,"date":"2018-08-23T08:15:01","date_gmt":"2018-08-23T15:15:01","guid":{"rendered":"http:\/\/www.cetys.mx\/noticias\/?p=116674"},"modified":"2018-08-23T08:15:01","modified_gmt":"2018-08-23T15:15:01","slug":"afinan-seleccion-cetys-para-pretemporada-2018","status":"publish","type":"post","link":"https:\/\/www.cetys.mx\/noticias\/afinan-seleccion-cetys-para-pretemporada-2018\/","title":{"rendered":"Afinan Selecci\u00f3n CETYS para pretemporada 2018"},"content":{"rendered":"<blockquote>\n<div align=\"justify\">\u201cEstamos a escasos d\u00edas de que la pelota empiece a volar y la parte m\u00e1s bonita del a\u00f1o empiece a fluir\u201d: \u00c1ngel Medina Garibay.<\/div>\n<\/blockquote>\n<div align=\"justify\"><\/div>\n<div align=\"justify\">Los equipos de Futbol Americano de\u00a0<strong>Zorros de CETYS Universidad<\/strong>, tuvieron pr\u00e1ctica de Selecci\u00f3n en tierras tijuanenses el fin de semana, con la finalidad de definir estrategias para los juegos internacionales que se tienen a partir del 25 de agosto.<\/div>\n<div align=\"justify\"><\/div>\n<div align=\"justify\">Tomar el ritmo del equipo como Selecci\u00f3n CETYS, que los j\u00f3venes de Mexicali y Tijuana se conocieran dentro del emparrillado y trabajar de una manera m\u00e1s arm\u00f3nica, fue el objetivo el s\u00e1bado, donde se jug\u00f3 primeramente en el terreno de COBACH Nueva Tijuana y posteriormente en CETYS Campus Tijuana.<\/div>\n<div align=\"justify\">\n<div id=\"attachment_116637\" style=\"width: 4221px\" class=\"wp-caption alignnone\"><img loading=\"lazy\" decoding=\"async\" aria-describedby=\"caption-attachment-116637\" class=\"size-full wp-image-116637\" src=\"https:\/\/www.cetys.mx\/noticias\/wp-content\/uploads\/2018\/08\/practicaseleccionCETYS-3.jpg\" alt=\"\" width=\"4211\" height=\"2807\" srcset=\"https:\/\/www.cetys.mx\/noticias\/wp-content\/uploads\/2018\/08\/practicaseleccionCETYS-3.jpg 4211w, https:\/\/www.cetys.mx\/noticias\/wp-content\/uploads\/2018\/08\/practicaseleccionCETYS-3-768x512.jpg 768w\" sizes=\"auto, (max-width: 4211px) 100vw, 4211px\" \/><p id=\"caption-attachment-116637\" class=\"wp-caption-text\">Jugadores de Campus Mexicali viajaron a Campus Tijuana para la pr\u00e1ctica de Selecci\u00f3n.<\/p><\/div>\n<\/div>\n<div align=\"justify\"><\/div>\n<div align=\"justify\">Enrique Lechuga, Director Estatal de Deportes en CETYS Universidad, coment\u00f3 que el concepto de juntar a dos equipos que tradicionalmente compiten entre ellos, es parte de la visi\u00f3n que se tiene de unificar, y aunque el Futbol Americano es un deporte de contacto se puede lograr, es un gran paso para mostrar que CETYS Universidad es un solo CETYS aunque sean varios Campus.<\/div>\n<div align=\"justify\"><\/div>\n<blockquote>\n<div align=\"justify\">El Head Coach de Zorros Tijuana, Ernesto Campa coment\u00f3: \u201cFue una pr\u00e1ctica muy productiva, avanzamos mucho; elaboramos un sistema ofensivo\/defensivo adecuado para que todos los elementos se sientan seguros de llevarlo a cabo. Tambi\u00e9n la convivencia entre ambos equipos fue buena, estoy seguro que brindaremos competencia\u201d.<\/div>\n<\/blockquote>\n<div align=\"justify\"><\/div>\n<div align=\"justify\">Esta semana se abre la temporada para CETYS, cuando se viaje el s\u00e1bado a Phoenix Arizona, jugando la primera mitad Tijuana y la segunda Mexicali ante Spirits: \u201cOUAZ se encuentra en reconstrucci\u00f3n por los cambios que han tenido en los \u00faltimos meses, as\u00ed que esperamos un partido dif\u00edcil pero no tan duro f\u00edsicamente hablando. Vamos a lograr el objetivo de poner en alto el nombre de CETYS Universidad en el extranjero\u201d coment\u00f3 Campa.<\/div>\n<div align=\"justify\">\n<div id=\"attachment_116636\" style=\"width: 2184px\" class=\"wp-caption alignnone\"><img loading=\"lazy\" decoding=\"async\" aria-describedby=\"caption-attachment-116636\" class=\"size-full wp-image-116636\" src=\"https:\/\/www.cetys.mx\/noticias\/wp-content\/uploads\/2018\/08\/practicaseleccionCETYS-2.jpg\" alt=\"\" width=\"2174\" height=\"3261\" srcset=\"https:\/\/www.cetys.mx\/noticias\/wp-content\/uploads\/2018\/08\/practicaseleccionCETYS-2.jpg 2174w, https:\/\/www.cetys.mx\/noticias\/wp-content\/uploads\/2018\/08\/practicaseleccionCETYS-2-768x1152.jpg 768w\" sizes=\"auto, (max-width: 2174px) 100vw, 2174px\" \/><p id=\"caption-attachment-116636\" class=\"wp-caption-text\">CETYS Universidad es un solo CETYS aunque sean varios Campus.<\/p><\/div>\n<\/div>\n<div align=\"justify\"><\/div>\n<blockquote>\n<div align=\"justify\">Por su parte, el Head Coach de Zorros Mexicali, \u00c1ngel Medina Garibay hizo un atento llamado: \u201cQueremos invitar a todas las personas que quieran acompa\u00f1arnos \u00e9ste s\u00e1bado, el juego es a las 7 de la tarde hora local, en el Spirit Field de Arizona y el 1 de septiembre los esperamos en Mexicali cuando juguemos contra Occidental College de Los \u00c1ngeles\u201d.<\/div>\n<\/blockquote>\n<div align=\"justify\"><\/div>\n<div align=\"justify\">El 8 de septiembre viajar\u00e1n de nueva cuenta, para medirse con Leopards de La Verne University cerca de Los \u00c1ngeles a las 5 de la tarde: \u201cPara los que nos puedan acompa\u00f1ar, pueden hacer el \u201cshopping\u201d en la ma\u00f1ana e irnos a ver en la tarde, los tres partidos ser\u00e1n como Selecci\u00f3n CETYS con jugadores de Mexicali y Tijuana, para luego dar paso a la temporada regular de la Liga Premier CONADEIP\u201d, finaliz\u00f3 Medina.<\/div>\n","protected":false},"excerpt":{"rendered":"<p>\u201cEstamos a escasos d\u00edas de que la pelota empiece a volar y la parte m\u00e1s bonita del a\u00f1o empiece a fluir\u201d: \u00c1ngel&#8230;<\/p>\n","protected":false},"author":26,"featured_media":116638,"comment_status":"open","ping_status":"closed","sticky":false,"template":"","format":"standard","meta":{"footnotes":""},"categories":[312,209,125,105],"tags":[933,2613,2733,2734,2381],"class_list":["post-116674","post","type-post","status-publish","format-standard","has-post-thumbnail","hentry","category-deportes","category-institucional","category-portada","category-vida-estudiantil","tag-futbol-americano","tag-premier-conadeip","tag-pretemporada-2018","tag-seleccion-cetys","tag-zorros-de-cetys","univesidades-la-verne","univesidades-occidental-college","univesidades-ouaz"],"yoast_head":"<!-- This site is optimized with the Yoast SEO plugin v27.4 - https:\/\/yoast.com\/product\/yoast-seo-wordpress\/ -->\n<title>Afinan Selecci\u00f3n CETYS para pretemporada 2018 - CETYS<\/title>\n<meta name=\"description\" content=\"Articulo sobre Afinan Selecci\u00f3n CETYS para pretemporada 2018\" \/>\n<meta name=\"robots\" content=\"index, follow, max-snippet:-1, max-image-preview:large, max-video-preview:-1\" \/>\n<link rel=\"canonical\" href=\"https:\/\/www.cetys.mx\/noticias\/afinan-seleccion-cetys-para-pretemporada-2018\/\" \/>\n<meta property=\"og:locale\" content=\"es_MX\" \/>\n<meta property=\"og:type\" content=\"article\" \/>\n<meta property=\"og:title\" content=\"Afinan Selecci\u00f3n CETYS para pretemporada 2018 - CETYS\" \/>\n<meta property=\"og:description\" content=\"Articulo sobre Afinan Selecci\u00f3n CETYS para pretemporada 2018\" \/>\n<meta property=\"og:url\" content=\"https:\/\/www.cetys.mx\/noticias\/afinan-seleccion-cetys-para-pretemporada-2018\/\" \/>\n<meta property=\"og:site_name\" content=\"CETYS\" \/>\n<meta property=\"article:publisher\" content=\"https:\/\/www.facebook.com\/cetysuniversidadmxl\/\" \/>\n<meta property=\"article:published_time\" content=\"2018-08-23T15:15:01+00:00\" \/>\n<meta property=\"og:image\" content=\"https:\/\/www.cetys.mx\/noticias\/wp-content\/uploads\/2018\/08\/practicaseleccionCETYS-4.jpg\" \/>\n\t<meta property=\"og:image:width\" content=\"3984\" \/>\n\t<meta property=\"og:image:height\" content=\"2656\" \/>\n\t<meta property=\"og:image:type\" content=\"image\/jpeg\" \/>\n<meta name=\"author\" content=\"CETYS Institucional\" \/>\n<meta name=\"twitter:card\" content=\"summary_large_image\" \/>\n<meta name=\"twitter:creator\" content=\"@cetysuni\" \/>\n<meta name=\"twitter:site\" content=\"@cetysuni\" \/>\n<meta name=\"twitter:label1\" content=\"Escrito por\" \/>\n\t<meta name=\"twitter:data1\" content=\"CETYS Institucional\" \/>\n\t<meta name=\"twitter:label2\" content=\"Tiempo de lectura\" \/>\n\t<meta name=\"twitter:data2\" content=\"2 minutos\" \/>\n<script type=\"application\/ld+json\" class=\"yoast-schema-graph\">{\"@context\":\"https:\\\/\\\/schema.org\",\"@graph\":[{\"@type\":\"Article\",\"@id\":\"https:\\\/\\\/www.cetys.mx\\\/noticias\\\/afinan-seleccion-cetys-para-pretemporada-2018\\\/#article\",\"isPartOf\":{\"@id\":\"https:\\\/\\\/www.cetys.mx\\\/noticias\\\/afinan-seleccion-cetys-para-pretemporada-2018\\\/\"},\"author\":{\"name\":\"CETYS Institucional\",\"@id\":\"https:\\\/\\\/www.cetys.mx\\\/noticias\\\/#\\\/schema\\\/person\\\/e9d2b35265b64aa454df57a2828eb2ac\"},\"headline\":\"Afinan Selecci\u00f3n CETYS para pretemporada 2018\",\"datePublished\":\"2018-08-23T15:15:01+00:00\",\"mainEntityOfPage\":{\"@id\":\"https:\\\/\\\/www.cetys.mx\\\/noticias\\\/afinan-seleccion-cetys-para-pretemporada-2018\\\/\"},\"wordCount\":495,\"commentCount\":0,\"image\":{\"@id\":\"https:\\\/\\\/www.cetys.mx\\\/noticias\\\/afinan-seleccion-cetys-para-pretemporada-2018\\\/#primaryimage\"},\"thumbnailUrl\":\"https:\\\/\\\/www.cetys.mx\\\/noticias\\\/wp-content\\\/uploads\\\/2018\\\/08\\\/practicaseleccionCETYS-4.jpg\",\"keywords\":[\"Futbol Americano\",\"Premier CONADEIP\",\"Pretemporada 2018\",\"Selecci\u00f3n CETYS\",\"Zorros de CETYS\"],\"articleSection\":[\"Deportes\",\"Institucional\",\"Portada\",\"Vida Estudiantil\"],\"inLanguage\":\"es\",\"potentialAction\":[{\"@type\":\"CommentAction\",\"name\":\"Comment\",\"target\":[\"https:\\\/\\\/www.cetys.mx\\\/noticias\\\/afinan-seleccion-cetys-para-pretemporada-2018\\\/#respond\"]}]},{\"@type\":\"WebPage\",\"@id\":\"https:\\\/\\\/www.cetys.mx\\\/noticias\\\/afinan-seleccion-cetys-para-pretemporada-2018\\\/\",\"url\":\"https:\\\/\\\/www.cetys.mx\\\/noticias\\\/afinan-seleccion-cetys-para-pretemporada-2018\\\/\",\"name\":\"Afinan Selecci\u00f3n CETYS para pretemporada 2018 - CETYS\",\"isPartOf\":{\"@id\":\"https:\\\/\\\/www.cetys.mx\\\/noticias\\\/#website\"},\"primaryImageOfPage\":{\"@id\":\"https:\\\/\\\/www.cetys.mx\\\/noticias\\\/afinan-seleccion-cetys-para-pretemporada-2018\\\/#primaryimage\"},\"image\":{\"@id\":\"https:\\\/\\\/www.cetys.mx\\\/noticias\\\/afinan-seleccion-cetys-para-pretemporada-2018\\\/#primaryimage\"},\"thumbnailUrl\":\"https:\\\/\\\/www.cetys.mx\\\/noticias\\\/wp-content\\\/uploads\\\/2018\\\/08\\\/practicaseleccionCETYS-4.jpg\",\"datePublished\":\"2018-08-23T15:15:01+00:00\",\"author\":{\"@id\":\"https:\\\/\\\/www.cetys.mx\\\/noticias\\\/#\\\/schema\\\/person\\\/e9d2b35265b64aa454df57a2828eb2ac\"},\"description\":\"Articulo sobre Afinan Selecci\u00f3n CETYS para pretemporada 2018\",\"breadcrumb\":{\"@id\":\"https:\\\/\\\/www.cetys.mx\\\/noticias\\\/afinan-seleccion-cetys-para-pretemporada-2018\\\/#breadcrumb\"},\"inLanguage\":\"es\",\"potentialAction\":[{\"@type\":\"ReadAction\",\"target\":[\"https:\\\/\\\/www.cetys.mx\\\/noticias\\\/afinan-seleccion-cetys-para-pretemporada-2018\\\/\"]}]},{\"@type\":\"ImageObject\",\"inLanguage\":\"es\",\"@id\":\"https:\\\/\\\/www.cetys.mx\\\/noticias\\\/afinan-seleccion-cetys-para-pretemporada-2018\\\/#primaryimage\",\"url\":\"https:\\\/\\\/www.cetys.mx\\\/noticias\\\/wp-content\\\/uploads\\\/2018\\\/08\\\/practicaseleccionCETYS-4.jpg\",\"contentUrl\":\"https:\\\/\\\/www.cetys.mx\\\/noticias\\\/wp-content\\\/uploads\\\/2018\\\/08\\\/practicaseleccionCETYS-4.jpg\",\"width\":3984,\"height\":2656,\"caption\":\"La Selecci\u00f3n CETYS conformada por Zorros de Tijuana y Mexicali, tendr\u00e1n su primer juego de pretemporada este s\u00e1bado 25 de agosto en Phoenix, Arizona.\"},{\"@type\":\"BreadcrumbList\",\"@id\":\"https:\\\/\\\/www.cetys.mx\\\/noticias\\\/afinan-seleccion-cetys-para-pretemporada-2018\\\/#breadcrumb\",\"itemListElement\":[{\"@type\":\"ListItem\",\"position\":1,\"name\":\"Inicio\",\"item\":\"https:\\\/\\\/www.cetys.mx\\\/noticias\\\/\"},{\"@type\":\"ListItem\",\"position\":2,\"name\":\"Afinan Selecci\u00f3n CETYS para pretemporada 2018\"}]},{\"@type\":\"WebSite\",\"@id\":\"https:\\\/\\\/www.cetys.mx\\\/noticias\\\/#website\",\"url\":\"https:\\\/\\\/www.cetys.mx\\\/noticias\\\/\",\"name\":\"CETYS\",\"description\":\"\",\"potentialAction\":[{\"@type\":\"SearchAction\",\"target\":{\"@type\":\"EntryPoint\",\"urlTemplate\":\"https:\\\/\\\/www.cetys.mx\\\/noticias\\\/?s={search_term_string}\"},\"query-input\":{\"@type\":\"PropertyValueSpecification\",\"valueRequired\":true,\"valueName\":\"search_term_string\"}}],\"inLanguage\":\"es\"},{\"@type\":\"Person\",\"@id\":\"https:\\\/\\\/www.cetys.mx\\\/noticias\\\/#\\\/schema\\\/person\\\/e9d2b35265b64aa454df57a2828eb2ac\",\"name\":\"CETYS Institucional\",\"url\":\"https:\\\/\\\/www.cetys.mx\\\/noticias\\\/author\\\/cetysinstitucional\\\/\"}]}<\/script>\n<!-- \/ Yoast SEO plugin. -->","yoast_head_json":{"title":"Afinan Selecci\u00f3n CETYS para pretemporada 2018 - CETYS","description":"Articulo sobre Afinan Selecci\u00f3n CETYS para pretemporada 2018","robots":{"index":"index","follow":"follow","max-snippet":"max-snippet:-1","max-image-preview":"max-image-preview:large","max-video-preview":"max-video-preview:-1"},"canonical":"https:\/\/www.cetys.mx\/noticias\/afinan-seleccion-cetys-para-pretemporada-2018\/","og_locale":"es_MX","og_type":"article","og_title":"Afinan Selecci\u00f3n CETYS para pretemporada 2018 - CETYS","og_description":"Articulo sobre Afinan Selecci\u00f3n CETYS para pretemporada 2018","og_url":"https:\/\/www.cetys.mx\/noticias\/afinan-seleccion-cetys-para-pretemporada-2018\/","og_site_name":"CETYS","article_publisher":"https:\/\/www.facebook.com\/cetysuniversidadmxl\/","article_published_time":"2018-08-23T15:15:01+00:00","og_image":[{"width":3984,"height":2656,"url":"https:\/\/www.cetys.mx\/noticias\/wp-content\/uploads\/2018\/08\/practicaseleccionCETYS-4.jpg","type":"image\/jpeg"}],"author":"CETYS Institucional","twitter_card":"summary_large_image","twitter_creator":"@cetysuni","twitter_site":"@cetysuni","twitter_misc":{"Escrito por":"CETYS Institucional","Tiempo de lectura":"2 minutos"},"schema":{"@context":"https:\/\/schema.org","@graph":[{"@type":"Article","@id":"https:\/\/www.cetys.mx\/noticias\/afinan-seleccion-cetys-para-pretemporada-2018\/#article","isPartOf":{"@id":"https:\/\/www.cetys.mx\/noticias\/afinan-seleccion-cetys-para-pretemporada-2018\/"},"author":{"name":"CETYS Institucional","@id":"https:\/\/www.cetys.mx\/noticias\/#\/schema\/person\/e9d2b35265b64aa454df57a2828eb2ac"},"headline":"Afinan Selecci\u00f3n CETYS para pretemporada 2018","datePublished":"2018-08-23T15:15:01+00:00","mainEntityOfPage":{"@id":"https:\/\/www.cetys.mx\/noticias\/afinan-seleccion-cetys-para-pretemporada-2018\/"},"wordCount":495,"commentCount":0,"image":{"@id":"https:\/\/www.cetys.mx\/noticias\/afinan-seleccion-cetys-para-pretemporada-2018\/#primaryimage"},"thumbnailUrl":"https:\/\/www.cetys.mx\/noticias\/wp-content\/uploads\/2018\/08\/practicaseleccionCETYS-4.jpg","keywords":["Futbol Americano","Premier CONADEIP","Pretemporada 2018","Selecci\u00f3n CETYS","Zorros de CETYS"],"articleSection":["Deportes","Institucional","Portada","Vida Estudiantil"],"inLanguage":"es","potentialAction":[{"@type":"CommentAction","name":"Comment","target":["https:\/\/www.cetys.mx\/noticias\/afinan-seleccion-cetys-para-pretemporada-2018\/#respond"]}]},{"@type":"WebPage","@id":"https:\/\/www.cetys.mx\/noticias\/afinan-seleccion-cetys-para-pretemporada-2018\/","url":"https:\/\/www.cetys.mx\/noticias\/afinan-seleccion-cetys-para-pretemporada-2018\/","name":"Afinan Selecci\u00f3n CETYS para pretemporada 2018 - CETYS","isPartOf":{"@id":"https:\/\/www.cetys.mx\/noticias\/#website"},"primaryImageOfPage":{"@id":"https:\/\/www.cetys.mx\/noticias\/afinan-seleccion-cetys-para-pretemporada-2018\/#primaryimage"},"image":{"@id":"https:\/\/www.cetys.mx\/noticias\/afinan-seleccion-cetys-para-pretemporada-2018\/#primaryimage"},"thumbnailUrl":"https:\/\/www.cetys.mx\/noticias\/wp-content\/uploads\/2018\/08\/practicaseleccionCETYS-4.jpg","datePublished":"2018-08-23T15:15:01+00:00","author":{"@id":"https:\/\/www.cetys.mx\/noticias\/#\/schema\/person\/e9d2b35265b64aa454df57a2828eb2ac"},"description":"Articulo sobre Afinan Selecci\u00f3n CETYS para pretemporada 2018","breadcrumb":{"@id":"https:\/\/www.cetys.mx\/noticias\/afinan-seleccion-cetys-para-pretemporada-2018\/#breadcrumb"},"inLanguage":"es","potentialAction":[{"@type":"ReadAction","target":["https:\/\/www.cetys.mx\/noticias\/afinan-seleccion-cetys-para-pretemporada-2018\/"]}]},{"@type":"ImageObject","inLanguage":"es","@id":"https:\/\/www.cetys.mx\/noticias\/afinan-seleccion-cetys-para-pretemporada-2018\/#primaryimage","url":"https:\/\/www.cetys.mx\/noticias\/wp-content\/uploads\/2018\/08\/practicaseleccionCETYS-4.jpg","contentUrl":"https:\/\/www.cetys.mx\/noticias\/wp-content\/uploads\/2018\/08\/practicaseleccionCETYS-4.jpg","width":3984,"height":2656,"caption":"La Selecci\u00f3n CETYS conformada por Zorros de Tijuana y Mexicali, tendr\u00e1n su primer juego de pretemporada este s\u00e1bado 25 de agosto en Phoenix, Arizona."},{"@type":"BreadcrumbList","@id":"https:\/\/www.cetys.mx\/noticias\/afinan-seleccion-cetys-para-pretemporada-2018\/#breadcrumb","itemListElement":[{"@type":"ListItem","position":1,"name":"Inicio","item":"https:\/\/www.cetys.mx\/noticias\/"},{"@type":"ListItem","position":2,"name":"Afinan Selecci\u00f3n CETYS para pretemporada 2018"}]},{"@type":"WebSite","@id":"https:\/\/www.cetys.mx\/noticias\/#website","url":"https:\/\/www.cetys.mx\/noticias\/","name":"CETYS","description":"","potentialAction":[{"@type":"SearchAction","target":{"@type":"EntryPoint","urlTemplate":"https:\/\/www.cetys.mx\/noticias\/?s={search_term_string}"},"query-input":{"@type":"PropertyValueSpecification","valueRequired":true,"valueName":"search_term_string"}}],"inLanguage":"es"},{"@type":"Person","@id":"https:\/\/www.cetys.mx\/noticias\/#\/schema\/person\/e9d2b35265b64aa454df57a2828eb2ac","name":"CETYS Institucional","url":"https:\/\/www.cetys.mx\/noticias\/author\/cetysinstitucional\/"}]}},"_links":{"self":[{"href":"https:\/\/www.cetys.mx\/noticias\/wp-json\/wp\/v2\/posts\/116674","targetHints":{"allow":["GET"]}}],"collection":[{"href":"https:\/\/www.cetys.mx\/noticias\/wp-json\/wp\/v2\/posts"}],"about":[{"href":"https:\/\/www.cetys.mx\/noticias\/wp-json\/wp\/v2\/types\/post"}],"author":[{"embeddable":true,"href":"https:\/\/www.cetys.mx\/noticias\/wp-json\/wp\/v2\/users\/26"}],"replies":[{"embeddable":true,"href":"https:\/\/www.cetys.mx\/noticias\/wp-json\/wp\/v2\/comments?post=116674"}],"version-history":[{"count":0,"href":"https:\/\/www.cetys.mx\/noticias\/wp-json\/wp\/v2\/posts\/116674\/revisions"}],"wp:featuredmedia":[{"embeddable":true,"href":"https:\/\/www.cetys.mx\/noticias\/wp-json\/wp\/v2\/media\/116638"}],"wp:attachment":[{"href":"https:\/\/www.cetys.mx\/noticias\/wp-json\/wp\/v2\/media?parent=116674"}],"wp:term":[{"taxonomy":"category","embeddable":true,"href":"https:\/\/www.cetys.mx\/noticias\/wp-json\/wp\/v2\/categories?post=116674"},{"taxonomy":"post_tag","embeddable":true,"href":"https:\/\/www.cetys.mx\/noticias\/wp-json\/wp\/v2\/tags?post=116674"}],"curies":[{"name":"wp","href":"https:\/\/api.w.org\/{rel}","templated":true}]}}