{"id":116324,"date":"2018-08-16T19:12:34","date_gmt":"2018-08-17T02:12:34","guid":{"rendered":"http:\/\/www.cetys.mx\/noticias\/?p=116324"},"modified":"2018-08-21T16:35:05","modified_gmt":"2018-08-21T23:35:05","slug":"las-manos-de-javier-hernandez-montanez","status":"publish","type":"post","link":"https:\/\/www.cetys.mx\/noticias\/las-manos-de-javier-hernandez-montanez\/","title":{"rendered":"Las manos de Javier Hern\u00e1ndez Monta\u00f1ez"},"content":{"rendered":"<p style=\"text-align: justify;\">Cabizbajo, con el rostro apoyado sobre su mano derecha. Torso desnudo, y cortos pantaloncillos. Descalzo, pensativo. Un ni\u00f1o. Un hombre. Una visi\u00f3n; una escultura y un escultor. Esta es la obra de Javier Hern\u00e1ndez Monta\u00f1ez.<\/p>\n<p style=\"text-align: justify;\">Desde hace 56 a\u00f1os el Sistema CETYS se ha caracterizado por buscar el acercamiento entre los principales exponentes de las distintas disciplinas art\u00edsticas y la comunidad en general. Tal es el motivo por el cual la Direcci\u00f3n de Asuntos Estudiantiles, por medio del Departamento de Difusi\u00f3n Cultural, CETYS Universidad lleva a cabo la exhibici\u00f3n <em>Hermont Esculturas: Piezas de gran formato,<\/em> del artista pl\u00e1stico, hidroc\u00e1lido de nacimiento y cachanilla de coraz\u00f3n.<\/p>\n<p style=\"text-align: justify;\"><strong><em>Una vida de contrastes:<\/em><\/strong><\/p>\n<p style=\"text-align: justify;\">Nacido el 16 de febrero de 1945, el escultor recuerda con una sonrisa la escasez solo aparente a medida que crec\u00eda, dif\u00edcil de percibir en una infancia dividida entre trenes, peri\u00f3dicos repartidos, b\u00e9isbol con amigos y vespertina contemplaci\u00f3n de golondrinas sobre calles mojadas.<\/p>\n<p style=\"text-align: justify;\">Hern\u00e1ndez puntualiza que tal fue el origen del objeto de su creatividad y su enfoque al arte.<\/p>\n<p style=\"text-align: justify;\">Tras un periodo de labor exhaustiva en su tierra natal, apenas cumplidos los dieciocho a\u00f1os, el joven artista tom\u00f3 la dif\u00edcil decisi\u00f3n de dejar su hogar y venir a una Mexicali sorprendentemente lluviosa y poco urbanizada.<\/p>\n<p style=\"text-align: justify;\">Fue aqu\u00ed donde tuvo contacto cercano con su primer elemento: el barro.<\/p>\n<p style=\"text-align: justify;\">En el instante que tuvo esa sustancia en sus manos, supo la manera en la que hab\u00eda de modelar su vida; sab\u00eda tener una necesidad de expresi\u00f3n y varios lenguajes para detonarla.<\/p>\n<p style=\"text-align: justify;\"><strong>La complejidad de un escultor<\/strong><\/p>\n<p style=\"text-align: justify;\">Si bien no fue una tarea f\u00e1cil, al grado de precisar la creaci\u00f3n su propio taller a mediados de los ochenta para alcanzar tal fin, esto enriqueci\u00f3 su vida al grado de trascender carencias o tristezas mediante la gaya pluma, la talla y la forja.<\/p>\n<p style=\"text-align: justify;\"><img loading=\"lazy\" decoding=\"async\" class=\"alignnone size-full wp-image-116325\" src=\"https:\/\/www.cetys.mx\/noticias\/wp-content\/uploads\/2018\/08\/Foto1.jpg\" alt=\"\" width=\"958\" height=\"637\" srcset=\"https:\/\/www.cetys.mx\/noticias\/wp-content\/uploads\/2018\/08\/Foto1.jpg 958w, https:\/\/www.cetys.mx\/noticias\/wp-content\/uploads\/2018\/08\/Foto1-768x511.jpg 768w\" sizes=\"auto, (max-width: 958px) 100vw, 958px\" \/>\u201cEl elemento tan solo aguarda a la forma\u201d, comenta, sin perder su afable sencillez, mientras evidencia su destreza creativa y avanza la descripci\u00f3n sobre la totalidad de su obra, sus deseos de ampliarla y su afici\u00f3n por Giacometti y Z\u00fa\u00f1iga; pr\u00f3ceres innovadores de la escultura.<\/p>\n<p style=\"text-align: justify;\">Para el artista, cada proyecto es una oportunidad de cambiar y renovarse en t\u00e9cnica, estilo y materiales. Hoy en d\u00eda, lejos del fango primordial, las piezas, tan durables como su ingenio, se componen de resina que altiva resiste el paso de los elementos e inconsciente inspira a los caminantes.<\/p>\n<p style=\"text-align: justify;\">CETYS se congratula en exhibir esta colecci\u00f3n de diez obras de tama\u00f1o natural que contribuyen a la formaci\u00f3n integral de los estudiantes de la Instituci\u00f3n a trav\u00e9s de la sensibilizaci\u00f3n hacia las distintas expresiones art\u00edsticas, incluso a la m\u00e1s \u201cbella y olvidada\u201d, en palabras de Hern\u00e1ndez: la escultura.<\/p>\n<hr \/>\n<p style=\"text-align: justify;\"><em>Autor:\u00a0<\/em><em><strong>Aldo Sainz<\/strong>, estudiante de la Licenciatura en Derecho y becario en el Departamento de Comunicaci\u00f3n y Relaciones P\u00fablicas de CETYS Universidad, Campus Mexicali.<\/em><\/p>\n","protected":false},"excerpt":{"rendered":"<p>Cabizbajo, con el rostro apoyado sobre su mano derecha. Torso desnudo, y cortos pantaloncillos. Descalzo, pensativo. Un ni\u00f1o. Un hombre. Una visi\u00f3n;&#8230;<\/p>\n","protected":false},"author":20,"featured_media":116327,"comment_status":"open","ping_status":"closed","sticky":false,"template":"","format":"standard","meta":{"footnotes":""},"categories":[133,323,125,105,313],"tags":[264,419,2696,2726],"class_list":["post-116324","post","type-post","status-publish","format-standard","has-post-thumbnail","hentry","category-campus-mexicali","category-difusion-cultural","category-portada","category-vida-estudiantil","category-vocetys-2","tag-arte","tag-cultural","tag-escultura","tag-vocetys-2018-08-17"],"yoast_head":"<!-- This site is optimized with the Yoast SEO plugin v27.4 - https:\/\/yoast.com\/product\/yoast-seo-wordpress\/ -->\n<title>Las manos de Javier Hern\u00e1ndez Monta\u00f1ez - CETYS<\/title>\n<meta name=\"description\" content=\"Articulo sobre Las manos de Javier Hern\u00e1ndez Monta\u00f1ez\" \/>\n<meta name=\"robots\" content=\"index, follow, max-snippet:-1, max-image-preview:large, max-video-preview:-1\" \/>\n<link rel=\"canonical\" href=\"https:\/\/www.cetys.mx\/noticias\/las-manos-de-javier-hernandez-montanez\/\" \/>\n<meta property=\"og:locale\" content=\"es_MX\" \/>\n<meta property=\"og:type\" content=\"article\" \/>\n<meta property=\"og:title\" content=\"Las manos de Javier Hern\u00e1ndez Monta\u00f1ez - CETYS\" \/>\n<meta property=\"og:description\" content=\"Articulo sobre Las manos de Javier Hern\u00e1ndez Monta\u00f1ez\" \/>\n<meta property=\"og:url\" content=\"https:\/\/www.cetys.mx\/noticias\/las-manos-de-javier-hernandez-montanez\/\" \/>\n<meta property=\"og:site_name\" content=\"CETYS\" \/>\n<meta property=\"article:publisher\" content=\"https:\/\/www.facebook.com\/cetysuniversidadmxl\/\" \/>\n<meta property=\"article:published_time\" content=\"2018-08-17T02:12:34+00:00\" \/>\n<meta property=\"article:modified_time\" content=\"2018-08-21T23:35:05+00:00\" \/>\n<meta property=\"og:image\" content=\"https:\/\/www.cetys.mx\/noticias\/wp-content\/uploads\/2018\/08\/fOTO3.jpg\" \/>\n\t<meta property=\"og:image:width\" content=\"958\" \/>\n\t<meta property=\"og:image:height\" content=\"637\" \/>\n\t<meta property=\"og:image:type\" content=\"image\/jpeg\" \/>\n<meta name=\"author\" content=\"Campus Mexicali\" \/>\n<meta name=\"twitter:card\" content=\"summary_large_image\" \/>\n<meta name=\"twitter:creator\" content=\"@cetysuni\" \/>\n<meta name=\"twitter:site\" content=\"@cetysuni\" \/>\n<meta name=\"twitter:label1\" content=\"Escrito por\" \/>\n\t<meta name=\"twitter:data1\" content=\"Campus Mexicali\" \/>\n\t<meta name=\"twitter:label2\" content=\"Tiempo de lectura\" \/>\n\t<meta name=\"twitter:data2\" content=\"3 minutos\" \/>\n<script type=\"application\/ld+json\" class=\"yoast-schema-graph\">{\"@context\":\"https:\\\/\\\/schema.org\",\"@graph\":[{\"@type\":\"Article\",\"@id\":\"https:\\\/\\\/www.cetys.mx\\\/noticias\\\/las-manos-de-javier-hernandez-montanez\\\/#article\",\"isPartOf\":{\"@id\":\"https:\\\/\\\/www.cetys.mx\\\/noticias\\\/las-manos-de-javier-hernandez-montanez\\\/\"},\"author\":{\"name\":\"Campus Mexicali\",\"@id\":\"https:\\\/\\\/www.cetys.mx\\\/noticias\\\/#\\\/schema\\\/person\\\/79a95c4ac185f3705cf1b9c9340a5f70\"},\"headline\":\"Las manos de Javier Hern\u00e1ndez Monta\u00f1ez\",\"datePublished\":\"2018-08-17T02:12:34+00:00\",\"dateModified\":\"2018-08-21T23:35:05+00:00\",\"mainEntityOfPage\":{\"@id\":\"https:\\\/\\\/www.cetys.mx\\\/noticias\\\/las-manos-de-javier-hernandez-montanez\\\/\"},\"wordCount\":513,\"commentCount\":0,\"image\":{\"@id\":\"https:\\\/\\\/www.cetys.mx\\\/noticias\\\/las-manos-de-javier-hernandez-montanez\\\/#primaryimage\"},\"thumbnailUrl\":\"https:\\\/\\\/www.cetys.mx\\\/noticias\\\/wp-content\\\/uploads\\\/2018\\\/08\\\/fOTO3.jpg\",\"keywords\":[\"arte\",\"Cultural\",\"escultura\",\"vocetys-2018-08-17\"],\"articleSection\":[\"Campus Mexicali\",\"Difusion cultural\",\"Portada\",\"Vida Estudiantil\",\"VoCETYS\"],\"inLanguage\":\"es\",\"potentialAction\":[{\"@type\":\"CommentAction\",\"name\":\"Comment\",\"target\":[\"https:\\\/\\\/www.cetys.mx\\\/noticias\\\/las-manos-de-javier-hernandez-montanez\\\/#respond\"]}]},{\"@type\":\"WebPage\",\"@id\":\"https:\\\/\\\/www.cetys.mx\\\/noticias\\\/las-manos-de-javier-hernandez-montanez\\\/\",\"url\":\"https:\\\/\\\/www.cetys.mx\\\/noticias\\\/las-manos-de-javier-hernandez-montanez\\\/\",\"name\":\"Las manos de Javier Hern\u00e1ndez Monta\u00f1ez - CETYS\",\"isPartOf\":{\"@id\":\"https:\\\/\\\/www.cetys.mx\\\/noticias\\\/#website\"},\"primaryImageOfPage\":{\"@id\":\"https:\\\/\\\/www.cetys.mx\\\/noticias\\\/las-manos-de-javier-hernandez-montanez\\\/#primaryimage\"},\"image\":{\"@id\":\"https:\\\/\\\/www.cetys.mx\\\/noticias\\\/las-manos-de-javier-hernandez-montanez\\\/#primaryimage\"},\"thumbnailUrl\":\"https:\\\/\\\/www.cetys.mx\\\/noticias\\\/wp-content\\\/uploads\\\/2018\\\/08\\\/fOTO3.jpg\",\"datePublished\":\"2018-08-17T02:12:34+00:00\",\"dateModified\":\"2018-08-21T23:35:05+00:00\",\"author\":{\"@id\":\"https:\\\/\\\/www.cetys.mx\\\/noticias\\\/#\\\/schema\\\/person\\\/79a95c4ac185f3705cf1b9c9340a5f70\"},\"description\":\"Articulo sobre Las manos de Javier Hern\u00e1ndez Monta\u00f1ez\",\"breadcrumb\":{\"@id\":\"https:\\\/\\\/www.cetys.mx\\\/noticias\\\/las-manos-de-javier-hernandez-montanez\\\/#breadcrumb\"},\"inLanguage\":\"es\",\"potentialAction\":[{\"@type\":\"ReadAction\",\"target\":[\"https:\\\/\\\/www.cetys.mx\\\/noticias\\\/las-manos-de-javier-hernandez-montanez\\\/\"]}]},{\"@type\":\"ImageObject\",\"inLanguage\":\"es\",\"@id\":\"https:\\\/\\\/www.cetys.mx\\\/noticias\\\/las-manos-de-javier-hernandez-montanez\\\/#primaryimage\",\"url\":\"https:\\\/\\\/www.cetys.mx\\\/noticias\\\/wp-content\\\/uploads\\\/2018\\\/08\\\/fOTO3.jpg\",\"contentUrl\":\"https:\\\/\\\/www.cetys.mx\\\/noticias\\\/wp-content\\\/uploads\\\/2018\\\/08\\\/fOTO3.jpg\",\"width\":958,\"height\":637,\"caption\":\"El Pensador\"},{\"@type\":\"BreadcrumbList\",\"@id\":\"https:\\\/\\\/www.cetys.mx\\\/noticias\\\/las-manos-de-javier-hernandez-montanez\\\/#breadcrumb\",\"itemListElement\":[{\"@type\":\"ListItem\",\"position\":1,\"name\":\"Inicio\",\"item\":\"https:\\\/\\\/www.cetys.mx\\\/noticias\\\/\"},{\"@type\":\"ListItem\",\"position\":2,\"name\":\"Las manos de Javier Hern\u00e1ndez Monta\u00f1ez\"}]},{\"@type\":\"WebSite\",\"@id\":\"https:\\\/\\\/www.cetys.mx\\\/noticias\\\/#website\",\"url\":\"https:\\\/\\\/www.cetys.mx\\\/noticias\\\/\",\"name\":\"CETYS\",\"description\":\"\",\"potentialAction\":[{\"@type\":\"SearchAction\",\"target\":{\"@type\":\"EntryPoint\",\"urlTemplate\":\"https:\\\/\\\/www.cetys.mx\\\/noticias\\\/?s={search_term_string}\"},\"query-input\":{\"@type\":\"PropertyValueSpecification\",\"valueRequired\":true,\"valueName\":\"search_term_string\"}}],\"inLanguage\":\"es\"},{\"@type\":\"Person\",\"@id\":\"https:\\\/\\\/www.cetys.mx\\\/noticias\\\/#\\\/schema\\\/person\\\/79a95c4ac185f3705cf1b9c9340a5f70\",\"name\":\"Campus Mexicali\",\"url\":\"https:\\\/\\\/www.cetys.mx\\\/noticias\\\/author\\\/campusmexicali\\\/\"}]}<\/script>\n<!-- \/ Yoast SEO plugin. -->","yoast_head_json":{"title":"Las manos de Javier Hern\u00e1ndez Monta\u00f1ez - CETYS","description":"Articulo sobre Las manos de Javier Hern\u00e1ndez Monta\u00f1ez","robots":{"index":"index","follow":"follow","max-snippet":"max-snippet:-1","max-image-preview":"max-image-preview:large","max-video-preview":"max-video-preview:-1"},"canonical":"https:\/\/www.cetys.mx\/noticias\/las-manos-de-javier-hernandez-montanez\/","og_locale":"es_MX","og_type":"article","og_title":"Las manos de Javier Hern\u00e1ndez Monta\u00f1ez - CETYS","og_description":"Articulo sobre Las manos de Javier Hern\u00e1ndez Monta\u00f1ez","og_url":"https:\/\/www.cetys.mx\/noticias\/las-manos-de-javier-hernandez-montanez\/","og_site_name":"CETYS","article_publisher":"https:\/\/www.facebook.com\/cetysuniversidadmxl\/","article_published_time":"2018-08-17T02:12:34+00:00","article_modified_time":"2018-08-21T23:35:05+00:00","og_image":[{"width":958,"height":637,"url":"https:\/\/www.cetys.mx\/noticias\/wp-content\/uploads\/2018\/08\/fOTO3.jpg","type":"image\/jpeg"}],"author":"Campus Mexicali","twitter_card":"summary_large_image","twitter_creator":"@cetysuni","twitter_site":"@cetysuni","twitter_misc":{"Escrito por":"Campus Mexicali","Tiempo de lectura":"3 minutos"},"schema":{"@context":"https:\/\/schema.org","@graph":[{"@type":"Article","@id":"https:\/\/www.cetys.mx\/noticias\/las-manos-de-javier-hernandez-montanez\/#article","isPartOf":{"@id":"https:\/\/www.cetys.mx\/noticias\/las-manos-de-javier-hernandez-montanez\/"},"author":{"name":"Campus Mexicali","@id":"https:\/\/www.cetys.mx\/noticias\/#\/schema\/person\/79a95c4ac185f3705cf1b9c9340a5f70"},"headline":"Las manos de Javier Hern\u00e1ndez Monta\u00f1ez","datePublished":"2018-08-17T02:12:34+00:00","dateModified":"2018-08-21T23:35:05+00:00","mainEntityOfPage":{"@id":"https:\/\/www.cetys.mx\/noticias\/las-manos-de-javier-hernandez-montanez\/"},"wordCount":513,"commentCount":0,"image":{"@id":"https:\/\/www.cetys.mx\/noticias\/las-manos-de-javier-hernandez-montanez\/#primaryimage"},"thumbnailUrl":"https:\/\/www.cetys.mx\/noticias\/wp-content\/uploads\/2018\/08\/fOTO3.jpg","keywords":["arte","Cultural","escultura","vocetys-2018-08-17"],"articleSection":["Campus Mexicali","Difusion cultural","Portada","Vida Estudiantil","VoCETYS"],"inLanguage":"es","potentialAction":[{"@type":"CommentAction","name":"Comment","target":["https:\/\/www.cetys.mx\/noticias\/las-manos-de-javier-hernandez-montanez\/#respond"]}]},{"@type":"WebPage","@id":"https:\/\/www.cetys.mx\/noticias\/las-manos-de-javier-hernandez-montanez\/","url":"https:\/\/www.cetys.mx\/noticias\/las-manos-de-javier-hernandez-montanez\/","name":"Las manos de Javier Hern\u00e1ndez Monta\u00f1ez - CETYS","isPartOf":{"@id":"https:\/\/www.cetys.mx\/noticias\/#website"},"primaryImageOfPage":{"@id":"https:\/\/www.cetys.mx\/noticias\/las-manos-de-javier-hernandez-montanez\/#primaryimage"},"image":{"@id":"https:\/\/www.cetys.mx\/noticias\/las-manos-de-javier-hernandez-montanez\/#primaryimage"},"thumbnailUrl":"https:\/\/www.cetys.mx\/noticias\/wp-content\/uploads\/2018\/08\/fOTO3.jpg","datePublished":"2018-08-17T02:12:34+00:00","dateModified":"2018-08-21T23:35:05+00:00","author":{"@id":"https:\/\/www.cetys.mx\/noticias\/#\/schema\/person\/79a95c4ac185f3705cf1b9c9340a5f70"},"description":"Articulo sobre Las manos de Javier Hern\u00e1ndez Monta\u00f1ez","breadcrumb":{"@id":"https:\/\/www.cetys.mx\/noticias\/las-manos-de-javier-hernandez-montanez\/#breadcrumb"},"inLanguage":"es","potentialAction":[{"@type":"ReadAction","target":["https:\/\/www.cetys.mx\/noticias\/las-manos-de-javier-hernandez-montanez\/"]}]},{"@type":"ImageObject","inLanguage":"es","@id":"https:\/\/www.cetys.mx\/noticias\/las-manos-de-javier-hernandez-montanez\/#primaryimage","url":"https:\/\/www.cetys.mx\/noticias\/wp-content\/uploads\/2018\/08\/fOTO3.jpg","contentUrl":"https:\/\/www.cetys.mx\/noticias\/wp-content\/uploads\/2018\/08\/fOTO3.jpg","width":958,"height":637,"caption":"El Pensador"},{"@type":"BreadcrumbList","@id":"https:\/\/www.cetys.mx\/noticias\/las-manos-de-javier-hernandez-montanez\/#breadcrumb","itemListElement":[{"@type":"ListItem","position":1,"name":"Inicio","item":"https:\/\/www.cetys.mx\/noticias\/"},{"@type":"ListItem","position":2,"name":"Las manos de Javier Hern\u00e1ndez Monta\u00f1ez"}]},{"@type":"WebSite","@id":"https:\/\/www.cetys.mx\/noticias\/#website","url":"https:\/\/www.cetys.mx\/noticias\/","name":"CETYS","description":"","potentialAction":[{"@type":"SearchAction","target":{"@type":"EntryPoint","urlTemplate":"https:\/\/www.cetys.mx\/noticias\/?s={search_term_string}"},"query-input":{"@type":"PropertyValueSpecification","valueRequired":true,"valueName":"search_term_string"}}],"inLanguage":"es"},{"@type":"Person","@id":"https:\/\/www.cetys.mx\/noticias\/#\/schema\/person\/79a95c4ac185f3705cf1b9c9340a5f70","name":"Campus Mexicali","url":"https:\/\/www.cetys.mx\/noticias\/author\/campusmexicali\/"}]}},"_links":{"self":[{"href":"https:\/\/www.cetys.mx\/noticias\/wp-json\/wp\/v2\/posts\/116324","targetHints":{"allow":["GET"]}}],"collection":[{"href":"https:\/\/www.cetys.mx\/noticias\/wp-json\/wp\/v2\/posts"}],"about":[{"href":"https:\/\/www.cetys.mx\/noticias\/wp-json\/wp\/v2\/types\/post"}],"author":[{"embeddable":true,"href":"https:\/\/www.cetys.mx\/noticias\/wp-json\/wp\/v2\/users\/20"}],"replies":[{"embeddable":true,"href":"https:\/\/www.cetys.mx\/noticias\/wp-json\/wp\/v2\/comments?post=116324"}],"version-history":[{"count":0,"href":"https:\/\/www.cetys.mx\/noticias\/wp-json\/wp\/v2\/posts\/116324\/revisions"}],"wp:featuredmedia":[{"embeddable":true,"href":"https:\/\/www.cetys.mx\/noticias\/wp-json\/wp\/v2\/media\/116327"}],"wp:attachment":[{"href":"https:\/\/www.cetys.mx\/noticias\/wp-json\/wp\/v2\/media?parent=116324"}],"wp:term":[{"taxonomy":"category","embeddable":true,"href":"https:\/\/www.cetys.mx\/noticias\/wp-json\/wp\/v2\/categories?post=116324"},{"taxonomy":"post_tag","embeddable":true,"href":"https:\/\/www.cetys.mx\/noticias\/wp-json\/wp\/v2\/tags?post=116324"}],"curies":[{"name":"wp","href":"https:\/\/api.w.org\/{rel}","templated":true}]}}