{"id":115693,"date":"2018-08-07T17:59:20","date_gmt":"2018-08-08T00:59:20","guid":{"rendered":"http:\/\/www.cetys.mx\/noticias\/?p=115693"},"modified":"2018-08-07T18:38:44","modified_gmt":"2018-08-08T01:38:44","slug":"eligen-a-cetys-como-su-alma-mater","status":"publish","type":"post","link":"https:\/\/www.cetys.mx\/noticias\/eligen-a-cetys-como-su-alma-mater\/","title":{"rendered":"Eligen a CETYS como su Alma Mater"},"content":{"rendered":"<p><strong><em>Dan bienvenida a la nueva generaci\u00f3n de alumnos de Preparatoria y Profesional que conf\u00edan su preparaci\u00f3n acad\u00e9mica a CETYS Universidad Campus Mexicali<\/em><\/strong><\/p>\n<div id=\"attachment_115704\" style=\"width: 6026px\" class=\"wp-caption alignnone\"><img loading=\"lazy\" decoding=\"async\" aria-describedby=\"caption-attachment-115704\" class=\"size-full wp-image-115704\" src=\"https:\/\/www.cetys.mx\/noticias\/wp-content\/uploads\/2018\/08\/02.jpg\" alt=\"\" width=\"6016\" height=\"1918\" srcset=\"https:\/\/www.cetys.mx\/noticias\/wp-content\/uploads\/2018\/08\/02.jpg 6016w, https:\/\/www.cetys.mx\/noticias\/wp-content\/uploads\/2018\/08\/02-768x245.jpg 768w\" sizes=\"auto, (max-width: 6016px) 100vw, 6016px\" \/><p id=\"caption-attachment-115704\" class=\"wp-caption-text\">Alumnos de Profesional.<\/p><\/div>\n<p>J\u00f3venes bachilleres y universitarios fueron recibidos en las instalaciones de <a href=\"https:\/\/www.cetys.mx\/\">CETYS Universidad<\/a> Campus Mexicali en su primer d\u00eda con la piel de Zorros, poni\u00e9ndose literalmente la camiseta de lo que ser\u00e1 su Alma Mater.<\/p>\n<div id=\"attachment_115705\" style=\"width: 5997px\" class=\"wp-caption alignnone\"><img loading=\"lazy\" decoding=\"async\" aria-describedby=\"caption-attachment-115705\" class=\"size-full wp-image-115705\" src=\"https:\/\/www.cetys.mx\/noticias\/wp-content\/uploads\/2018\/08\/02prepa.jpg\" alt=\"\" width=\"5987\" height=\"1968\" srcset=\"https:\/\/www.cetys.mx\/noticias\/wp-content\/uploads\/2018\/08\/02prepa.jpg 5987w, https:\/\/www.cetys.mx\/noticias\/wp-content\/uploads\/2018\/08\/02prepa-768x252.jpg 768w\" sizes=\"auto, (max-width: 5987px) 100vw, 5987px\" \/><p id=\"caption-attachment-115705\" class=\"wp-caption-text\">Los nuevos Zorros de Preparatoria.<\/p><\/div>\n<p>Del 30 de julio al 3 de agosto los alumnos tuvieron la oportunidad de conocer la vida estudiantil en CETYS Universidad, participando en varias din\u00e1micas de integraci\u00f3n adem\u00e1s de brindarles informaci\u00f3n sobre los servicios acad\u00e9micos y administrativos.<\/p>\n<div id=\"attachment_115708\" style=\"width: 4522px\" class=\"wp-caption alignnone\"><img loading=\"lazy\" decoding=\"async\" aria-describedby=\"caption-attachment-115708\" class=\"size-full wp-image-115708\" src=\"https:\/\/www.cetys.mx\/noticias\/wp-content\/uploads\/2018\/08\/zs.jpg\" alt=\"\" width=\"4512\" height=\"3008\" srcset=\"https:\/\/www.cetys.mx\/noticias\/wp-content\/uploads\/2018\/08\/zs.jpg 4512w, https:\/\/www.cetys.mx\/noticias\/wp-content\/uploads\/2018\/08\/zs-768x512.jpg 768w\" sizes=\"auto, (max-width: 4512px) 100vw, 4512px\" \/><p id=\"caption-attachment-115708\" class=\"wp-caption-text\">J\u00f3venes del bachillerato Internacional.<\/p><\/div>\n<p>El Doctor Fernando Le\u00f3n Garc\u00eda, Rector del Sistema CETYS Universidad, luego de dar sus palabras de bienvenida y felicitaciones a los nuevos integrantes de la Familia CETYS, subray\u00f3 la importancia de la formaci\u00f3n integral que se obtiene en esta Instituci\u00f3n Educativa.<\/p>\n<p>\u201cLos invitamos a que no solo pongan su mayor esfuerzo y empe\u00f1o en cuanto a la parte acad\u00e9mica, tambi\u00e9n en la parte extracurricular: El deporte, la recreaci\u00f3n, las actividades culturales y art\u00edsticas, eventos acad\u00e9micos y cient\u00edficos, en los cuales ustedes seguramente encontrar\u00e1n mucho eco y podr\u00e1n dedicar su esfuerzos y energ\u00edas para poder lograr una formaci\u00f3n integral\u201d, coment\u00f3 a los estudiantes.<\/p>\n<div id=\"attachment_115720\" style=\"width: 3028px\" class=\"wp-caption alignnone\"><img loading=\"lazy\" decoding=\"async\" aria-describedby=\"caption-attachment-115720\" class=\"size-full wp-image-115720\" src=\"https:\/\/www.cetys.mx\/noticias\/wp-content\/uploads\/2018\/08\/07.jpg\" alt=\"\" width=\"3018\" height=\"2012\" srcset=\"https:\/\/www.cetys.mx\/noticias\/wp-content\/uploads\/2018\/08\/07.jpg 3018w, https:\/\/www.cetys.mx\/noticias\/wp-content\/uploads\/2018\/08\/07-768x512.jpg 768w\" sizes=\"auto, (max-width: 3018px) 100vw, 3018px\" \/><p id=\"caption-attachment-115720\" class=\"wp-caption-text\">Los j\u00f3venes de preparatoria tuvieron muchas actividades divertidas en su semana de inducci\u00f3n.<\/p><\/div>\n<p>Por su parte, el Maestro Mario Dipp N\u00fa\u00f1ez Director de Campus Mexicali se mantuvo al pendiente de las actividades que realizaron los estudiantes de nuevo ingreso, culminando con un evento de integraci\u00f3n a los estudiantes de Profesional, donde convivi\u00f3 con ellos y los felicit\u00f3 por esta nueva etapa que inician.<\/p>\n<p>\u201cQuiero darles la m\u00e1s cordial bienvenida a todos los nuevos Zorros, j\u00f3venes que decidieron integrarse a la familia CETYS, y que ya est\u00e1n marcando un rumbo, un poco m\u00e1s definido de lo que ser\u00e1 muy probablemente un futuro muy exitoso para ustedes\u201d, coment\u00f3 Dipp.<\/p>\n<div id=\"attachment_115732\" style=\"width: 4522px\" class=\"wp-caption alignnone\"><img loading=\"lazy\" decoding=\"async\" aria-describedby=\"caption-attachment-115732\" class=\"size-full wp-image-115732\" src=\"https:\/\/www.cetys.mx\/noticias\/wp-content\/uploads\/2018\/08\/MXL_4370.jpg\" alt=\"\" width=\"4512\" height=\"3008\" srcset=\"https:\/\/www.cetys.mx\/noticias\/wp-content\/uploads\/2018\/08\/MXL_4370.jpg 4512w, https:\/\/www.cetys.mx\/noticias\/wp-content\/uploads\/2018\/08\/MXL_4370-768x512.jpg 768w\" sizes=\"auto, (max-width: 4512px) 100vw, 4512px\" \/><p id=\"caption-attachment-115732\" class=\"wp-caption-text\">Los estudiantes for\u00e1neos tuvieron tiempo de conocerse entre s\u00ed, compartir experiencias e integrarse a la comunidad CETYS Mexicali.<\/p><\/div>\n<p>\u201cRecuerden que el trabajo duro lo tienen que hacer ustedes en sus estudios y esperamos que en unos a\u00f1os se est\u00e9n graduando ya como Alumni CETYS y contribuyendo a nuestra comunidad y nuestra sociedad; de nuevo un abrazo a todos, sean muy bienvenidos y mucho \u00e9xito a todos los j\u00f3venes de nuevo ingreso y reingreso, todos somos Zorros\u201d, finaliz\u00f3 el Director de Campus.<\/p>\n<p>Si quieres ver m\u00e1s im\u00e1genes de la semana de bienvenida, puedes hacerlo <a href=\"https:\/\/www.facebook.com\/pg\/cetysuniversidadmxl\/photos\/?tab=albums\">aqu\u00ed.<\/a><\/p>\n","protected":false},"excerpt":{"rendered":"<p>Dan bienvenida a la nueva generaci\u00f3n de alumnos de Preparatoria y Profesional que conf\u00edan su preparaci\u00f3n acad\u00e9mica a CETYS Universidad Campus Mexicali&#8230;<\/p>\n","protected":false},"author":20,"featured_media":115741,"comment_status":"open","ping_status":"closed","sticky":false,"template":"","format":"standard","meta":{"footnotes":""},"categories":[133,125,318,306,105,313],"tags":[997,2628,721,2627],"class_list":["post-115693","post","type-post","status-publish","format-standard","has-post-thumbnail","hentry","category-campus-mexicali","category-portada","category-preparatoria","category-profesional","category-vida-estudiantil","category-vocetys-2","tag-bienvenida","tag-nuevos-zorros","tag-vida-estudiantil","tag-vocetys-top-2018-08-11"],"yoast_head":"<!-- This site is optimized with the Yoast SEO plugin v27.4 - https:\/\/yoast.com\/product\/yoast-seo-wordpress\/ -->\n<title>Eligen a CETYS como su Alma Mater - CETYS<\/title>\n<meta name=\"description\" content=\"Articulo sobre Eligen a CETYS como su Alma Mater\" \/>\n<meta name=\"robots\" content=\"index, follow, max-snippet:-1, max-image-preview:large, max-video-preview:-1\" \/>\n<link rel=\"canonical\" href=\"https:\/\/www.cetys.mx\/noticias\/eligen-a-cetys-como-su-alma-mater\/\" \/>\n<meta property=\"og:locale\" content=\"es_MX\" \/>\n<meta property=\"og:type\" content=\"article\" \/>\n<meta property=\"og:title\" content=\"Eligen a CETYS como su Alma Mater - CETYS\" \/>\n<meta property=\"og:description\" content=\"Articulo sobre Eligen a CETYS como su Alma Mater\" \/>\n<meta property=\"og:url\" content=\"https:\/\/www.cetys.mx\/noticias\/eligen-a-cetys-como-su-alma-mater\/\" \/>\n<meta property=\"og:site_name\" content=\"CETYS\" \/>\n<meta property=\"article:publisher\" content=\"https:\/\/www.facebook.com\/cetysuniversidadmxl\/\" \/>\n<meta property=\"article:published_time\" content=\"2018-08-08T00:59:20+00:00\" \/>\n<meta property=\"article:modified_time\" content=\"2018-08-08T01:38:44+00:00\" \/>\n<meta property=\"og:image\" content=\"https:\/\/www.cetys.mx\/noticias\/wp-content\/uploads\/2018\/08\/FOTOPORTADA1.jpg\" \/>\n\t<meta property=\"og:image:width\" content=\"958\" \/>\n\t<meta property=\"og:image:height\" content=\"639\" \/>\n\t<meta property=\"og:image:type\" content=\"image\/jpeg\" \/>\n<meta name=\"author\" content=\"Campus Mexicali\" \/>\n<meta name=\"twitter:card\" content=\"summary_large_image\" \/>\n<meta name=\"twitter:creator\" content=\"@cetysuni\" \/>\n<meta name=\"twitter:site\" content=\"@cetysuni\" \/>\n<meta name=\"twitter:label1\" content=\"Escrito por\" \/>\n\t<meta name=\"twitter:data1\" content=\"Campus Mexicali\" \/>\n\t<meta name=\"twitter:label2\" content=\"Tiempo de lectura\" \/>\n\t<meta name=\"twitter:data2\" content=\"2 minutos\" \/>\n<script type=\"application\/ld+json\" class=\"yoast-schema-graph\">{\"@context\":\"https:\\\/\\\/schema.org\",\"@graph\":[{\"@type\":\"Article\",\"@id\":\"https:\\\/\\\/www.cetys.mx\\\/noticias\\\/eligen-a-cetys-como-su-alma-mater\\\/#article\",\"isPartOf\":{\"@id\":\"https:\\\/\\\/www.cetys.mx\\\/noticias\\\/eligen-a-cetys-como-su-alma-mater\\\/\"},\"author\":{\"name\":\"Campus Mexicali\",\"@id\":\"https:\\\/\\\/www.cetys.mx\\\/noticias\\\/#\\\/schema\\\/person\\\/79a95c4ac185f3705cf1b9c9340a5f70\"},\"headline\":\"Eligen a CETYS como su Alma Mater\",\"datePublished\":\"2018-08-08T00:59:20+00:00\",\"dateModified\":\"2018-08-08T01:38:44+00:00\",\"mainEntityOfPage\":{\"@id\":\"https:\\\/\\\/www.cetys.mx\\\/noticias\\\/eligen-a-cetys-como-su-alma-mater\\\/\"},\"wordCount\":490,\"commentCount\":0,\"image\":{\"@id\":\"https:\\\/\\\/www.cetys.mx\\\/noticias\\\/eligen-a-cetys-como-su-alma-mater\\\/#primaryimage\"},\"thumbnailUrl\":\"https:\\\/\\\/www.cetys.mx\\\/noticias\\\/wp-content\\\/uploads\\\/2018\\\/08\\\/FOTOPORTADA1.jpg\",\"keywords\":[\"Bienvenida\",\"Nuevos Zorros\",\"Vida Estudiantil\",\"vocetys-top-2018-08-11\"],\"articleSection\":[\"Campus Mexicali\",\"Portada\",\"Preparatoria\",\"Profesional\",\"Vida Estudiantil\",\"VoCETYS\"],\"inLanguage\":\"es\",\"potentialAction\":[{\"@type\":\"CommentAction\",\"name\":\"Comment\",\"target\":[\"https:\\\/\\\/www.cetys.mx\\\/noticias\\\/eligen-a-cetys-como-su-alma-mater\\\/#respond\"]}]},{\"@type\":\"WebPage\",\"@id\":\"https:\\\/\\\/www.cetys.mx\\\/noticias\\\/eligen-a-cetys-como-su-alma-mater\\\/\",\"url\":\"https:\\\/\\\/www.cetys.mx\\\/noticias\\\/eligen-a-cetys-como-su-alma-mater\\\/\",\"name\":\"Eligen a CETYS como su Alma Mater - CETYS\",\"isPartOf\":{\"@id\":\"https:\\\/\\\/www.cetys.mx\\\/noticias\\\/#website\"},\"primaryImageOfPage\":{\"@id\":\"https:\\\/\\\/www.cetys.mx\\\/noticias\\\/eligen-a-cetys-como-su-alma-mater\\\/#primaryimage\"},\"image\":{\"@id\":\"https:\\\/\\\/www.cetys.mx\\\/noticias\\\/eligen-a-cetys-como-su-alma-mater\\\/#primaryimage\"},\"thumbnailUrl\":\"https:\\\/\\\/www.cetys.mx\\\/noticias\\\/wp-content\\\/uploads\\\/2018\\\/08\\\/FOTOPORTADA1.jpg\",\"datePublished\":\"2018-08-08T00:59:20+00:00\",\"dateModified\":\"2018-08-08T01:38:44+00:00\",\"author\":{\"@id\":\"https:\\\/\\\/www.cetys.mx\\\/noticias\\\/#\\\/schema\\\/person\\\/79a95c4ac185f3705cf1b9c9340a5f70\"},\"description\":\"Articulo sobre Eligen a CETYS como su Alma Mater\",\"breadcrumb\":{\"@id\":\"https:\\\/\\\/www.cetys.mx\\\/noticias\\\/eligen-a-cetys-como-su-alma-mater\\\/#breadcrumb\"},\"inLanguage\":\"es\",\"potentialAction\":[{\"@type\":\"ReadAction\",\"target\":[\"https:\\\/\\\/www.cetys.mx\\\/noticias\\\/eligen-a-cetys-como-su-alma-mater\\\/\"]}]},{\"@type\":\"ImageObject\",\"inLanguage\":\"es\",\"@id\":\"https:\\\/\\\/www.cetys.mx\\\/noticias\\\/eligen-a-cetys-como-su-alma-mater\\\/#primaryimage\",\"url\":\"https:\\\/\\\/www.cetys.mx\\\/noticias\\\/wp-content\\\/uploads\\\/2018\\\/08\\\/FOTOPORTADA1.jpg\",\"contentUrl\":\"https:\\\/\\\/www.cetys.mx\\\/noticias\\\/wp-content\\\/uploads\\\/2018\\\/08\\\/FOTOPORTADA1.jpg\",\"width\":958,\"height\":639},{\"@type\":\"BreadcrumbList\",\"@id\":\"https:\\\/\\\/www.cetys.mx\\\/noticias\\\/eligen-a-cetys-como-su-alma-mater\\\/#breadcrumb\",\"itemListElement\":[{\"@type\":\"ListItem\",\"position\":1,\"name\":\"Inicio\",\"item\":\"https:\\\/\\\/www.cetys.mx\\\/noticias\\\/\"},{\"@type\":\"ListItem\",\"position\":2,\"name\":\"Eligen a CETYS como su Alma Mater\"}]},{\"@type\":\"WebSite\",\"@id\":\"https:\\\/\\\/www.cetys.mx\\\/noticias\\\/#website\",\"url\":\"https:\\\/\\\/www.cetys.mx\\\/noticias\\\/\",\"name\":\"CETYS\",\"description\":\"\",\"potentialAction\":[{\"@type\":\"SearchAction\",\"target\":{\"@type\":\"EntryPoint\",\"urlTemplate\":\"https:\\\/\\\/www.cetys.mx\\\/noticias\\\/?s={search_term_string}\"},\"query-input\":{\"@type\":\"PropertyValueSpecification\",\"valueRequired\":true,\"valueName\":\"search_term_string\"}}],\"inLanguage\":\"es\"},{\"@type\":\"Person\",\"@id\":\"https:\\\/\\\/www.cetys.mx\\\/noticias\\\/#\\\/schema\\\/person\\\/79a95c4ac185f3705cf1b9c9340a5f70\",\"name\":\"Campus Mexicali\",\"url\":\"https:\\\/\\\/www.cetys.mx\\\/noticias\\\/author\\\/campusmexicali\\\/\"}]}<\/script>\n<!-- \/ Yoast SEO plugin. -->","yoast_head_json":{"title":"Eligen a CETYS como su Alma Mater - CETYS","description":"Articulo sobre Eligen a CETYS como su Alma Mater","robots":{"index":"index","follow":"follow","max-snippet":"max-snippet:-1","max-image-preview":"max-image-preview:large","max-video-preview":"max-video-preview:-1"},"canonical":"https:\/\/www.cetys.mx\/noticias\/eligen-a-cetys-como-su-alma-mater\/","og_locale":"es_MX","og_type":"article","og_title":"Eligen a CETYS como su Alma Mater - CETYS","og_description":"Articulo sobre Eligen a CETYS como su Alma Mater","og_url":"https:\/\/www.cetys.mx\/noticias\/eligen-a-cetys-como-su-alma-mater\/","og_site_name":"CETYS","article_publisher":"https:\/\/www.facebook.com\/cetysuniversidadmxl\/","article_published_time":"2018-08-08T00:59:20+00:00","article_modified_time":"2018-08-08T01:38:44+00:00","og_image":[{"width":958,"height":639,"url":"https:\/\/www.cetys.mx\/noticias\/wp-content\/uploads\/2018\/08\/FOTOPORTADA1.jpg","type":"image\/jpeg"}],"author":"Campus Mexicali","twitter_card":"summary_large_image","twitter_creator":"@cetysuni","twitter_site":"@cetysuni","twitter_misc":{"Escrito por":"Campus Mexicali","Tiempo de lectura":"2 minutos"},"schema":{"@context":"https:\/\/schema.org","@graph":[{"@type":"Article","@id":"https:\/\/www.cetys.mx\/noticias\/eligen-a-cetys-como-su-alma-mater\/#article","isPartOf":{"@id":"https:\/\/www.cetys.mx\/noticias\/eligen-a-cetys-como-su-alma-mater\/"},"author":{"name":"Campus Mexicali","@id":"https:\/\/www.cetys.mx\/noticias\/#\/schema\/person\/79a95c4ac185f3705cf1b9c9340a5f70"},"headline":"Eligen a CETYS como su Alma Mater","datePublished":"2018-08-08T00:59:20+00:00","dateModified":"2018-08-08T01:38:44+00:00","mainEntityOfPage":{"@id":"https:\/\/www.cetys.mx\/noticias\/eligen-a-cetys-como-su-alma-mater\/"},"wordCount":490,"commentCount":0,"image":{"@id":"https:\/\/www.cetys.mx\/noticias\/eligen-a-cetys-como-su-alma-mater\/#primaryimage"},"thumbnailUrl":"https:\/\/www.cetys.mx\/noticias\/wp-content\/uploads\/2018\/08\/FOTOPORTADA1.jpg","keywords":["Bienvenida","Nuevos Zorros","Vida Estudiantil","vocetys-top-2018-08-11"],"articleSection":["Campus Mexicali","Portada","Preparatoria","Profesional","Vida Estudiantil","VoCETYS"],"inLanguage":"es","potentialAction":[{"@type":"CommentAction","name":"Comment","target":["https:\/\/www.cetys.mx\/noticias\/eligen-a-cetys-como-su-alma-mater\/#respond"]}]},{"@type":"WebPage","@id":"https:\/\/www.cetys.mx\/noticias\/eligen-a-cetys-como-su-alma-mater\/","url":"https:\/\/www.cetys.mx\/noticias\/eligen-a-cetys-como-su-alma-mater\/","name":"Eligen a CETYS como su Alma Mater - CETYS","isPartOf":{"@id":"https:\/\/www.cetys.mx\/noticias\/#website"},"primaryImageOfPage":{"@id":"https:\/\/www.cetys.mx\/noticias\/eligen-a-cetys-como-su-alma-mater\/#primaryimage"},"image":{"@id":"https:\/\/www.cetys.mx\/noticias\/eligen-a-cetys-como-su-alma-mater\/#primaryimage"},"thumbnailUrl":"https:\/\/www.cetys.mx\/noticias\/wp-content\/uploads\/2018\/08\/FOTOPORTADA1.jpg","datePublished":"2018-08-08T00:59:20+00:00","dateModified":"2018-08-08T01:38:44+00:00","author":{"@id":"https:\/\/www.cetys.mx\/noticias\/#\/schema\/person\/79a95c4ac185f3705cf1b9c9340a5f70"},"description":"Articulo sobre Eligen a CETYS como su Alma Mater","breadcrumb":{"@id":"https:\/\/www.cetys.mx\/noticias\/eligen-a-cetys-como-su-alma-mater\/#breadcrumb"},"inLanguage":"es","potentialAction":[{"@type":"ReadAction","target":["https:\/\/www.cetys.mx\/noticias\/eligen-a-cetys-como-su-alma-mater\/"]}]},{"@type":"ImageObject","inLanguage":"es","@id":"https:\/\/www.cetys.mx\/noticias\/eligen-a-cetys-como-su-alma-mater\/#primaryimage","url":"https:\/\/www.cetys.mx\/noticias\/wp-content\/uploads\/2018\/08\/FOTOPORTADA1.jpg","contentUrl":"https:\/\/www.cetys.mx\/noticias\/wp-content\/uploads\/2018\/08\/FOTOPORTADA1.jpg","width":958,"height":639},{"@type":"BreadcrumbList","@id":"https:\/\/www.cetys.mx\/noticias\/eligen-a-cetys-como-su-alma-mater\/#breadcrumb","itemListElement":[{"@type":"ListItem","position":1,"name":"Inicio","item":"https:\/\/www.cetys.mx\/noticias\/"},{"@type":"ListItem","position":2,"name":"Eligen a CETYS como su Alma Mater"}]},{"@type":"WebSite","@id":"https:\/\/www.cetys.mx\/noticias\/#website","url":"https:\/\/www.cetys.mx\/noticias\/","name":"CETYS","description":"","potentialAction":[{"@type":"SearchAction","target":{"@type":"EntryPoint","urlTemplate":"https:\/\/www.cetys.mx\/noticias\/?s={search_term_string}"},"query-input":{"@type":"PropertyValueSpecification","valueRequired":true,"valueName":"search_term_string"}}],"inLanguage":"es"},{"@type":"Person","@id":"https:\/\/www.cetys.mx\/noticias\/#\/schema\/person\/79a95c4ac185f3705cf1b9c9340a5f70","name":"Campus Mexicali","url":"https:\/\/www.cetys.mx\/noticias\/author\/campusmexicali\/"}]}},"_links":{"self":[{"href":"https:\/\/www.cetys.mx\/noticias\/wp-json\/wp\/v2\/posts\/115693","targetHints":{"allow":["GET"]}}],"collection":[{"href":"https:\/\/www.cetys.mx\/noticias\/wp-json\/wp\/v2\/posts"}],"about":[{"href":"https:\/\/www.cetys.mx\/noticias\/wp-json\/wp\/v2\/types\/post"}],"author":[{"embeddable":true,"href":"https:\/\/www.cetys.mx\/noticias\/wp-json\/wp\/v2\/users\/20"}],"replies":[{"embeddable":true,"href":"https:\/\/www.cetys.mx\/noticias\/wp-json\/wp\/v2\/comments?post=115693"}],"version-history":[{"count":0,"href":"https:\/\/www.cetys.mx\/noticias\/wp-json\/wp\/v2\/posts\/115693\/revisions"}],"wp:featuredmedia":[{"embeddable":true,"href":"https:\/\/www.cetys.mx\/noticias\/wp-json\/wp\/v2\/media\/115741"}],"wp:attachment":[{"href":"https:\/\/www.cetys.mx\/noticias\/wp-json\/wp\/v2\/media?parent=115693"}],"wp:term":[{"taxonomy":"category","embeddable":true,"href":"https:\/\/www.cetys.mx\/noticias\/wp-json\/wp\/v2\/categories?post=115693"},{"taxonomy":"post_tag","embeddable":true,"href":"https:\/\/www.cetys.mx\/noticias\/wp-json\/wp\/v2\/tags?post=115693"}],"curies":[{"name":"wp","href":"https:\/\/api.w.org\/{rel}","templated":true}]}}