{"id":115550,"date":"2018-08-03T17:14:43","date_gmt":"2018-08-04T00:14:43","guid":{"rendered":"http:\/\/www.cetys.mx\/noticias\/?p=115550"},"modified":"2018-08-07T19:31:01","modified_gmt":"2018-08-08T02:31:01","slug":"suman-esfuerzos-a-favor-del-desarrollo-de-energias-renovables","status":"publish","type":"post","link":"https:\/\/www.cetys.mx\/noticias\/suman-esfuerzos-a-favor-del-desarrollo-de-energias-renovables\/","title":{"rendered":"Buscan fortalecer el desarrollo de Energ\u00edas Renovables"},"content":{"rendered":"<p align=\"justify\">Un destacado grupo de universitarios bajacalifornianos, adscritos al programa de Ingenier\u00eda en Energ\u00edas Renovables del <a href=\"https:\/\/www.cetys.mx\">Sistema CETYS Universidad<\/a>, realizaron una estancia de estudios en la <a href=\"https:\/\/www.uah.es\/es\/\">Universidad de Alcal\u00e1 de Henares<\/a>, catalogada en Espa\u00f1a como la n\u00famero uno en sustentabilidad, con el \u00fanico objetivo de <strong>abonar al desarrollo e implementaci\u00f3n de energ\u00edas limpias en M\u00e9xico<\/strong>.<\/p>\n<p align=\"justify\">Se trat\u00f3 de la segunda edici\u00f3n del<strong> Seminario \u201cFuentes de Energ\u00edas Renovables\u201d<\/strong>, un programa que brinda a los universitarios las herramientas necesarias para la implementaci\u00f3n de proyectos relacionados con la localizaci\u00f3n, generaci\u00f3n y distribuci\u00f3n de energ\u00eda; as\u00ed como los conocimientos en los principios y leyes universales para la utilizaci\u00f3n y aprovechamiento de la energ\u00eda convencional y de las nuevas formas de \u00e9sta.<\/p>\n<div id=\"attachment_115565\" style=\"width: 992px\" class=\"wp-caption aligncenter\"><img loading=\"lazy\" decoding=\"async\" aria-describedby=\"caption-attachment-115565\" class=\"wp-image-115565 size-full\" src=\"https:\/\/www.cetys.mx\/noticias\/wp-content\/uploads\/2018\/08\/cetys_viajealcala18-2.jpg\" alt=\"\" width=\"982\" height=\"670\" srcset=\"https:\/\/www.cetys.mx\/noticias\/wp-content\/uploads\/2018\/08\/cetys_viajealcala18-2.jpg 982w, https:\/\/www.cetys.mx\/noticias\/wp-content\/uploads\/2018\/08\/cetys_viajealcala18-2-768x524.jpg 768w\" sizes=\"auto, (max-width: 982px) 100vw, 982px\" \/><p id=\"caption-attachment-115565\" class=\"wp-caption-text\">Adem\u00e1s de la experiencia en el aula, quienes participaron en los Programas Internacionales de CETYS Universidad viven la cultura.<\/p><\/div>\n<p align=\"justify\">Para <strong>Jes\u00fas Octavio Rinc\u00f3n Cortez<\/strong>, una de los principales ventajas competitivas que ofrece este curso es poder <strong>conocer el panorama mundial<\/strong> de su \u00e1rea de estudio y conocer c\u00f3mo han solucionado problemas similares a los que se podr\u00edan presentar en M\u00e9xico, llevando lo te\u00f3rico a la pr\u00e1ctica. <em>\u201cEs una experiencia interesante y de much\u00edsimo valor curricular, tanto en la formaci\u00f3n acad\u00e9mica como en lo profesional\u201d<\/em>, puntualiz\u00f3.<\/p>\n<p align=\"justify\">Tan s\u00f3lo en la<a href=\"https:\/\/www.cetys.mx\/noticias\/alumnos-cetys-celebran-clausura-cursos-verano-en-espana\/\"> primera edici\u00f3n<\/a>, combinando lo aprendido en M\u00e9xico y Espa\u00f1a, Roc\u00edo Jazm\u00edn Jim\u00e9nez y Mariana Cristina Lara Gonz\u00e1lez lograron realizar una serie de mejoras a su proyecto \u201cBiog\u00e1s del Hogar\u201d, un biodigestor que aprovecha el contenido energ\u00e9tico de los residuos vegetales generados en la cocina y los convierte en energ\u00eda biomasa \u00fatil para el hogar. Tras ello, recientemente su prototipo gan\u00f3 los primeros lugares en categor\u00edas como \u201cWoman Innovators Track\u201d del\u00a0<a href=\"https:\/\/r20.rs6.net\/tn.jsp?f=001yGPLroqpmNBbGNr3L-lvEg_lastrP9iZ-JpvV9zo21QiwCKYBLwbn_LXz2izczBjo51WyauwKPEtvwqP9mzAdmSrfjrhUK0utp5-axc2GRX1J1Mr-EJooPTQf2VLW1s3llpa9tK1GkJWxz183VjwLRY4Mv49GdG6zIeBGUJKG16fBynvjIyhrh6vpxhPBKOhlqedH2JMryL9VUwzEk5p9LijLS3K22yGupiRElngZdzGYEb9CB5qkdENh8TiMLhq2qgmUeNgBJCIcOND8dhanrROOAledycwJ_ITkdwI_LQ=&amp;c=iakjidHByYcqay6AkjW9WLuw2ELlcOkC5EuPZFhJDKgWpvrVgOqNGA==&amp;ch=DFOPaKI4THZGRg6wc842wNvPpo2_LkqkNWTEXjGGrVq0k855dxIs6Q==\" target=\"_blank\" rel=\"noopener\" data-saferedirecturl=\"https:\/\/www.google.com\/url?hl=es&amp;q=https:\/\/r20.rs6.net\/tn.jsp?f%3D001yGPLroqpmNBbGNr3L-lvEg_lastrP9iZ-JpvV9zo21QiwCKYBLwbn_LXz2izczBjo51WyauwKPEtvwqP9mzAdmSrfjrhUK0utp5-axc2GRX1J1Mr-EJooPTQf2VLW1s3llpa9tK1GkJWxz183VjwLRY4Mv49GdG6zIeBGUJKG16fBynvjIyhrh6vpxhPBKOhlqedH2JMryL9VUwzEk5p9LijLS3K22yGupiRElngZdzGYEb9CB5qkdENh8TiMLhq2qgmUeNgBJCIcOND8dhanrROOAledycwJ_ITkdwI_LQ%3D%26c%3DiakjidHByYcqay6AkjW9WLuw2ELlcOkC5EuPZFhJDKgWpvrVgOqNGA%3D%3D%26ch%3DDFOPaKI4THZGRg6wc842wNvPpo2_LkqkNWTEXjGGrVq0k855dxIs6Q%3D%3D&amp;source=gmail&amp;ust=1533406746411000&amp;usg=AFQjCNFGCKS7tlxJBWWHi6XOSILCWtePdA\">Global Social Innovation Challenge<\/a>\u00a0organizado por la USD (University of San Diego).<\/p>\n<hr \/>\n<p align=\"justify\"><strong>Un poco m\u00e1s de contexto&#8230;<\/strong><\/p>\n<ul>\n<li>El impulso de CETYS Universidad por la formaci\u00f3n es resultado de necesidad de profesionistas en el \u00e1rea.<\/li>\n<li>A principios del 2017 se proyect\u00f3 la necesidad de 135 mil ingenieros para cubrir la demanda laboral.<\/li>\n<\/ul>\n","protected":false},"excerpt":{"rendered":"<p>Un destacado grupo de universitarios bajacalifornianos, adscritos al programa de Ingenier\u00eda en Energ\u00edas Renovables del Sistema CETYS Universidad, realizaron una estancia de&#8230;<\/p>\n","protected":false},"author":26,"featured_media":115564,"comment_status":"open","ping_status":"closed","sticky":false,"template":"","format":"standard","meta":{"footnotes":""},"categories":[209,319,306,313],"tags":[294,338,2619,2633,2624],"class_list":["post-115550","post","type-post","status-publish","format-standard","has-post-thumbnail","hentry","category-institucional","category-p-internacionales","category-profesional","category-vocetys-2","tag-energias-renovables","tag-ingenieria","tag-vocetys-2018-08-06","tag-vocetys-2018-08-08","tag-vocetys-2018-08-11"],"yoast_head":"<!-- This site is optimized with the Yoast SEO plugin v27.4 - https:\/\/yoast.com\/product\/yoast-seo-wordpress\/ -->\n<title>Buscan fortalecer el desarrollo de Energ\u00edas Renovables - CETYS<\/title>\n<meta name=\"description\" content=\"Articulo sobre Buscan fortalecer el desarrollo de Energ\u00edas Renovables\" \/>\n<meta name=\"robots\" content=\"index, follow, max-snippet:-1, max-image-preview:large, max-video-preview:-1\" \/>\n<link rel=\"canonical\" href=\"https:\/\/www.cetys.mx\/noticias\/suman-esfuerzos-a-favor-del-desarrollo-de-energias-renovables\/\" \/>\n<meta property=\"og:locale\" content=\"es_MX\" \/>\n<meta property=\"og:type\" content=\"article\" \/>\n<meta property=\"og:title\" content=\"Buscan fortalecer el desarrollo de Energ\u00edas Renovables - CETYS\" \/>\n<meta property=\"og:description\" content=\"Articulo sobre Buscan fortalecer el desarrollo de Energ\u00edas Renovables\" \/>\n<meta property=\"og:url\" content=\"https:\/\/www.cetys.mx\/noticias\/suman-esfuerzos-a-favor-del-desarrollo-de-energias-renovables\/\" \/>\n<meta property=\"og:site_name\" content=\"CETYS\" \/>\n<meta property=\"article:publisher\" content=\"https:\/\/www.facebook.com\/cetysuniversidadmxl\/\" \/>\n<meta property=\"article:published_time\" content=\"2018-08-04T00:14:43+00:00\" \/>\n<meta property=\"article:modified_time\" content=\"2018-08-08T02:31:01+00:00\" \/>\n<meta property=\"og:image\" content=\"https:\/\/www.cetys.mx\/noticias\/wp-content\/uploads\/2018\/08\/cetys_erespa\u00f1a2018.jpg\" \/>\n\t<meta property=\"og:image:width\" content=\"958\" \/>\n\t<meta property=\"og:image:height\" content=\"637\" \/>\n\t<meta property=\"og:image:type\" content=\"image\/jpeg\" \/>\n<meta name=\"author\" content=\"CETYS Institucional\" \/>\n<meta name=\"twitter:card\" content=\"summary_large_image\" \/>\n<meta name=\"twitter:creator\" content=\"@cetysuni\" \/>\n<meta name=\"twitter:site\" content=\"@cetysuni\" \/>\n<meta name=\"twitter:label1\" content=\"Escrito por\" \/>\n\t<meta name=\"twitter:data1\" content=\"CETYS Institucional\" \/>\n\t<meta name=\"twitter:label2\" content=\"Tiempo de lectura\" \/>\n\t<meta name=\"twitter:data2\" content=\"2 minutos\" \/>\n<script type=\"application\/ld+json\" class=\"yoast-schema-graph\">{\"@context\":\"https:\\\/\\\/schema.org\",\"@graph\":[{\"@type\":\"Article\",\"@id\":\"https:\\\/\\\/www.cetys.mx\\\/noticias\\\/suman-esfuerzos-a-favor-del-desarrollo-de-energias-renovables\\\/#article\",\"isPartOf\":{\"@id\":\"https:\\\/\\\/www.cetys.mx\\\/noticias\\\/suman-esfuerzos-a-favor-del-desarrollo-de-energias-renovables\\\/\"},\"author\":{\"name\":\"CETYS Institucional\",\"@id\":\"https:\\\/\\\/www.cetys.mx\\\/noticias\\\/#\\\/schema\\\/person\\\/e9d2b35265b64aa454df57a2828eb2ac\"},\"headline\":\"Buscan fortalecer el desarrollo de Energ\u00edas Renovables\",\"datePublished\":\"2018-08-04T00:14:43+00:00\",\"dateModified\":\"2018-08-08T02:31:01+00:00\",\"mainEntityOfPage\":{\"@id\":\"https:\\\/\\\/www.cetys.mx\\\/noticias\\\/suman-esfuerzos-a-favor-del-desarrollo-de-energias-renovables\\\/\"},\"wordCount\":380,\"commentCount\":0,\"image\":{\"@id\":\"https:\\\/\\\/www.cetys.mx\\\/noticias\\\/suman-esfuerzos-a-favor-del-desarrollo-de-energias-renovables\\\/#primaryimage\"},\"thumbnailUrl\":\"https:\\\/\\\/www.cetys.mx\\\/noticias\\\/wp-content\\\/uploads\\\/2018\\\/08\\\/cetys_erespa\u00f1a2018.jpg\",\"keywords\":[\"Energ\u00edas Renovables\",\"Ingenier\u00eda\",\"vocetys-2018-08-06\",\"vocetys-2018-08-08\",\"vocetys-2018-08-11\"],\"articleSection\":[\"Institucional\",\"P. Internacionales\",\"Profesional\",\"VoCETYS\"],\"inLanguage\":\"es\",\"potentialAction\":[{\"@type\":\"CommentAction\",\"name\":\"Comment\",\"target\":[\"https:\\\/\\\/www.cetys.mx\\\/noticias\\\/suman-esfuerzos-a-favor-del-desarrollo-de-energias-renovables\\\/#respond\"]}]},{\"@type\":\"WebPage\",\"@id\":\"https:\\\/\\\/www.cetys.mx\\\/noticias\\\/suman-esfuerzos-a-favor-del-desarrollo-de-energias-renovables\\\/\",\"url\":\"https:\\\/\\\/www.cetys.mx\\\/noticias\\\/suman-esfuerzos-a-favor-del-desarrollo-de-energias-renovables\\\/\",\"name\":\"Buscan fortalecer el desarrollo de Energ\u00edas Renovables - CETYS\",\"isPartOf\":{\"@id\":\"https:\\\/\\\/www.cetys.mx\\\/noticias\\\/#website\"},\"primaryImageOfPage\":{\"@id\":\"https:\\\/\\\/www.cetys.mx\\\/noticias\\\/suman-esfuerzos-a-favor-del-desarrollo-de-energias-renovables\\\/#primaryimage\"},\"image\":{\"@id\":\"https:\\\/\\\/www.cetys.mx\\\/noticias\\\/suman-esfuerzos-a-favor-del-desarrollo-de-energias-renovables\\\/#primaryimage\"},\"thumbnailUrl\":\"https:\\\/\\\/www.cetys.mx\\\/noticias\\\/wp-content\\\/uploads\\\/2018\\\/08\\\/cetys_erespa\u00f1a2018.jpg\",\"datePublished\":\"2018-08-04T00:14:43+00:00\",\"dateModified\":\"2018-08-08T02:31:01+00:00\",\"author\":{\"@id\":\"https:\\\/\\\/www.cetys.mx\\\/noticias\\\/#\\\/schema\\\/person\\\/e9d2b35265b64aa454df57a2828eb2ac\"},\"description\":\"Articulo sobre Buscan fortalecer el desarrollo de Energ\u00edas Renovables\",\"breadcrumb\":{\"@id\":\"https:\\\/\\\/www.cetys.mx\\\/noticias\\\/suman-esfuerzos-a-favor-del-desarrollo-de-energias-renovables\\\/#breadcrumb\"},\"inLanguage\":\"es\",\"potentialAction\":[{\"@type\":\"ReadAction\",\"target\":[\"https:\\\/\\\/www.cetys.mx\\\/noticias\\\/suman-esfuerzos-a-favor-del-desarrollo-de-energias-renovables\\\/\"]}]},{\"@type\":\"ImageObject\",\"inLanguage\":\"es\",\"@id\":\"https:\\\/\\\/www.cetys.mx\\\/noticias\\\/suman-esfuerzos-a-favor-del-desarrollo-de-energias-renovables\\\/#primaryimage\",\"url\":\"https:\\\/\\\/www.cetys.mx\\\/noticias\\\/wp-content\\\/uploads\\\/2018\\\/08\\\/cetys_erespa\u00f1a2018.jpg\",\"contentUrl\":\"https:\\\/\\\/www.cetys.mx\\\/noticias\\\/wp-content\\\/uploads\\\/2018\\\/08\\\/cetys_erespa\u00f1a2018.jpg\",\"width\":958,\"height\":637},{\"@type\":\"BreadcrumbList\",\"@id\":\"https:\\\/\\\/www.cetys.mx\\\/noticias\\\/suman-esfuerzos-a-favor-del-desarrollo-de-energias-renovables\\\/#breadcrumb\",\"itemListElement\":[{\"@type\":\"ListItem\",\"position\":1,\"name\":\"Inicio\",\"item\":\"https:\\\/\\\/www.cetys.mx\\\/noticias\\\/\"},{\"@type\":\"ListItem\",\"position\":2,\"name\":\"Buscan fortalecer el desarrollo de Energ\u00edas Renovables\"}]},{\"@type\":\"WebSite\",\"@id\":\"https:\\\/\\\/www.cetys.mx\\\/noticias\\\/#website\",\"url\":\"https:\\\/\\\/www.cetys.mx\\\/noticias\\\/\",\"name\":\"CETYS\",\"description\":\"\",\"potentialAction\":[{\"@type\":\"SearchAction\",\"target\":{\"@type\":\"EntryPoint\",\"urlTemplate\":\"https:\\\/\\\/www.cetys.mx\\\/noticias\\\/?s={search_term_string}\"},\"query-input\":{\"@type\":\"PropertyValueSpecification\",\"valueRequired\":true,\"valueName\":\"search_term_string\"}}],\"inLanguage\":\"es\"},{\"@type\":\"Person\",\"@id\":\"https:\\\/\\\/www.cetys.mx\\\/noticias\\\/#\\\/schema\\\/person\\\/e9d2b35265b64aa454df57a2828eb2ac\",\"name\":\"CETYS Institucional\",\"url\":\"https:\\\/\\\/www.cetys.mx\\\/noticias\\\/author\\\/cetysinstitucional\\\/\"}]}<\/script>\n<!-- \/ Yoast SEO plugin. -->","yoast_head_json":{"title":"Buscan fortalecer el desarrollo de Energ\u00edas Renovables - CETYS","description":"Articulo sobre Buscan fortalecer el desarrollo de Energ\u00edas Renovables","robots":{"index":"index","follow":"follow","max-snippet":"max-snippet:-1","max-image-preview":"max-image-preview:large","max-video-preview":"max-video-preview:-1"},"canonical":"https:\/\/www.cetys.mx\/noticias\/suman-esfuerzos-a-favor-del-desarrollo-de-energias-renovables\/","og_locale":"es_MX","og_type":"article","og_title":"Buscan fortalecer el desarrollo de Energ\u00edas Renovables - CETYS","og_description":"Articulo sobre Buscan fortalecer el desarrollo de Energ\u00edas Renovables","og_url":"https:\/\/www.cetys.mx\/noticias\/suman-esfuerzos-a-favor-del-desarrollo-de-energias-renovables\/","og_site_name":"CETYS","article_publisher":"https:\/\/www.facebook.com\/cetysuniversidadmxl\/","article_published_time":"2018-08-04T00:14:43+00:00","article_modified_time":"2018-08-08T02:31:01+00:00","og_image":[{"width":958,"height":637,"url":"https:\/\/www.cetys.mx\/noticias\/wp-content\/uploads\/2018\/08\/cetys_erespa\u00f1a2018.jpg","type":"image\/jpeg"}],"author":"CETYS Institucional","twitter_card":"summary_large_image","twitter_creator":"@cetysuni","twitter_site":"@cetysuni","twitter_misc":{"Escrito por":"CETYS Institucional","Tiempo de lectura":"2 minutos"},"schema":{"@context":"https:\/\/schema.org","@graph":[{"@type":"Article","@id":"https:\/\/www.cetys.mx\/noticias\/suman-esfuerzos-a-favor-del-desarrollo-de-energias-renovables\/#article","isPartOf":{"@id":"https:\/\/www.cetys.mx\/noticias\/suman-esfuerzos-a-favor-del-desarrollo-de-energias-renovables\/"},"author":{"name":"CETYS Institucional","@id":"https:\/\/www.cetys.mx\/noticias\/#\/schema\/person\/e9d2b35265b64aa454df57a2828eb2ac"},"headline":"Buscan fortalecer el desarrollo de Energ\u00edas Renovables","datePublished":"2018-08-04T00:14:43+00:00","dateModified":"2018-08-08T02:31:01+00:00","mainEntityOfPage":{"@id":"https:\/\/www.cetys.mx\/noticias\/suman-esfuerzos-a-favor-del-desarrollo-de-energias-renovables\/"},"wordCount":380,"commentCount":0,"image":{"@id":"https:\/\/www.cetys.mx\/noticias\/suman-esfuerzos-a-favor-del-desarrollo-de-energias-renovables\/#primaryimage"},"thumbnailUrl":"https:\/\/www.cetys.mx\/noticias\/wp-content\/uploads\/2018\/08\/cetys_erespa\u00f1a2018.jpg","keywords":["Energ\u00edas Renovables","Ingenier\u00eda","vocetys-2018-08-06","vocetys-2018-08-08","vocetys-2018-08-11"],"articleSection":["Institucional","P. Internacionales","Profesional","VoCETYS"],"inLanguage":"es","potentialAction":[{"@type":"CommentAction","name":"Comment","target":["https:\/\/www.cetys.mx\/noticias\/suman-esfuerzos-a-favor-del-desarrollo-de-energias-renovables\/#respond"]}]},{"@type":"WebPage","@id":"https:\/\/www.cetys.mx\/noticias\/suman-esfuerzos-a-favor-del-desarrollo-de-energias-renovables\/","url":"https:\/\/www.cetys.mx\/noticias\/suman-esfuerzos-a-favor-del-desarrollo-de-energias-renovables\/","name":"Buscan fortalecer el desarrollo de Energ\u00edas Renovables - CETYS","isPartOf":{"@id":"https:\/\/www.cetys.mx\/noticias\/#website"},"primaryImageOfPage":{"@id":"https:\/\/www.cetys.mx\/noticias\/suman-esfuerzos-a-favor-del-desarrollo-de-energias-renovables\/#primaryimage"},"image":{"@id":"https:\/\/www.cetys.mx\/noticias\/suman-esfuerzos-a-favor-del-desarrollo-de-energias-renovables\/#primaryimage"},"thumbnailUrl":"https:\/\/www.cetys.mx\/noticias\/wp-content\/uploads\/2018\/08\/cetys_erespa\u00f1a2018.jpg","datePublished":"2018-08-04T00:14:43+00:00","dateModified":"2018-08-08T02:31:01+00:00","author":{"@id":"https:\/\/www.cetys.mx\/noticias\/#\/schema\/person\/e9d2b35265b64aa454df57a2828eb2ac"},"description":"Articulo sobre Buscan fortalecer el desarrollo de Energ\u00edas Renovables","breadcrumb":{"@id":"https:\/\/www.cetys.mx\/noticias\/suman-esfuerzos-a-favor-del-desarrollo-de-energias-renovables\/#breadcrumb"},"inLanguage":"es","potentialAction":[{"@type":"ReadAction","target":["https:\/\/www.cetys.mx\/noticias\/suman-esfuerzos-a-favor-del-desarrollo-de-energias-renovables\/"]}]},{"@type":"ImageObject","inLanguage":"es","@id":"https:\/\/www.cetys.mx\/noticias\/suman-esfuerzos-a-favor-del-desarrollo-de-energias-renovables\/#primaryimage","url":"https:\/\/www.cetys.mx\/noticias\/wp-content\/uploads\/2018\/08\/cetys_erespa\u00f1a2018.jpg","contentUrl":"https:\/\/www.cetys.mx\/noticias\/wp-content\/uploads\/2018\/08\/cetys_erespa\u00f1a2018.jpg","width":958,"height":637},{"@type":"BreadcrumbList","@id":"https:\/\/www.cetys.mx\/noticias\/suman-esfuerzos-a-favor-del-desarrollo-de-energias-renovables\/#breadcrumb","itemListElement":[{"@type":"ListItem","position":1,"name":"Inicio","item":"https:\/\/www.cetys.mx\/noticias\/"},{"@type":"ListItem","position":2,"name":"Buscan fortalecer el desarrollo de Energ\u00edas Renovables"}]},{"@type":"WebSite","@id":"https:\/\/www.cetys.mx\/noticias\/#website","url":"https:\/\/www.cetys.mx\/noticias\/","name":"CETYS","description":"","potentialAction":[{"@type":"SearchAction","target":{"@type":"EntryPoint","urlTemplate":"https:\/\/www.cetys.mx\/noticias\/?s={search_term_string}"},"query-input":{"@type":"PropertyValueSpecification","valueRequired":true,"valueName":"search_term_string"}}],"inLanguage":"es"},{"@type":"Person","@id":"https:\/\/www.cetys.mx\/noticias\/#\/schema\/person\/e9d2b35265b64aa454df57a2828eb2ac","name":"CETYS Institucional","url":"https:\/\/www.cetys.mx\/noticias\/author\/cetysinstitucional\/"}]}},"_links":{"self":[{"href":"https:\/\/www.cetys.mx\/noticias\/wp-json\/wp\/v2\/posts\/115550","targetHints":{"allow":["GET"]}}],"collection":[{"href":"https:\/\/www.cetys.mx\/noticias\/wp-json\/wp\/v2\/posts"}],"about":[{"href":"https:\/\/www.cetys.mx\/noticias\/wp-json\/wp\/v2\/types\/post"}],"author":[{"embeddable":true,"href":"https:\/\/www.cetys.mx\/noticias\/wp-json\/wp\/v2\/users\/26"}],"replies":[{"embeddable":true,"href":"https:\/\/www.cetys.mx\/noticias\/wp-json\/wp\/v2\/comments?post=115550"}],"version-history":[{"count":0,"href":"https:\/\/www.cetys.mx\/noticias\/wp-json\/wp\/v2\/posts\/115550\/revisions"}],"wp:featuredmedia":[{"embeddable":true,"href":"https:\/\/www.cetys.mx\/noticias\/wp-json\/wp\/v2\/media\/115564"}],"wp:attachment":[{"href":"https:\/\/www.cetys.mx\/noticias\/wp-json\/wp\/v2\/media?parent=115550"}],"wp:term":[{"taxonomy":"category","embeddable":true,"href":"https:\/\/www.cetys.mx\/noticias\/wp-json\/wp\/v2\/categories?post=115550"},{"taxonomy":"post_tag","embeddable":true,"href":"https:\/\/www.cetys.mx\/noticias\/wp-json\/wp\/v2\/tags?post=115550"}],"curies":[{"name":"wp","href":"https:\/\/api.w.org\/{rel}","templated":true}]}}