{"id":115357,"date":"2018-07-30T20:08:19","date_gmt":"2018-07-31T03:08:19","guid":{"rendered":"http:\/\/www.cetys.mx\/noticias\/?p=115357"},"modified":"2018-08-03T13:39:35","modified_gmt":"2018-08-03T20:39:35","slug":"seleccion-nacional-universitaria-cosecho-bronce-en-los-juegos-fisu-america","status":"publish","type":"post","link":"https:\/\/www.cetys.mx\/noticias\/seleccion-nacional-universitaria-cosecho-bronce-en-los-juegos-fisu-america\/","title":{"rendered":"Selecci\u00f3n Nacional Universitaria cosech\u00f3 bronce en los Juegos FISU Am\u00e9rica"},"content":{"rendered":"<p style=\"font-weight: 400;\">El proyecto de podio que tuvo la <strong>Selecci\u00f3n Nacional Universitaria de Baloncesto Femenil<\/strong> se hizo realidad, luego de 40 d\u00edas prepar\u00e1ndolo. Terminar en la tercera posici\u00f3n de los primeros <strong>Juegos FISU Am\u00e9rica \u201cSao Paulo 2018\u201d<\/strong> es un resultado hist\u00f3rico.<\/p>\n<p style=\"font-weight: 400;\">La duela del Centro de Entrenamiento Paral\u00edmpico Brasile\u00f1o fue testigo del triunfo mexicano sobre su similar chileno por contundente 70-45, cerrando su experiencia con saldo de dos victorias en cuatro partidos.<\/p>\n<div id=\"attachment_115360\" style=\"width: 966px\" class=\"wp-caption alignnone\"><img loading=\"lazy\" decoding=\"async\" aria-describedby=\"caption-attachment-115360\" class=\"size-full wp-image-115360\" src=\"https:\/\/www.cetys.mx\/noticias\/wp-content\/uploads\/2018\/07\/37838931_1979263615477165_1405983975574339584_o-e1533005689243.jpg\" alt=\"\" width=\"956\" height=\"637\" \/><p id=\"caption-attachment-115360\" class=\"wp-caption-text\">El entrenador C\u00e9sar Valencia encabez\u00f3 este proyecto en los Juegos FISU Am\u00e9rica.<\/p><\/div>\n<blockquote>\n<p style=\"font-weight: 400;\">El entrenador <strong>C\u00e9sar Valencia<\/strong> (<em>tambi\u00e9n estratega de <strong>CETYS Universidad<\/strong><\/em>) cont\u00f3 con 12 seleccionadas para alcanzar el objetivo: Paulina Rodr\u00edguez, <strong>Laura P\u00e9rez<\/strong> (<em>ex preparatoriana de <strong>CETYS<\/strong><\/em>), Priscilla Adame, Zaida Gonz\u00e1lez, Nohem\u00ed Rosales, Dominique D\u00edaz, <strong>Myriam Lara<\/strong> (egresada de Posgrado en <strong>CETYS<\/strong>), Valeria Tapia, M\u00f3nica Moguel, Elaine Salda\u00f1a, Fany Esquivel y Alexia Gonz\u00e1lez (<em>jugadora considerada con mayor producci\u00f3n ofensiva para Mexico<\/em>).<\/p>\n<\/blockquote>\n<p style=\"font-weight: 400;\">En el staff de <strong>Valencia<\/strong> estuvo <strong>Viridiana Villavicencio<\/strong> como asistente t\u00e9cnica, as\u00ed como las colaboraciones de<strong> Ver\u00f3nica Mac\u00edas<\/strong> (<em>jefa de log\u00edstica<\/em>), <strong>Jonathan Valle <\/strong>(<em>fisioterapeuta<\/em>) y <strong>Juan Romero<\/strong> (<em>preparador f\u00edsico<\/em>) durante la concentraci\u00f3n en Baja California.<\/p>\n<p style=\"font-weight: 400;\">El paso de las mexicanas por tierras cariocas comenz\u00f3 con duro rev\u00e9s ante Estados Unidos por 56-87 y otro igual ante Brasil por 56-71, pero la esperanza de medalla lleg\u00f3 cuando derrotaron a Uruguay por 89-36; ya en el duelo por la presea bronceada, la quinteta chilena fue superada de principio a fin.<\/p>\n<div id=\"attachment_115359\" style=\"width: 966px\" class=\"wp-caption alignnone\"><img loading=\"lazy\" decoding=\"async\" aria-describedby=\"caption-attachment-115359\" class=\"size-full wp-image-115359\" src=\"https:\/\/www.cetys.mx\/noticias\/wp-content\/uploads\/2018\/07\/37726676_1551549114951368_7715741548482134016_o-e1533005587781.jpg\" alt=\"\" width=\"956\" height=\"637\" \/><p id=\"caption-attachment-115359\" class=\"wp-caption-text\">Myriam Lara puso fin a una excelente etapa universitaria en el baloncesto.<\/p><\/div>\n<p style=\"font-weight: 400;\">Este fue tambi\u00e9n el \u00faltimo partido de <strong>Lara Ackerman<\/strong> como basquetbolista universitaria, dando paso al profesionalismo. Aparte del bronce en <strong>Juegos FISU Am\u00e9rica<\/strong>, con <strong>Zorros Femenil<\/strong> cosech\u00f3 en este 2018 otro igual en la Copa Panamericana de Baloncesto 3&#215;3, oro en \u201cUniversiada Nacional\u201d y el Campeonato de los \u201cOcho Grandes\u201d en Liga ABE.<\/p>\n<p style=\"font-weight: 400;\">La delegaci\u00f3n mexicana en general cosech\u00f3 un total de 69 medallas en esta naciente \u201c<em>Universiada Panamericana<\/em>\u201d: 20 de oro, 25 de plata y 24 de bronce.<\/p>\n<p style=\"font-weight: 400;\">Dos de las preseas provienen del talento de <strong>CETYS Universidad<\/strong>, agregando la dorada ganada por la atleta <strong>Lili\u00e1n Borja<\/strong> en la prueba de Heptatl\u00f3n.<\/p>\n<div id=\"attachment_115361\" style=\"width: 966px\" class=\"wp-caption alignnone\"><img loading=\"lazy\" decoding=\"async\" aria-describedby=\"caption-attachment-115361\" class=\"size-full wp-image-115361\" src=\"https:\/\/www.cetys.mx\/noticias\/wp-content\/uploads\/2018\/07\/37979792_1986498658086994_877195491945742336_o-e1533005835765.jpg\" alt=\"\" width=\"956\" height=\"637\" \/><p id=\"caption-attachment-115361\" class=\"wp-caption-text\">Proceso que comenz\u00f3 en Baja California y termin\u00f3 con \u00e9xito en Brasil.<\/p><\/div>\n","protected":false},"excerpt":{"rendered":"<p>El proyecto de podio que tuvo la Selecci\u00f3n Nacional Universitaria de Baloncesto Femenil se hizo realidad, luego de 40 d\u00edas prepar\u00e1ndolo. Terminar&#8230;<\/p>\n","protected":false},"author":24,"featured_media":115358,"comment_status":"open","ping_status":"closed","sticky":false,"template":"","format":"standard","meta":{"footnotes":""},"categories":[134,312,313],"tags":[438,233,2544,2502],"class_list":["post-115357","post","type-post","status-publish","format-standard","has-post-thumbnail","hentry","category-campus-tijuana","category-deportes","category-vocetys-2","tag-basquetbol","tag-deportes","tag-fisu-america","tag-sao-paulo-2018","univesidades-cetys"],"yoast_head":"<!-- This site is optimized with the Yoast SEO plugin v27.4 - https:\/\/yoast.com\/product\/yoast-seo-wordpress\/ -->\n<title>Selecci\u00f3n Nacional Universitaria cosech\u00f3 bronce en los Juegos FISU Am\u00e9rica - CETYS<\/title>\n<meta name=\"description\" content=\"Articulo sobre Selecci\u00f3n Nacional Universitaria cosech\u00f3 bronce en los Juegos FISU Am\u00e9rica\" \/>\n<meta name=\"robots\" content=\"index, follow, max-snippet:-1, max-image-preview:large, max-video-preview:-1\" \/>\n<link rel=\"canonical\" href=\"https:\/\/www.cetys.mx\/noticias\/seleccion-nacional-universitaria-cosecho-bronce-en-los-juegos-fisu-america\/\" \/>\n<meta property=\"og:locale\" content=\"es_MX\" \/>\n<meta property=\"og:type\" content=\"article\" \/>\n<meta property=\"og:title\" content=\"Selecci\u00f3n Nacional Universitaria cosech\u00f3 bronce en los Juegos FISU Am\u00e9rica - CETYS\" \/>\n<meta property=\"og:description\" content=\"Articulo sobre Selecci\u00f3n Nacional Universitaria cosech\u00f3 bronce en los Juegos FISU Am\u00e9rica\" \/>\n<meta property=\"og:url\" content=\"https:\/\/www.cetys.mx\/noticias\/seleccion-nacional-universitaria-cosecho-bronce-en-los-juegos-fisu-america\/\" \/>\n<meta property=\"og:site_name\" content=\"CETYS\" \/>\n<meta property=\"article:publisher\" content=\"https:\/\/www.facebook.com\/cetysuniversidadmxl\/\" \/>\n<meta property=\"article:published_time\" content=\"2018-07-31T03:08:19+00:00\" \/>\n<meta property=\"article:modified_time\" content=\"2018-08-03T20:39:35+00:00\" \/>\n<meta property=\"og:image\" content=\"https:\/\/www.cetys.mx\/noticias\/wp-content\/uploads\/2018\/07\/37866849_1982309451839248_1322287299337125888_o-e1533005418990.jpg\" \/>\n\t<meta property=\"og:image:width\" content=\"956\" \/>\n\t<meta property=\"og:image:height\" content=\"637\" \/>\n\t<meta property=\"og:image:type\" content=\"image\/jpeg\" \/>\n<meta name=\"author\" content=\"Campus Tijuana\" \/>\n<meta name=\"twitter:card\" content=\"summary_large_image\" \/>\n<meta name=\"twitter:creator\" content=\"@cetysuni\" \/>\n<meta name=\"twitter:site\" content=\"@cetysuni\" \/>\n<meta name=\"twitter:label1\" content=\"Escrito por\" \/>\n\t<meta name=\"twitter:data1\" content=\"Campus Tijuana\" \/>\n\t<meta name=\"twitter:label2\" content=\"Tiempo de lectura\" \/>\n\t<meta name=\"twitter:data2\" content=\"2 minutos\" \/>\n<script type=\"application\/ld+json\" class=\"yoast-schema-graph\">{\"@context\":\"https:\\\/\\\/schema.org\",\"@graph\":[{\"@type\":\"Article\",\"@id\":\"https:\\\/\\\/www.cetys.mx\\\/noticias\\\/seleccion-nacional-universitaria-cosecho-bronce-en-los-juegos-fisu-america\\\/#article\",\"isPartOf\":{\"@id\":\"https:\\\/\\\/www.cetys.mx\\\/noticias\\\/seleccion-nacional-universitaria-cosecho-bronce-en-los-juegos-fisu-america\\\/\"},\"author\":{\"name\":\"Campus Tijuana\",\"@id\":\"https:\\\/\\\/www.cetys.mx\\\/noticias\\\/#\\\/schema\\\/person\\\/e790051ce60e18ae47cfa87011c8653f\"},\"headline\":\"Selecci\u00f3n Nacional Universitaria cosech\u00f3 bronce en los Juegos FISU Am\u00e9rica\",\"datePublished\":\"2018-07-31T03:08:19+00:00\",\"dateModified\":\"2018-08-03T20:39:35+00:00\",\"mainEntityOfPage\":{\"@id\":\"https:\\\/\\\/www.cetys.mx\\\/noticias\\\/seleccion-nacional-universitaria-cosecho-bronce-en-los-juegos-fisu-america\\\/\"},\"wordCount\":413,\"commentCount\":0,\"image\":{\"@id\":\"https:\\\/\\\/www.cetys.mx\\\/noticias\\\/seleccion-nacional-universitaria-cosecho-bronce-en-los-juegos-fisu-america\\\/#primaryimage\"},\"thumbnailUrl\":\"https:\\\/\\\/www.cetys.mx\\\/noticias\\\/wp-content\\\/uploads\\\/2018\\\/07\\\/37866849_1982309451839248_1322287299337125888_o-e1533005418990.jpg\",\"keywords\":[\"Basquetbol\",\"Deportes\",\"FISU Am\u00e9rica\",\"Sao Paulo 2018\"],\"articleSection\":[\"Campus Tijuana\",\"Deportes\",\"VoCETYS\"],\"inLanguage\":\"es\",\"potentialAction\":[{\"@type\":\"CommentAction\",\"name\":\"Comment\",\"target\":[\"https:\\\/\\\/www.cetys.mx\\\/noticias\\\/seleccion-nacional-universitaria-cosecho-bronce-en-los-juegos-fisu-america\\\/#respond\"]}]},{\"@type\":\"WebPage\",\"@id\":\"https:\\\/\\\/www.cetys.mx\\\/noticias\\\/seleccion-nacional-universitaria-cosecho-bronce-en-los-juegos-fisu-america\\\/\",\"url\":\"https:\\\/\\\/www.cetys.mx\\\/noticias\\\/seleccion-nacional-universitaria-cosecho-bronce-en-los-juegos-fisu-america\\\/\",\"name\":\"Selecci\u00f3n Nacional Universitaria cosech\u00f3 bronce en los Juegos FISU Am\u00e9rica - CETYS\",\"isPartOf\":{\"@id\":\"https:\\\/\\\/www.cetys.mx\\\/noticias\\\/#website\"},\"primaryImageOfPage\":{\"@id\":\"https:\\\/\\\/www.cetys.mx\\\/noticias\\\/seleccion-nacional-universitaria-cosecho-bronce-en-los-juegos-fisu-america\\\/#primaryimage\"},\"image\":{\"@id\":\"https:\\\/\\\/www.cetys.mx\\\/noticias\\\/seleccion-nacional-universitaria-cosecho-bronce-en-los-juegos-fisu-america\\\/#primaryimage\"},\"thumbnailUrl\":\"https:\\\/\\\/www.cetys.mx\\\/noticias\\\/wp-content\\\/uploads\\\/2018\\\/07\\\/37866849_1982309451839248_1322287299337125888_o-e1533005418990.jpg\",\"datePublished\":\"2018-07-31T03:08:19+00:00\",\"dateModified\":\"2018-08-03T20:39:35+00:00\",\"author\":{\"@id\":\"https:\\\/\\\/www.cetys.mx\\\/noticias\\\/#\\\/schema\\\/person\\\/e790051ce60e18ae47cfa87011c8653f\"},\"description\":\"Articulo sobre Selecci\u00f3n Nacional Universitaria cosech\u00f3 bronce en los Juegos FISU Am\u00e9rica\",\"breadcrumb\":{\"@id\":\"https:\\\/\\\/www.cetys.mx\\\/noticias\\\/seleccion-nacional-universitaria-cosecho-bronce-en-los-juegos-fisu-america\\\/#breadcrumb\"},\"inLanguage\":\"es\",\"potentialAction\":[{\"@type\":\"ReadAction\",\"target\":[\"https:\\\/\\\/www.cetys.mx\\\/noticias\\\/seleccion-nacional-universitaria-cosecho-bronce-en-los-juegos-fisu-america\\\/\"]}]},{\"@type\":\"ImageObject\",\"inLanguage\":\"es\",\"@id\":\"https:\\\/\\\/www.cetys.mx\\\/noticias\\\/seleccion-nacional-universitaria-cosecho-bronce-en-los-juegos-fisu-america\\\/#primaryimage\",\"url\":\"https:\\\/\\\/www.cetys.mx\\\/noticias\\\/wp-content\\\/uploads\\\/2018\\\/07\\\/37866849_1982309451839248_1322287299337125888_o-e1533005418990.jpg\",\"contentUrl\":\"https:\\\/\\\/www.cetys.mx\\\/noticias\\\/wp-content\\\/uploads\\\/2018\\\/07\\\/37866849_1982309451839248_1322287299337125888_o-e1533005418990.jpg\",\"width\":956,\"height\":637,\"caption\":\"Sel. Nal. Universitaria de Baloncesto Femenil\"},{\"@type\":\"BreadcrumbList\",\"@id\":\"https:\\\/\\\/www.cetys.mx\\\/noticias\\\/seleccion-nacional-universitaria-cosecho-bronce-en-los-juegos-fisu-america\\\/#breadcrumb\",\"itemListElement\":[{\"@type\":\"ListItem\",\"position\":1,\"name\":\"Inicio\",\"item\":\"https:\\\/\\\/www.cetys.mx\\\/noticias\\\/\"},{\"@type\":\"ListItem\",\"position\":2,\"name\":\"Selecci\u00f3n Nacional Universitaria cosech\u00f3 bronce en los Juegos FISU Am\u00e9rica\"}]},{\"@type\":\"WebSite\",\"@id\":\"https:\\\/\\\/www.cetys.mx\\\/noticias\\\/#website\",\"url\":\"https:\\\/\\\/www.cetys.mx\\\/noticias\\\/\",\"name\":\"CETYS\",\"description\":\"\",\"potentialAction\":[{\"@type\":\"SearchAction\",\"target\":{\"@type\":\"EntryPoint\",\"urlTemplate\":\"https:\\\/\\\/www.cetys.mx\\\/noticias\\\/?s={search_term_string}\"},\"query-input\":{\"@type\":\"PropertyValueSpecification\",\"valueRequired\":true,\"valueName\":\"search_term_string\"}}],\"inLanguage\":\"es\"},{\"@type\":\"Person\",\"@id\":\"https:\\\/\\\/www.cetys.mx\\\/noticias\\\/#\\\/schema\\\/person\\\/e790051ce60e18ae47cfa87011c8653f\",\"name\":\"Campus Tijuana\",\"url\":\"https:\\\/\\\/www.cetys.mx\\\/noticias\\\/author\\\/campustijuana\\\/\"}]}<\/script>\n<!-- \/ Yoast SEO plugin. -->","yoast_head_json":{"title":"Selecci\u00f3n Nacional Universitaria cosech\u00f3 bronce en los Juegos FISU Am\u00e9rica - CETYS","description":"Articulo sobre Selecci\u00f3n Nacional Universitaria cosech\u00f3 bronce en los Juegos FISU Am\u00e9rica","robots":{"index":"index","follow":"follow","max-snippet":"max-snippet:-1","max-image-preview":"max-image-preview:large","max-video-preview":"max-video-preview:-1"},"canonical":"https:\/\/www.cetys.mx\/noticias\/seleccion-nacional-universitaria-cosecho-bronce-en-los-juegos-fisu-america\/","og_locale":"es_MX","og_type":"article","og_title":"Selecci\u00f3n Nacional Universitaria cosech\u00f3 bronce en los Juegos FISU Am\u00e9rica - CETYS","og_description":"Articulo sobre Selecci\u00f3n Nacional Universitaria cosech\u00f3 bronce en los Juegos FISU Am\u00e9rica","og_url":"https:\/\/www.cetys.mx\/noticias\/seleccion-nacional-universitaria-cosecho-bronce-en-los-juegos-fisu-america\/","og_site_name":"CETYS","article_publisher":"https:\/\/www.facebook.com\/cetysuniversidadmxl\/","article_published_time":"2018-07-31T03:08:19+00:00","article_modified_time":"2018-08-03T20:39:35+00:00","og_image":[{"width":956,"height":637,"url":"https:\/\/www.cetys.mx\/noticias\/wp-content\/uploads\/2018\/07\/37866849_1982309451839248_1322287299337125888_o-e1533005418990.jpg","type":"image\/jpeg"}],"author":"Campus Tijuana","twitter_card":"summary_large_image","twitter_creator":"@cetysuni","twitter_site":"@cetysuni","twitter_misc":{"Escrito por":"Campus Tijuana","Tiempo de lectura":"2 minutos"},"schema":{"@context":"https:\/\/schema.org","@graph":[{"@type":"Article","@id":"https:\/\/www.cetys.mx\/noticias\/seleccion-nacional-universitaria-cosecho-bronce-en-los-juegos-fisu-america\/#article","isPartOf":{"@id":"https:\/\/www.cetys.mx\/noticias\/seleccion-nacional-universitaria-cosecho-bronce-en-los-juegos-fisu-america\/"},"author":{"name":"Campus Tijuana","@id":"https:\/\/www.cetys.mx\/noticias\/#\/schema\/person\/e790051ce60e18ae47cfa87011c8653f"},"headline":"Selecci\u00f3n Nacional Universitaria cosech\u00f3 bronce en los Juegos FISU Am\u00e9rica","datePublished":"2018-07-31T03:08:19+00:00","dateModified":"2018-08-03T20:39:35+00:00","mainEntityOfPage":{"@id":"https:\/\/www.cetys.mx\/noticias\/seleccion-nacional-universitaria-cosecho-bronce-en-los-juegos-fisu-america\/"},"wordCount":413,"commentCount":0,"image":{"@id":"https:\/\/www.cetys.mx\/noticias\/seleccion-nacional-universitaria-cosecho-bronce-en-los-juegos-fisu-america\/#primaryimage"},"thumbnailUrl":"https:\/\/www.cetys.mx\/noticias\/wp-content\/uploads\/2018\/07\/37866849_1982309451839248_1322287299337125888_o-e1533005418990.jpg","keywords":["Basquetbol","Deportes","FISU Am\u00e9rica","Sao Paulo 2018"],"articleSection":["Campus Tijuana","Deportes","VoCETYS"],"inLanguage":"es","potentialAction":[{"@type":"CommentAction","name":"Comment","target":["https:\/\/www.cetys.mx\/noticias\/seleccion-nacional-universitaria-cosecho-bronce-en-los-juegos-fisu-america\/#respond"]}]},{"@type":"WebPage","@id":"https:\/\/www.cetys.mx\/noticias\/seleccion-nacional-universitaria-cosecho-bronce-en-los-juegos-fisu-america\/","url":"https:\/\/www.cetys.mx\/noticias\/seleccion-nacional-universitaria-cosecho-bronce-en-los-juegos-fisu-america\/","name":"Selecci\u00f3n Nacional Universitaria cosech\u00f3 bronce en los Juegos FISU Am\u00e9rica - CETYS","isPartOf":{"@id":"https:\/\/www.cetys.mx\/noticias\/#website"},"primaryImageOfPage":{"@id":"https:\/\/www.cetys.mx\/noticias\/seleccion-nacional-universitaria-cosecho-bronce-en-los-juegos-fisu-america\/#primaryimage"},"image":{"@id":"https:\/\/www.cetys.mx\/noticias\/seleccion-nacional-universitaria-cosecho-bronce-en-los-juegos-fisu-america\/#primaryimage"},"thumbnailUrl":"https:\/\/www.cetys.mx\/noticias\/wp-content\/uploads\/2018\/07\/37866849_1982309451839248_1322287299337125888_o-e1533005418990.jpg","datePublished":"2018-07-31T03:08:19+00:00","dateModified":"2018-08-03T20:39:35+00:00","author":{"@id":"https:\/\/www.cetys.mx\/noticias\/#\/schema\/person\/e790051ce60e18ae47cfa87011c8653f"},"description":"Articulo sobre Selecci\u00f3n Nacional Universitaria cosech\u00f3 bronce en los Juegos FISU Am\u00e9rica","breadcrumb":{"@id":"https:\/\/www.cetys.mx\/noticias\/seleccion-nacional-universitaria-cosecho-bronce-en-los-juegos-fisu-america\/#breadcrumb"},"inLanguage":"es","potentialAction":[{"@type":"ReadAction","target":["https:\/\/www.cetys.mx\/noticias\/seleccion-nacional-universitaria-cosecho-bronce-en-los-juegos-fisu-america\/"]}]},{"@type":"ImageObject","inLanguage":"es","@id":"https:\/\/www.cetys.mx\/noticias\/seleccion-nacional-universitaria-cosecho-bronce-en-los-juegos-fisu-america\/#primaryimage","url":"https:\/\/www.cetys.mx\/noticias\/wp-content\/uploads\/2018\/07\/37866849_1982309451839248_1322287299337125888_o-e1533005418990.jpg","contentUrl":"https:\/\/www.cetys.mx\/noticias\/wp-content\/uploads\/2018\/07\/37866849_1982309451839248_1322287299337125888_o-e1533005418990.jpg","width":956,"height":637,"caption":"Sel. Nal. Universitaria de Baloncesto Femenil"},{"@type":"BreadcrumbList","@id":"https:\/\/www.cetys.mx\/noticias\/seleccion-nacional-universitaria-cosecho-bronce-en-los-juegos-fisu-america\/#breadcrumb","itemListElement":[{"@type":"ListItem","position":1,"name":"Inicio","item":"https:\/\/www.cetys.mx\/noticias\/"},{"@type":"ListItem","position":2,"name":"Selecci\u00f3n Nacional Universitaria cosech\u00f3 bronce en los Juegos FISU Am\u00e9rica"}]},{"@type":"WebSite","@id":"https:\/\/www.cetys.mx\/noticias\/#website","url":"https:\/\/www.cetys.mx\/noticias\/","name":"CETYS","description":"","potentialAction":[{"@type":"SearchAction","target":{"@type":"EntryPoint","urlTemplate":"https:\/\/www.cetys.mx\/noticias\/?s={search_term_string}"},"query-input":{"@type":"PropertyValueSpecification","valueRequired":true,"valueName":"search_term_string"}}],"inLanguage":"es"},{"@type":"Person","@id":"https:\/\/www.cetys.mx\/noticias\/#\/schema\/person\/e790051ce60e18ae47cfa87011c8653f","name":"Campus Tijuana","url":"https:\/\/www.cetys.mx\/noticias\/author\/campustijuana\/"}]}},"_links":{"self":[{"href":"https:\/\/www.cetys.mx\/noticias\/wp-json\/wp\/v2\/posts\/115357","targetHints":{"allow":["GET"]}}],"collection":[{"href":"https:\/\/www.cetys.mx\/noticias\/wp-json\/wp\/v2\/posts"}],"about":[{"href":"https:\/\/www.cetys.mx\/noticias\/wp-json\/wp\/v2\/types\/post"}],"author":[{"embeddable":true,"href":"https:\/\/www.cetys.mx\/noticias\/wp-json\/wp\/v2\/users\/24"}],"replies":[{"embeddable":true,"href":"https:\/\/www.cetys.mx\/noticias\/wp-json\/wp\/v2\/comments?post=115357"}],"version-history":[{"count":0,"href":"https:\/\/www.cetys.mx\/noticias\/wp-json\/wp\/v2\/posts\/115357\/revisions"}],"wp:featuredmedia":[{"embeddable":true,"href":"https:\/\/www.cetys.mx\/noticias\/wp-json\/wp\/v2\/media\/115358"}],"wp:attachment":[{"href":"https:\/\/www.cetys.mx\/noticias\/wp-json\/wp\/v2\/media?parent=115357"}],"wp:term":[{"taxonomy":"category","embeddable":true,"href":"https:\/\/www.cetys.mx\/noticias\/wp-json\/wp\/v2\/categories?post=115357"},{"taxonomy":"post_tag","embeddable":true,"href":"https:\/\/www.cetys.mx\/noticias\/wp-json\/wp\/v2\/tags?post=115357"}],"curies":[{"name":"wp","href":"https:\/\/api.w.org\/{rel}","templated":true}]}}