{"id":115033,"date":"2018-07-18T13:18:19","date_gmt":"2018-07-18T20:18:19","guid":{"rendered":"http:\/\/www.cetys.mx\/noticias\/?p=115033"},"modified":"2018-07-18T13:18:49","modified_gmt":"2018-07-18T20:18:49","slug":"victoria-rangel-participara-en-programa-de-emprendimiento-en-babson-college","status":"publish","type":"post","link":"https:\/\/www.cetys.mx\/noticias\/victoria-rangel-participara-en-programa-de-emprendimiento-en-babson-college\/","title":{"rendered":"Victoria Rangel, becada para programa de emprendimiento en Babson"},"content":{"rendered":"<p style=\"text-align: justify;\"><span style=\"font-weight: 400;\"><strong>Victoria Rangel<\/strong>, Alumna de Mercadotecnia en CETYS Universidad, ha sido seleccionada para recibir una de las treinta becas a nivel mundial para participar en el programa <\/span><a href=\"https:\/\/www.babson.edu\/executive-education\/student-programs\/babson-build\/Pages\/home.aspx\"><span style=\"font-weight: 400;\">\u201cBabson Build for Santander Universities Students\u201d<\/span><\/a><span style=\"font-weight: 400;\"> de Babson College; universidad que ha sido clasificada por<\/span><a href=\"https:\/\/www.usnews.com\/best-colleges\/babson-college-2121\"><span style=\"font-weight: 400;\"> U.S. News<\/span><\/a><span style=\"font-weight: 400;\"> y World Reports como la n\u00famero uno en el \u00e1mbito de emprendimiento por m\u00e1s de 20 a\u00f1os consecutivos.<\/span><\/p>\n<blockquote>\n<p style=\"text-align: justify;\"><span style=\"font-weight: 400;\">\u201c<\/span><span style=\"font-weight: 400;\">Esta oportunidad es sumamente importante tanto para mi curr\u00edculum, aprendizaje y crecimiento profesional. Desde que inici\u00e9 la carrera me he estado preparando para eventualmente empezar mi propio negocio, entonces, el tener la posibilidad de ir a una de las ciudades universitarias m\u00e1s importantes en este tema a nivel internacional y participar en un programa intensivo de emprendimiento, es un honor y \u00a0reconocimiento que podr\u00eda abrirme muchas puertas y contactos para cuando est\u00e9 trabajando en mi propia empresa en un futuro no muy lejano\u201d, expres\u00f3 Victoria Rangel.<\/span><\/p>\n<\/blockquote>\n<p style=\"text-align: justify;\"><span style=\"font-weight: 400;\">El programa est\u00e1 dise\u00f1ado para ayudar a los estudiantes de licenciatura a pensar y actuar como emprendedores, abordando los problemas del mundo real de los negocios y la sociedad a trav\u00e9s de la metodolog\u00eda \u00fanica de <\/span><a href=\"https:\/\/www.babson.edu\/about-babson\/at-a-glance\/pages\/entrepreneurial-thought-and-action.aspx\"><span style=\"font-weight: 400;\">Entrepreneurial Thought &amp; Action\u00ae <\/span><\/a><span style=\"font-weight: 400;\">de Babson. Por un periodo de dos semanas, los estudiantes trabajan para desarrollar las habilidades necesarias para generar el cambio en aspectos econ\u00f3micos, sociales y sostenibles.<\/span><\/p>\n<p style=\"text-align: justify;\"><a href=\"https:\/\/www.cetys.mx\/noticias\/cetys-impulsara-emprendimiento-la-innovacion-mit-babson\/\"><span style=\"font-weight: 400;\">CETYS<\/span><\/a><span style=\"font-weight: 400;\"> es uno de los cinco miembros latinoamericanos del <\/span><a href=\"https:\/\/www.babson.edu\/executive-education\/education-educators\/Pages\/collaborative-for-entrepreneurship-education.aspx\"><span style=\"font-weight: 400;\">Babson Collaborative for Entrepreneurship Education<\/span><\/a><span style=\"font-weight: 400;\">, red que se compone de instituciones de todo el mundo que buscan construir una red de clase mundial y aumentar su capacidad en educaci\u00f3n para el emprendimiento. <\/span><\/p>\n<blockquote>\n<p style=\"text-align: justify;\"><span style=\"font-weight: 400;\">\u201cEsta es una extraordinaria oportunidad que permite a nuestros alumnos participar en un programa de alto nivel en la Universidad n\u00famero uno en materia de emprendimiento en Estados Unidos. Nos enorgullece enormemente que Victoria represente al CETYS\u201d, dijo el Dr. Francisco V\u00e9lez, Director del Colegio de Administraci\u00f3n y Negocios, del Sistema CETYS Universidad.<\/span><\/p>\n<\/blockquote>\n<h5 style=\"text-align: justify;\"><span style=\"font-weight: 400;\">Este tipo de esfuerzos son realizados con el fin de continuar avanzando hacia la meta que se ha puesto el CETYS de lograr convertirse en una de las mejores universidades de Latinoam\u00e9rica en el \u00e1mbito de emprendimiento e innovaci\u00f3n para el a\u00f1o 2021, as\u00ed como continuar construyendo relaciones de beneficio mutuo que aumenten la competitividad global de los estudiantes.<\/span><\/h5>\n","protected":false},"excerpt":{"rendered":"<p>Victoria Rangel, Alumna de Mercadotecnia en CETYS Universidad, ha sido seleccionada para recibir una de las treinta becas a nivel mundial para&#8230;<\/p>\n","protected":false},"author":26,"featured_media":115034,"comment_status":"open","ping_status":"closed","sticky":false,"template":"","format":"standard","meta":{"footnotes":""},"categories":[1],"tags":[],"class_list":["post-115033","post","type-post","status-publish","format-standard","has-post-thumbnail","hentry","category-uncategorized"],"yoast_head":"<!-- This site is optimized with the Yoast SEO plugin v27.4 - https:\/\/yoast.com\/product\/yoast-seo-wordpress\/ -->\n<title>Victoria Rangel, becada para programa de emprendimiento en Babson - CETYS<\/title>\n<meta name=\"description\" content=\"Articulo sobre Victoria Rangel, becada para programa de emprendimiento en Babson\" \/>\n<meta name=\"robots\" content=\"index, follow, max-snippet:-1, max-image-preview:large, max-video-preview:-1\" \/>\n<link rel=\"canonical\" href=\"https:\/\/www.cetys.mx\/noticias\/victoria-rangel-participara-en-programa-de-emprendimiento-en-babson-college\/\" \/>\n<meta property=\"og:locale\" content=\"es_MX\" \/>\n<meta property=\"og:type\" content=\"article\" \/>\n<meta property=\"og:title\" content=\"Victoria Rangel, becada para programa de emprendimiento en Babson - CETYS\" \/>\n<meta property=\"og:description\" content=\"Articulo sobre Victoria Rangel, becada para programa de emprendimiento en Babson\" \/>\n<meta property=\"og:url\" content=\"https:\/\/www.cetys.mx\/noticias\/victoria-rangel-participara-en-programa-de-emprendimiento-en-babson-college\/\" \/>\n<meta property=\"og:site_name\" content=\"CETYS\" \/>\n<meta property=\"article:publisher\" content=\"https:\/\/www.facebook.com\/cetysuniversidadmxl\/\" \/>\n<meta property=\"article:published_time\" content=\"2018-07-18T20:18:19+00:00\" \/>\n<meta property=\"article:modified_time\" content=\"2018-07-18T20:18:49+00:00\" \/>\n<meta property=\"og:image\" content=\"https:\/\/www.cetys.mx\/noticias\/wp-content\/uploads\/2018\/07\/8V3A8980.jpg\" \/>\n\t<meta property=\"og:image:width\" content=\"5760\" \/>\n\t<meta property=\"og:image:height\" content=\"3840\" \/>\n\t<meta property=\"og:image:type\" content=\"image\/jpeg\" \/>\n<meta name=\"author\" content=\"CETYS Institucional\" \/>\n<meta name=\"twitter:card\" content=\"summary_large_image\" \/>\n<meta name=\"twitter:creator\" content=\"@cetysuni\" \/>\n<meta name=\"twitter:site\" content=\"@cetysuni\" \/>\n<meta name=\"twitter:label1\" content=\"Escrito por\" \/>\n\t<meta name=\"twitter:data1\" content=\"CETYS Institucional\" \/>\n\t<meta name=\"twitter:label2\" content=\"Tiempo de lectura\" \/>\n\t<meta name=\"twitter:data2\" content=\"2 minutos\" \/>\n<script type=\"application\/ld+json\" class=\"yoast-schema-graph\">{\"@context\":\"https:\\\/\\\/schema.org\",\"@graph\":[{\"@type\":\"Article\",\"@id\":\"https:\\\/\\\/www.cetys.mx\\\/noticias\\\/victoria-rangel-participara-en-programa-de-emprendimiento-en-babson-college\\\/#article\",\"isPartOf\":{\"@id\":\"https:\\\/\\\/www.cetys.mx\\\/noticias\\\/victoria-rangel-participara-en-programa-de-emprendimiento-en-babson-college\\\/\"},\"author\":{\"name\":\"CETYS Institucional\",\"@id\":\"https:\\\/\\\/www.cetys.mx\\\/noticias\\\/#\\\/schema\\\/person\\\/e9d2b35265b64aa454df57a2828eb2ac\"},\"headline\":\"Victoria Rangel, becada para programa de emprendimiento en Babson\",\"datePublished\":\"2018-07-18T20:18:19+00:00\",\"dateModified\":\"2018-07-18T20:18:49+00:00\",\"mainEntityOfPage\":{\"@id\":\"https:\\\/\\\/www.cetys.mx\\\/noticias\\\/victoria-rangel-participara-en-programa-de-emprendimiento-en-babson-college\\\/\"},\"wordCount\":391,\"commentCount\":0,\"image\":{\"@id\":\"https:\\\/\\\/www.cetys.mx\\\/noticias\\\/victoria-rangel-participara-en-programa-de-emprendimiento-en-babson-college\\\/#primaryimage\"},\"thumbnailUrl\":\"https:\\\/\\\/www.cetys.mx\\\/noticias\\\/wp-content\\\/uploads\\\/2018\\\/07\\\/8V3A8980.jpg\",\"articleSection\":[\"Uncategorized\"],\"inLanguage\":\"es\",\"potentialAction\":[{\"@type\":\"CommentAction\",\"name\":\"Comment\",\"target\":[\"https:\\\/\\\/www.cetys.mx\\\/noticias\\\/victoria-rangel-participara-en-programa-de-emprendimiento-en-babson-college\\\/#respond\"]}]},{\"@type\":\"WebPage\",\"@id\":\"https:\\\/\\\/www.cetys.mx\\\/noticias\\\/victoria-rangel-participara-en-programa-de-emprendimiento-en-babson-college\\\/\",\"url\":\"https:\\\/\\\/www.cetys.mx\\\/noticias\\\/victoria-rangel-participara-en-programa-de-emprendimiento-en-babson-college\\\/\",\"name\":\"Victoria Rangel, becada para programa de emprendimiento en Babson - CETYS\",\"isPartOf\":{\"@id\":\"https:\\\/\\\/www.cetys.mx\\\/noticias\\\/#website\"},\"primaryImageOfPage\":{\"@id\":\"https:\\\/\\\/www.cetys.mx\\\/noticias\\\/victoria-rangel-participara-en-programa-de-emprendimiento-en-babson-college\\\/#primaryimage\"},\"image\":{\"@id\":\"https:\\\/\\\/www.cetys.mx\\\/noticias\\\/victoria-rangel-participara-en-programa-de-emprendimiento-en-babson-college\\\/#primaryimage\"},\"thumbnailUrl\":\"https:\\\/\\\/www.cetys.mx\\\/noticias\\\/wp-content\\\/uploads\\\/2018\\\/07\\\/8V3A8980.jpg\",\"datePublished\":\"2018-07-18T20:18:19+00:00\",\"dateModified\":\"2018-07-18T20:18:49+00:00\",\"author\":{\"@id\":\"https:\\\/\\\/www.cetys.mx\\\/noticias\\\/#\\\/schema\\\/person\\\/e9d2b35265b64aa454df57a2828eb2ac\"},\"description\":\"Articulo sobre Victoria Rangel, becada para programa de emprendimiento en Babson\",\"breadcrumb\":{\"@id\":\"https:\\\/\\\/www.cetys.mx\\\/noticias\\\/victoria-rangel-participara-en-programa-de-emprendimiento-en-babson-college\\\/#breadcrumb\"},\"inLanguage\":\"es\",\"potentialAction\":[{\"@type\":\"ReadAction\",\"target\":[\"https:\\\/\\\/www.cetys.mx\\\/noticias\\\/victoria-rangel-participara-en-programa-de-emprendimiento-en-babson-college\\\/\"]}]},{\"@type\":\"ImageObject\",\"inLanguage\":\"es\",\"@id\":\"https:\\\/\\\/www.cetys.mx\\\/noticias\\\/victoria-rangel-participara-en-programa-de-emprendimiento-en-babson-college\\\/#primaryimage\",\"url\":\"https:\\\/\\\/www.cetys.mx\\\/noticias\\\/wp-content\\\/uploads\\\/2018\\\/07\\\/8V3A8980.jpg\",\"contentUrl\":\"https:\\\/\\\/www.cetys.mx\\\/noticias\\\/wp-content\\\/uploads\\\/2018\\\/07\\\/8V3A8980.jpg\",\"width\":5760,\"height\":3840},{\"@type\":\"BreadcrumbList\",\"@id\":\"https:\\\/\\\/www.cetys.mx\\\/noticias\\\/victoria-rangel-participara-en-programa-de-emprendimiento-en-babson-college\\\/#breadcrumb\",\"itemListElement\":[{\"@type\":\"ListItem\",\"position\":1,\"name\":\"Inicio\",\"item\":\"https:\\\/\\\/www.cetys.mx\\\/noticias\\\/\"},{\"@type\":\"ListItem\",\"position\":2,\"name\":\"Victoria Rangel, becada para programa de emprendimiento en Babson\"}]},{\"@type\":\"WebSite\",\"@id\":\"https:\\\/\\\/www.cetys.mx\\\/noticias\\\/#website\",\"url\":\"https:\\\/\\\/www.cetys.mx\\\/noticias\\\/\",\"name\":\"CETYS\",\"description\":\"\",\"potentialAction\":[{\"@type\":\"SearchAction\",\"target\":{\"@type\":\"EntryPoint\",\"urlTemplate\":\"https:\\\/\\\/www.cetys.mx\\\/noticias\\\/?s={search_term_string}\"},\"query-input\":{\"@type\":\"PropertyValueSpecification\",\"valueRequired\":true,\"valueName\":\"search_term_string\"}}],\"inLanguage\":\"es\"},{\"@type\":\"Person\",\"@id\":\"https:\\\/\\\/www.cetys.mx\\\/noticias\\\/#\\\/schema\\\/person\\\/e9d2b35265b64aa454df57a2828eb2ac\",\"name\":\"CETYS Institucional\",\"url\":\"https:\\\/\\\/www.cetys.mx\\\/noticias\\\/author\\\/cetysinstitucional\\\/\"}]}<\/script>\n<!-- \/ Yoast SEO plugin. -->","yoast_head_json":{"title":"Victoria Rangel, becada para programa de emprendimiento en Babson - CETYS","description":"Articulo sobre Victoria Rangel, becada para programa de emprendimiento en Babson","robots":{"index":"index","follow":"follow","max-snippet":"max-snippet:-1","max-image-preview":"max-image-preview:large","max-video-preview":"max-video-preview:-1"},"canonical":"https:\/\/www.cetys.mx\/noticias\/victoria-rangel-participara-en-programa-de-emprendimiento-en-babson-college\/","og_locale":"es_MX","og_type":"article","og_title":"Victoria Rangel, becada para programa de emprendimiento en Babson - CETYS","og_description":"Articulo sobre Victoria Rangel, becada para programa de emprendimiento en Babson","og_url":"https:\/\/www.cetys.mx\/noticias\/victoria-rangel-participara-en-programa-de-emprendimiento-en-babson-college\/","og_site_name":"CETYS","article_publisher":"https:\/\/www.facebook.com\/cetysuniversidadmxl\/","article_published_time":"2018-07-18T20:18:19+00:00","article_modified_time":"2018-07-18T20:18:49+00:00","og_image":[{"url":"https:\/\/www.cetys.mx\/noticias\/wp-content\/uploads\/2018\/07\/8V3A8980.jpg","width":5760,"height":3840,"type":"image\/jpeg"}],"author":"CETYS Institucional","twitter_card":"summary_large_image","twitter_creator":"@cetysuni","twitter_site":"@cetysuni","twitter_misc":{"Escrito por":"CETYS Institucional","Tiempo de lectura":"2 minutos"},"schema":{"@context":"https:\/\/schema.org","@graph":[{"@type":"Article","@id":"https:\/\/www.cetys.mx\/noticias\/victoria-rangel-participara-en-programa-de-emprendimiento-en-babson-college\/#article","isPartOf":{"@id":"https:\/\/www.cetys.mx\/noticias\/victoria-rangel-participara-en-programa-de-emprendimiento-en-babson-college\/"},"author":{"name":"CETYS Institucional","@id":"https:\/\/www.cetys.mx\/noticias\/#\/schema\/person\/e9d2b35265b64aa454df57a2828eb2ac"},"headline":"Victoria Rangel, becada para programa de emprendimiento en Babson","datePublished":"2018-07-18T20:18:19+00:00","dateModified":"2018-07-18T20:18:49+00:00","mainEntityOfPage":{"@id":"https:\/\/www.cetys.mx\/noticias\/victoria-rangel-participara-en-programa-de-emprendimiento-en-babson-college\/"},"wordCount":391,"commentCount":0,"image":{"@id":"https:\/\/www.cetys.mx\/noticias\/victoria-rangel-participara-en-programa-de-emprendimiento-en-babson-college\/#primaryimage"},"thumbnailUrl":"https:\/\/www.cetys.mx\/noticias\/wp-content\/uploads\/2018\/07\/8V3A8980.jpg","articleSection":["Uncategorized"],"inLanguage":"es","potentialAction":[{"@type":"CommentAction","name":"Comment","target":["https:\/\/www.cetys.mx\/noticias\/victoria-rangel-participara-en-programa-de-emprendimiento-en-babson-college\/#respond"]}]},{"@type":"WebPage","@id":"https:\/\/www.cetys.mx\/noticias\/victoria-rangel-participara-en-programa-de-emprendimiento-en-babson-college\/","url":"https:\/\/www.cetys.mx\/noticias\/victoria-rangel-participara-en-programa-de-emprendimiento-en-babson-college\/","name":"Victoria Rangel, becada para programa de emprendimiento en Babson - CETYS","isPartOf":{"@id":"https:\/\/www.cetys.mx\/noticias\/#website"},"primaryImageOfPage":{"@id":"https:\/\/www.cetys.mx\/noticias\/victoria-rangel-participara-en-programa-de-emprendimiento-en-babson-college\/#primaryimage"},"image":{"@id":"https:\/\/www.cetys.mx\/noticias\/victoria-rangel-participara-en-programa-de-emprendimiento-en-babson-college\/#primaryimage"},"thumbnailUrl":"https:\/\/www.cetys.mx\/noticias\/wp-content\/uploads\/2018\/07\/8V3A8980.jpg","datePublished":"2018-07-18T20:18:19+00:00","dateModified":"2018-07-18T20:18:49+00:00","author":{"@id":"https:\/\/www.cetys.mx\/noticias\/#\/schema\/person\/e9d2b35265b64aa454df57a2828eb2ac"},"description":"Articulo sobre Victoria Rangel, becada para programa de emprendimiento en Babson","breadcrumb":{"@id":"https:\/\/www.cetys.mx\/noticias\/victoria-rangel-participara-en-programa-de-emprendimiento-en-babson-college\/#breadcrumb"},"inLanguage":"es","potentialAction":[{"@type":"ReadAction","target":["https:\/\/www.cetys.mx\/noticias\/victoria-rangel-participara-en-programa-de-emprendimiento-en-babson-college\/"]}]},{"@type":"ImageObject","inLanguage":"es","@id":"https:\/\/www.cetys.mx\/noticias\/victoria-rangel-participara-en-programa-de-emprendimiento-en-babson-college\/#primaryimage","url":"https:\/\/www.cetys.mx\/noticias\/wp-content\/uploads\/2018\/07\/8V3A8980.jpg","contentUrl":"https:\/\/www.cetys.mx\/noticias\/wp-content\/uploads\/2018\/07\/8V3A8980.jpg","width":5760,"height":3840},{"@type":"BreadcrumbList","@id":"https:\/\/www.cetys.mx\/noticias\/victoria-rangel-participara-en-programa-de-emprendimiento-en-babson-college\/#breadcrumb","itemListElement":[{"@type":"ListItem","position":1,"name":"Inicio","item":"https:\/\/www.cetys.mx\/noticias\/"},{"@type":"ListItem","position":2,"name":"Victoria Rangel, becada para programa de emprendimiento en Babson"}]},{"@type":"WebSite","@id":"https:\/\/www.cetys.mx\/noticias\/#website","url":"https:\/\/www.cetys.mx\/noticias\/","name":"CETYS","description":"","potentialAction":[{"@type":"SearchAction","target":{"@type":"EntryPoint","urlTemplate":"https:\/\/www.cetys.mx\/noticias\/?s={search_term_string}"},"query-input":{"@type":"PropertyValueSpecification","valueRequired":true,"valueName":"search_term_string"}}],"inLanguage":"es"},{"@type":"Person","@id":"https:\/\/www.cetys.mx\/noticias\/#\/schema\/person\/e9d2b35265b64aa454df57a2828eb2ac","name":"CETYS Institucional","url":"https:\/\/www.cetys.mx\/noticias\/author\/cetysinstitucional\/"}]}},"_links":{"self":[{"href":"https:\/\/www.cetys.mx\/noticias\/wp-json\/wp\/v2\/posts\/115033","targetHints":{"allow":["GET"]}}],"collection":[{"href":"https:\/\/www.cetys.mx\/noticias\/wp-json\/wp\/v2\/posts"}],"about":[{"href":"https:\/\/www.cetys.mx\/noticias\/wp-json\/wp\/v2\/types\/post"}],"author":[{"embeddable":true,"href":"https:\/\/www.cetys.mx\/noticias\/wp-json\/wp\/v2\/users\/26"}],"replies":[{"embeddable":true,"href":"https:\/\/www.cetys.mx\/noticias\/wp-json\/wp\/v2\/comments?post=115033"}],"version-history":[{"count":0,"href":"https:\/\/www.cetys.mx\/noticias\/wp-json\/wp\/v2\/posts\/115033\/revisions"}],"wp:featuredmedia":[{"embeddable":true,"href":"https:\/\/www.cetys.mx\/noticias\/wp-json\/wp\/v2\/media\/115034"}],"wp:attachment":[{"href":"https:\/\/www.cetys.mx\/noticias\/wp-json\/wp\/v2\/media?parent=115033"}],"wp:term":[{"taxonomy":"category","embeddable":true,"href":"https:\/\/www.cetys.mx\/noticias\/wp-json\/wp\/v2\/categories?post=115033"},{"taxonomy":"post_tag","embeddable":true,"href":"https:\/\/www.cetys.mx\/noticias\/wp-json\/wp\/v2\/tags?post=115033"}],"curies":[{"name":"wp","href":"https:\/\/api.w.org\/{rel}","templated":true}]}}