{"id":114930,"date":"2018-07-16T18:09:04","date_gmt":"2018-07-17T01:09:04","guid":{"rendered":"http:\/\/www.cetys.mx\/noticias\/?p=114930"},"modified":"2018-08-07T19:34:13","modified_gmt":"2018-08-08T02:34:13","slug":"el-ciudadano-en-tiempos-del-voluntariado","status":"publish","type":"post","link":"https:\/\/www.cetys.mx\/noticias\/el-ciudadano-en-tiempos-del-voluntariado\/","title":{"rendered":"El ciudadano en tiempos del voluntariado"},"content":{"rendered":"<p>En estos d\u00edas me invade un sentimiento de incertidumbre y preocupaci\u00f3n, qu\u00e9 nos depara el futuro como naci\u00f3n, y todo esto surgi\u00f3 despu\u00e9s de ver los resultados de las elecciones. Pero para estas l\u00edneas he decidido dejar de lado las lamentaciones y hablar de lo que est\u00e1 en nuestras manos: <strong>el voluntariado.<\/strong><\/p>\n<p>Aunado a lo expresado anteriormente, llega a mis manos un art\u00edculo que precisamente aborda el papel del voluntariado en la sociedad actual, en \u00e9l se hace una descripci\u00f3n elegante y filos\u00f3fica de lo que conlleva esta labor y c\u00f3mo ha sido descrita por varios autores en el transcurso del tiempo. Tambi\u00e9n se propone la tesis de lo curioso que es realizar actividades altruistas en una sociedad capitalista enfocada en el consumismo.<\/p>\n<p>Empezar\u00e9 diciendo que voluntariado no es dedicar el tiempo que te sobre despu\u00e9s de que realizaste todas las otras actividades que se consideran de importancia, que se encuentran arriba en la escala de prioridades. La RAE define voluntario como \u201cdicho de un acto que nace de voluntad, y no por fuerza\u2026\u201d otra definici\u00f3n es \u201cPersona que, entre varias obligadas por turno o designaci\u00f3n a ejecutar alg\u00fan trabajo o servicio, se presta a hacerlos por propia voluntad, sin esperar a que le toque su vez\u201d. Por ser un miembro de esta sociedad, entender\u00eda que es parte de nuestro deber el buscar el bienestar de nuestro entorno, de la comunidad y de la sociedad a la que pertenecemos.<\/p>\n<p>Todos tenemos una agenda personal, pues bien, voluntariado es programar esa actividad dentro de lista de prioridades, no tiene que ser todos los d\u00edas o en todas las invitaciones de servicio comunitario, pero s\u00ed tomar la decisi\u00f3n de empezar a ser una persona activa en la sociedad, no s\u00f3lo econ\u00f3micamente, sino en todos los aspectos que enriquecen nuestras vidas, adem\u00e1s del dinero, y nos llevan a ser mejores seres humanos.\u00a0 Hay que comenzar al creer que todos somos responsables y contribuimos al cambio, a un mundo mejor, bien lo dice Robert Collier, \u201cEl \u00e9xito es la suma de peque\u00f1os esfuerzos repetidos d\u00eda tras d\u00eda\u201d.<\/p>\n<p>\u00bfC\u00f3mo iniciar con el voluntariado?, es tan sencillo o complicado como lo quieras ver, con los j\u00f3venes me sorprendo gratamente, he visto chicos que se ofrecen a apoyar a una compa\u00f1era a realizar un taller de lectura para ni\u00f1os, estudiantes de preparatoria y universidad que sacrifican su ma\u00f1ana de descanso en fin de semana para ir a limpiar un terreno bald\u00edo y pintar unos juegos sin recibir nada a cambio. Bueno esto que menciono son ejemplos muy sencillos, pero es el primer paso, brindar tu tiempo y talento para una actividad que te saque de tu zona de confort.<\/p>\n<p>Imanol Zubero hace referencia a que: La participaci\u00f3n voluntaria no se reduce al compromiso en organizaciones sociales, aunque \u00e9ste pueda ser su m\u00e1ximo exponente. Participar es, tambi\u00e9n ser protagonista de la vida pol\u00edtica y econ\u00f3mica, pero con nuevos criterios, desde otro marco de referencia.<\/p>\n<p>Lo que s\u00ed les digo, esto del voluntariado puede llegar a ser adictivo, deja de ser suficiente con asistir espor\u00e1dicamente a una actividad de servicio a la comunidad, se va creando una necesidad de participar m\u00e1s y en mayor cantidad, de pertenecer a alguna asociaci\u00f3n donde el compromiso aumente.<\/p>\n<p>Cierro con una frase le\u00edda en una revista de cine, <em><strong>\u201cQue tu legado sea, alguna vez me dijo, hizo o ense\u00f1\u00f3 algo que me alegr\u00f3 el d\u00eda\u201d.<\/strong><\/em><\/p>\n<p>&nbsp;<\/p>\n<p>Autor:\u00a0<strong>Mtra. Dannia Narey Vega Galv\u00e1n<\/strong><\/p>\n<ul>\n<li>Maestra en Educaci\u00f3n con opci\u00f3n en Educaci\u00f3n Especial.<\/li>\n<li>Dedicada al \u00e1rea de la educaci\u00f3n desde hace 5 a\u00f1os. Particular inter\u00e9s por los problemas de aprendizaje en ni\u00f1os, la comprensi\u00f3n lectora en adolescentes y adultos. Gusto por el servicio a la comunidad y actividades de voluntariado.<\/li>\n<\/ul>\n","protected":false},"excerpt":{"rendered":"<p>En estos d\u00edas me invade un sentimiento de incertidumbre y preocupaci\u00f3n, qu\u00e9 nos depara el futuro como naci\u00f3n, y todo esto surgi\u00f3&#8230;<\/p>\n","protected":false},"author":23,"featured_media":114933,"comment_status":"open","ping_status":"closed","sticky":false,"template":"","format":"standard","meta":{"footnotes":""},"categories":[132,114,313],"tags":[2633],"class_list":["post-114930","post","type-post","status-publish","format-standard","has-post-thumbnail","hentry","category-campus-ensenada","category-opinion","category-vocetys-2","tag-vocetys-2018-08-08"],"yoast_head":"<!-- This site is optimized with the Yoast SEO plugin v27.4 - https:\/\/yoast.com\/product\/yoast-seo-wordpress\/ -->\n<title>El ciudadano en tiempos del voluntariado - CETYS<\/title>\n<meta name=\"description\" content=\"Articulo sobre El ciudadano en tiempos del voluntariado\" \/>\n<meta name=\"robots\" content=\"index, follow, max-snippet:-1, max-image-preview:large, max-video-preview:-1\" \/>\n<link rel=\"canonical\" href=\"https:\/\/www.cetys.mx\/noticias\/el-ciudadano-en-tiempos-del-voluntariado\/\" \/>\n<meta property=\"og:locale\" content=\"es_MX\" \/>\n<meta property=\"og:type\" content=\"article\" \/>\n<meta property=\"og:title\" content=\"El ciudadano en tiempos del voluntariado - CETYS\" \/>\n<meta property=\"og:description\" content=\"Articulo sobre El ciudadano en tiempos del voluntariado\" \/>\n<meta property=\"og:url\" content=\"https:\/\/www.cetys.mx\/noticias\/el-ciudadano-en-tiempos-del-voluntariado\/\" \/>\n<meta property=\"og:site_name\" content=\"CETYS\" \/>\n<meta property=\"article:publisher\" content=\"https:\/\/www.facebook.com\/cetysuniversidadmxl\/\" \/>\n<meta property=\"article:published_time\" content=\"2018-07-17T01:09:04+00:00\" \/>\n<meta property=\"article:modified_time\" content=\"2018-08-08T02:34:13+00:00\" \/>\n<meta property=\"og:image\" content=\"https:\/\/www.cetys.mx\/noticias\/wp-content\/uploads\/2018\/07\/IMG_6774.jpg\" \/>\n\t<meta property=\"og:image:width\" content=\"642\" \/>\n\t<meta property=\"og:image:height\" content=\"438\" \/>\n\t<meta property=\"og:image:type\" content=\"image\/jpeg\" \/>\n<meta name=\"author\" content=\"Campus Ensenada\" \/>\n<meta name=\"twitter:card\" content=\"summary_large_image\" \/>\n<meta name=\"twitter:creator\" content=\"@cetysuni\" \/>\n<meta name=\"twitter:site\" content=\"@cetysuni\" \/>\n<meta name=\"twitter:label1\" content=\"Escrito por\" \/>\n\t<meta name=\"twitter:data1\" content=\"Campus Ensenada\" \/>\n\t<meta name=\"twitter:label2\" content=\"Tiempo de lectura\" \/>\n\t<meta name=\"twitter:data2\" content=\"3 minutos\" \/>\n<script type=\"application\/ld+json\" class=\"yoast-schema-graph\">{\"@context\":\"https:\\\/\\\/schema.org\",\"@graph\":[{\"@type\":\"Article\",\"@id\":\"https:\\\/\\\/www.cetys.mx\\\/noticias\\\/el-ciudadano-en-tiempos-del-voluntariado\\\/#article\",\"isPartOf\":{\"@id\":\"https:\\\/\\\/www.cetys.mx\\\/noticias\\\/el-ciudadano-en-tiempos-del-voluntariado\\\/\"},\"author\":{\"name\":\"Campus Ensenada\",\"@id\":\"https:\\\/\\\/www.cetys.mx\\\/noticias\\\/#\\\/schema\\\/person\\\/1a1a88c0b6586e66a2e9e88e07afc712\"},\"headline\":\"El ciudadano en tiempos del voluntariado\",\"datePublished\":\"2018-07-17T01:09:04+00:00\",\"dateModified\":\"2018-08-08T02:34:13+00:00\",\"mainEntityOfPage\":{\"@id\":\"https:\\\/\\\/www.cetys.mx\\\/noticias\\\/el-ciudadano-en-tiempos-del-voluntariado\\\/\"},\"wordCount\":667,\"commentCount\":1,\"image\":{\"@id\":\"https:\\\/\\\/www.cetys.mx\\\/noticias\\\/el-ciudadano-en-tiempos-del-voluntariado\\\/#primaryimage\"},\"thumbnailUrl\":\"https:\\\/\\\/www.cetys.mx\\\/noticias\\\/wp-content\\\/uploads\\\/2018\\\/07\\\/IMG_6774.jpg\",\"keywords\":[\"vocetys-2018-08-08\"],\"articleSection\":[\"Campus Ensenada\",\"Opini\u00f3n\",\"VoCETYS\"],\"inLanguage\":\"es\",\"potentialAction\":[{\"@type\":\"CommentAction\",\"name\":\"Comment\",\"target\":[\"https:\\\/\\\/www.cetys.mx\\\/noticias\\\/el-ciudadano-en-tiempos-del-voluntariado\\\/#respond\"]}]},{\"@type\":\"WebPage\",\"@id\":\"https:\\\/\\\/www.cetys.mx\\\/noticias\\\/el-ciudadano-en-tiempos-del-voluntariado\\\/\",\"url\":\"https:\\\/\\\/www.cetys.mx\\\/noticias\\\/el-ciudadano-en-tiempos-del-voluntariado\\\/\",\"name\":\"El ciudadano en tiempos del voluntariado - CETYS\",\"isPartOf\":{\"@id\":\"https:\\\/\\\/www.cetys.mx\\\/noticias\\\/#website\"},\"primaryImageOfPage\":{\"@id\":\"https:\\\/\\\/www.cetys.mx\\\/noticias\\\/el-ciudadano-en-tiempos-del-voluntariado\\\/#primaryimage\"},\"image\":{\"@id\":\"https:\\\/\\\/www.cetys.mx\\\/noticias\\\/el-ciudadano-en-tiempos-del-voluntariado\\\/#primaryimage\"},\"thumbnailUrl\":\"https:\\\/\\\/www.cetys.mx\\\/noticias\\\/wp-content\\\/uploads\\\/2018\\\/07\\\/IMG_6774.jpg\",\"datePublished\":\"2018-07-17T01:09:04+00:00\",\"dateModified\":\"2018-08-08T02:34:13+00:00\",\"author\":{\"@id\":\"https:\\\/\\\/www.cetys.mx\\\/noticias\\\/#\\\/schema\\\/person\\\/1a1a88c0b6586e66a2e9e88e07afc712\"},\"description\":\"Articulo sobre El ciudadano en tiempos del voluntariado\",\"breadcrumb\":{\"@id\":\"https:\\\/\\\/www.cetys.mx\\\/noticias\\\/el-ciudadano-en-tiempos-del-voluntariado\\\/#breadcrumb\"},\"inLanguage\":\"es\",\"potentialAction\":[{\"@type\":\"ReadAction\",\"target\":[\"https:\\\/\\\/www.cetys.mx\\\/noticias\\\/el-ciudadano-en-tiempos-del-voluntariado\\\/\"]}]},{\"@type\":\"ImageObject\",\"inLanguage\":\"es\",\"@id\":\"https:\\\/\\\/www.cetys.mx\\\/noticias\\\/el-ciudadano-en-tiempos-del-voluntariado\\\/#primaryimage\",\"url\":\"https:\\\/\\\/www.cetys.mx\\\/noticias\\\/wp-content\\\/uploads\\\/2018\\\/07\\\/IMG_6774.jpg\",\"contentUrl\":\"https:\\\/\\\/www.cetys.mx\\\/noticias\\\/wp-content\\\/uploads\\\/2018\\\/07\\\/IMG_6774.jpg\",\"width\":642,\"height\":438},{\"@type\":\"BreadcrumbList\",\"@id\":\"https:\\\/\\\/www.cetys.mx\\\/noticias\\\/el-ciudadano-en-tiempos-del-voluntariado\\\/#breadcrumb\",\"itemListElement\":[{\"@type\":\"ListItem\",\"position\":1,\"name\":\"Inicio\",\"item\":\"https:\\\/\\\/www.cetys.mx\\\/noticias\\\/\"},{\"@type\":\"ListItem\",\"position\":2,\"name\":\"El ciudadano en tiempos del voluntariado\"}]},{\"@type\":\"WebSite\",\"@id\":\"https:\\\/\\\/www.cetys.mx\\\/noticias\\\/#website\",\"url\":\"https:\\\/\\\/www.cetys.mx\\\/noticias\\\/\",\"name\":\"CETYS\",\"description\":\"\",\"potentialAction\":[{\"@type\":\"SearchAction\",\"target\":{\"@type\":\"EntryPoint\",\"urlTemplate\":\"https:\\\/\\\/www.cetys.mx\\\/noticias\\\/?s={search_term_string}\"},\"query-input\":{\"@type\":\"PropertyValueSpecification\",\"valueRequired\":true,\"valueName\":\"search_term_string\"}}],\"inLanguage\":\"es\"},{\"@type\":\"Person\",\"@id\":\"https:\\\/\\\/www.cetys.mx\\\/noticias\\\/#\\\/schema\\\/person\\\/1a1a88c0b6586e66a2e9e88e07afc712\",\"name\":\"Campus Ensenada\",\"url\":\"https:\\\/\\\/www.cetys.mx\\\/noticias\\\/author\\\/campusensenada\\\/\"}]}<\/script>\n<!-- \/ Yoast SEO plugin. -->","yoast_head_json":{"title":"El ciudadano en tiempos del voluntariado - CETYS","description":"Articulo sobre El ciudadano en tiempos del voluntariado","robots":{"index":"index","follow":"follow","max-snippet":"max-snippet:-1","max-image-preview":"max-image-preview:large","max-video-preview":"max-video-preview:-1"},"canonical":"https:\/\/www.cetys.mx\/noticias\/el-ciudadano-en-tiempos-del-voluntariado\/","og_locale":"es_MX","og_type":"article","og_title":"El ciudadano en tiempos del voluntariado - CETYS","og_description":"Articulo sobre El ciudadano en tiempos del voluntariado","og_url":"https:\/\/www.cetys.mx\/noticias\/el-ciudadano-en-tiempos-del-voluntariado\/","og_site_name":"CETYS","article_publisher":"https:\/\/www.facebook.com\/cetysuniversidadmxl\/","article_published_time":"2018-07-17T01:09:04+00:00","article_modified_time":"2018-08-08T02:34:13+00:00","og_image":[{"width":642,"height":438,"url":"https:\/\/www.cetys.mx\/noticias\/wp-content\/uploads\/2018\/07\/IMG_6774.jpg","type":"image\/jpeg"}],"author":"Campus Ensenada","twitter_card":"summary_large_image","twitter_creator":"@cetysuni","twitter_site":"@cetysuni","twitter_misc":{"Escrito por":"Campus Ensenada","Tiempo de lectura":"3 minutos"},"schema":{"@context":"https:\/\/schema.org","@graph":[{"@type":"Article","@id":"https:\/\/www.cetys.mx\/noticias\/el-ciudadano-en-tiempos-del-voluntariado\/#article","isPartOf":{"@id":"https:\/\/www.cetys.mx\/noticias\/el-ciudadano-en-tiempos-del-voluntariado\/"},"author":{"name":"Campus Ensenada","@id":"https:\/\/www.cetys.mx\/noticias\/#\/schema\/person\/1a1a88c0b6586e66a2e9e88e07afc712"},"headline":"El ciudadano en tiempos del voluntariado","datePublished":"2018-07-17T01:09:04+00:00","dateModified":"2018-08-08T02:34:13+00:00","mainEntityOfPage":{"@id":"https:\/\/www.cetys.mx\/noticias\/el-ciudadano-en-tiempos-del-voluntariado\/"},"wordCount":667,"commentCount":1,"image":{"@id":"https:\/\/www.cetys.mx\/noticias\/el-ciudadano-en-tiempos-del-voluntariado\/#primaryimage"},"thumbnailUrl":"https:\/\/www.cetys.mx\/noticias\/wp-content\/uploads\/2018\/07\/IMG_6774.jpg","keywords":["vocetys-2018-08-08"],"articleSection":["Campus Ensenada","Opini\u00f3n","VoCETYS"],"inLanguage":"es","potentialAction":[{"@type":"CommentAction","name":"Comment","target":["https:\/\/www.cetys.mx\/noticias\/el-ciudadano-en-tiempos-del-voluntariado\/#respond"]}]},{"@type":"WebPage","@id":"https:\/\/www.cetys.mx\/noticias\/el-ciudadano-en-tiempos-del-voluntariado\/","url":"https:\/\/www.cetys.mx\/noticias\/el-ciudadano-en-tiempos-del-voluntariado\/","name":"El ciudadano en tiempos del voluntariado - CETYS","isPartOf":{"@id":"https:\/\/www.cetys.mx\/noticias\/#website"},"primaryImageOfPage":{"@id":"https:\/\/www.cetys.mx\/noticias\/el-ciudadano-en-tiempos-del-voluntariado\/#primaryimage"},"image":{"@id":"https:\/\/www.cetys.mx\/noticias\/el-ciudadano-en-tiempos-del-voluntariado\/#primaryimage"},"thumbnailUrl":"https:\/\/www.cetys.mx\/noticias\/wp-content\/uploads\/2018\/07\/IMG_6774.jpg","datePublished":"2018-07-17T01:09:04+00:00","dateModified":"2018-08-08T02:34:13+00:00","author":{"@id":"https:\/\/www.cetys.mx\/noticias\/#\/schema\/person\/1a1a88c0b6586e66a2e9e88e07afc712"},"description":"Articulo sobre El ciudadano en tiempos del voluntariado","breadcrumb":{"@id":"https:\/\/www.cetys.mx\/noticias\/el-ciudadano-en-tiempos-del-voluntariado\/#breadcrumb"},"inLanguage":"es","potentialAction":[{"@type":"ReadAction","target":["https:\/\/www.cetys.mx\/noticias\/el-ciudadano-en-tiempos-del-voluntariado\/"]}]},{"@type":"ImageObject","inLanguage":"es","@id":"https:\/\/www.cetys.mx\/noticias\/el-ciudadano-en-tiempos-del-voluntariado\/#primaryimage","url":"https:\/\/www.cetys.mx\/noticias\/wp-content\/uploads\/2018\/07\/IMG_6774.jpg","contentUrl":"https:\/\/www.cetys.mx\/noticias\/wp-content\/uploads\/2018\/07\/IMG_6774.jpg","width":642,"height":438},{"@type":"BreadcrumbList","@id":"https:\/\/www.cetys.mx\/noticias\/el-ciudadano-en-tiempos-del-voluntariado\/#breadcrumb","itemListElement":[{"@type":"ListItem","position":1,"name":"Inicio","item":"https:\/\/www.cetys.mx\/noticias\/"},{"@type":"ListItem","position":2,"name":"El ciudadano en tiempos del voluntariado"}]},{"@type":"WebSite","@id":"https:\/\/www.cetys.mx\/noticias\/#website","url":"https:\/\/www.cetys.mx\/noticias\/","name":"CETYS","description":"","potentialAction":[{"@type":"SearchAction","target":{"@type":"EntryPoint","urlTemplate":"https:\/\/www.cetys.mx\/noticias\/?s={search_term_string}"},"query-input":{"@type":"PropertyValueSpecification","valueRequired":true,"valueName":"search_term_string"}}],"inLanguage":"es"},{"@type":"Person","@id":"https:\/\/www.cetys.mx\/noticias\/#\/schema\/person\/1a1a88c0b6586e66a2e9e88e07afc712","name":"Campus Ensenada","url":"https:\/\/www.cetys.mx\/noticias\/author\/campusensenada\/"}]}},"_links":{"self":[{"href":"https:\/\/www.cetys.mx\/noticias\/wp-json\/wp\/v2\/posts\/114930","targetHints":{"allow":["GET"]}}],"collection":[{"href":"https:\/\/www.cetys.mx\/noticias\/wp-json\/wp\/v2\/posts"}],"about":[{"href":"https:\/\/www.cetys.mx\/noticias\/wp-json\/wp\/v2\/types\/post"}],"author":[{"embeddable":true,"href":"https:\/\/www.cetys.mx\/noticias\/wp-json\/wp\/v2\/users\/23"}],"replies":[{"embeddable":true,"href":"https:\/\/www.cetys.mx\/noticias\/wp-json\/wp\/v2\/comments?post=114930"}],"version-history":[{"count":0,"href":"https:\/\/www.cetys.mx\/noticias\/wp-json\/wp\/v2\/posts\/114930\/revisions"}],"wp:featuredmedia":[{"embeddable":true,"href":"https:\/\/www.cetys.mx\/noticias\/wp-json\/wp\/v2\/media\/114933"}],"wp:attachment":[{"href":"https:\/\/www.cetys.mx\/noticias\/wp-json\/wp\/v2\/media?parent=114930"}],"wp:term":[{"taxonomy":"category","embeddable":true,"href":"https:\/\/www.cetys.mx\/noticias\/wp-json\/wp\/v2\/categories?post=114930"},{"taxonomy":"post_tag","embeddable":true,"href":"https:\/\/www.cetys.mx\/noticias\/wp-json\/wp\/v2\/tags?post=114930"}],"curies":[{"name":"wp","href":"https:\/\/api.w.org\/{rel}","templated":true}]}}