{"id":114823,"date":"2018-07-06T13:20:24","date_gmt":"2018-07-06T20:20:24","guid":{"rendered":"http:\/\/www.cetys.mx\/noticias\/?p=114823"},"modified":"2018-07-06T13:20:24","modified_gmt":"2018-07-06T20:20:24","slug":"myriam-lara-se-reporto-con-la-seleccion-nacional-universitaria-de-baloncesto","status":"publish","type":"post","link":"https:\/\/www.cetys.mx\/noticias\/myriam-lara-se-reporto-con-la-seleccion-nacional-universitaria-de-baloncesto\/","title":{"rendered":"Myriam Lara se report\u00f3 con la Selecci\u00f3n Nacional Universitaria de Baloncesto"},"content":{"rendered":"<p align=\"justify\">La basquetbolista bajacaliforniana <strong>Myriam Lara<\/strong> se incorpor\u00f3 a la <strong>Selecci\u00f3n Mexicana Universitaria Femenil<\/strong>, luego de su sobresaliente participaci\u00f3n en la II Copa Panamericana de 3&#215;3 (Tercias) en Santa Tecla, El Salvador.<\/p>\n<p align=\"justify\">En dicho evento alcanz\u00f3 el tercer lugar, organizadores y reporteros la nombraron \u201cJugadora M\u00e1s Valiosa\u201d y fue la \u00faltima vez que defendi\u00f3 los colores de <strong>CETYS Universidad<\/strong> en su carrera deportiva; sentimientos encontrados por tratarse de otra escala exitosa, pero con la nostalgia de poner fin a una gran etapa.<\/p>\n<blockquote>\n<p align=\"justify\">\u201cCuando termin\u00f3 la \u2018Universiada Nacional\u2019 en Toluca, cre\u00ed que nunca m\u00e1s volver\u00eda a ponerme el unifome de <strong>CETYS<\/strong>. Pero el destino me prepar\u00f3 esta sorpresa y fue en un evento internacional. La verdad es que me siento muy feliz y agradecida por este a\u00f1o que experimento, pero ya extra\u00f1o a mis compa\u00f1eras y a mis colores\u201d, dijo <strong>Myriam<\/strong> en entrevista.<\/p>\n<\/blockquote>\n<p align=\"justify\">Uno de sus primeros partidos con la playera nacional, de cara ya a los <strong>Juegos FISU Am\u00e9rica \u201cSao Paulo 2018\u201d<\/strong> (<em>del 20 al 29 de julio<\/em>), fue en la duela del Gimnasio \u201cMarcelino Champagnat\u201d; lugar donde <strong>Lara Ackerman<\/strong> se desarroll\u00f3 como baloncestista preparatoriana antes de unirse a <strong>Zorros Femenil<\/strong>. Con el plantel casi definido por el estratega <strong>C\u00e9sar Valencia<\/strong>, tiene plena confianza en que el proyecto va bien.<\/p>\n<blockquote>\n<p align=\"justify\"><em>\u201cSomos muchachas, ahora compa\u00f1eras, que nos conocemos desde hace mucho tiempo<\/em> \u2013agreg\u00f3-. <em>Aunque tenemos muy poco tiempo jugando juntas, hay buena qu\u00edmica. Si todas nos mantenemos en la misma p\u00e1gina y unidas, estoy segura que con entrega y lucha nos ir\u00e1 muy bien en Brasil\u201d.<\/em><\/p>\n<\/blockquote>\n<div id=\"attachment_114825\" style=\"width: 966px\" class=\"wp-caption alignnone\"><img loading=\"lazy\" decoding=\"async\" aria-describedby=\"caption-attachment-114825\" class=\"size-full wp-image-114825\" src=\"https:\/\/www.cetys.mx\/noticias\/wp-content\/uploads\/2018\/07\/image-3-e1530908145749.jpg\" alt=\"\" width=\"956\" height=\"637\" \/><p id=\"caption-attachment-114825\" class=\"wp-caption-text\">S\u00f3lo doce ser\u00e1n las elegidas para encarar los Juegos FISU Am\u00e9rica.<\/p><\/div>\n<p align=\"justify\">Otro hecho est\u00e1 en espera de confirmarse: sus hermanos <strong>Jos\u00e9 David<\/strong> (<em>CETYS Universidad<\/em>) y Josu\u00e9 (Tec Campus Monterrey) fueron invitados a la <strong>Preselecci\u00f3n Mexicana Universitaria Varonil<\/strong>. Si superan el corte final, la <strong>Familia Lara Ackerman<\/strong> viajar\u00e1 completa a tierras cariocas.<\/p>\n<blockquote>\n<p align=\"justify\"><em>\u201cComo hermana de ellos, me llena de gusto y orgullo. <strong>David<\/strong> y Josu\u00e9 aun siguen en espera de ser elegidos para la representaci\u00f3n, pero ser\u00eda algo extraordinario si lo logran tambi\u00e9n. No siempre ocurre que tres hermanos compitan en un mismo evento y estamos muy cerca de hacerlo realidad\u201d<\/em>, finaliz\u00f3.<\/p>\n<\/blockquote>\n<p align=\"justify\"><strong>M\u00e9xico<\/strong> disputar\u00e1 el b\u00e1squetbol femenil continental universitario con doce de trece convocadas hasta el momento: Paulina Rodr\u00edguez, Valeria Tapia, Laura P\u00e9rez, Zaida Gonz\u00e1lez, Elaine Salda\u00f1a, Priscilia Adame, Alexia Gonz\u00e1lez, Fany Esquivel, Nohem\u00ed Rosales, Ver\u00f3nica Rosales, Dominique D\u00edaz, M\u00f3nica Moguel y <strong>Myriam Lara<\/strong>.<\/p>\n<p align=\"justify\">Tres jugadoras m\u00e1s de <strong>CETYS<\/strong> permanecer\u00e1n como reservas: <strong>Estefan\u00eda Flores<\/strong>, <strong>Lizeth Fitch<\/strong> y <strong>Ang\u00e9lica Ochoa<\/strong>.<\/p>\n<div id=\"attachment_114824\" style=\"width: 964px\" class=\"wp-caption alignnone\"><img loading=\"lazy\" decoding=\"async\" aria-describedby=\"caption-attachment-114824\" class=\"size-full wp-image-114824\" src=\"https:\/\/www.cetys.mx\/noticias\/wp-content\/uploads\/2018\/07\/image-2-e1530907991824.jpg\" alt=\"\" width=\"954\" height=\"637\" \/><p id=\"caption-attachment-114824\" class=\"wp-caption-text\">Este ser\u00e1 el \u00faltimo torneo de Lara como deportista universitaria.<\/p><\/div>\n","protected":false},"excerpt":{"rendered":"<p>La basquetbolista bajacaliforniana Myriam Lara se incorpor\u00f3 a la Selecci\u00f3n Mexicana Universitaria Femenil, luego de su sobresaliente participaci\u00f3n en la II Copa&#8230;<\/p>\n","protected":false},"author":24,"featured_media":114826,"comment_status":"open","ping_status":"closed","sticky":false,"template":"","format":"standard","meta":{"footnotes":""},"categories":[134,312,313],"tags":[984,438,233,2544],"class_list":["post-114823","post","type-post","status-publish","format-standard","has-post-thumbnail","hentry","category-campus-tijuana","category-deportes","category-vocetys-2","tag-orgullocetys","tag-basquetbol","tag-deportes","tag-fisu-america","univesidades-cetys","univesidades-itesm-monterrey"],"yoast_head":"<!-- This site is optimized with the Yoast SEO plugin v27.4 - https:\/\/yoast.com\/product\/yoast-seo-wordpress\/ -->\n<title>Myriam Lara se report\u00f3 con la Selecci\u00f3n Nacional Universitaria de Baloncesto - CETYS<\/title>\n<meta name=\"description\" content=\"Articulo sobre Myriam Lara se report\u00f3 con la Selecci\u00f3n Nacional Universitaria de Baloncesto\" \/>\n<meta name=\"robots\" content=\"index, follow, max-snippet:-1, max-image-preview:large, max-video-preview:-1\" \/>\n<link rel=\"canonical\" href=\"https:\/\/www.cetys.mx\/noticias\/myriam-lara-se-reporto-con-la-seleccion-nacional-universitaria-de-baloncesto\/\" \/>\n<meta property=\"og:locale\" content=\"es_MX\" \/>\n<meta property=\"og:type\" content=\"article\" \/>\n<meta property=\"og:title\" content=\"Myriam Lara se report\u00f3 con la Selecci\u00f3n Nacional Universitaria de Baloncesto - CETYS\" \/>\n<meta property=\"og:description\" content=\"Articulo sobre Myriam Lara se report\u00f3 con la Selecci\u00f3n Nacional Universitaria de Baloncesto\" \/>\n<meta property=\"og:url\" content=\"https:\/\/www.cetys.mx\/noticias\/myriam-lara-se-reporto-con-la-seleccion-nacional-universitaria-de-baloncesto\/\" \/>\n<meta property=\"og:site_name\" content=\"CETYS\" \/>\n<meta property=\"article:publisher\" content=\"https:\/\/www.facebook.com\/cetysuniversidadmxl\/\" \/>\n<meta property=\"article:published_time\" content=\"2018-07-06T20:20:24+00:00\" \/>\n<meta property=\"og:image\" content=\"https:\/\/www.cetys.mx\/noticias\/wp-content\/uploads\/2018\/07\/image-1-1-e1530908239733.jpg\" \/>\n\t<meta property=\"og:image:width\" content=\"956\" \/>\n\t<meta property=\"og:image:height\" content=\"637\" \/>\n\t<meta property=\"og:image:type\" content=\"image\/jpeg\" \/>\n<meta name=\"author\" content=\"Campus Tijuana\" \/>\n<meta name=\"twitter:card\" content=\"summary_large_image\" \/>\n<meta name=\"twitter:creator\" content=\"@cetysuni\" \/>\n<meta name=\"twitter:site\" content=\"@cetysuni\" \/>\n<meta name=\"twitter:label1\" content=\"Escrito por\" \/>\n\t<meta name=\"twitter:data1\" content=\"Campus Tijuana\" \/>\n\t<meta name=\"twitter:label2\" content=\"Tiempo de lectura\" \/>\n\t<meta name=\"twitter:data2\" content=\"2 minutos\" \/>\n<script type=\"application\/ld+json\" class=\"yoast-schema-graph\">{\"@context\":\"https:\\\/\\\/schema.org\",\"@graph\":[{\"@type\":\"Article\",\"@id\":\"https:\\\/\\\/www.cetys.mx\\\/noticias\\\/myriam-lara-se-reporto-con-la-seleccion-nacional-universitaria-de-baloncesto\\\/#article\",\"isPartOf\":{\"@id\":\"https:\\\/\\\/www.cetys.mx\\\/noticias\\\/myriam-lara-se-reporto-con-la-seleccion-nacional-universitaria-de-baloncesto\\\/\"},\"author\":{\"name\":\"Campus Tijuana\",\"@id\":\"https:\\\/\\\/www.cetys.mx\\\/noticias\\\/#\\\/schema\\\/person\\\/e790051ce60e18ae47cfa87011c8653f\"},\"headline\":\"Myriam Lara se report\u00f3 con la Selecci\u00f3n Nacional Universitaria de Baloncesto\",\"datePublished\":\"2018-07-06T20:20:24+00:00\",\"mainEntityOfPage\":{\"@id\":\"https:\\\/\\\/www.cetys.mx\\\/noticias\\\/myriam-lara-se-reporto-con-la-seleccion-nacional-universitaria-de-baloncesto\\\/\"},\"wordCount\":480,\"commentCount\":0,\"image\":{\"@id\":\"https:\\\/\\\/www.cetys.mx\\\/noticias\\\/myriam-lara-se-reporto-con-la-seleccion-nacional-universitaria-de-baloncesto\\\/#primaryimage\"},\"thumbnailUrl\":\"https:\\\/\\\/www.cetys.mx\\\/noticias\\\/wp-content\\\/uploads\\\/2018\\\/07\\\/image-1-1-e1530908239733.jpg\",\"keywords\":[\"#orgulloCETYS\",\"Basquetbol\",\"Deportes\",\"FISU Am\u00e9rica\"],\"articleSection\":[\"Campus Tijuana\",\"Deportes\",\"VoCETYS\"],\"inLanguage\":\"es\",\"potentialAction\":[{\"@type\":\"CommentAction\",\"name\":\"Comment\",\"target\":[\"https:\\\/\\\/www.cetys.mx\\\/noticias\\\/myriam-lara-se-reporto-con-la-seleccion-nacional-universitaria-de-baloncesto\\\/#respond\"]}]},{\"@type\":\"WebPage\",\"@id\":\"https:\\\/\\\/www.cetys.mx\\\/noticias\\\/myriam-lara-se-reporto-con-la-seleccion-nacional-universitaria-de-baloncesto\\\/\",\"url\":\"https:\\\/\\\/www.cetys.mx\\\/noticias\\\/myriam-lara-se-reporto-con-la-seleccion-nacional-universitaria-de-baloncesto\\\/\",\"name\":\"Myriam Lara se report\u00f3 con la Selecci\u00f3n Nacional Universitaria de Baloncesto - CETYS\",\"isPartOf\":{\"@id\":\"https:\\\/\\\/www.cetys.mx\\\/noticias\\\/#website\"},\"primaryImageOfPage\":{\"@id\":\"https:\\\/\\\/www.cetys.mx\\\/noticias\\\/myriam-lara-se-reporto-con-la-seleccion-nacional-universitaria-de-baloncesto\\\/#primaryimage\"},\"image\":{\"@id\":\"https:\\\/\\\/www.cetys.mx\\\/noticias\\\/myriam-lara-se-reporto-con-la-seleccion-nacional-universitaria-de-baloncesto\\\/#primaryimage\"},\"thumbnailUrl\":\"https:\\\/\\\/www.cetys.mx\\\/noticias\\\/wp-content\\\/uploads\\\/2018\\\/07\\\/image-1-1-e1530908239733.jpg\",\"datePublished\":\"2018-07-06T20:20:24+00:00\",\"author\":{\"@id\":\"https:\\\/\\\/www.cetys.mx\\\/noticias\\\/#\\\/schema\\\/person\\\/e790051ce60e18ae47cfa87011c8653f\"},\"description\":\"Articulo sobre Myriam Lara se report\u00f3 con la Selecci\u00f3n Nacional Universitaria de Baloncesto\",\"breadcrumb\":{\"@id\":\"https:\\\/\\\/www.cetys.mx\\\/noticias\\\/myriam-lara-se-reporto-con-la-seleccion-nacional-universitaria-de-baloncesto\\\/#breadcrumb\"},\"inLanguage\":\"es\",\"potentialAction\":[{\"@type\":\"ReadAction\",\"target\":[\"https:\\\/\\\/www.cetys.mx\\\/noticias\\\/myriam-lara-se-reporto-con-la-seleccion-nacional-universitaria-de-baloncesto\\\/\"]}]},{\"@type\":\"ImageObject\",\"inLanguage\":\"es\",\"@id\":\"https:\\\/\\\/www.cetys.mx\\\/noticias\\\/myriam-lara-se-reporto-con-la-seleccion-nacional-universitaria-de-baloncesto\\\/#primaryimage\",\"url\":\"https:\\\/\\\/www.cetys.mx\\\/noticias\\\/wp-content\\\/uploads\\\/2018\\\/07\\\/image-1-1-e1530908239733.jpg\",\"contentUrl\":\"https:\\\/\\\/www.cetys.mx\\\/noticias\\\/wp-content\\\/uploads\\\/2018\\\/07\\\/image-1-1-e1530908239733.jpg\",\"width\":956,\"height\":637,\"caption\":\"CETYS Universidad - B\u00e1squetbol\"},{\"@type\":\"BreadcrumbList\",\"@id\":\"https:\\\/\\\/www.cetys.mx\\\/noticias\\\/myriam-lara-se-reporto-con-la-seleccion-nacional-universitaria-de-baloncesto\\\/#breadcrumb\",\"itemListElement\":[{\"@type\":\"ListItem\",\"position\":1,\"name\":\"Inicio\",\"item\":\"https:\\\/\\\/www.cetys.mx\\\/noticias\\\/\"},{\"@type\":\"ListItem\",\"position\":2,\"name\":\"Myriam Lara se report\u00f3 con la Selecci\u00f3n Nacional Universitaria de Baloncesto\"}]},{\"@type\":\"WebSite\",\"@id\":\"https:\\\/\\\/www.cetys.mx\\\/noticias\\\/#website\",\"url\":\"https:\\\/\\\/www.cetys.mx\\\/noticias\\\/\",\"name\":\"CETYS\",\"description\":\"\",\"potentialAction\":[{\"@type\":\"SearchAction\",\"target\":{\"@type\":\"EntryPoint\",\"urlTemplate\":\"https:\\\/\\\/www.cetys.mx\\\/noticias\\\/?s={search_term_string}\"},\"query-input\":{\"@type\":\"PropertyValueSpecification\",\"valueRequired\":true,\"valueName\":\"search_term_string\"}}],\"inLanguage\":\"es\"},{\"@type\":\"Person\",\"@id\":\"https:\\\/\\\/www.cetys.mx\\\/noticias\\\/#\\\/schema\\\/person\\\/e790051ce60e18ae47cfa87011c8653f\",\"name\":\"Campus Tijuana\",\"url\":\"https:\\\/\\\/www.cetys.mx\\\/noticias\\\/author\\\/campustijuana\\\/\"}]}<\/script>\n<!-- \/ Yoast SEO plugin. -->","yoast_head_json":{"title":"Myriam Lara se report\u00f3 con la Selecci\u00f3n Nacional Universitaria de Baloncesto - CETYS","description":"Articulo sobre Myriam Lara se report\u00f3 con la Selecci\u00f3n Nacional Universitaria de Baloncesto","robots":{"index":"index","follow":"follow","max-snippet":"max-snippet:-1","max-image-preview":"max-image-preview:large","max-video-preview":"max-video-preview:-1"},"canonical":"https:\/\/www.cetys.mx\/noticias\/myriam-lara-se-reporto-con-la-seleccion-nacional-universitaria-de-baloncesto\/","og_locale":"es_MX","og_type":"article","og_title":"Myriam Lara se report\u00f3 con la Selecci\u00f3n Nacional Universitaria de Baloncesto - CETYS","og_description":"Articulo sobre Myriam Lara se report\u00f3 con la Selecci\u00f3n Nacional Universitaria de Baloncesto","og_url":"https:\/\/www.cetys.mx\/noticias\/myriam-lara-se-reporto-con-la-seleccion-nacional-universitaria-de-baloncesto\/","og_site_name":"CETYS","article_publisher":"https:\/\/www.facebook.com\/cetysuniversidadmxl\/","article_published_time":"2018-07-06T20:20:24+00:00","og_image":[{"width":956,"height":637,"url":"https:\/\/www.cetys.mx\/noticias\/wp-content\/uploads\/2018\/07\/image-1-1-e1530908239733.jpg","type":"image\/jpeg"}],"author":"Campus Tijuana","twitter_card":"summary_large_image","twitter_creator":"@cetysuni","twitter_site":"@cetysuni","twitter_misc":{"Escrito por":"Campus Tijuana","Tiempo de lectura":"2 minutos"},"schema":{"@context":"https:\/\/schema.org","@graph":[{"@type":"Article","@id":"https:\/\/www.cetys.mx\/noticias\/myriam-lara-se-reporto-con-la-seleccion-nacional-universitaria-de-baloncesto\/#article","isPartOf":{"@id":"https:\/\/www.cetys.mx\/noticias\/myriam-lara-se-reporto-con-la-seleccion-nacional-universitaria-de-baloncesto\/"},"author":{"name":"Campus Tijuana","@id":"https:\/\/www.cetys.mx\/noticias\/#\/schema\/person\/e790051ce60e18ae47cfa87011c8653f"},"headline":"Myriam Lara se report\u00f3 con la Selecci\u00f3n Nacional Universitaria de Baloncesto","datePublished":"2018-07-06T20:20:24+00:00","mainEntityOfPage":{"@id":"https:\/\/www.cetys.mx\/noticias\/myriam-lara-se-reporto-con-la-seleccion-nacional-universitaria-de-baloncesto\/"},"wordCount":480,"commentCount":0,"image":{"@id":"https:\/\/www.cetys.mx\/noticias\/myriam-lara-se-reporto-con-la-seleccion-nacional-universitaria-de-baloncesto\/#primaryimage"},"thumbnailUrl":"https:\/\/www.cetys.mx\/noticias\/wp-content\/uploads\/2018\/07\/image-1-1-e1530908239733.jpg","keywords":["#orgulloCETYS","Basquetbol","Deportes","FISU Am\u00e9rica"],"articleSection":["Campus Tijuana","Deportes","VoCETYS"],"inLanguage":"es","potentialAction":[{"@type":"CommentAction","name":"Comment","target":["https:\/\/www.cetys.mx\/noticias\/myriam-lara-se-reporto-con-la-seleccion-nacional-universitaria-de-baloncesto\/#respond"]}]},{"@type":"WebPage","@id":"https:\/\/www.cetys.mx\/noticias\/myriam-lara-se-reporto-con-la-seleccion-nacional-universitaria-de-baloncesto\/","url":"https:\/\/www.cetys.mx\/noticias\/myriam-lara-se-reporto-con-la-seleccion-nacional-universitaria-de-baloncesto\/","name":"Myriam Lara se report\u00f3 con la Selecci\u00f3n Nacional Universitaria de Baloncesto - CETYS","isPartOf":{"@id":"https:\/\/www.cetys.mx\/noticias\/#website"},"primaryImageOfPage":{"@id":"https:\/\/www.cetys.mx\/noticias\/myriam-lara-se-reporto-con-la-seleccion-nacional-universitaria-de-baloncesto\/#primaryimage"},"image":{"@id":"https:\/\/www.cetys.mx\/noticias\/myriam-lara-se-reporto-con-la-seleccion-nacional-universitaria-de-baloncesto\/#primaryimage"},"thumbnailUrl":"https:\/\/www.cetys.mx\/noticias\/wp-content\/uploads\/2018\/07\/image-1-1-e1530908239733.jpg","datePublished":"2018-07-06T20:20:24+00:00","author":{"@id":"https:\/\/www.cetys.mx\/noticias\/#\/schema\/person\/e790051ce60e18ae47cfa87011c8653f"},"description":"Articulo sobre Myriam Lara se report\u00f3 con la Selecci\u00f3n Nacional Universitaria de Baloncesto","breadcrumb":{"@id":"https:\/\/www.cetys.mx\/noticias\/myriam-lara-se-reporto-con-la-seleccion-nacional-universitaria-de-baloncesto\/#breadcrumb"},"inLanguage":"es","potentialAction":[{"@type":"ReadAction","target":["https:\/\/www.cetys.mx\/noticias\/myriam-lara-se-reporto-con-la-seleccion-nacional-universitaria-de-baloncesto\/"]}]},{"@type":"ImageObject","inLanguage":"es","@id":"https:\/\/www.cetys.mx\/noticias\/myriam-lara-se-reporto-con-la-seleccion-nacional-universitaria-de-baloncesto\/#primaryimage","url":"https:\/\/www.cetys.mx\/noticias\/wp-content\/uploads\/2018\/07\/image-1-1-e1530908239733.jpg","contentUrl":"https:\/\/www.cetys.mx\/noticias\/wp-content\/uploads\/2018\/07\/image-1-1-e1530908239733.jpg","width":956,"height":637,"caption":"CETYS Universidad - B\u00e1squetbol"},{"@type":"BreadcrumbList","@id":"https:\/\/www.cetys.mx\/noticias\/myriam-lara-se-reporto-con-la-seleccion-nacional-universitaria-de-baloncesto\/#breadcrumb","itemListElement":[{"@type":"ListItem","position":1,"name":"Inicio","item":"https:\/\/www.cetys.mx\/noticias\/"},{"@type":"ListItem","position":2,"name":"Myriam Lara se report\u00f3 con la Selecci\u00f3n Nacional Universitaria de Baloncesto"}]},{"@type":"WebSite","@id":"https:\/\/www.cetys.mx\/noticias\/#website","url":"https:\/\/www.cetys.mx\/noticias\/","name":"CETYS","description":"","potentialAction":[{"@type":"SearchAction","target":{"@type":"EntryPoint","urlTemplate":"https:\/\/www.cetys.mx\/noticias\/?s={search_term_string}"},"query-input":{"@type":"PropertyValueSpecification","valueRequired":true,"valueName":"search_term_string"}}],"inLanguage":"es"},{"@type":"Person","@id":"https:\/\/www.cetys.mx\/noticias\/#\/schema\/person\/e790051ce60e18ae47cfa87011c8653f","name":"Campus Tijuana","url":"https:\/\/www.cetys.mx\/noticias\/author\/campustijuana\/"}]}},"_links":{"self":[{"href":"https:\/\/www.cetys.mx\/noticias\/wp-json\/wp\/v2\/posts\/114823","targetHints":{"allow":["GET"]}}],"collection":[{"href":"https:\/\/www.cetys.mx\/noticias\/wp-json\/wp\/v2\/posts"}],"about":[{"href":"https:\/\/www.cetys.mx\/noticias\/wp-json\/wp\/v2\/types\/post"}],"author":[{"embeddable":true,"href":"https:\/\/www.cetys.mx\/noticias\/wp-json\/wp\/v2\/users\/24"}],"replies":[{"embeddable":true,"href":"https:\/\/www.cetys.mx\/noticias\/wp-json\/wp\/v2\/comments?post=114823"}],"version-history":[{"count":0,"href":"https:\/\/www.cetys.mx\/noticias\/wp-json\/wp\/v2\/posts\/114823\/revisions"}],"wp:featuredmedia":[{"embeddable":true,"href":"https:\/\/www.cetys.mx\/noticias\/wp-json\/wp\/v2\/media\/114826"}],"wp:attachment":[{"href":"https:\/\/www.cetys.mx\/noticias\/wp-json\/wp\/v2\/media?parent=114823"}],"wp:term":[{"taxonomy":"category","embeddable":true,"href":"https:\/\/www.cetys.mx\/noticias\/wp-json\/wp\/v2\/categories?post=114823"},{"taxonomy":"post_tag","embeddable":true,"href":"https:\/\/www.cetys.mx\/noticias\/wp-json\/wp\/v2\/tags?post=114823"}],"curies":[{"name":"wp","href":"https:\/\/api.w.org\/{rel}","templated":true}]}}