{"id":114691,"date":"2018-06-28T14:08:07","date_gmt":"2018-06-28T21:08:07","guid":{"rendered":"http:\/\/www.cetys.mx\/noticias\/?p=114691"},"modified":"2018-06-28T15:22:04","modified_gmt":"2018-06-28T22:22:04","slug":"preseleccion-nal-cetys-saopaulo","status":"publish","type":"post","link":"https:\/\/www.cetys.mx\/noticias\/preseleccion-nal-cetys-saopaulo\/","title":{"rendered":"Preselecci\u00f3n Nacional se concentra en CETYS Campus Tijuana"},"content":{"rendered":"<p>Ha comenzado la concentraci\u00f3n de la <strong>Preselecci\u00f3n Mexicana Universitaria de Baloncesto Femenil<\/strong>, con miras a los <strong>I Juegos FISU Am\u00e9rica<\/strong> que ser\u00e1n del 20 al 29 de julio en Sao Paulo, Brasil. Dicho b\u00fanker es el <strong>Gimnasio-Auditorio \u201cRodrigo Valle Hern\u00e1ndez\u201d<\/strong> en <strong>CETYS Universidad Campus Tijuana.<\/strong><\/p>\n<p>El entrenador en jefe <strong>C\u00e9sar Valencia<\/strong> encabeza las sesiones de pr\u00e1cticas y partidos de exhibici\u00f3n, donde debe definir la lista de 12 jugadoras que viajar\u00e1n a tierras cariocas dentro de un mes; all\u00e1 enfrentar\u00e1n a Estados Unidos, Chile, Colombia y la anfitriona Brasil.<\/p>\n<blockquote><p><em>\u201cLas muchachas han llegado a entrenar con muchas ganas. Llevamos varios d\u00edas trabajando con doble sesi\u00f3n y con algunos duelos de preparaci\u00f3n con escuelas locales, tratando de medir el presente de cada una y hacer los ajustes que se requieran\u201d<\/em>, declar\u00f3 el timonel.<\/p><\/blockquote>\n<p><strong>Valencia<\/strong> cuenta actualmente con Viridiana Villavicencio (Tec Campus Toluca) y <strong>Ver\u00f3nica Mac\u00edas<\/strong> (<em>CETYS Universidad<\/em>) como asistentes t\u00e9cnicas, adem\u00e1s de <strong>Jonathan Valle<\/strong> como preparador f\u00edsico; se espera la confirmaci\u00f3n de Mario Moreno (Tec Campus Monterrey) para colaborar con el grupo.<\/p>\n<blockquote><p><em>\u201cUniversitarias que juegan fuera de M\u00e9xico indicaron que arribar\u00e1n m\u00e1s adelante, otras hacen intentos por quedarse con la Selecci\u00f3n Mayor y quienes compiten en El Salvador por la Copa Panamericana 3&#215;3<\/em> \u2013agreg\u00f3-. <em>Tenemos 17 partidos amistosos proyectados, antes de viajar a Brasil\u201d. \u00a0\u00a0\u00a0<\/em><\/p><\/blockquote>\n<div id=\"attachment_114695\" style=\"width: 966px\" class=\"wp-caption alignnone\"><img loading=\"lazy\" decoding=\"async\" aria-describedby=\"caption-attachment-114695\" class=\"size-full wp-image-114695\" src=\"https:\/\/www.cetys.mx\/noticias\/wp-content\/uploads\/2018\/06\/image00002-2-e1530219509670.jpg\" alt=\"\" width=\"956\" height=\"637\" \/><p id=\"caption-attachment-114695\" class=\"wp-caption-text\">La lista final ser\u00e1 de 12 jugadoras que viajar\u00e1n a Sao Paulo, Brasil.<\/p><\/div>\n<p>Por el hecho de haber guiado a <strong>Zorros Femenil<\/strong> a ganar el <strong>Campeonato de los \u201cOcho Grandes\u201d<\/strong> y la <strong>\u201cUniversiada Nacional\u201d<\/strong>, <strong>Valencia <\/strong>tom\u00f3 la rienda del proyecto y\u00a0contar\u00e1 con <strong>Myriam Lara<\/strong> cuando vuelva de Centroam\u00e9rica. Es probable que una o dos m\u00e1s integrantes de la quinteta bajacaliforniana se integren de manera emergente.<\/p>\n<blockquote><p><em>\u201c<strong>Myriam<\/strong> ten\u00eda mucha posibilidad de ir a Juegos Centroamericanos y del Caribe, pero tom\u00f3 una decisi\u00f3n razonable de concentrarse en los <strong>Juegos FISU Am\u00e9rica<\/strong>. Nunca dudamos de contar o no con ella. Despu\u00e9s de 7 a\u00f1os como basquetbolista universitaria, nada mejor que un merecido cierre de etapa como este\u201d<\/em>, concluy\u00f3.<\/p><\/blockquote>\n<p>Algunas de las invitadas a la Preselecci\u00f3n Nacional son:\u00a0 \u00a0 \u00a0 \u00a0 \u00a0 \u00a0 \u00a0 \u00a0 \u00a0 \u00a0 \u00a0 \u00a0 \u00a0 \u00a0 \u00a0 \u00a0 \u00a0 \u00a0 \u00a0 \u00a0 \u00a0 \u00a0 \u00a0 \u00a0 \u00a0 \u00a0 \u00a0 \u00a0 \u00a0 \u00a0 \u00a0 \u00a0 \u00a0 \u00a0 \u00a0 \u00a0 \u00a0 \u00a0 \u00a0 \u00a0 \u00a0 \u00a0 \u00a0 <strong>Myriam Lara<\/strong> (<em>CETYS<\/em>), Michelle Pardo (Tec Campus Monterrey), Gladys \u00c1vila (Tec Campus Monterrey), Dominique D\u00edaz (Tec Campus Estado de M\u00e9xico), M\u00f3nica Moguel (UMAD), Alexia Gonz\u00e1lez (UMAD), Nohem\u00ed Rosales (UANL), Priscilla Adame (UANL), Stefany Esquivel (UAZ), Laura P\u00e9rez Ram\u00edrez (Rhode Island), Claudia Ramos (CSU Northridge), Zaida Gonz\u00e1lez (Texas), Valeria Tapia (Texas-RGV), Paulina Rodr\u00edguez (Weber St.) y Elaine Salda\u00f1a (Tec Campus Estado de M\u00e9xico), entre otras.<\/p>\n<div id=\"attachment_114696\" style=\"width: 966px\" class=\"wp-caption alignnone\"><img loading=\"lazy\" decoding=\"async\" aria-describedby=\"caption-attachment-114696\" class=\"size-full wp-image-114696\" src=\"https:\/\/www.cetys.mx\/noticias\/wp-content\/uploads\/2018\/06\/image00005-1-e1530219776170.jpg\" alt=\"\" width=\"956\" height=\"637\" \/><p id=\"caption-attachment-114696\" class=\"wp-caption-text\">M\u00e9xico enfrentar\u00e1 a Brasil, Estados Unidos, Colombia y Chile.<\/p><\/div>\n","protected":false},"excerpt":{"rendered":"<p>Ha comenzado la concentraci\u00f3n de la Preselecci\u00f3n Mexicana Universitaria de Baloncesto Femenil, con miras a los I Juegos FISU Am\u00e9rica que ser\u00e1n&#8230;<\/p>\n","protected":false},"author":24,"featured_media":114694,"comment_status":"open","ping_status":"closed","sticky":false,"template":"","format":"standard","meta":{"footnotes":""},"categories":[134,312,313],"tags":[438,233,2544,2502,2562],"class_list":["post-114691","post","type-post","status-publish","format-standard","has-post-thumbnail","hentry","category-campus-tijuana","category-deportes","category-vocetys-2","tag-basquetbol","tag-deportes","tag-fisu-america","tag-sao-paulo-2018","tag-vocetys-2018-06-29","univesidades-cetys-campus-tijuana"],"yoast_head":"<!-- This site is optimized with the Yoast SEO plugin v27.4 - https:\/\/yoast.com\/product\/yoast-seo-wordpress\/ -->\n<title>Preselecci\u00f3n Nacional se concentra en CETYS Campus Tijuana - CETYS<\/title>\n<meta name=\"description\" content=\"Articulo sobre Preselecci\u00f3n Nacional se concentra en CETYS Campus Tijuana\" \/>\n<meta name=\"robots\" content=\"index, follow, max-snippet:-1, max-image-preview:large, max-video-preview:-1\" \/>\n<link rel=\"canonical\" href=\"https:\/\/www.cetys.mx\/noticias\/preseleccion-nal-cetys-saopaulo\/\" \/>\n<meta property=\"og:locale\" content=\"es_MX\" \/>\n<meta property=\"og:type\" content=\"article\" \/>\n<meta property=\"og:title\" content=\"Preselecci\u00f3n Nacional se concentra en CETYS Campus Tijuana - CETYS\" \/>\n<meta property=\"og:description\" content=\"Articulo sobre Preselecci\u00f3n Nacional se concentra en CETYS Campus Tijuana\" \/>\n<meta property=\"og:url\" content=\"https:\/\/www.cetys.mx\/noticias\/preseleccion-nal-cetys-saopaulo\/\" \/>\n<meta property=\"og:site_name\" content=\"CETYS\" \/>\n<meta property=\"article:publisher\" content=\"https:\/\/www.facebook.com\/cetysuniversidadmxl\/\" \/>\n<meta property=\"article:published_time\" content=\"2018-06-28T21:08:07+00:00\" \/>\n<meta property=\"article:modified_time\" content=\"2018-06-28T22:22:04+00:00\" \/>\n<meta property=\"og:image\" content=\"https:\/\/www.cetys.mx\/noticias\/wp-content\/uploads\/2018\/06\/image00004-2-e1530219383813.jpg\" \/>\n\t<meta property=\"og:image:width\" content=\"956\" \/>\n\t<meta property=\"og:image:height\" content=\"637\" \/>\n\t<meta property=\"og:image:type\" content=\"image\/jpeg\" \/>\n<meta name=\"author\" content=\"Campus Tijuana\" \/>\n<meta name=\"twitter:card\" content=\"summary_large_image\" \/>\n<meta name=\"twitter:creator\" content=\"@cetysuni\" \/>\n<meta name=\"twitter:site\" content=\"@cetysuni\" \/>\n<meta name=\"twitter:label1\" content=\"Escrito por\" \/>\n\t<meta name=\"twitter:data1\" content=\"Campus Tijuana\" \/>\n\t<meta name=\"twitter:label2\" content=\"Tiempo de lectura\" \/>\n\t<meta name=\"twitter:data2\" content=\"2 minutos\" \/>\n<script type=\"application\/ld+json\" class=\"yoast-schema-graph\">{\"@context\":\"https:\\\/\\\/schema.org\",\"@graph\":[{\"@type\":\"Article\",\"@id\":\"https:\\\/\\\/www.cetys.mx\\\/noticias\\\/preseleccion-nal-cetys-saopaulo\\\/#article\",\"isPartOf\":{\"@id\":\"https:\\\/\\\/www.cetys.mx\\\/noticias\\\/preseleccion-nal-cetys-saopaulo\\\/\"},\"author\":{\"name\":\"Campus Tijuana\",\"@id\":\"https:\\\/\\\/www.cetys.mx\\\/noticias\\\/#\\\/schema\\\/person\\\/e790051ce60e18ae47cfa87011c8653f\"},\"headline\":\"Preselecci\u00f3n Nacional se concentra en CETYS Campus Tijuana\",\"datePublished\":\"2018-06-28T21:08:07+00:00\",\"dateModified\":\"2018-06-28T22:22:04+00:00\",\"mainEntityOfPage\":{\"@id\":\"https:\\\/\\\/www.cetys.mx\\\/noticias\\\/preseleccion-nal-cetys-saopaulo\\\/\"},\"wordCount\":472,\"commentCount\":0,\"image\":{\"@id\":\"https:\\\/\\\/www.cetys.mx\\\/noticias\\\/preseleccion-nal-cetys-saopaulo\\\/#primaryimage\"},\"thumbnailUrl\":\"https:\\\/\\\/www.cetys.mx\\\/noticias\\\/wp-content\\\/uploads\\\/2018\\\/06\\\/image00004-2-e1530219383813.jpg\",\"keywords\":[\"Basquetbol\",\"Deportes\",\"FISU Am\u00e9rica\",\"Sao Paulo 2018\",\"vocetys-2018-06-29\"],\"articleSection\":[\"Campus Tijuana\",\"Deportes\",\"VoCETYS\"],\"inLanguage\":\"es\",\"potentialAction\":[{\"@type\":\"CommentAction\",\"name\":\"Comment\",\"target\":[\"https:\\\/\\\/www.cetys.mx\\\/noticias\\\/preseleccion-nal-cetys-saopaulo\\\/#respond\"]}]},{\"@type\":\"WebPage\",\"@id\":\"https:\\\/\\\/www.cetys.mx\\\/noticias\\\/preseleccion-nal-cetys-saopaulo\\\/\",\"url\":\"https:\\\/\\\/www.cetys.mx\\\/noticias\\\/preseleccion-nal-cetys-saopaulo\\\/\",\"name\":\"Preselecci\u00f3n Nacional se concentra en CETYS Campus Tijuana - CETYS\",\"isPartOf\":{\"@id\":\"https:\\\/\\\/www.cetys.mx\\\/noticias\\\/#website\"},\"primaryImageOfPage\":{\"@id\":\"https:\\\/\\\/www.cetys.mx\\\/noticias\\\/preseleccion-nal-cetys-saopaulo\\\/#primaryimage\"},\"image\":{\"@id\":\"https:\\\/\\\/www.cetys.mx\\\/noticias\\\/preseleccion-nal-cetys-saopaulo\\\/#primaryimage\"},\"thumbnailUrl\":\"https:\\\/\\\/www.cetys.mx\\\/noticias\\\/wp-content\\\/uploads\\\/2018\\\/06\\\/image00004-2-e1530219383813.jpg\",\"datePublished\":\"2018-06-28T21:08:07+00:00\",\"dateModified\":\"2018-06-28T22:22:04+00:00\",\"author\":{\"@id\":\"https:\\\/\\\/www.cetys.mx\\\/noticias\\\/#\\\/schema\\\/person\\\/e790051ce60e18ae47cfa87011c8653f\"},\"description\":\"Articulo sobre Preselecci\u00f3n Nacional se concentra en CETYS Campus Tijuana\",\"breadcrumb\":{\"@id\":\"https:\\\/\\\/www.cetys.mx\\\/noticias\\\/preseleccion-nal-cetys-saopaulo\\\/#breadcrumb\"},\"inLanguage\":\"es\",\"potentialAction\":[{\"@type\":\"ReadAction\",\"target\":[\"https:\\\/\\\/www.cetys.mx\\\/noticias\\\/preseleccion-nal-cetys-saopaulo\\\/\"]}]},{\"@type\":\"ImageObject\",\"inLanguage\":\"es\",\"@id\":\"https:\\\/\\\/www.cetys.mx\\\/noticias\\\/preseleccion-nal-cetys-saopaulo\\\/#primaryimage\",\"url\":\"https:\\\/\\\/www.cetys.mx\\\/noticias\\\/wp-content\\\/uploads\\\/2018\\\/06\\\/image00004-2-e1530219383813.jpg\",\"contentUrl\":\"https:\\\/\\\/www.cetys.mx\\\/noticias\\\/wp-content\\\/uploads\\\/2018\\\/06\\\/image00004-2-e1530219383813.jpg\",\"width\":956,\"height\":637,\"caption\":\"Preselecci\u00f3n Nacional Universitaria\"},{\"@type\":\"BreadcrumbList\",\"@id\":\"https:\\\/\\\/www.cetys.mx\\\/noticias\\\/preseleccion-nal-cetys-saopaulo\\\/#breadcrumb\",\"itemListElement\":[{\"@type\":\"ListItem\",\"position\":1,\"name\":\"Inicio\",\"item\":\"https:\\\/\\\/www.cetys.mx\\\/noticias\\\/\"},{\"@type\":\"ListItem\",\"position\":2,\"name\":\"Preselecci\u00f3n Nacional se concentra en CETYS Campus Tijuana\"}]},{\"@type\":\"WebSite\",\"@id\":\"https:\\\/\\\/www.cetys.mx\\\/noticias\\\/#website\",\"url\":\"https:\\\/\\\/www.cetys.mx\\\/noticias\\\/\",\"name\":\"CETYS\",\"description\":\"\",\"potentialAction\":[{\"@type\":\"SearchAction\",\"target\":{\"@type\":\"EntryPoint\",\"urlTemplate\":\"https:\\\/\\\/www.cetys.mx\\\/noticias\\\/?s={search_term_string}\"},\"query-input\":{\"@type\":\"PropertyValueSpecification\",\"valueRequired\":true,\"valueName\":\"search_term_string\"}}],\"inLanguage\":\"es\"},{\"@type\":\"Person\",\"@id\":\"https:\\\/\\\/www.cetys.mx\\\/noticias\\\/#\\\/schema\\\/person\\\/e790051ce60e18ae47cfa87011c8653f\",\"name\":\"Campus Tijuana\",\"url\":\"https:\\\/\\\/www.cetys.mx\\\/noticias\\\/author\\\/campustijuana\\\/\"}]}<\/script>\n<!-- \/ Yoast SEO plugin. -->","yoast_head_json":{"title":"Preselecci\u00f3n Nacional se concentra en CETYS Campus Tijuana - CETYS","description":"Articulo sobre Preselecci\u00f3n Nacional se concentra en CETYS Campus Tijuana","robots":{"index":"index","follow":"follow","max-snippet":"max-snippet:-1","max-image-preview":"max-image-preview:large","max-video-preview":"max-video-preview:-1"},"canonical":"https:\/\/www.cetys.mx\/noticias\/preseleccion-nal-cetys-saopaulo\/","og_locale":"es_MX","og_type":"article","og_title":"Preselecci\u00f3n Nacional se concentra en CETYS Campus Tijuana - CETYS","og_description":"Articulo sobre Preselecci\u00f3n Nacional se concentra en CETYS Campus Tijuana","og_url":"https:\/\/www.cetys.mx\/noticias\/preseleccion-nal-cetys-saopaulo\/","og_site_name":"CETYS","article_publisher":"https:\/\/www.facebook.com\/cetysuniversidadmxl\/","article_published_time":"2018-06-28T21:08:07+00:00","article_modified_time":"2018-06-28T22:22:04+00:00","og_image":[{"width":956,"height":637,"url":"https:\/\/www.cetys.mx\/noticias\/wp-content\/uploads\/2018\/06\/image00004-2-e1530219383813.jpg","type":"image\/jpeg"}],"author":"Campus Tijuana","twitter_card":"summary_large_image","twitter_creator":"@cetysuni","twitter_site":"@cetysuni","twitter_misc":{"Escrito por":"Campus Tijuana","Tiempo de lectura":"2 minutos"},"schema":{"@context":"https:\/\/schema.org","@graph":[{"@type":"Article","@id":"https:\/\/www.cetys.mx\/noticias\/preseleccion-nal-cetys-saopaulo\/#article","isPartOf":{"@id":"https:\/\/www.cetys.mx\/noticias\/preseleccion-nal-cetys-saopaulo\/"},"author":{"name":"Campus Tijuana","@id":"https:\/\/www.cetys.mx\/noticias\/#\/schema\/person\/e790051ce60e18ae47cfa87011c8653f"},"headline":"Preselecci\u00f3n Nacional se concentra en CETYS Campus Tijuana","datePublished":"2018-06-28T21:08:07+00:00","dateModified":"2018-06-28T22:22:04+00:00","mainEntityOfPage":{"@id":"https:\/\/www.cetys.mx\/noticias\/preseleccion-nal-cetys-saopaulo\/"},"wordCount":472,"commentCount":0,"image":{"@id":"https:\/\/www.cetys.mx\/noticias\/preseleccion-nal-cetys-saopaulo\/#primaryimage"},"thumbnailUrl":"https:\/\/www.cetys.mx\/noticias\/wp-content\/uploads\/2018\/06\/image00004-2-e1530219383813.jpg","keywords":["Basquetbol","Deportes","FISU Am\u00e9rica","Sao Paulo 2018","vocetys-2018-06-29"],"articleSection":["Campus Tijuana","Deportes","VoCETYS"],"inLanguage":"es","potentialAction":[{"@type":"CommentAction","name":"Comment","target":["https:\/\/www.cetys.mx\/noticias\/preseleccion-nal-cetys-saopaulo\/#respond"]}]},{"@type":"WebPage","@id":"https:\/\/www.cetys.mx\/noticias\/preseleccion-nal-cetys-saopaulo\/","url":"https:\/\/www.cetys.mx\/noticias\/preseleccion-nal-cetys-saopaulo\/","name":"Preselecci\u00f3n Nacional se concentra en CETYS Campus Tijuana - CETYS","isPartOf":{"@id":"https:\/\/www.cetys.mx\/noticias\/#website"},"primaryImageOfPage":{"@id":"https:\/\/www.cetys.mx\/noticias\/preseleccion-nal-cetys-saopaulo\/#primaryimage"},"image":{"@id":"https:\/\/www.cetys.mx\/noticias\/preseleccion-nal-cetys-saopaulo\/#primaryimage"},"thumbnailUrl":"https:\/\/www.cetys.mx\/noticias\/wp-content\/uploads\/2018\/06\/image00004-2-e1530219383813.jpg","datePublished":"2018-06-28T21:08:07+00:00","dateModified":"2018-06-28T22:22:04+00:00","author":{"@id":"https:\/\/www.cetys.mx\/noticias\/#\/schema\/person\/e790051ce60e18ae47cfa87011c8653f"},"description":"Articulo sobre Preselecci\u00f3n Nacional se concentra en CETYS Campus Tijuana","breadcrumb":{"@id":"https:\/\/www.cetys.mx\/noticias\/preseleccion-nal-cetys-saopaulo\/#breadcrumb"},"inLanguage":"es","potentialAction":[{"@type":"ReadAction","target":["https:\/\/www.cetys.mx\/noticias\/preseleccion-nal-cetys-saopaulo\/"]}]},{"@type":"ImageObject","inLanguage":"es","@id":"https:\/\/www.cetys.mx\/noticias\/preseleccion-nal-cetys-saopaulo\/#primaryimage","url":"https:\/\/www.cetys.mx\/noticias\/wp-content\/uploads\/2018\/06\/image00004-2-e1530219383813.jpg","contentUrl":"https:\/\/www.cetys.mx\/noticias\/wp-content\/uploads\/2018\/06\/image00004-2-e1530219383813.jpg","width":956,"height":637,"caption":"Preselecci\u00f3n Nacional Universitaria"},{"@type":"BreadcrumbList","@id":"https:\/\/www.cetys.mx\/noticias\/preseleccion-nal-cetys-saopaulo\/#breadcrumb","itemListElement":[{"@type":"ListItem","position":1,"name":"Inicio","item":"https:\/\/www.cetys.mx\/noticias\/"},{"@type":"ListItem","position":2,"name":"Preselecci\u00f3n Nacional se concentra en CETYS Campus Tijuana"}]},{"@type":"WebSite","@id":"https:\/\/www.cetys.mx\/noticias\/#website","url":"https:\/\/www.cetys.mx\/noticias\/","name":"CETYS","description":"","potentialAction":[{"@type":"SearchAction","target":{"@type":"EntryPoint","urlTemplate":"https:\/\/www.cetys.mx\/noticias\/?s={search_term_string}"},"query-input":{"@type":"PropertyValueSpecification","valueRequired":true,"valueName":"search_term_string"}}],"inLanguage":"es"},{"@type":"Person","@id":"https:\/\/www.cetys.mx\/noticias\/#\/schema\/person\/e790051ce60e18ae47cfa87011c8653f","name":"Campus Tijuana","url":"https:\/\/www.cetys.mx\/noticias\/author\/campustijuana\/"}]}},"_links":{"self":[{"href":"https:\/\/www.cetys.mx\/noticias\/wp-json\/wp\/v2\/posts\/114691","targetHints":{"allow":["GET"]}}],"collection":[{"href":"https:\/\/www.cetys.mx\/noticias\/wp-json\/wp\/v2\/posts"}],"about":[{"href":"https:\/\/www.cetys.mx\/noticias\/wp-json\/wp\/v2\/types\/post"}],"author":[{"embeddable":true,"href":"https:\/\/www.cetys.mx\/noticias\/wp-json\/wp\/v2\/users\/24"}],"replies":[{"embeddable":true,"href":"https:\/\/www.cetys.mx\/noticias\/wp-json\/wp\/v2\/comments?post=114691"}],"version-history":[{"count":0,"href":"https:\/\/www.cetys.mx\/noticias\/wp-json\/wp\/v2\/posts\/114691\/revisions"}],"wp:featuredmedia":[{"embeddable":true,"href":"https:\/\/www.cetys.mx\/noticias\/wp-json\/wp\/v2\/media\/114694"}],"wp:attachment":[{"href":"https:\/\/www.cetys.mx\/noticias\/wp-json\/wp\/v2\/media?parent=114691"}],"wp:term":[{"taxonomy":"category","embeddable":true,"href":"https:\/\/www.cetys.mx\/noticias\/wp-json\/wp\/v2\/categories?post=114691"},{"taxonomy":"post_tag","embeddable":true,"href":"https:\/\/www.cetys.mx\/noticias\/wp-json\/wp\/v2\/tags?post=114691"}],"curies":[{"name":"wp","href":"https:\/\/api.w.org\/{rel}","templated":true}]}}