{"id":113740,"date":"2018-06-11T12:31:57","date_gmt":"2018-06-11T19:31:57","guid":{"rendered":"http:\/\/www.cetys.mx\/noticias\/?p=113740"},"modified":"2018-06-11T12:34:11","modified_gmt":"2018-06-11T19:34:11","slug":"reconocen-cetys-congreso-liga-abe","status":"publish","type":"post","link":"https:\/\/www.cetys.mx\/noticias\/reconocen-cetys-congreso-liga-abe\/","title":{"rendered":"Reconocen a CETYS Universidad en Congreso Nacional de Liga ABE"},"content":{"rendered":"<p>Durante el <strong>VI Congreso Nacional de la Asociaci\u00f3n de B\u00e1squetbol Estudiantil<\/strong> (<a href=\"https:\/\/abemexico.org\"><strong>Liga ABE<\/strong><\/a>), <strong>CETYS Universidad<\/strong> recibi\u00f3 un nuevo reconocimiento por la realizaci\u00f3n del pasado <a href=\"https:\/\/ochograndes.com\"><strong>Campeonato de los &#8220;Ocho Grandes&#8221;<\/strong><\/a>.<\/p>\n<p>La asamblea fue encabezada por el Mtro. Mart\u00edn Vel\u00e1zquez (<em>Director General de <strong>Liga ABE<\/strong><\/em>) y por el Dr. Jes\u00fas \u00c1ngel Ortega (<em>Rector de la Universidad Interamericana de Puebla<\/em>).<\/p>\n<p>Todos los reunidos coincidieron en que el <strong>Gimnasio-Auditorio &#8220;Rodrigo Valle Hern\u00e1ndez&#8221;<\/strong> fue sede del mejor &#8220;<strong>Ocho Grandes<\/strong>&#8221; de la historia del circuito.<\/p>\n<div id=\"attachment_113742\" style=\"width: 966px\" class=\"wp-caption alignnone\"><img loading=\"lazy\" decoding=\"async\" aria-describedby=\"caption-attachment-113742\" class=\"size-full wp-image-113742\" src=\"https:\/\/www.cetys.mx\/noticias\/wp-content\/uploads\/2018\/06\/MG_3277-e1528744865213.jpg\" alt=\"\" width=\"956\" height=\"637\" \/><p id=\"caption-attachment-113742\" class=\"wp-caption-text\">Representantes de todos los equipos coincidieron en el \u00e9xito del evento en la casa de Zorros.<\/p><\/div>\n<p>Se evaluaron detalles como infraestructura, hospedaje, seguridad, servicio m\u00e9dico, log\u00edstica por jornada, transmisiones en vivo, cobertura de medios de comunicaci\u00f3n, etc., donde la instituci\u00f3n bajacaliforniana fue calificada favorablemente.<\/p>\n<p>Del 2 al 7 de abril pasado, <strong>CETYS Universidad<\/strong> recibi\u00f3 a 16 equipos que disputaron los t\u00edtulos de la <strong>Divisi\u00f3n Uno<\/strong> de <strong>Liga ABE<\/strong>. Las locales se quedaron con el cetro femenil y <em>Gallos del CEU<\/em> <em>Monterrey<\/em> con el de varones.<\/p>\n<p>La <strong>Temporada Regular 2018-19<\/strong> de la <strong>Divisi\u00f3n Uno<\/strong> iniciar\u00e1 el pr\u00f3ximo 14 de septiembre y finalizar\u00e1 el 22 de marzo, agendando el &#8220;<em>Ocho Grandes 2019<\/em>&#8221; del 1 al 6 de abril en Pachuca, Hidalgo.<\/p>\n<p>La <strong>Divisi\u00f3n Uno Femenil<\/strong>, donde participa y reina <strong>CETYS Universidad<\/strong>, se disputar\u00e1 con s\u00f3lo 15 quintetas tras la salida de Universidad de Le\u00f3n.<\/p>\n<div id=\"attachment_113741\" style=\"width: 966px\" class=\"wp-caption alignnone\"><img loading=\"lazy\" decoding=\"async\" aria-describedby=\"caption-attachment-113741\" class=\"size-full wp-image-113741\" src=\"https:\/\/www.cetys.mx\/noticias\/wp-content\/uploads\/2018\/06\/30227102_1634550409996035_4608523544706504470_n-1.jpg\" alt=\"\" width=\"956\" height=\"637\" srcset=\"https:\/\/www.cetys.mx\/noticias\/wp-content\/uploads\/2018\/06\/30227102_1634550409996035_4608523544706504470_n-1.jpg 956w, https:\/\/www.cetys.mx\/noticias\/wp-content\/uploads\/2018\/06\/30227102_1634550409996035_4608523544706504470_n-1-768x512.jpg 768w\" sizes=\"auto, (max-width: 956px) 100vw, 956px\" \/><p id=\"caption-attachment-113741\" class=\"wp-caption-text\">Tec Campus Hidalgo ser\u00e1 sede en 2019, donde CEU defender\u00e1 la corona.<\/p><\/div>\n","protected":false},"excerpt":{"rendered":"<p>Durante el VI Congreso Nacional de la Asociaci\u00f3n de B\u00e1squetbol Estudiantil (Liga ABE), CETYS Universidad recibi\u00f3 un nuevo reconocimiento por la realizaci\u00f3n&#8230;<\/p>\n","protected":false},"author":24,"featured_media":113743,"comment_status":"open","ping_status":"closed","sticky":false,"template":"","format":"standard","meta":{"footnotes":""},"categories":[134,312,131],"tags":[438,233,1404,2086],"class_list":["post-113740","post","type-post","status-publish","format-standard","has-post-thumbnail","hentry","category-campus-tijuana","category-deportes","category-eventos","tag-basquetbol","tag-deportes","tag-liga-abe","tag-ocho-grandes","univesidades-cetys"],"yoast_head":"<!-- This site is optimized with the Yoast SEO plugin v27.4 - https:\/\/yoast.com\/product\/yoast-seo-wordpress\/ -->\n<title>Reconocen a CETYS Universidad en Congreso Nacional de Liga ABE - CETYS<\/title>\n<meta name=\"description\" content=\"Articulo sobre Reconocen a CETYS Universidad en Congreso Nacional de Liga ABE\" \/>\n<meta name=\"robots\" content=\"index, follow, max-snippet:-1, max-image-preview:large, max-video-preview:-1\" \/>\n<link rel=\"canonical\" href=\"https:\/\/www.cetys.mx\/noticias\/reconocen-cetys-congreso-liga-abe\/\" \/>\n<meta property=\"og:locale\" content=\"es_MX\" \/>\n<meta property=\"og:type\" content=\"article\" \/>\n<meta property=\"og:title\" content=\"Reconocen a CETYS Universidad en Congreso Nacional de Liga ABE - CETYS\" \/>\n<meta property=\"og:description\" content=\"Articulo sobre Reconocen a CETYS Universidad en Congreso Nacional de Liga ABE\" \/>\n<meta property=\"og:url\" content=\"https:\/\/www.cetys.mx\/noticias\/reconocen-cetys-congreso-liga-abe\/\" \/>\n<meta property=\"og:site_name\" content=\"CETYS\" \/>\n<meta property=\"article:publisher\" content=\"https:\/\/www.facebook.com\/cetysuniversidadmxl\/\" \/>\n<meta property=\"article:published_time\" content=\"2018-06-11T19:31:57+00:00\" \/>\n<meta property=\"article:modified_time\" content=\"2018-06-11T19:34:11+00:00\" \/>\n<meta property=\"og:image\" content=\"https:\/\/www.cetys.mx\/noticias\/wp-content\/uploads\/2018\/06\/29873221_1633481606769582_6046802073503858012_o-e1528745115989.jpg\" \/>\n\t<meta property=\"og:image:width\" content=\"956\" \/>\n\t<meta property=\"og:image:height\" content=\"637\" \/>\n\t<meta property=\"og:image:type\" content=\"image\/jpeg\" \/>\n<meta name=\"author\" content=\"Campus Tijuana\" \/>\n<meta name=\"twitter:card\" content=\"summary_large_image\" \/>\n<meta name=\"twitter:creator\" content=\"@cetysuni\" \/>\n<meta name=\"twitter:site\" content=\"@cetysuni\" \/>\n<meta name=\"twitter:label1\" content=\"Escrito por\" \/>\n\t<meta name=\"twitter:data1\" content=\"Campus Tijuana\" \/>\n\t<meta name=\"twitter:label2\" content=\"Tiempo de lectura\" \/>\n\t<meta name=\"twitter:data2\" content=\"1 minuto\" \/>\n<script type=\"application\/ld+json\" class=\"yoast-schema-graph\">{\"@context\":\"https:\\\/\\\/schema.org\",\"@graph\":[{\"@type\":\"Article\",\"@id\":\"https:\\\/\\\/www.cetys.mx\\\/noticias\\\/reconocen-cetys-congreso-liga-abe\\\/#article\",\"isPartOf\":{\"@id\":\"https:\\\/\\\/www.cetys.mx\\\/noticias\\\/reconocen-cetys-congreso-liga-abe\\\/\"},\"author\":{\"name\":\"Campus Tijuana\",\"@id\":\"https:\\\/\\\/www.cetys.mx\\\/noticias\\\/#\\\/schema\\\/person\\\/e790051ce60e18ae47cfa87011c8653f\"},\"headline\":\"Reconocen a CETYS Universidad en Congreso Nacional de Liga ABE\",\"datePublished\":\"2018-06-11T19:31:57+00:00\",\"dateModified\":\"2018-06-11T19:34:11+00:00\",\"mainEntityOfPage\":{\"@id\":\"https:\\\/\\\/www.cetys.mx\\\/noticias\\\/reconocen-cetys-congreso-liga-abe\\\/\"},\"wordCount\":265,\"commentCount\":0,\"image\":{\"@id\":\"https:\\\/\\\/www.cetys.mx\\\/noticias\\\/reconocen-cetys-congreso-liga-abe\\\/#primaryimage\"},\"thumbnailUrl\":\"https:\\\/\\\/www.cetys.mx\\\/noticias\\\/wp-content\\\/uploads\\\/2018\\\/06\\\/29873221_1633481606769582_6046802073503858012_o-e1528745115989.jpg\",\"keywords\":[\"Basquetbol\",\"Deportes\",\"Liga ABE\",\"Ocho Grandes\"],\"articleSection\":[\"Campus Tijuana\",\"Deportes\",\"Eventos\"],\"inLanguage\":\"es\",\"potentialAction\":[{\"@type\":\"CommentAction\",\"name\":\"Comment\",\"target\":[\"https:\\\/\\\/www.cetys.mx\\\/noticias\\\/reconocen-cetys-congreso-liga-abe\\\/#respond\"]}]},{\"@type\":\"WebPage\",\"@id\":\"https:\\\/\\\/www.cetys.mx\\\/noticias\\\/reconocen-cetys-congreso-liga-abe\\\/\",\"url\":\"https:\\\/\\\/www.cetys.mx\\\/noticias\\\/reconocen-cetys-congreso-liga-abe\\\/\",\"name\":\"Reconocen a CETYS Universidad en Congreso Nacional de Liga ABE - CETYS\",\"isPartOf\":{\"@id\":\"https:\\\/\\\/www.cetys.mx\\\/noticias\\\/#website\"},\"primaryImageOfPage\":{\"@id\":\"https:\\\/\\\/www.cetys.mx\\\/noticias\\\/reconocen-cetys-congreso-liga-abe\\\/#primaryimage\"},\"image\":{\"@id\":\"https:\\\/\\\/www.cetys.mx\\\/noticias\\\/reconocen-cetys-congreso-liga-abe\\\/#primaryimage\"},\"thumbnailUrl\":\"https:\\\/\\\/www.cetys.mx\\\/noticias\\\/wp-content\\\/uploads\\\/2018\\\/06\\\/29873221_1633481606769582_6046802073503858012_o-e1528745115989.jpg\",\"datePublished\":\"2018-06-11T19:31:57+00:00\",\"dateModified\":\"2018-06-11T19:34:11+00:00\",\"author\":{\"@id\":\"https:\\\/\\\/www.cetys.mx\\\/noticias\\\/#\\\/schema\\\/person\\\/e790051ce60e18ae47cfa87011c8653f\"},\"description\":\"Articulo sobre Reconocen a CETYS Universidad en Congreso Nacional de Liga ABE\",\"breadcrumb\":{\"@id\":\"https:\\\/\\\/www.cetys.mx\\\/noticias\\\/reconocen-cetys-congreso-liga-abe\\\/#breadcrumb\"},\"inLanguage\":\"es\",\"potentialAction\":[{\"@type\":\"ReadAction\",\"target\":[\"https:\\\/\\\/www.cetys.mx\\\/noticias\\\/reconocen-cetys-congreso-liga-abe\\\/\"]}]},{\"@type\":\"ImageObject\",\"inLanguage\":\"es\",\"@id\":\"https:\\\/\\\/www.cetys.mx\\\/noticias\\\/reconocen-cetys-congreso-liga-abe\\\/#primaryimage\",\"url\":\"https:\\\/\\\/www.cetys.mx\\\/noticias\\\/wp-content\\\/uploads\\\/2018\\\/06\\\/29873221_1633481606769582_6046802073503858012_o-e1528745115989.jpg\",\"contentUrl\":\"https:\\\/\\\/www.cetys.mx\\\/noticias\\\/wp-content\\\/uploads\\\/2018\\\/06\\\/29873221_1633481606769582_6046802073503858012_o-e1528745115989.jpg\",\"width\":956,\"height\":637,\"caption\":\"CETYS Universidad - Liga ABE\"},{\"@type\":\"BreadcrumbList\",\"@id\":\"https:\\\/\\\/www.cetys.mx\\\/noticias\\\/reconocen-cetys-congreso-liga-abe\\\/#breadcrumb\",\"itemListElement\":[{\"@type\":\"ListItem\",\"position\":1,\"name\":\"Inicio\",\"item\":\"https:\\\/\\\/www.cetys.mx\\\/noticias\\\/\"},{\"@type\":\"ListItem\",\"position\":2,\"name\":\"Reconocen a CETYS Universidad en Congreso Nacional de Liga ABE\"}]},{\"@type\":\"WebSite\",\"@id\":\"https:\\\/\\\/www.cetys.mx\\\/noticias\\\/#website\",\"url\":\"https:\\\/\\\/www.cetys.mx\\\/noticias\\\/\",\"name\":\"CETYS\",\"description\":\"\",\"potentialAction\":[{\"@type\":\"SearchAction\",\"target\":{\"@type\":\"EntryPoint\",\"urlTemplate\":\"https:\\\/\\\/www.cetys.mx\\\/noticias\\\/?s={search_term_string}\"},\"query-input\":{\"@type\":\"PropertyValueSpecification\",\"valueRequired\":true,\"valueName\":\"search_term_string\"}}],\"inLanguage\":\"es\"},{\"@type\":\"Person\",\"@id\":\"https:\\\/\\\/www.cetys.mx\\\/noticias\\\/#\\\/schema\\\/person\\\/e790051ce60e18ae47cfa87011c8653f\",\"name\":\"Campus Tijuana\",\"url\":\"https:\\\/\\\/www.cetys.mx\\\/noticias\\\/author\\\/campustijuana\\\/\"}]}<\/script>\n<!-- \/ Yoast SEO plugin. -->","yoast_head_json":{"title":"Reconocen a CETYS Universidad en Congreso Nacional de Liga ABE - CETYS","description":"Articulo sobre Reconocen a CETYS Universidad en Congreso Nacional de Liga ABE","robots":{"index":"index","follow":"follow","max-snippet":"max-snippet:-1","max-image-preview":"max-image-preview:large","max-video-preview":"max-video-preview:-1"},"canonical":"https:\/\/www.cetys.mx\/noticias\/reconocen-cetys-congreso-liga-abe\/","og_locale":"es_MX","og_type":"article","og_title":"Reconocen a CETYS Universidad en Congreso Nacional de Liga ABE - CETYS","og_description":"Articulo sobre Reconocen a CETYS Universidad en Congreso Nacional de Liga ABE","og_url":"https:\/\/www.cetys.mx\/noticias\/reconocen-cetys-congreso-liga-abe\/","og_site_name":"CETYS","article_publisher":"https:\/\/www.facebook.com\/cetysuniversidadmxl\/","article_published_time":"2018-06-11T19:31:57+00:00","article_modified_time":"2018-06-11T19:34:11+00:00","og_image":[{"width":956,"height":637,"url":"https:\/\/www.cetys.mx\/noticias\/wp-content\/uploads\/2018\/06\/29873221_1633481606769582_6046802073503858012_o-e1528745115989.jpg","type":"image\/jpeg"}],"author":"Campus Tijuana","twitter_card":"summary_large_image","twitter_creator":"@cetysuni","twitter_site":"@cetysuni","twitter_misc":{"Escrito por":"Campus Tijuana","Tiempo de lectura":"1 minuto"},"schema":{"@context":"https:\/\/schema.org","@graph":[{"@type":"Article","@id":"https:\/\/www.cetys.mx\/noticias\/reconocen-cetys-congreso-liga-abe\/#article","isPartOf":{"@id":"https:\/\/www.cetys.mx\/noticias\/reconocen-cetys-congreso-liga-abe\/"},"author":{"name":"Campus Tijuana","@id":"https:\/\/www.cetys.mx\/noticias\/#\/schema\/person\/e790051ce60e18ae47cfa87011c8653f"},"headline":"Reconocen a CETYS Universidad en Congreso Nacional de Liga ABE","datePublished":"2018-06-11T19:31:57+00:00","dateModified":"2018-06-11T19:34:11+00:00","mainEntityOfPage":{"@id":"https:\/\/www.cetys.mx\/noticias\/reconocen-cetys-congreso-liga-abe\/"},"wordCount":265,"commentCount":0,"image":{"@id":"https:\/\/www.cetys.mx\/noticias\/reconocen-cetys-congreso-liga-abe\/#primaryimage"},"thumbnailUrl":"https:\/\/www.cetys.mx\/noticias\/wp-content\/uploads\/2018\/06\/29873221_1633481606769582_6046802073503858012_o-e1528745115989.jpg","keywords":["Basquetbol","Deportes","Liga ABE","Ocho Grandes"],"articleSection":["Campus Tijuana","Deportes","Eventos"],"inLanguage":"es","potentialAction":[{"@type":"CommentAction","name":"Comment","target":["https:\/\/www.cetys.mx\/noticias\/reconocen-cetys-congreso-liga-abe\/#respond"]}]},{"@type":"WebPage","@id":"https:\/\/www.cetys.mx\/noticias\/reconocen-cetys-congreso-liga-abe\/","url":"https:\/\/www.cetys.mx\/noticias\/reconocen-cetys-congreso-liga-abe\/","name":"Reconocen a CETYS Universidad en Congreso Nacional de Liga ABE - CETYS","isPartOf":{"@id":"https:\/\/www.cetys.mx\/noticias\/#website"},"primaryImageOfPage":{"@id":"https:\/\/www.cetys.mx\/noticias\/reconocen-cetys-congreso-liga-abe\/#primaryimage"},"image":{"@id":"https:\/\/www.cetys.mx\/noticias\/reconocen-cetys-congreso-liga-abe\/#primaryimage"},"thumbnailUrl":"https:\/\/www.cetys.mx\/noticias\/wp-content\/uploads\/2018\/06\/29873221_1633481606769582_6046802073503858012_o-e1528745115989.jpg","datePublished":"2018-06-11T19:31:57+00:00","dateModified":"2018-06-11T19:34:11+00:00","author":{"@id":"https:\/\/www.cetys.mx\/noticias\/#\/schema\/person\/e790051ce60e18ae47cfa87011c8653f"},"description":"Articulo sobre Reconocen a CETYS Universidad en Congreso Nacional de Liga ABE","breadcrumb":{"@id":"https:\/\/www.cetys.mx\/noticias\/reconocen-cetys-congreso-liga-abe\/#breadcrumb"},"inLanguage":"es","potentialAction":[{"@type":"ReadAction","target":["https:\/\/www.cetys.mx\/noticias\/reconocen-cetys-congreso-liga-abe\/"]}]},{"@type":"ImageObject","inLanguage":"es","@id":"https:\/\/www.cetys.mx\/noticias\/reconocen-cetys-congreso-liga-abe\/#primaryimage","url":"https:\/\/www.cetys.mx\/noticias\/wp-content\/uploads\/2018\/06\/29873221_1633481606769582_6046802073503858012_o-e1528745115989.jpg","contentUrl":"https:\/\/www.cetys.mx\/noticias\/wp-content\/uploads\/2018\/06\/29873221_1633481606769582_6046802073503858012_o-e1528745115989.jpg","width":956,"height":637,"caption":"CETYS Universidad - Liga ABE"},{"@type":"BreadcrumbList","@id":"https:\/\/www.cetys.mx\/noticias\/reconocen-cetys-congreso-liga-abe\/#breadcrumb","itemListElement":[{"@type":"ListItem","position":1,"name":"Inicio","item":"https:\/\/www.cetys.mx\/noticias\/"},{"@type":"ListItem","position":2,"name":"Reconocen a CETYS Universidad en Congreso Nacional de Liga ABE"}]},{"@type":"WebSite","@id":"https:\/\/www.cetys.mx\/noticias\/#website","url":"https:\/\/www.cetys.mx\/noticias\/","name":"CETYS","description":"","potentialAction":[{"@type":"SearchAction","target":{"@type":"EntryPoint","urlTemplate":"https:\/\/www.cetys.mx\/noticias\/?s={search_term_string}"},"query-input":{"@type":"PropertyValueSpecification","valueRequired":true,"valueName":"search_term_string"}}],"inLanguage":"es"},{"@type":"Person","@id":"https:\/\/www.cetys.mx\/noticias\/#\/schema\/person\/e790051ce60e18ae47cfa87011c8653f","name":"Campus Tijuana","url":"https:\/\/www.cetys.mx\/noticias\/author\/campustijuana\/"}]}},"_links":{"self":[{"href":"https:\/\/www.cetys.mx\/noticias\/wp-json\/wp\/v2\/posts\/113740","targetHints":{"allow":["GET"]}}],"collection":[{"href":"https:\/\/www.cetys.mx\/noticias\/wp-json\/wp\/v2\/posts"}],"about":[{"href":"https:\/\/www.cetys.mx\/noticias\/wp-json\/wp\/v2\/types\/post"}],"author":[{"embeddable":true,"href":"https:\/\/www.cetys.mx\/noticias\/wp-json\/wp\/v2\/users\/24"}],"replies":[{"embeddable":true,"href":"https:\/\/www.cetys.mx\/noticias\/wp-json\/wp\/v2\/comments?post=113740"}],"version-history":[{"count":0,"href":"https:\/\/www.cetys.mx\/noticias\/wp-json\/wp\/v2\/posts\/113740\/revisions"}],"wp:featuredmedia":[{"embeddable":true,"href":"https:\/\/www.cetys.mx\/noticias\/wp-json\/wp\/v2\/media\/113743"}],"wp:attachment":[{"href":"https:\/\/www.cetys.mx\/noticias\/wp-json\/wp\/v2\/media?parent=113740"}],"wp:term":[{"taxonomy":"category","embeddable":true,"href":"https:\/\/www.cetys.mx\/noticias\/wp-json\/wp\/v2\/categories?post=113740"},{"taxonomy":"post_tag","embeddable":true,"href":"https:\/\/www.cetys.mx\/noticias\/wp-json\/wp\/v2\/tags?post=113740"}],"curies":[{"name":"wp","href":"https:\/\/api.w.org\/{rel}","templated":true}]}}