{"id":113369,"date":"2018-06-04T17:52:07","date_gmt":"2018-06-05T00:52:07","guid":{"rendered":"http:\/\/www.cetys.mx\/noticias\/?p=113369"},"modified":"2018-06-12T17:35:04","modified_gmt":"2018-06-13T00:35:04","slug":"trabajan-bachilleres-por-una-mejor-comunidad","status":"publish","type":"post","link":"https:\/\/www.cetys.mx\/noticias\/trabajan-bachilleres-por-una-mejor-comunidad\/","title":{"rendered":"Trabajan bachilleres por una mejor comunidad"},"content":{"rendered":"<p style=\"text-align: justify;\">Recientemente, y con la intenci\u00f3n de beneficiar a la comunidad, un grupo de estudiantes de la <a href=\"https:\/\/www.cetys.mx\/oferta-educativa\/preparatoria\/\"><strong>Preparatoria CETYS<\/strong><\/a> realizaron la entrega de diversos donativos a personas que radican en la casa hogar Familia de Paco.<\/p>\n<p style=\"text-align: justify;\">La actividad de acopio se llev\u00f3 a acabo durante 3 meses en los grupos 2421, 2432 y 2434 de Prepa CETYS, qui\u00e9nes en<img loading=\"lazy\" decoding=\"async\" class=\"alignnone size-full wp-image-113384\" src=\"https:\/\/www.cetys.mx\/noticias\/wp-content\/uploads\/2018\/06\/familia-de-paco-sabanas.png\" alt=\"comunidad\" width=\"676\" height=\"507\" \/>tregaron dos lavadoras nuevas, 40 juegos de s\u00e1banas nuevas, 2 mil 200 pa\u00f1ales para adulto, art\u00edculos de limpieza y un cheque por 8 mil pesos que se utilizar\u00e1 en otras necesidades de dicha Asociaci\u00f3n Civil.<\/p>\n<blockquote>\n<p style=\"text-align: justify;\"><em>\u201cLos j\u00f3venes aprenden a utilizar el conocimiento adquirido, al ponerse en contacto con la realidad de su entorno y percatarse de las problem\u00e1ticas que\u00a0 tiene la comunidad; aprenden a asumir un compromiso, realizar actividades y a trav\u00e9s de un servicio comunitario apoyar con respeto a otros seres humanos\u201d, <\/em>dijo\u00a0la Mtra. Silvina Ortiz L\u00f3pez.<\/p>\n<\/blockquote>\n<p>La docente agreg\u00f3 que durante el semestre, los bachilleres realizaron actividades los fines de semana, las cuales involucraron una convivencia en la que se entreg\u00f3 comida para los pacientes; juegos de mesa; corte y pintura de u\u00f1as; corte de cabello; afeitado; lectura de libros y m\u00fasica.<\/p>\n<p>Por su parte, <strong>Karla Rocha Palm<\/strong>, docente de Preparatoria inform\u00f3 que para cumplir con su compromiso, los j\u00f3venes realizaron diversas actividades para recaudar fondos, entre ellas bingos, bazar, rifas, venta de pasteles y galletas, venta de ropa, etc.<\/p>\n<blockquote>\n<p style=\"text-align: justify;\">&#8220;Ellos estuvieron en todo momento con la mejor disposici\u00f3n, pensando siempre en la importancia de una comunidad solidaria y emp\u00e1tica; valores que se fomentan con nosotros&#8221;, asegur\u00f3.<\/p>\n<\/blockquote>\n<p style=\"text-align: justify;\">La Casa Hogar Familia de Paco es una Organizaci\u00f3n Social Civil conformada desde el a\u00f1o 1994 que presta el servicio a personas que sean portadoras de alguna enfermedad incurable, no tienen familia que pueda apoyarlos econ\u00f3micamente, y que tampoco pueden valerse por s\u00ed mismos.<\/p>\n<p style=\"text-align: justify;\">\n","protected":false},"excerpt":{"rendered":"<p>Recientemente, y con la intenci\u00f3n de beneficiar a la comunidad, un grupo de estudiantes de la Preparatoria CETYS realizaron la entrega de&#8230;<\/p>\n","protected":false},"author":20,"featured_media":113381,"comment_status":"open","ping_status":"closed","sticky":false,"template":"","format":"standard","meta":{"footnotes":""},"categories":[133,106,318,313],"tags":[1226,1466,2506],"class_list":["post-113369","post","type-post","status-publish","format-standard","has-post-thumbnail","hentry","category-campus-mexicali","category-comunidad","category-preparatoria","category-vocetys-2","tag-altruismo","tag-prepa-cetys","tag-vocetys-2018-06-13"],"yoast_head":"<!-- This site is optimized with the Yoast SEO plugin v27.4 - https:\/\/yoast.com\/product\/yoast-seo-wordpress\/ -->\n<title>Trabajan bachilleres por una mejor comunidad - CETYS<\/title>\n<meta name=\"description\" content=\"Articulo sobre Trabajan bachilleres por una mejor comunidad\" \/>\n<meta name=\"robots\" content=\"index, follow, max-snippet:-1, max-image-preview:large, max-video-preview:-1\" \/>\n<link rel=\"canonical\" href=\"https:\/\/www.cetys.mx\/noticias\/trabajan-bachilleres-por-una-mejor-comunidad\/\" \/>\n<meta property=\"og:locale\" content=\"es_MX\" \/>\n<meta property=\"og:type\" content=\"article\" \/>\n<meta property=\"og:title\" content=\"Trabajan bachilleres por una mejor comunidad - CETYS\" \/>\n<meta property=\"og:description\" content=\"Articulo sobre Trabajan bachilleres por una mejor comunidad\" \/>\n<meta property=\"og:url\" content=\"https:\/\/www.cetys.mx\/noticias\/trabajan-bachilleres-por-una-mejor-comunidad\/\" \/>\n<meta property=\"og:site_name\" content=\"CETYS\" \/>\n<meta property=\"article:publisher\" content=\"https:\/\/www.facebook.com\/cetysuniversidadmxl\/\" \/>\n<meta property=\"article:published_time\" content=\"2018-06-05T00:52:07+00:00\" \/>\n<meta property=\"article:modified_time\" content=\"2018-06-13T00:35:04+00:00\" \/>\n<meta property=\"og:image\" content=\"https:\/\/www.cetys.mx\/noticias\/wp-content\/uploads\/2018\/06\/PortadaPaco.jpg\" \/>\n\t<meta property=\"og:image:width\" content=\"958\" \/>\n\t<meta property=\"og:image:height\" content=\"636\" \/>\n\t<meta property=\"og:image:type\" content=\"image\/jpeg\" \/>\n<meta name=\"author\" content=\"Campus Mexicali\" \/>\n<meta name=\"twitter:card\" content=\"summary_large_image\" \/>\n<meta name=\"twitter:creator\" content=\"@cetysuni\" \/>\n<meta name=\"twitter:site\" content=\"@cetysuni\" \/>\n<meta name=\"twitter:label1\" content=\"Escrito por\" \/>\n\t<meta name=\"twitter:data1\" content=\"Campus Mexicali\" \/>\n\t<meta name=\"twitter:label2\" content=\"Tiempo de lectura\" \/>\n\t<meta name=\"twitter:data2\" content=\"2 minutos\" \/>\n<script type=\"application\/ld+json\" class=\"yoast-schema-graph\">{\"@context\":\"https:\\\/\\\/schema.org\",\"@graph\":[{\"@type\":\"Article\",\"@id\":\"https:\\\/\\\/www.cetys.mx\\\/noticias\\\/trabajan-bachilleres-por-una-mejor-comunidad\\\/#article\",\"isPartOf\":{\"@id\":\"https:\\\/\\\/www.cetys.mx\\\/noticias\\\/trabajan-bachilleres-por-una-mejor-comunidad\\\/\"},\"author\":{\"name\":\"Campus Mexicali\",\"@id\":\"https:\\\/\\\/www.cetys.mx\\\/noticias\\\/#\\\/schema\\\/person\\\/79a95c4ac185f3705cf1b9c9340a5f70\"},\"headline\":\"Trabajan bachilleres por una mejor comunidad\",\"datePublished\":\"2018-06-05T00:52:07+00:00\",\"dateModified\":\"2018-06-13T00:35:04+00:00\",\"mainEntityOfPage\":{\"@id\":\"https:\\\/\\\/www.cetys.mx\\\/noticias\\\/trabajan-bachilleres-por-una-mejor-comunidad\\\/\"},\"wordCount\":316,\"commentCount\":0,\"image\":{\"@id\":\"https:\\\/\\\/www.cetys.mx\\\/noticias\\\/trabajan-bachilleres-por-una-mejor-comunidad\\\/#primaryimage\"},\"thumbnailUrl\":\"https:\\\/\\\/www.cetys.mx\\\/noticias\\\/wp-content\\\/uploads\\\/2018\\\/06\\\/PortadaPaco.jpg\",\"keywords\":[\"Altruismo\",\"prepa CETYS\",\"vocetys-2018-06-13\"],\"articleSection\":[\"Campus Mexicali\",\"Comunidad\",\"Preparatoria\",\"VoCETYS\"],\"inLanguage\":\"es\",\"potentialAction\":[{\"@type\":\"CommentAction\",\"name\":\"Comment\",\"target\":[\"https:\\\/\\\/www.cetys.mx\\\/noticias\\\/trabajan-bachilleres-por-una-mejor-comunidad\\\/#respond\"]}]},{\"@type\":\"WebPage\",\"@id\":\"https:\\\/\\\/www.cetys.mx\\\/noticias\\\/trabajan-bachilleres-por-una-mejor-comunidad\\\/\",\"url\":\"https:\\\/\\\/www.cetys.mx\\\/noticias\\\/trabajan-bachilleres-por-una-mejor-comunidad\\\/\",\"name\":\"Trabajan bachilleres por una mejor comunidad - CETYS\",\"isPartOf\":{\"@id\":\"https:\\\/\\\/www.cetys.mx\\\/noticias\\\/#website\"},\"primaryImageOfPage\":{\"@id\":\"https:\\\/\\\/www.cetys.mx\\\/noticias\\\/trabajan-bachilleres-por-una-mejor-comunidad\\\/#primaryimage\"},\"image\":{\"@id\":\"https:\\\/\\\/www.cetys.mx\\\/noticias\\\/trabajan-bachilleres-por-una-mejor-comunidad\\\/#primaryimage\"},\"thumbnailUrl\":\"https:\\\/\\\/www.cetys.mx\\\/noticias\\\/wp-content\\\/uploads\\\/2018\\\/06\\\/PortadaPaco.jpg\",\"datePublished\":\"2018-06-05T00:52:07+00:00\",\"dateModified\":\"2018-06-13T00:35:04+00:00\",\"author\":{\"@id\":\"https:\\\/\\\/www.cetys.mx\\\/noticias\\\/#\\\/schema\\\/person\\\/79a95c4ac185f3705cf1b9c9340a5f70\"},\"description\":\"Articulo sobre Trabajan bachilleres por una mejor comunidad\",\"breadcrumb\":{\"@id\":\"https:\\\/\\\/www.cetys.mx\\\/noticias\\\/trabajan-bachilleres-por-una-mejor-comunidad\\\/#breadcrumb\"},\"inLanguage\":\"es\",\"potentialAction\":[{\"@type\":\"ReadAction\",\"target\":[\"https:\\\/\\\/www.cetys.mx\\\/noticias\\\/trabajan-bachilleres-por-una-mejor-comunidad\\\/\"]}]},{\"@type\":\"ImageObject\",\"inLanguage\":\"es\",\"@id\":\"https:\\\/\\\/www.cetys.mx\\\/noticias\\\/trabajan-bachilleres-por-una-mejor-comunidad\\\/#primaryimage\",\"url\":\"https:\\\/\\\/www.cetys.mx\\\/noticias\\\/wp-content\\\/uploads\\\/2018\\\/06\\\/PortadaPaco.jpg\",\"contentUrl\":\"https:\\\/\\\/www.cetys.mx\\\/noticias\\\/wp-content\\\/uploads\\\/2018\\\/06\\\/PortadaPaco.jpg\",\"width\":958,\"height\":636,\"caption\":\"comunidad\"},{\"@type\":\"BreadcrumbList\",\"@id\":\"https:\\\/\\\/www.cetys.mx\\\/noticias\\\/trabajan-bachilleres-por-una-mejor-comunidad\\\/#breadcrumb\",\"itemListElement\":[{\"@type\":\"ListItem\",\"position\":1,\"name\":\"Inicio\",\"item\":\"https:\\\/\\\/www.cetys.mx\\\/noticias\\\/\"},{\"@type\":\"ListItem\",\"position\":2,\"name\":\"Trabajan bachilleres por una mejor comunidad\"}]},{\"@type\":\"WebSite\",\"@id\":\"https:\\\/\\\/www.cetys.mx\\\/noticias\\\/#website\",\"url\":\"https:\\\/\\\/www.cetys.mx\\\/noticias\\\/\",\"name\":\"CETYS\",\"description\":\"\",\"potentialAction\":[{\"@type\":\"SearchAction\",\"target\":{\"@type\":\"EntryPoint\",\"urlTemplate\":\"https:\\\/\\\/www.cetys.mx\\\/noticias\\\/?s={search_term_string}\"},\"query-input\":{\"@type\":\"PropertyValueSpecification\",\"valueRequired\":true,\"valueName\":\"search_term_string\"}}],\"inLanguage\":\"es\"},{\"@type\":\"Person\",\"@id\":\"https:\\\/\\\/www.cetys.mx\\\/noticias\\\/#\\\/schema\\\/person\\\/79a95c4ac185f3705cf1b9c9340a5f70\",\"name\":\"Campus Mexicali\",\"url\":\"https:\\\/\\\/www.cetys.mx\\\/noticias\\\/author\\\/campusmexicali\\\/\"}]}<\/script>\n<!-- \/ Yoast SEO plugin. -->","yoast_head_json":{"title":"Trabajan bachilleres por una mejor comunidad - CETYS","description":"Articulo sobre Trabajan bachilleres por una mejor comunidad","robots":{"index":"index","follow":"follow","max-snippet":"max-snippet:-1","max-image-preview":"max-image-preview:large","max-video-preview":"max-video-preview:-1"},"canonical":"https:\/\/www.cetys.mx\/noticias\/trabajan-bachilleres-por-una-mejor-comunidad\/","og_locale":"es_MX","og_type":"article","og_title":"Trabajan bachilleres por una mejor comunidad - CETYS","og_description":"Articulo sobre Trabajan bachilleres por una mejor comunidad","og_url":"https:\/\/www.cetys.mx\/noticias\/trabajan-bachilleres-por-una-mejor-comunidad\/","og_site_name":"CETYS","article_publisher":"https:\/\/www.facebook.com\/cetysuniversidadmxl\/","article_published_time":"2018-06-05T00:52:07+00:00","article_modified_time":"2018-06-13T00:35:04+00:00","og_image":[{"width":958,"height":636,"url":"https:\/\/www.cetys.mx\/noticias\/wp-content\/uploads\/2018\/06\/PortadaPaco.jpg","type":"image\/jpeg"}],"author":"Campus Mexicali","twitter_card":"summary_large_image","twitter_creator":"@cetysuni","twitter_site":"@cetysuni","twitter_misc":{"Escrito por":"Campus Mexicali","Tiempo de lectura":"2 minutos"},"schema":{"@context":"https:\/\/schema.org","@graph":[{"@type":"Article","@id":"https:\/\/www.cetys.mx\/noticias\/trabajan-bachilleres-por-una-mejor-comunidad\/#article","isPartOf":{"@id":"https:\/\/www.cetys.mx\/noticias\/trabajan-bachilleres-por-una-mejor-comunidad\/"},"author":{"name":"Campus Mexicali","@id":"https:\/\/www.cetys.mx\/noticias\/#\/schema\/person\/79a95c4ac185f3705cf1b9c9340a5f70"},"headline":"Trabajan bachilleres por una mejor comunidad","datePublished":"2018-06-05T00:52:07+00:00","dateModified":"2018-06-13T00:35:04+00:00","mainEntityOfPage":{"@id":"https:\/\/www.cetys.mx\/noticias\/trabajan-bachilleres-por-una-mejor-comunidad\/"},"wordCount":316,"commentCount":0,"image":{"@id":"https:\/\/www.cetys.mx\/noticias\/trabajan-bachilleres-por-una-mejor-comunidad\/#primaryimage"},"thumbnailUrl":"https:\/\/www.cetys.mx\/noticias\/wp-content\/uploads\/2018\/06\/PortadaPaco.jpg","keywords":["Altruismo","prepa CETYS","vocetys-2018-06-13"],"articleSection":["Campus Mexicali","Comunidad","Preparatoria","VoCETYS"],"inLanguage":"es","potentialAction":[{"@type":"CommentAction","name":"Comment","target":["https:\/\/www.cetys.mx\/noticias\/trabajan-bachilleres-por-una-mejor-comunidad\/#respond"]}]},{"@type":"WebPage","@id":"https:\/\/www.cetys.mx\/noticias\/trabajan-bachilleres-por-una-mejor-comunidad\/","url":"https:\/\/www.cetys.mx\/noticias\/trabajan-bachilleres-por-una-mejor-comunidad\/","name":"Trabajan bachilleres por una mejor comunidad - CETYS","isPartOf":{"@id":"https:\/\/www.cetys.mx\/noticias\/#website"},"primaryImageOfPage":{"@id":"https:\/\/www.cetys.mx\/noticias\/trabajan-bachilleres-por-una-mejor-comunidad\/#primaryimage"},"image":{"@id":"https:\/\/www.cetys.mx\/noticias\/trabajan-bachilleres-por-una-mejor-comunidad\/#primaryimage"},"thumbnailUrl":"https:\/\/www.cetys.mx\/noticias\/wp-content\/uploads\/2018\/06\/PortadaPaco.jpg","datePublished":"2018-06-05T00:52:07+00:00","dateModified":"2018-06-13T00:35:04+00:00","author":{"@id":"https:\/\/www.cetys.mx\/noticias\/#\/schema\/person\/79a95c4ac185f3705cf1b9c9340a5f70"},"description":"Articulo sobre Trabajan bachilleres por una mejor comunidad","breadcrumb":{"@id":"https:\/\/www.cetys.mx\/noticias\/trabajan-bachilleres-por-una-mejor-comunidad\/#breadcrumb"},"inLanguage":"es","potentialAction":[{"@type":"ReadAction","target":["https:\/\/www.cetys.mx\/noticias\/trabajan-bachilleres-por-una-mejor-comunidad\/"]}]},{"@type":"ImageObject","inLanguage":"es","@id":"https:\/\/www.cetys.mx\/noticias\/trabajan-bachilleres-por-una-mejor-comunidad\/#primaryimage","url":"https:\/\/www.cetys.mx\/noticias\/wp-content\/uploads\/2018\/06\/PortadaPaco.jpg","contentUrl":"https:\/\/www.cetys.mx\/noticias\/wp-content\/uploads\/2018\/06\/PortadaPaco.jpg","width":958,"height":636,"caption":"comunidad"},{"@type":"BreadcrumbList","@id":"https:\/\/www.cetys.mx\/noticias\/trabajan-bachilleres-por-una-mejor-comunidad\/#breadcrumb","itemListElement":[{"@type":"ListItem","position":1,"name":"Inicio","item":"https:\/\/www.cetys.mx\/noticias\/"},{"@type":"ListItem","position":2,"name":"Trabajan bachilleres por una mejor comunidad"}]},{"@type":"WebSite","@id":"https:\/\/www.cetys.mx\/noticias\/#website","url":"https:\/\/www.cetys.mx\/noticias\/","name":"CETYS","description":"","potentialAction":[{"@type":"SearchAction","target":{"@type":"EntryPoint","urlTemplate":"https:\/\/www.cetys.mx\/noticias\/?s={search_term_string}"},"query-input":{"@type":"PropertyValueSpecification","valueRequired":true,"valueName":"search_term_string"}}],"inLanguage":"es"},{"@type":"Person","@id":"https:\/\/www.cetys.mx\/noticias\/#\/schema\/person\/79a95c4ac185f3705cf1b9c9340a5f70","name":"Campus Mexicali","url":"https:\/\/www.cetys.mx\/noticias\/author\/campusmexicali\/"}]}},"_links":{"self":[{"href":"https:\/\/www.cetys.mx\/noticias\/wp-json\/wp\/v2\/posts\/113369","targetHints":{"allow":["GET"]}}],"collection":[{"href":"https:\/\/www.cetys.mx\/noticias\/wp-json\/wp\/v2\/posts"}],"about":[{"href":"https:\/\/www.cetys.mx\/noticias\/wp-json\/wp\/v2\/types\/post"}],"author":[{"embeddable":true,"href":"https:\/\/www.cetys.mx\/noticias\/wp-json\/wp\/v2\/users\/20"}],"replies":[{"embeddable":true,"href":"https:\/\/www.cetys.mx\/noticias\/wp-json\/wp\/v2\/comments?post=113369"}],"version-history":[{"count":0,"href":"https:\/\/www.cetys.mx\/noticias\/wp-json\/wp\/v2\/posts\/113369\/revisions"}],"wp:featuredmedia":[{"embeddable":true,"href":"https:\/\/www.cetys.mx\/noticias\/wp-json\/wp\/v2\/media\/113381"}],"wp:attachment":[{"href":"https:\/\/www.cetys.mx\/noticias\/wp-json\/wp\/v2\/media?parent=113369"}],"wp:term":[{"taxonomy":"category","embeddable":true,"href":"https:\/\/www.cetys.mx\/noticias\/wp-json\/wp\/v2\/categories?post=113369"},{"taxonomy":"post_tag","embeddable":true,"href":"https:\/\/www.cetys.mx\/noticias\/wp-json\/wp\/v2\/tags?post=113369"}],"curies":[{"name":"wp","href":"https:\/\/api.w.org\/{rel}","templated":true}]}}