{"id":113165,"date":"2018-05-31T16:22:29","date_gmt":"2018-05-31T23:22:29","guid":{"rendered":"http:\/\/www.cetys.mx\/noticias\/?p=113165"},"modified":"2018-05-31T16:36:18","modified_gmt":"2018-05-31T23:36:18","slug":"recibira-la-national-flight-academy-a-ocho-tijuanenses","status":"publish","type":"post","link":"https:\/\/www.cetys.mx\/noticias\/recibira-la-national-flight-academy-a-ocho-tijuanenses\/","title":{"rendered":"Recibir\u00e1 la National Flight Academy a ocho tijuanenses"},"content":{"rendered":"<p align=\"justify\">Un total de ocho j\u00f3venes bajacalifornianos fueron elegidos por la <strong>Junior Achievement M\u00e9xico<\/strong>, con el apoyo de <strong>Delta Air Lines<\/strong>, para asistir al campamento anual de la \u201c<em>National Flight Academy<\/em>\u201d con sede en la Estaci\u00f3n Aeronaval de Pensacola, Florida.<\/p>\n<p align=\"justify\">Se trata de <strong>Sandra Rodr\u00edguez Hern\u00e1ndez<\/strong>,<strong> Imanol Ch\u00e1vez Gaxiola<\/strong>,<strong> Alessandra Bel\u00e9n Palacios Puga<\/strong>, <strong>Gladys P\u00e9rez Lara<\/strong>, <strong>Omar P\u00e9rez<\/strong>, <strong>Alissa Andrea S\u00e1nchez<\/strong>, <strong>Emilio G\u00f3mez Chanona<\/strong> y <strong>Diego Oliver<\/strong> <strong>Camacho Mart\u00ednez<\/strong>; todos estudiantes de la Preparatoria de <strong>CETYS Universidad Campus Tijuana<\/strong> y quienes actualmente se encuentran en la fase de preparativos para esta experiencia internacional estudiantil.<\/p>\n<div id=\"attachment_113171\" style=\"width: 968px\" class=\"wp-caption aligncenter\"><img loading=\"lazy\" decoding=\"async\" aria-describedby=\"caption-attachment-113171\" class=\"wp-image-113171 size-full\" src=\"https:\/\/www.cetys.mx\/noticias\/wp-content\/uploads\/2018\/05\/40px-1.jpg\" alt=\"\" width=\"958\" height=\"637\" srcset=\"https:\/\/www.cetys.mx\/noticias\/wp-content\/uploads\/2018\/05\/40px-1.jpg 958w, https:\/\/www.cetys.mx\/noticias\/wp-content\/uploads\/2018\/05\/40px-1-768x511.jpg 768w\" sizes=\"auto, (max-width: 958px) 100vw, 958px\" \/><p id=\"caption-attachment-113171\" class=\"wp-caption-text\">&#8220;Participar en este encuentro es una excelente forma de poner a prueba hablidades y destrezas&#8221;, destac\u00f3 la Mtra. Ventura Rocha.<\/p><\/div>\n<p align=\"justify\">La <em>National Flight Academy<\/em> propone ser una experiencia de aprendizaje interactiva que tiene como objetivo inspirar a los j\u00f3venes con un destacado inter\u00e9s por las \u00e1reas de la Ciencia, Tecnolog\u00eda, Ingenier\u00eda y Matem\u00e1ticas, campos del conocimiento claves para el desarrollo y crecimiento de los pa\u00edses alrededor del mundo.<\/p>\n<p align=\"justify\">Para\u00a0<strong>Imanol Ch\u00e1vez Gaxiola<\/strong>, estudiante del cuatro semestre de Bachillerato, se siente entusiasmado por haber sido seleccionado, principalmente porque la <em>National Flight Academy<\/em> es una buena oportunidad para adentrarse en los temas de la Ingenier\u00eda, pues en un futuro cercano le gustar\u00eda iniciar sus estudios en el \u00e1rea de la Cibern\u00e9tica Electr\u00f3nica.<\/p>\n<div id=\"attachment_113170\" style=\"width: 968px\" class=\"wp-caption aligncenter\"><img loading=\"lazy\" decoding=\"async\" aria-describedby=\"caption-attachment-113170\" class=\"wp-image-113170 size-full\" src=\"https:\/\/www.cetys.mx\/noticias\/wp-content\/uploads\/2018\/05\/26x-1.jpg\" alt=\"\" width=\"958\" height=\"637\" srcset=\"https:\/\/www.cetys.mx\/noticias\/wp-content\/uploads\/2018\/05\/26x-1.jpg 958w, https:\/\/www.cetys.mx\/noticias\/wp-content\/uploads\/2018\/05\/26x-1-768x511.jpg 768w\" sizes=\"auto, (max-width: 958px) 100vw, 958px\" \/><p id=\"caption-attachment-113170\" class=\"wp-caption-text\">Imanol es uno de los j\u00f3venes seleccionados, estudia el cuatro semestre y en un futuro desea estudiar Cibern\u00e9tica Electr\u00f3nica.<\/p><\/div>\n<p align=\"justify\">Los tijuanenses viajar\u00e1n a la costa este de Estados Unidos del <strong>domingo 14 al viernes 20 de julio<\/strong> para desarrollar, a lo largo de seis d\u00edas y con el apoyo de lo que ellos llaman Tecnolog\u00eda del Siglo XXI, competencias b\u00e1sicas a trav\u00e9s de simuladores de vuelo y misiones de realidad virtual que les ayudan a activar su imaginaci\u00f3n, as\u00ed como fomentar su aprendizaje.<\/p>\n","protected":false},"excerpt":{"rendered":"<p>Un total de ocho j\u00f3venes bajacalifornianos fueron elegidos por la Junior Achievement M\u00e9xico, con el apoyo de Delta Air Lines, para asistir&#8230;<\/p>\n","protected":false},"author":24,"featured_media":113172,"comment_status":"open","ping_status":"closed","sticky":false,"template":"","format":"standard","meta":{"footnotes":""},"categories":[134,125,318,313],"tags":[297,281,338,92,364,2456],"class_list":["post-113165","post","type-post","status-publish","format-standard","has-post-thumbnail","hentry","category-campus-tijuana","category-portada","category-preparatoria","category-vocetys-2","tag-campus-tijuana","tag-ciencia","tag-ingenieria","tag-preparatoria","tag-tecnologia","tag-vocetys-top-2018-06-01"],"yoast_head":"<!-- This site is optimized with the Yoast SEO plugin v27.4 - https:\/\/yoast.com\/product\/yoast-seo-wordpress\/ -->\n<title>Recibir\u00e1 la National Flight Academy a ocho tijuanenses - CETYS<\/title>\n<meta name=\"description\" content=\"La National Flight Academy se encuentra en Florida y los bachilleres del CETYS podr\u00e1n vivir una intensa semana de actividades relacionadas con la Ciencia y Tecnolog\u00eda.\" \/>\n<meta name=\"robots\" content=\"index, follow, max-snippet:-1, max-image-preview:large, max-video-preview:-1\" \/>\n<link rel=\"canonical\" href=\"https:\/\/www.cetys.mx\/noticias\/recibira-la-national-flight-academy-a-ocho-tijuanenses\/\" \/>\n<meta property=\"og:locale\" content=\"es_MX\" \/>\n<meta property=\"og:type\" content=\"article\" \/>\n<meta property=\"og:title\" content=\"Recibir\u00e1 la National Flight Academy a ocho tijuanenses - CETYS\" \/>\n<meta property=\"og:description\" content=\"La National Flight Academy se encuentra en Florida y los bachilleres del CETYS podr\u00e1n vivir una intensa semana de actividades relacionadas con la Ciencia y Tecnolog\u00eda.\" \/>\n<meta property=\"og:url\" content=\"https:\/\/www.cetys.mx\/noticias\/recibira-la-national-flight-academy-a-ocho-tijuanenses\/\" \/>\n<meta property=\"og:site_name\" content=\"CETYS\" \/>\n<meta property=\"article:publisher\" content=\"https:\/\/www.facebook.com\/cetysuniversidadmxl\/\" \/>\n<meta property=\"article:published_time\" content=\"2018-05-31T23:22:29+00:00\" \/>\n<meta property=\"article:modified_time\" content=\"2018-05-31T23:36:18+00:00\" \/>\n<meta property=\"og:image\" content=\"https:\/\/www.cetys.mx\/noticias\/wp-content\/uploads\/2018\/05\/49x-1.jpg\" \/>\n\t<meta property=\"og:image:width\" content=\"958\" \/>\n\t<meta property=\"og:image:height\" content=\"637\" \/>\n\t<meta property=\"og:image:type\" content=\"image\/jpeg\" \/>\n<meta name=\"author\" content=\"Campus Tijuana\" \/>\n<meta name=\"twitter:card\" content=\"summary_large_image\" \/>\n<meta name=\"twitter:creator\" content=\"@cetysuni\" \/>\n<meta name=\"twitter:site\" content=\"@cetysuni\" \/>\n<meta name=\"twitter:label1\" content=\"Escrito por\" \/>\n\t<meta name=\"twitter:data1\" content=\"Campus Tijuana\" \/>\n\t<meta name=\"twitter:label2\" content=\"Tiempo de lectura\" \/>\n\t<meta name=\"twitter:data2\" content=\"2 minutos\" \/>\n<script type=\"application\/ld+json\" class=\"yoast-schema-graph\">{\"@context\":\"https:\\\/\\\/schema.org\",\"@graph\":[{\"@type\":\"Article\",\"@id\":\"https:\\\/\\\/www.cetys.mx\\\/noticias\\\/recibira-la-national-flight-academy-a-ocho-tijuanenses\\\/#article\",\"isPartOf\":{\"@id\":\"https:\\\/\\\/www.cetys.mx\\\/noticias\\\/recibira-la-national-flight-academy-a-ocho-tijuanenses\\\/\"},\"author\":{\"name\":\"Campus Tijuana\",\"@id\":\"https:\\\/\\\/www.cetys.mx\\\/noticias\\\/#\\\/schema\\\/person\\\/e790051ce60e18ae47cfa87011c8653f\"},\"headline\":\"Recibir\u00e1 la National Flight Academy a ocho tijuanenses\",\"datePublished\":\"2018-05-31T23:22:29+00:00\",\"dateModified\":\"2018-05-31T23:36:18+00:00\",\"mainEntityOfPage\":{\"@id\":\"https:\\\/\\\/www.cetys.mx\\\/noticias\\\/recibira-la-national-flight-academy-a-ocho-tijuanenses\\\/\"},\"wordCount\":348,\"commentCount\":0,\"image\":{\"@id\":\"https:\\\/\\\/www.cetys.mx\\\/noticias\\\/recibira-la-national-flight-academy-a-ocho-tijuanenses\\\/#primaryimage\"},\"thumbnailUrl\":\"https:\\\/\\\/www.cetys.mx\\\/noticias\\\/wp-content\\\/uploads\\\/2018\\\/05\\\/49x-1.jpg\",\"keywords\":[\"Campus Tijuana\",\"Ciencia\",\"Ingenier\u00eda\",\"Preparatoria\",\"tecnologia\",\"vocetys-top-2018-06-01\"],\"articleSection\":[\"Campus Tijuana\",\"Portada\",\"Preparatoria\",\"VoCETYS\"],\"inLanguage\":\"es\",\"potentialAction\":[{\"@type\":\"CommentAction\",\"name\":\"Comment\",\"target\":[\"https:\\\/\\\/www.cetys.mx\\\/noticias\\\/recibira-la-national-flight-academy-a-ocho-tijuanenses\\\/#respond\"]}]},{\"@type\":\"WebPage\",\"@id\":\"https:\\\/\\\/www.cetys.mx\\\/noticias\\\/recibira-la-national-flight-academy-a-ocho-tijuanenses\\\/\",\"url\":\"https:\\\/\\\/www.cetys.mx\\\/noticias\\\/recibira-la-national-flight-academy-a-ocho-tijuanenses\\\/\",\"name\":\"Recibir\u00e1 la National Flight Academy a ocho tijuanenses - CETYS\",\"isPartOf\":{\"@id\":\"https:\\\/\\\/www.cetys.mx\\\/noticias\\\/#website\"},\"primaryImageOfPage\":{\"@id\":\"https:\\\/\\\/www.cetys.mx\\\/noticias\\\/recibira-la-national-flight-academy-a-ocho-tijuanenses\\\/#primaryimage\"},\"image\":{\"@id\":\"https:\\\/\\\/www.cetys.mx\\\/noticias\\\/recibira-la-national-flight-academy-a-ocho-tijuanenses\\\/#primaryimage\"},\"thumbnailUrl\":\"https:\\\/\\\/www.cetys.mx\\\/noticias\\\/wp-content\\\/uploads\\\/2018\\\/05\\\/49x-1.jpg\",\"datePublished\":\"2018-05-31T23:22:29+00:00\",\"dateModified\":\"2018-05-31T23:36:18+00:00\",\"author\":{\"@id\":\"https:\\\/\\\/www.cetys.mx\\\/noticias\\\/#\\\/schema\\\/person\\\/e790051ce60e18ae47cfa87011c8653f\"},\"description\":\"La National Flight Academy se encuentra en Florida y los bachilleres del CETYS podr\u00e1n vivir una intensa semana de actividades relacionadas con la Ciencia y Tecnolog\u00eda.\",\"breadcrumb\":{\"@id\":\"https:\\\/\\\/www.cetys.mx\\\/noticias\\\/recibira-la-national-flight-academy-a-ocho-tijuanenses\\\/#breadcrumb\"},\"inLanguage\":\"es\",\"potentialAction\":[{\"@type\":\"ReadAction\",\"target\":[\"https:\\\/\\\/www.cetys.mx\\\/noticias\\\/recibira-la-national-flight-academy-a-ocho-tijuanenses\\\/\"]}]},{\"@type\":\"ImageObject\",\"inLanguage\":\"es\",\"@id\":\"https:\\\/\\\/www.cetys.mx\\\/noticias\\\/recibira-la-national-flight-academy-a-ocho-tijuanenses\\\/#primaryimage\",\"url\":\"https:\\\/\\\/www.cetys.mx\\\/noticias\\\/wp-content\\\/uploads\\\/2018\\\/05\\\/49x-1.jpg\",\"contentUrl\":\"https:\\\/\\\/www.cetys.mx\\\/noticias\\\/wp-content\\\/uploads\\\/2018\\\/05\\\/49x-1.jpg\",\"width\":958,\"height\":637},{\"@type\":\"BreadcrumbList\",\"@id\":\"https:\\\/\\\/www.cetys.mx\\\/noticias\\\/recibira-la-national-flight-academy-a-ocho-tijuanenses\\\/#breadcrumb\",\"itemListElement\":[{\"@type\":\"ListItem\",\"position\":1,\"name\":\"Inicio\",\"item\":\"https:\\\/\\\/www.cetys.mx\\\/noticias\\\/\"},{\"@type\":\"ListItem\",\"position\":2,\"name\":\"Recibir\u00e1 la National Flight Academy a ocho tijuanenses\"}]},{\"@type\":\"WebSite\",\"@id\":\"https:\\\/\\\/www.cetys.mx\\\/noticias\\\/#website\",\"url\":\"https:\\\/\\\/www.cetys.mx\\\/noticias\\\/\",\"name\":\"CETYS\",\"description\":\"\",\"potentialAction\":[{\"@type\":\"SearchAction\",\"target\":{\"@type\":\"EntryPoint\",\"urlTemplate\":\"https:\\\/\\\/www.cetys.mx\\\/noticias\\\/?s={search_term_string}\"},\"query-input\":{\"@type\":\"PropertyValueSpecification\",\"valueRequired\":true,\"valueName\":\"search_term_string\"}}],\"inLanguage\":\"es\"},{\"@type\":\"Person\",\"@id\":\"https:\\\/\\\/www.cetys.mx\\\/noticias\\\/#\\\/schema\\\/person\\\/e790051ce60e18ae47cfa87011c8653f\",\"name\":\"Campus Tijuana\",\"url\":\"https:\\\/\\\/www.cetys.mx\\\/noticias\\\/author\\\/campustijuana\\\/\"}]}<\/script>\n<!-- \/ Yoast SEO plugin. -->","yoast_head_json":{"title":"Recibir\u00e1 la National Flight Academy a ocho tijuanenses - CETYS","description":"La National Flight Academy se encuentra en Florida y los bachilleres del CETYS podr\u00e1n vivir una intensa semana de actividades relacionadas con la Ciencia y Tecnolog\u00eda.","robots":{"index":"index","follow":"follow","max-snippet":"max-snippet:-1","max-image-preview":"max-image-preview:large","max-video-preview":"max-video-preview:-1"},"canonical":"https:\/\/www.cetys.mx\/noticias\/recibira-la-national-flight-academy-a-ocho-tijuanenses\/","og_locale":"es_MX","og_type":"article","og_title":"Recibir\u00e1 la National Flight Academy a ocho tijuanenses - CETYS","og_description":"La National Flight Academy se encuentra en Florida y los bachilleres del CETYS podr\u00e1n vivir una intensa semana de actividades relacionadas con la Ciencia y Tecnolog\u00eda.","og_url":"https:\/\/www.cetys.mx\/noticias\/recibira-la-national-flight-academy-a-ocho-tijuanenses\/","og_site_name":"CETYS","article_publisher":"https:\/\/www.facebook.com\/cetysuniversidadmxl\/","article_published_time":"2018-05-31T23:22:29+00:00","article_modified_time":"2018-05-31T23:36:18+00:00","og_image":[{"width":958,"height":637,"url":"https:\/\/www.cetys.mx\/noticias\/wp-content\/uploads\/2018\/05\/49x-1.jpg","type":"image\/jpeg"}],"author":"Campus Tijuana","twitter_card":"summary_large_image","twitter_creator":"@cetysuni","twitter_site":"@cetysuni","twitter_misc":{"Escrito por":"Campus Tijuana","Tiempo de lectura":"2 minutos"},"schema":{"@context":"https:\/\/schema.org","@graph":[{"@type":"Article","@id":"https:\/\/www.cetys.mx\/noticias\/recibira-la-national-flight-academy-a-ocho-tijuanenses\/#article","isPartOf":{"@id":"https:\/\/www.cetys.mx\/noticias\/recibira-la-national-flight-academy-a-ocho-tijuanenses\/"},"author":{"name":"Campus Tijuana","@id":"https:\/\/www.cetys.mx\/noticias\/#\/schema\/person\/e790051ce60e18ae47cfa87011c8653f"},"headline":"Recibir\u00e1 la National Flight Academy a ocho tijuanenses","datePublished":"2018-05-31T23:22:29+00:00","dateModified":"2018-05-31T23:36:18+00:00","mainEntityOfPage":{"@id":"https:\/\/www.cetys.mx\/noticias\/recibira-la-national-flight-academy-a-ocho-tijuanenses\/"},"wordCount":348,"commentCount":0,"image":{"@id":"https:\/\/www.cetys.mx\/noticias\/recibira-la-national-flight-academy-a-ocho-tijuanenses\/#primaryimage"},"thumbnailUrl":"https:\/\/www.cetys.mx\/noticias\/wp-content\/uploads\/2018\/05\/49x-1.jpg","keywords":["Campus Tijuana","Ciencia","Ingenier\u00eda","Preparatoria","tecnologia","vocetys-top-2018-06-01"],"articleSection":["Campus Tijuana","Portada","Preparatoria","VoCETYS"],"inLanguage":"es","potentialAction":[{"@type":"CommentAction","name":"Comment","target":["https:\/\/www.cetys.mx\/noticias\/recibira-la-national-flight-academy-a-ocho-tijuanenses\/#respond"]}]},{"@type":"WebPage","@id":"https:\/\/www.cetys.mx\/noticias\/recibira-la-national-flight-academy-a-ocho-tijuanenses\/","url":"https:\/\/www.cetys.mx\/noticias\/recibira-la-national-flight-academy-a-ocho-tijuanenses\/","name":"Recibir\u00e1 la National Flight Academy a ocho tijuanenses - CETYS","isPartOf":{"@id":"https:\/\/www.cetys.mx\/noticias\/#website"},"primaryImageOfPage":{"@id":"https:\/\/www.cetys.mx\/noticias\/recibira-la-national-flight-academy-a-ocho-tijuanenses\/#primaryimage"},"image":{"@id":"https:\/\/www.cetys.mx\/noticias\/recibira-la-national-flight-academy-a-ocho-tijuanenses\/#primaryimage"},"thumbnailUrl":"https:\/\/www.cetys.mx\/noticias\/wp-content\/uploads\/2018\/05\/49x-1.jpg","datePublished":"2018-05-31T23:22:29+00:00","dateModified":"2018-05-31T23:36:18+00:00","author":{"@id":"https:\/\/www.cetys.mx\/noticias\/#\/schema\/person\/e790051ce60e18ae47cfa87011c8653f"},"description":"La National Flight Academy se encuentra en Florida y los bachilleres del CETYS podr\u00e1n vivir una intensa semana de actividades relacionadas con la Ciencia y Tecnolog\u00eda.","breadcrumb":{"@id":"https:\/\/www.cetys.mx\/noticias\/recibira-la-national-flight-academy-a-ocho-tijuanenses\/#breadcrumb"},"inLanguage":"es","potentialAction":[{"@type":"ReadAction","target":["https:\/\/www.cetys.mx\/noticias\/recibira-la-national-flight-academy-a-ocho-tijuanenses\/"]}]},{"@type":"ImageObject","inLanguage":"es","@id":"https:\/\/www.cetys.mx\/noticias\/recibira-la-national-flight-academy-a-ocho-tijuanenses\/#primaryimage","url":"https:\/\/www.cetys.mx\/noticias\/wp-content\/uploads\/2018\/05\/49x-1.jpg","contentUrl":"https:\/\/www.cetys.mx\/noticias\/wp-content\/uploads\/2018\/05\/49x-1.jpg","width":958,"height":637},{"@type":"BreadcrumbList","@id":"https:\/\/www.cetys.mx\/noticias\/recibira-la-national-flight-academy-a-ocho-tijuanenses\/#breadcrumb","itemListElement":[{"@type":"ListItem","position":1,"name":"Inicio","item":"https:\/\/www.cetys.mx\/noticias\/"},{"@type":"ListItem","position":2,"name":"Recibir\u00e1 la National Flight Academy a ocho tijuanenses"}]},{"@type":"WebSite","@id":"https:\/\/www.cetys.mx\/noticias\/#website","url":"https:\/\/www.cetys.mx\/noticias\/","name":"CETYS","description":"","potentialAction":[{"@type":"SearchAction","target":{"@type":"EntryPoint","urlTemplate":"https:\/\/www.cetys.mx\/noticias\/?s={search_term_string}"},"query-input":{"@type":"PropertyValueSpecification","valueRequired":true,"valueName":"search_term_string"}}],"inLanguage":"es"},{"@type":"Person","@id":"https:\/\/www.cetys.mx\/noticias\/#\/schema\/person\/e790051ce60e18ae47cfa87011c8653f","name":"Campus Tijuana","url":"https:\/\/www.cetys.mx\/noticias\/author\/campustijuana\/"}]}},"_links":{"self":[{"href":"https:\/\/www.cetys.mx\/noticias\/wp-json\/wp\/v2\/posts\/113165","targetHints":{"allow":["GET"]}}],"collection":[{"href":"https:\/\/www.cetys.mx\/noticias\/wp-json\/wp\/v2\/posts"}],"about":[{"href":"https:\/\/www.cetys.mx\/noticias\/wp-json\/wp\/v2\/types\/post"}],"author":[{"embeddable":true,"href":"https:\/\/www.cetys.mx\/noticias\/wp-json\/wp\/v2\/users\/24"}],"replies":[{"embeddable":true,"href":"https:\/\/www.cetys.mx\/noticias\/wp-json\/wp\/v2\/comments?post=113165"}],"version-history":[{"count":0,"href":"https:\/\/www.cetys.mx\/noticias\/wp-json\/wp\/v2\/posts\/113165\/revisions"}],"wp:featuredmedia":[{"embeddable":true,"href":"https:\/\/www.cetys.mx\/noticias\/wp-json\/wp\/v2\/media\/113172"}],"wp:attachment":[{"href":"https:\/\/www.cetys.mx\/noticias\/wp-json\/wp\/v2\/media?parent=113165"}],"wp:term":[{"taxonomy":"category","embeddable":true,"href":"https:\/\/www.cetys.mx\/noticias\/wp-json\/wp\/v2\/categories?post=113165"},{"taxonomy":"post_tag","embeddable":true,"href":"https:\/\/www.cetys.mx\/noticias\/wp-json\/wp\/v2\/tags?post=113165"}],"curies":[{"name":"wp","href":"https:\/\/api.w.org\/{rel}","templated":true}]}}