{"id":112505,"date":"2018-05-17T16:31:49","date_gmt":"2018-05-17T23:31:49","guid":{"rendered":"http:\/\/www.cetys.mx\/noticias\/?p=112505"},"modified":"2018-05-17T16:43:30","modified_gmt":"2018-05-17T23:43:30","slug":"destacan-labor-de-mas-de-50-academicos-en-cetys-tijuana","status":"publish","type":"post","link":"https:\/\/www.cetys.mx\/noticias\/destacan-labor-de-mas-de-50-academicos-en-cetys-tijuana\/","title":{"rendered":"Destacan labor de m\u00e1s de 50 acad\u00e9micos en CETYS Tijuana"},"content":{"rendered":"<p>En el marco de los festejos por el <strong>D\u00eda del Maestro<\/strong>, m\u00e1s de 50 acad\u00e9micos pertenecientes a los niveles de <a href=\"https:\/\/www.cetys.mx\/alumnos-preparatoria\/\">Preparatoria<\/a>, <a href=\"https:\/\/www.cetys.mx\/alumnos-profesional\/\">Profesional<\/a> y <a href=\"https:\/\/www.cetys.mx\/oferta-educativa\/posgrado\/\">Posgrado<\/a>, as\u00ed como del \u00e1rea de Deportes, <strong>fueron reconocidos por sus logros del \u00faltimo a\u00f1o<\/strong>, como resultado de las evaluaciones docentes que semestre tras semestre realiza la comunidad estudiantil a finales del semestre; lo que refleja el trabajo, compromiso y entrega de estos profesores en cada una de las actividades que generan en clase, desarrollando con ellas las habilidades y destrezas de cientos de alumnos cada a\u00f1o.<\/p>\n<p>La ceremonia de reconocimiento se realiz\u00f3 en las instalaciones del <a href=\"https:\/\/www.facebook.com\/Gimnasio-Auditorio-Rodrigo-Valle-Hern\u00e1ndez-366955923460146\/\">Gimnasio &#8211; Auditorio &#8220;Rodrigo Valle Hern\u00e1ndez&#8221;<\/a>, del Campus Tijuana, ah\u00ed se dieron cita los <strong>347 acad\u00e9micos adscritos al campus<\/strong>, para disfrutar de una excelente velada.<\/p>\n<p>En esta ocasi\u00f3n, los maestros reconocidos fueron:<\/p>\n<p style=\"text-align: left;\"><strong>Escuela Preparatoria<\/strong><\/p>\n<ul>\n<li>Mtra. Maribel Monzalvo Mireles<\/li>\n<li>Mtro. Jos\u00e9 Arturo Medina Camacho<\/li>\n<li>Mtra. Olimpia Paulina Bueno Guti\u00e9rrez<\/li>\n<li>Mtra. Margarita Bahena P\u00e9rez<\/li>\n<\/ul>\n<div id=\"attachment_112511\" style=\"width: 968px\" class=\"wp-caption aligncenter\"><img loading=\"lazy\" decoding=\"async\" aria-describedby=\"caption-attachment-112511\" class=\"wp-image-112511 size-full\" src=\"https:\/\/www.cetys.mx\/noticias\/wp-content\/uploads\/2018\/05\/cetys_profesor2018rec-2.jpg\" alt=\"\" width=\"958\" height=\"637\" srcset=\"https:\/\/www.cetys.mx\/noticias\/wp-content\/uploads\/2018\/05\/cetys_profesor2018rec-2.jpg 958w, https:\/\/www.cetys.mx\/noticias\/wp-content\/uploads\/2018\/05\/cetys_profesor2018rec-2-768x511.jpg 768w\" sizes=\"auto, (max-width: 958px) 100vw, 958px\" \/><p id=\"caption-attachment-112511\" class=\"wp-caption-text\">Profesores de la Escuela Preparatoria se sumaron al festejo por el &#8220;D\u00eda del Maestro&#8221;, apoyando as\u00ed a los colegas reconocidos.<\/p><\/div>\n<p style=\"text-align: left;\"><strong>Escuela de Administraci\u00f3n y Negocios<\/strong><\/p>\n<ul>\n<li>Mtra. Lorena Santana Serrano<\/li>\n<li>Mtra. Karina Parra Elizalde<\/li>\n<li>Mtra. Lourdes Iliana Kurevelis Larios<\/li>\n<li>Mtro. Ricardo Mart\u00ednez Castro<\/li>\n<\/ul>\n<p style=\"text-align: left;\"><strong>Escuela de Derecho<\/strong><\/p>\n<ul>\n<li>Mtro. Alfredo Estrada Caravantes<\/li>\n<li>Mtro. Juan Manuel Pe\u00f1a Herrera<\/li>\n<\/ul>\n<p><strong>Escuela de Humanidades\u00a0<\/strong><\/p>\n<ul>\n<li>Dra. Dora Yessica Caudillo Ru\u00edz<\/li>\n<li>Mtro. Heberto Xavier Peterson Rodr\u00edguez<\/li>\n<li>Dr. H\u00e9ctor Javier Maymi Sugra\u00f1es<\/li>\n<li>Lic. Rub\u00e9n Alejandro Ruvalcaba Camarillo<\/li>\n<\/ul>\n<p><strong>Escuela de Ingenier\u00eda<\/strong><\/p>\n<ul>\n<li>Mtra. Nataly Medina Rodr\u00edguez<\/li>\n<li>Mtro. Roberto Salas Corrales<\/li>\n<li>Mtro. Esteban Arturo \u00c1lvarez Serrano<\/li>\n<li>Mtro. Jorge Arturo Mendoza G\u00f3mez<\/li>\n<\/ul>\n<div id=\"attachment_112512\" style=\"width: 968px\" class=\"wp-caption aligncenter\"><img loading=\"lazy\" decoding=\"async\" aria-describedby=\"caption-attachment-112512\" class=\"wp-image-112512 size-full\" src=\"https:\/\/www.cetys.mx\/noticias\/wp-content\/uploads\/2018\/05\/cetys_profesor2018rec-3.jpg\" alt=\"\" width=\"958\" height=\"637\" srcset=\"https:\/\/www.cetys.mx\/noticias\/wp-content\/uploads\/2018\/05\/cetys_profesor2018rec-3.jpg 958w, https:\/\/www.cetys.mx\/noticias\/wp-content\/uploads\/2018\/05\/cetys_profesor2018rec-3-768x511.jpg 768w\" sizes=\"auto, (max-width: 958px) 100vw, 958px\" \/><p id=\"caption-attachment-112512\" class=\"wp-caption-text\">Gracias al trabajo de los docentes, la Escuela de Ingenier\u00eda de CETYS Universidad se ha posicionado como una de las m\u00e1s s\u00f3lidas en la regi\u00f3n.<\/p><\/div>\n<p><strong>Escuela de Psicolog\u00eda<\/strong><\/p>\n<ul>\n<li>Dr. Alberto \u00c1lvarez Noriega<\/li>\n<li>Mtro. Manuel Alejandro Mej\u00eda Ram\u00edrez<\/li>\n<li>Mtro. Hern\u00e1n Partida Ram\u00edrez<\/li>\n<\/ul>\n<p><strong>Carreras Gerenciales\u00a0<\/strong><\/p>\n<ul>\n<li>Mtra. Mar\u00eda Guadalupe Silvia Ch\u00e1vez Maga\u00f1a<\/li>\n<li>Mtra. Rosa Emilia Torres Beltr\u00e1n<\/li>\n<li>Dr. V\u00edctor Manuel Mercader<\/li>\n<\/ul>\n<p><strong>Posgrado<\/strong><\/p>\n<ul>\n<li>Mtra. Deyanira Torres Martin<\/li>\n<li>Mtra. Clorinda Merino Fausto<\/li>\n<li>Dr. Jorge Francisco S\u00e1nchez L\u00f3pez<\/li>\n<li>Dra. Melanie Elizabeth Montes Silva<\/li>\n<li>Dra. Celsa Guadalupe S\u00e1nchez V\u00e9lez<\/li>\n<li>Dr. H\u00e9ctor Javier Maymi Sugra\u00f1es<\/li>\n<li>Mtro. Roberto Salas Corrales<\/li>\n<li>Dr. Ram\u00f3n Alejandro Guzm\u00e1n Ocegueda<\/li>\n<li>Dr. Jos\u00e9 Juan Anzures Gurr\u00eda<\/li>\n<\/ul>\n<div id=\"attachment_112514\" style=\"width: 968px\" class=\"wp-caption aligncenter\"><img loading=\"lazy\" decoding=\"async\" aria-describedby=\"caption-attachment-112514\" class=\"wp-image-112514 size-full\" src=\"https:\/\/www.cetys.mx\/noticias\/wp-content\/uploads\/2018\/05\/cetys_profesor2018rec-4.jpg\" alt=\"\" width=\"958\" height=\"637\" srcset=\"https:\/\/www.cetys.mx\/noticias\/wp-content\/uploads\/2018\/05\/cetys_profesor2018rec-4.jpg 958w, https:\/\/www.cetys.mx\/noticias\/wp-content\/uploads\/2018\/05\/cetys_profesor2018rec-4-768x511.jpg 768w\" sizes=\"auto, (max-width: 958px) 100vw, 958px\" \/><p id=\"caption-attachment-112514\" class=\"wp-caption-text\">La Mtra. Lorena Santana fue reconocida por haber obtenido la mejor evaluaci\u00f3n entre los maestros de Administraci\u00f3n y Negocios.<\/p><\/div>\n<p><strong>Educaci\u00f3n Continua e Idiomas<\/strong><\/p>\n<ul>\n<li>Lic. Ana Mar\u00eda Moreno Gonz\u00e1lez<\/li>\n<li>Lic. Karl Joseph Chamandy Cook<\/li>\n<li>Mtro. Daniel Antonio Mercado Salas<\/li>\n<li>Mtro. Roberto Iturbe Chi\u00f1as<\/li>\n<li>Ing. Jos\u00e9 Enrique Mar\u00edn Corral<\/li>\n<li>Mtro. Miguel Hern\u00e1ndez Su\u00e1rez<\/li>\n<li>Mtra. Jacqueline De la Torre S\u00e1nchez<\/li>\n<li>Mtro. Manuel Adri\u00e1n Chiu G\u00e1lvez<\/li>\n<li><u><\/u>C.P. Enrique Espinoza Arangur\u00e9<\/li>\n<li>C.P. Miriam Soraya Arce S\u00e1nchez<\/li>\n<li>Mtro. Sergio Mej\u00eda Hern\u00e1ndez<\/li>\n<li>Mtro. Edgar David Cer\u00f3n Cervantes<\/li>\n<\/ul>\n<p><strong>Difusi\u00f3n Cultural<\/strong><\/p>\n<ul>\n<li>Mtro. Ra\u00fal El\u00edas Mendoza Castillo<\/li>\n<li>Arq. Juan Gustavo Vel\u00e1zquez Ju\u00e1rez<\/li>\n<li>Lic. Joel Flores Lechuga<\/li>\n<\/ul>\n<p><strong>Deportes<\/strong><\/p>\n<ul>\n<li>Carlos Enrique Campa Agraz<\/li>\n<li>Carlos Alan L\u00f3pez Valenzuela<\/li>\n<li>Alfredo Rodr\u00edguez Vega<\/li>\n<\/ul>\n<div id=\"attachment_112513\" style=\"width: 968px\" class=\"wp-caption aligncenter\"><img loading=\"lazy\" decoding=\"async\" aria-describedby=\"caption-attachment-112513\" class=\"wp-image-112513 size-full\" src=\"https:\/\/www.cetys.mx\/noticias\/wp-content\/uploads\/2018\/05\/cetys_profesor2018rec-5.jpg\" alt=\"\" width=\"958\" height=\"637\" srcset=\"https:\/\/www.cetys.mx\/noticias\/wp-content\/uploads\/2018\/05\/cetys_profesor2018rec-5.jpg 958w, https:\/\/www.cetys.mx\/noticias\/wp-content\/uploads\/2018\/05\/cetys_profesor2018rec-5-768x511.jpg 768w\" sizes=\"auto, (max-width: 958px) 100vw, 958px\" \/><p id=\"caption-attachment-112513\" class=\"wp-caption-text\">El Lic. L\u00f3pez fue reconocido por obtener ell Campeonato Nacional 1ra. fuerza CONADEIP en f\u00fatbol bandera.<\/p><\/div>\n","protected":false},"excerpt":{"rendered":"<p>En el marco de los festejos por el D\u00eda del Maestro, m\u00e1s de 50 acad\u00e9micos pertenecientes a los niveles de Preparatoria, Profesional&#8230;<\/p>\n","protected":false},"author":24,"featured_media":112510,"comment_status":"open","ping_status":"closed","sticky":false,"template":"","format":"standard","meta":{"footnotes":""},"categories":[110,134,313],"tags":[2107,1295,297,247,1232,338,216,92,179,2395],"class_list":["post-112505","post","type-post","status-publish","format-standard","has-post-thumbnail","hentry","category-academia","category-campus-tijuana","category-vocetys-2","tag-academicos","tag-administracion-y-negocios","tag-campus-tijuana","tag-derecho","tag-humanidades","tag-ingenieria","tag-posgrado","tag-preparatoria","tag-psicologia","tag-vocetys-top-2018-05-18"],"yoast_head":"<!-- This site is optimized with the Yoast SEO plugin v27.4 - https:\/\/yoast.com\/product\/yoast-seo-wordpress\/ -->\n<title>Destacan labor de m\u00e1s de 50 acad\u00e9micos en CETYS Tijuana - CETYS<\/title>\n<meta name=\"description\" content=\"Los acad\u00e9micos fueron reconocidos por obtener los puntajes m\u00e1s altos de evaluaci\u00f3n durante el \u00faltimo a\u00f1o, resultado de su entrega y trabajo en el aula.\" \/>\n<meta name=\"robots\" content=\"index, follow, max-snippet:-1, max-image-preview:large, max-video-preview:-1\" \/>\n<link rel=\"canonical\" href=\"https:\/\/www.cetys.mx\/noticias\/destacan-labor-de-mas-de-50-academicos-en-cetys-tijuana\/\" \/>\n<meta property=\"og:locale\" content=\"es_MX\" \/>\n<meta property=\"og:type\" content=\"article\" \/>\n<meta property=\"og:title\" content=\"Destacan labor de m\u00e1s de 50 acad\u00e9micos en CETYS Tijuana - CETYS\" \/>\n<meta property=\"og:description\" content=\"Los acad\u00e9micos fueron reconocidos por obtener los puntajes m\u00e1s altos de evaluaci\u00f3n durante el \u00faltimo a\u00f1o, resultado de su entrega y trabajo en el aula.\" \/>\n<meta property=\"og:url\" content=\"https:\/\/www.cetys.mx\/noticias\/destacan-labor-de-mas-de-50-academicos-en-cetys-tijuana\/\" \/>\n<meta property=\"og:site_name\" content=\"CETYS\" \/>\n<meta property=\"article:publisher\" content=\"https:\/\/www.facebook.com\/cetysuniversidadmxl\/\" \/>\n<meta property=\"article:published_time\" content=\"2018-05-17T23:31:49+00:00\" \/>\n<meta property=\"article:modified_time\" content=\"2018-05-17T23:43:30+00:00\" \/>\n<meta property=\"og:image\" content=\"https:\/\/www.cetys.mx\/noticias\/wp-content\/uploads\/2018\/05\/cetys_profesor2018rec-1.jpg\" \/>\n\t<meta property=\"og:image:width\" content=\"958\" \/>\n\t<meta property=\"og:image:height\" content=\"637\" \/>\n\t<meta property=\"og:image:type\" content=\"image\/jpeg\" \/>\n<meta name=\"author\" content=\"Campus Tijuana\" \/>\n<meta name=\"twitter:card\" content=\"summary_large_image\" \/>\n<meta name=\"twitter:creator\" content=\"@cetysuni\" \/>\n<meta name=\"twitter:site\" content=\"@cetysuni\" \/>\n<meta name=\"twitter:label1\" content=\"Escrito por\" \/>\n\t<meta name=\"twitter:data1\" content=\"Campus Tijuana\" \/>\n\t<meta name=\"twitter:label2\" content=\"Tiempo de lectura\" \/>\n\t<meta name=\"twitter:data2\" content=\"3 minutos\" \/>\n<script type=\"application\/ld+json\" class=\"yoast-schema-graph\">{\"@context\":\"https:\\\/\\\/schema.org\",\"@graph\":[{\"@type\":\"Article\",\"@id\":\"https:\\\/\\\/www.cetys.mx\\\/noticias\\\/destacan-labor-de-mas-de-50-academicos-en-cetys-tijuana\\\/#article\",\"isPartOf\":{\"@id\":\"https:\\\/\\\/www.cetys.mx\\\/noticias\\\/destacan-labor-de-mas-de-50-academicos-en-cetys-tijuana\\\/\"},\"author\":{\"name\":\"Campus Tijuana\",\"@id\":\"https:\\\/\\\/www.cetys.mx\\\/noticias\\\/#\\\/schema\\\/person\\\/e790051ce60e18ae47cfa87011c8653f\"},\"headline\":\"Destacan labor de m\u00e1s de 50 acad\u00e9micos en CETYS Tijuana\",\"datePublished\":\"2018-05-17T23:31:49+00:00\",\"dateModified\":\"2018-05-17T23:43:30+00:00\",\"mainEntityOfPage\":{\"@id\":\"https:\\\/\\\/www.cetys.mx\\\/noticias\\\/destacan-labor-de-mas-de-50-academicos-en-cetys-tijuana\\\/\"},\"wordCount\":584,\"commentCount\":0,\"image\":{\"@id\":\"https:\\\/\\\/www.cetys.mx\\\/noticias\\\/destacan-labor-de-mas-de-50-academicos-en-cetys-tijuana\\\/#primaryimage\"},\"thumbnailUrl\":\"https:\\\/\\\/www.cetys.mx\\\/noticias\\\/wp-content\\\/uploads\\\/2018\\\/05\\\/cetys_profesor2018rec-1.jpg\",\"keywords\":[\"Acad\u00e9micos\",\"Administraci\u00f3n y Negocios\",\"Campus Tijuana\",\"Derecho\",\"humanidades\",\"Ingenier\u00eda\",\"posgrado\",\"Preparatoria\",\"psicolog\u00eda\",\"vocetys-top-2018-05-18\"],\"articleSection\":[\"Academia\",\"Campus Tijuana\",\"VoCETYS\"],\"inLanguage\":\"es\",\"potentialAction\":[{\"@type\":\"CommentAction\",\"name\":\"Comment\",\"target\":[\"https:\\\/\\\/www.cetys.mx\\\/noticias\\\/destacan-labor-de-mas-de-50-academicos-en-cetys-tijuana\\\/#respond\"]}]},{\"@type\":\"WebPage\",\"@id\":\"https:\\\/\\\/www.cetys.mx\\\/noticias\\\/destacan-labor-de-mas-de-50-academicos-en-cetys-tijuana\\\/\",\"url\":\"https:\\\/\\\/www.cetys.mx\\\/noticias\\\/destacan-labor-de-mas-de-50-academicos-en-cetys-tijuana\\\/\",\"name\":\"Destacan labor de m\u00e1s de 50 acad\u00e9micos en CETYS Tijuana - CETYS\",\"isPartOf\":{\"@id\":\"https:\\\/\\\/www.cetys.mx\\\/noticias\\\/#website\"},\"primaryImageOfPage\":{\"@id\":\"https:\\\/\\\/www.cetys.mx\\\/noticias\\\/destacan-labor-de-mas-de-50-academicos-en-cetys-tijuana\\\/#primaryimage\"},\"image\":{\"@id\":\"https:\\\/\\\/www.cetys.mx\\\/noticias\\\/destacan-labor-de-mas-de-50-academicos-en-cetys-tijuana\\\/#primaryimage\"},\"thumbnailUrl\":\"https:\\\/\\\/www.cetys.mx\\\/noticias\\\/wp-content\\\/uploads\\\/2018\\\/05\\\/cetys_profesor2018rec-1.jpg\",\"datePublished\":\"2018-05-17T23:31:49+00:00\",\"dateModified\":\"2018-05-17T23:43:30+00:00\",\"author\":{\"@id\":\"https:\\\/\\\/www.cetys.mx\\\/noticias\\\/#\\\/schema\\\/person\\\/e790051ce60e18ae47cfa87011c8653f\"},\"description\":\"Los acad\u00e9micos fueron reconocidos por obtener los puntajes m\u00e1s altos de evaluaci\u00f3n durante el \u00faltimo a\u00f1o, resultado de su entrega y trabajo en el aula.\",\"breadcrumb\":{\"@id\":\"https:\\\/\\\/www.cetys.mx\\\/noticias\\\/destacan-labor-de-mas-de-50-academicos-en-cetys-tijuana\\\/#breadcrumb\"},\"inLanguage\":\"es\",\"potentialAction\":[{\"@type\":\"ReadAction\",\"target\":[\"https:\\\/\\\/www.cetys.mx\\\/noticias\\\/destacan-labor-de-mas-de-50-academicos-en-cetys-tijuana\\\/\"]}]},{\"@type\":\"ImageObject\",\"inLanguage\":\"es\",\"@id\":\"https:\\\/\\\/www.cetys.mx\\\/noticias\\\/destacan-labor-de-mas-de-50-academicos-en-cetys-tijuana\\\/#primaryimage\",\"url\":\"https:\\\/\\\/www.cetys.mx\\\/noticias\\\/wp-content\\\/uploads\\\/2018\\\/05\\\/cetys_profesor2018rec-1.jpg\",\"contentUrl\":\"https:\\\/\\\/www.cetys.mx\\\/noticias\\\/wp-content\\\/uploads\\\/2018\\\/05\\\/cetys_profesor2018rec-1.jpg\",\"width\":958,\"height\":637},{\"@type\":\"BreadcrumbList\",\"@id\":\"https:\\\/\\\/www.cetys.mx\\\/noticias\\\/destacan-labor-de-mas-de-50-academicos-en-cetys-tijuana\\\/#breadcrumb\",\"itemListElement\":[{\"@type\":\"ListItem\",\"position\":1,\"name\":\"Inicio\",\"item\":\"https:\\\/\\\/www.cetys.mx\\\/noticias\\\/\"},{\"@type\":\"ListItem\",\"position\":2,\"name\":\"Destacan labor de m\u00e1s de 50 acad\u00e9micos en CETYS Tijuana\"}]},{\"@type\":\"WebSite\",\"@id\":\"https:\\\/\\\/www.cetys.mx\\\/noticias\\\/#website\",\"url\":\"https:\\\/\\\/www.cetys.mx\\\/noticias\\\/\",\"name\":\"CETYS\",\"description\":\"\",\"potentialAction\":[{\"@type\":\"SearchAction\",\"target\":{\"@type\":\"EntryPoint\",\"urlTemplate\":\"https:\\\/\\\/www.cetys.mx\\\/noticias\\\/?s={search_term_string}\"},\"query-input\":{\"@type\":\"PropertyValueSpecification\",\"valueRequired\":true,\"valueName\":\"search_term_string\"}}],\"inLanguage\":\"es\"},{\"@type\":\"Person\",\"@id\":\"https:\\\/\\\/www.cetys.mx\\\/noticias\\\/#\\\/schema\\\/person\\\/e790051ce60e18ae47cfa87011c8653f\",\"name\":\"Campus Tijuana\",\"url\":\"https:\\\/\\\/www.cetys.mx\\\/noticias\\\/author\\\/campustijuana\\\/\"}]}<\/script>\n<!-- \/ Yoast SEO plugin. -->","yoast_head_json":{"title":"Destacan labor de m\u00e1s de 50 acad\u00e9micos en CETYS Tijuana - CETYS","description":"Los acad\u00e9micos fueron reconocidos por obtener los puntajes m\u00e1s altos de evaluaci\u00f3n durante el \u00faltimo a\u00f1o, resultado de su entrega y trabajo en el aula.","robots":{"index":"index","follow":"follow","max-snippet":"max-snippet:-1","max-image-preview":"max-image-preview:large","max-video-preview":"max-video-preview:-1"},"canonical":"https:\/\/www.cetys.mx\/noticias\/destacan-labor-de-mas-de-50-academicos-en-cetys-tijuana\/","og_locale":"es_MX","og_type":"article","og_title":"Destacan labor de m\u00e1s de 50 acad\u00e9micos en CETYS Tijuana - CETYS","og_description":"Los acad\u00e9micos fueron reconocidos por obtener los puntajes m\u00e1s altos de evaluaci\u00f3n durante el \u00faltimo a\u00f1o, resultado de su entrega y trabajo en el aula.","og_url":"https:\/\/www.cetys.mx\/noticias\/destacan-labor-de-mas-de-50-academicos-en-cetys-tijuana\/","og_site_name":"CETYS","article_publisher":"https:\/\/www.facebook.com\/cetysuniversidadmxl\/","article_published_time":"2018-05-17T23:31:49+00:00","article_modified_time":"2018-05-17T23:43:30+00:00","og_image":[{"width":958,"height":637,"url":"https:\/\/www.cetys.mx\/noticias\/wp-content\/uploads\/2018\/05\/cetys_profesor2018rec-1.jpg","type":"image\/jpeg"}],"author":"Campus Tijuana","twitter_card":"summary_large_image","twitter_creator":"@cetysuni","twitter_site":"@cetysuni","twitter_misc":{"Escrito por":"Campus Tijuana","Tiempo de lectura":"3 minutos"},"schema":{"@context":"https:\/\/schema.org","@graph":[{"@type":"Article","@id":"https:\/\/www.cetys.mx\/noticias\/destacan-labor-de-mas-de-50-academicos-en-cetys-tijuana\/#article","isPartOf":{"@id":"https:\/\/www.cetys.mx\/noticias\/destacan-labor-de-mas-de-50-academicos-en-cetys-tijuana\/"},"author":{"name":"Campus Tijuana","@id":"https:\/\/www.cetys.mx\/noticias\/#\/schema\/person\/e790051ce60e18ae47cfa87011c8653f"},"headline":"Destacan labor de m\u00e1s de 50 acad\u00e9micos en CETYS Tijuana","datePublished":"2018-05-17T23:31:49+00:00","dateModified":"2018-05-17T23:43:30+00:00","mainEntityOfPage":{"@id":"https:\/\/www.cetys.mx\/noticias\/destacan-labor-de-mas-de-50-academicos-en-cetys-tijuana\/"},"wordCount":584,"commentCount":0,"image":{"@id":"https:\/\/www.cetys.mx\/noticias\/destacan-labor-de-mas-de-50-academicos-en-cetys-tijuana\/#primaryimage"},"thumbnailUrl":"https:\/\/www.cetys.mx\/noticias\/wp-content\/uploads\/2018\/05\/cetys_profesor2018rec-1.jpg","keywords":["Acad\u00e9micos","Administraci\u00f3n y Negocios","Campus Tijuana","Derecho","humanidades","Ingenier\u00eda","posgrado","Preparatoria","psicolog\u00eda","vocetys-top-2018-05-18"],"articleSection":["Academia","Campus Tijuana","VoCETYS"],"inLanguage":"es","potentialAction":[{"@type":"CommentAction","name":"Comment","target":["https:\/\/www.cetys.mx\/noticias\/destacan-labor-de-mas-de-50-academicos-en-cetys-tijuana\/#respond"]}]},{"@type":"WebPage","@id":"https:\/\/www.cetys.mx\/noticias\/destacan-labor-de-mas-de-50-academicos-en-cetys-tijuana\/","url":"https:\/\/www.cetys.mx\/noticias\/destacan-labor-de-mas-de-50-academicos-en-cetys-tijuana\/","name":"Destacan labor de m\u00e1s de 50 acad\u00e9micos en CETYS Tijuana - CETYS","isPartOf":{"@id":"https:\/\/www.cetys.mx\/noticias\/#website"},"primaryImageOfPage":{"@id":"https:\/\/www.cetys.mx\/noticias\/destacan-labor-de-mas-de-50-academicos-en-cetys-tijuana\/#primaryimage"},"image":{"@id":"https:\/\/www.cetys.mx\/noticias\/destacan-labor-de-mas-de-50-academicos-en-cetys-tijuana\/#primaryimage"},"thumbnailUrl":"https:\/\/www.cetys.mx\/noticias\/wp-content\/uploads\/2018\/05\/cetys_profesor2018rec-1.jpg","datePublished":"2018-05-17T23:31:49+00:00","dateModified":"2018-05-17T23:43:30+00:00","author":{"@id":"https:\/\/www.cetys.mx\/noticias\/#\/schema\/person\/e790051ce60e18ae47cfa87011c8653f"},"description":"Los acad\u00e9micos fueron reconocidos por obtener los puntajes m\u00e1s altos de evaluaci\u00f3n durante el \u00faltimo a\u00f1o, resultado de su entrega y trabajo en el aula.","breadcrumb":{"@id":"https:\/\/www.cetys.mx\/noticias\/destacan-labor-de-mas-de-50-academicos-en-cetys-tijuana\/#breadcrumb"},"inLanguage":"es","potentialAction":[{"@type":"ReadAction","target":["https:\/\/www.cetys.mx\/noticias\/destacan-labor-de-mas-de-50-academicos-en-cetys-tijuana\/"]}]},{"@type":"ImageObject","inLanguage":"es","@id":"https:\/\/www.cetys.mx\/noticias\/destacan-labor-de-mas-de-50-academicos-en-cetys-tijuana\/#primaryimage","url":"https:\/\/www.cetys.mx\/noticias\/wp-content\/uploads\/2018\/05\/cetys_profesor2018rec-1.jpg","contentUrl":"https:\/\/www.cetys.mx\/noticias\/wp-content\/uploads\/2018\/05\/cetys_profesor2018rec-1.jpg","width":958,"height":637},{"@type":"BreadcrumbList","@id":"https:\/\/www.cetys.mx\/noticias\/destacan-labor-de-mas-de-50-academicos-en-cetys-tijuana\/#breadcrumb","itemListElement":[{"@type":"ListItem","position":1,"name":"Inicio","item":"https:\/\/www.cetys.mx\/noticias\/"},{"@type":"ListItem","position":2,"name":"Destacan labor de m\u00e1s de 50 acad\u00e9micos en CETYS Tijuana"}]},{"@type":"WebSite","@id":"https:\/\/www.cetys.mx\/noticias\/#website","url":"https:\/\/www.cetys.mx\/noticias\/","name":"CETYS","description":"","potentialAction":[{"@type":"SearchAction","target":{"@type":"EntryPoint","urlTemplate":"https:\/\/www.cetys.mx\/noticias\/?s={search_term_string}"},"query-input":{"@type":"PropertyValueSpecification","valueRequired":true,"valueName":"search_term_string"}}],"inLanguage":"es"},{"@type":"Person","@id":"https:\/\/www.cetys.mx\/noticias\/#\/schema\/person\/e790051ce60e18ae47cfa87011c8653f","name":"Campus Tijuana","url":"https:\/\/www.cetys.mx\/noticias\/author\/campustijuana\/"}]}},"_links":{"self":[{"href":"https:\/\/www.cetys.mx\/noticias\/wp-json\/wp\/v2\/posts\/112505","targetHints":{"allow":["GET"]}}],"collection":[{"href":"https:\/\/www.cetys.mx\/noticias\/wp-json\/wp\/v2\/posts"}],"about":[{"href":"https:\/\/www.cetys.mx\/noticias\/wp-json\/wp\/v2\/types\/post"}],"author":[{"embeddable":true,"href":"https:\/\/www.cetys.mx\/noticias\/wp-json\/wp\/v2\/users\/24"}],"replies":[{"embeddable":true,"href":"https:\/\/www.cetys.mx\/noticias\/wp-json\/wp\/v2\/comments?post=112505"}],"version-history":[{"count":1,"href":"https:\/\/www.cetys.mx\/noticias\/wp-json\/wp\/v2\/posts\/112505\/revisions"}],"predecessor-version":[{"id":209993,"href":"https:\/\/www.cetys.mx\/noticias\/wp-json\/wp\/v2\/posts\/112505\/revisions\/209993"}],"wp:featuredmedia":[{"embeddable":true,"href":"https:\/\/www.cetys.mx\/noticias\/wp-json\/wp\/v2\/media\/112510"}],"wp:attachment":[{"href":"https:\/\/www.cetys.mx\/noticias\/wp-json\/wp\/v2\/media?parent=112505"}],"wp:term":[{"taxonomy":"category","embeddable":true,"href":"https:\/\/www.cetys.mx\/noticias\/wp-json\/wp\/v2\/categories?post=112505"},{"taxonomy":"post_tag","embeddable":true,"href":"https:\/\/www.cetys.mx\/noticias\/wp-json\/wp\/v2\/tags?post=112505"}],"curies":[{"name":"wp","href":"https:\/\/api.w.org\/{rel}","templated":true}]}}