{"id":112494,"date":"2018-05-17T12:29:54","date_gmt":"2018-05-17T19:29:54","guid":{"rendered":"http:\/\/www.cetys.mx\/noticias\/?p=112494"},"modified":"2018-05-17T12:42:29","modified_gmt":"2018-05-17T19:42:29","slug":"elecciones-presidenciales-voto-duro-2018","status":"publish","type":"post","link":"https:\/\/www.cetys.mx\/noticias\/elecciones-presidenciales-voto-duro-2018\/","title":{"rendered":"&#8220;Voto duro&#8221; no definir\u00e1 elecciones presidenciales"},"content":{"rendered":"<p align=\"justify\">De acuerdo con el <strong>Mtro. Alfredo Estrada Caravantes<\/strong>, <a href=\"https:\/\/www.cetys.mx\/oferta-educativa\/profesional\/licenciatura-en-derecho\/\">Director de la Escuela de Derecho de CETYS Universidad Campus Tijuana<\/a>, en el pr\u00f3ximo proceso del 1o de julio<strong> no ser\u00e1 el voto duro quien defina la elecci\u00f3n presidencial<\/strong>, esto como resultado de que los ciudadanos han perdido el miedo a votar por un candidato y no por la instituci\u00f3n que los respalda.<\/p>\n<blockquote>\n<p align=\"justify\">\u201cHablar de voto duro es referirnos a la cantidad de personas que siempre votan por un mismo partido en todas las elecciones, sin embargo, para estas elecciones ese no ser\u00e1 el caso\u201d, puntualiz\u00f3 el experto en Derecho.<\/p>\n<\/blockquote>\n<p align=\"justify\"><img loading=\"lazy\" decoding=\"async\" class=\"alignleft wp-image-112498\" src=\"https:\/\/www.cetys.mx\/noticias\/wp-content\/uploads\/2018\/05\/cetys_alfredo18-1.jpg\" alt=\"\" width=\"350\" height=\"526\" \/>En este sentido, destac\u00f3 que en una importante proporci\u00f3n el voto duro ha venido disminuyendo y ha abierto paso a actores llamados como \u201c<em>Switchers<\/em>\u201d, un t\u00e9rmino nacido en el derecho electoral estadounidense y que refiere a<strong> electores que toman como principal referencia su perspectiva respecto al candidato<\/strong>.<\/p>\n<blockquote>\n<p align=\"justify\">\u201cPoco a poco la gente le ha perdido el miedo a votar por un candidato, estas elecciones ser\u00e1n definidas por los llamados Switchers, seguramente el PRI y el PAN contar\u00e1n con el respaldo de su voto duro, sin embargo\u00a0 una elecci\u00f3n a la presidencia no se puede ganar con un porcentaje tan bajo\u201d, comparti\u00f3 el Mtro. Estrada.<\/p>\n<\/blockquote>\n<p align=\"justify\">En relaci\u00f3n con el voto joven, destac\u00f3 que <strong>hist\u00f3ricamente el segmento que va de los 18 a los 29 a\u00f1os de edad es el que menos vota<\/strong>, principalmente como resultado de la dificultad para concientizarlos y convencerlos de la relevancia que tiene ejercer su derecho ciudadano.<\/p>\n<hr \/>\n<p align=\"justify\"><strong>Para saber m\u00e1s&#8230;<\/strong><\/p>\n<p style=\"text-align: center;\">Las elecciones para Gobernador de Baja California en 1989 y Presidente en el 2000 son las que han contado con la mayor participaci\u00f3n de los j\u00f3venes, derivando la alternancia pol\u00edtica en ambas.<\/p>\n","protected":false},"excerpt":{"rendered":"<p>De acuerdo con el Mtro. Alfredo Estrada Caravantes, Director de la Escuela de Derecho de CETYS Universidad Campus Tijuana, en el pr\u00f3ximo&#8230;<\/p>\n","protected":false},"author":24,"featured_media":112496,"comment_status":"open","ping_status":"closed","sticky":false,"template":"","format":"standard","meta":{"footnotes":""},"categories":[110,134,125,313],"tags":[247,435,2392,2394,2393],"class_list":["post-112494","post","type-post","status-publish","format-standard","has-post-thumbnail","hentry","category-academia","category-campus-tijuana","category-portada","category-vocetys-2","tag-derecho","tag-elecciones","tag-elecciones-presidenciales","tag-vocetys-2018-05-18","tag-voto-duro"],"yoast_head":"<!-- This site is optimized with the Yoast SEO plugin v27.4 - https:\/\/yoast.com\/product\/yoast-seo-wordpress\/ -->\n<title>&quot;Voto duro&quot; no definir\u00e1 elecciones presidenciales - CETYS<\/title>\n<meta name=\"description\" content=\"Asegura que los llamados &quot;Switchers&quot; marcar\u00e1n la diferencia en las elecciones del pr\u00f3ximo primero de julio, seguidos de los j\u00f3venes que buscan un cambio verdadero a favor de M\u00e9xico.\" \/>\n<meta name=\"robots\" content=\"index, follow, max-snippet:-1, max-image-preview:large, max-video-preview:-1\" \/>\n<link rel=\"canonical\" href=\"https:\/\/www.cetys.mx\/noticias\/elecciones-presidenciales-voto-duro-2018\/\" \/>\n<meta property=\"og:locale\" content=\"es_MX\" \/>\n<meta property=\"og:type\" content=\"article\" \/>\n<meta property=\"og:title\" content=\"&quot;Voto duro&quot; no definir\u00e1 elecciones presidenciales - CETYS\" \/>\n<meta property=\"og:description\" content=\"Asegura que los llamados &quot;Switchers&quot; marcar\u00e1n la diferencia en las elecciones del pr\u00f3ximo primero de julio, seguidos de los j\u00f3venes que buscan un cambio verdadero a favor de M\u00e9xico.\" \/>\n<meta property=\"og:url\" content=\"https:\/\/www.cetys.mx\/noticias\/elecciones-presidenciales-voto-duro-2018\/\" \/>\n<meta property=\"og:site_name\" content=\"CETYS\" \/>\n<meta property=\"article:publisher\" content=\"https:\/\/www.facebook.com\/cetysuniversidadmxl\/\" \/>\n<meta property=\"article:published_time\" content=\"2018-05-17T19:29:54+00:00\" \/>\n<meta property=\"article:modified_time\" content=\"2018-05-17T19:42:29+00:00\" \/>\n<meta property=\"og:image\" content=\"https:\/\/www.cetys.mx\/noticias\/wp-content\/uploads\/2018\/05\/cetys_alfredo17.jpg\" \/>\n\t<meta property=\"og:image:width\" content=\"958\" \/>\n\t<meta property=\"og:image:height\" content=\"637\" \/>\n\t<meta property=\"og:image:type\" content=\"image\/jpeg\" \/>\n<meta name=\"author\" content=\"Campus Tijuana\" \/>\n<meta name=\"twitter:card\" content=\"summary_large_image\" \/>\n<meta name=\"twitter:creator\" content=\"@cetysuni\" \/>\n<meta name=\"twitter:site\" content=\"@cetysuni\" \/>\n<meta name=\"twitter:label1\" content=\"Escrito por\" \/>\n\t<meta name=\"twitter:data1\" content=\"Campus Tijuana\" \/>\n\t<meta name=\"twitter:label2\" content=\"Tiempo de lectura\" \/>\n\t<meta name=\"twitter:data2\" content=\"1 minuto\" \/>\n<script type=\"application\/ld+json\" class=\"yoast-schema-graph\">{\"@context\":\"https:\\\/\\\/schema.org\",\"@graph\":[{\"@type\":\"Article\",\"@id\":\"https:\\\/\\\/www.cetys.mx\\\/noticias\\\/elecciones-presidenciales-voto-duro-2018\\\/#article\",\"isPartOf\":{\"@id\":\"https:\\\/\\\/www.cetys.mx\\\/noticias\\\/elecciones-presidenciales-voto-duro-2018\\\/\"},\"author\":{\"name\":\"Campus Tijuana\",\"@id\":\"https:\\\/\\\/www.cetys.mx\\\/noticias\\\/#\\\/schema\\\/person\\\/e790051ce60e18ae47cfa87011c8653f\"},\"headline\":\"&#8220;Voto duro&#8221; no definir\u00e1 elecciones presidenciales\",\"datePublished\":\"2018-05-17T19:29:54+00:00\",\"dateModified\":\"2018-05-17T19:42:29+00:00\",\"mainEntityOfPage\":{\"@id\":\"https:\\\/\\\/www.cetys.mx\\\/noticias\\\/elecciones-presidenciales-voto-duro-2018\\\/\"},\"wordCount\":300,\"commentCount\":0,\"image\":{\"@id\":\"https:\\\/\\\/www.cetys.mx\\\/noticias\\\/elecciones-presidenciales-voto-duro-2018\\\/#primaryimage\"},\"thumbnailUrl\":\"https:\\\/\\\/www.cetys.mx\\\/noticias\\\/wp-content\\\/uploads\\\/2018\\\/05\\\/cetys_alfredo17.jpg\",\"keywords\":[\"Derecho\",\"elecciones\",\"elecciones presidenciales\",\"vocetys-2018-05-18\",\"voto duro\"],\"articleSection\":[\"Academia\",\"Campus Tijuana\",\"Portada\",\"VoCETYS\"],\"inLanguage\":\"es\",\"potentialAction\":[{\"@type\":\"CommentAction\",\"name\":\"Comment\",\"target\":[\"https:\\\/\\\/www.cetys.mx\\\/noticias\\\/elecciones-presidenciales-voto-duro-2018\\\/#respond\"]}]},{\"@type\":\"WebPage\",\"@id\":\"https:\\\/\\\/www.cetys.mx\\\/noticias\\\/elecciones-presidenciales-voto-duro-2018\\\/\",\"url\":\"https:\\\/\\\/www.cetys.mx\\\/noticias\\\/elecciones-presidenciales-voto-duro-2018\\\/\",\"name\":\"\\\"Voto duro\\\" no definir\u00e1 elecciones presidenciales - CETYS\",\"isPartOf\":{\"@id\":\"https:\\\/\\\/www.cetys.mx\\\/noticias\\\/#website\"},\"primaryImageOfPage\":{\"@id\":\"https:\\\/\\\/www.cetys.mx\\\/noticias\\\/elecciones-presidenciales-voto-duro-2018\\\/#primaryimage\"},\"image\":{\"@id\":\"https:\\\/\\\/www.cetys.mx\\\/noticias\\\/elecciones-presidenciales-voto-duro-2018\\\/#primaryimage\"},\"thumbnailUrl\":\"https:\\\/\\\/www.cetys.mx\\\/noticias\\\/wp-content\\\/uploads\\\/2018\\\/05\\\/cetys_alfredo17.jpg\",\"datePublished\":\"2018-05-17T19:29:54+00:00\",\"dateModified\":\"2018-05-17T19:42:29+00:00\",\"author\":{\"@id\":\"https:\\\/\\\/www.cetys.mx\\\/noticias\\\/#\\\/schema\\\/person\\\/e790051ce60e18ae47cfa87011c8653f\"},\"description\":\"Asegura que los llamados \\\"Switchers\\\" marcar\u00e1n la diferencia en las elecciones del pr\u00f3ximo primero de julio, seguidos de los j\u00f3venes que buscan un cambio verdadero a favor de M\u00e9xico.\",\"breadcrumb\":{\"@id\":\"https:\\\/\\\/www.cetys.mx\\\/noticias\\\/elecciones-presidenciales-voto-duro-2018\\\/#breadcrumb\"},\"inLanguage\":\"es\",\"potentialAction\":[{\"@type\":\"ReadAction\",\"target\":[\"https:\\\/\\\/www.cetys.mx\\\/noticias\\\/elecciones-presidenciales-voto-duro-2018\\\/\"]}]},{\"@type\":\"ImageObject\",\"inLanguage\":\"es\",\"@id\":\"https:\\\/\\\/www.cetys.mx\\\/noticias\\\/elecciones-presidenciales-voto-duro-2018\\\/#primaryimage\",\"url\":\"https:\\\/\\\/www.cetys.mx\\\/noticias\\\/wp-content\\\/uploads\\\/2018\\\/05\\\/cetys_alfredo17.jpg\",\"contentUrl\":\"https:\\\/\\\/www.cetys.mx\\\/noticias\\\/wp-content\\\/uploads\\\/2018\\\/05\\\/cetys_alfredo17.jpg\",\"width\":958,\"height\":637},{\"@type\":\"BreadcrumbList\",\"@id\":\"https:\\\/\\\/www.cetys.mx\\\/noticias\\\/elecciones-presidenciales-voto-duro-2018\\\/#breadcrumb\",\"itemListElement\":[{\"@type\":\"ListItem\",\"position\":1,\"name\":\"Inicio\",\"item\":\"https:\\\/\\\/www.cetys.mx\\\/noticias\\\/\"},{\"@type\":\"ListItem\",\"position\":2,\"name\":\"&#8220;Voto duro&#8221; no definir\u00e1 elecciones presidenciales\"}]},{\"@type\":\"WebSite\",\"@id\":\"https:\\\/\\\/www.cetys.mx\\\/noticias\\\/#website\",\"url\":\"https:\\\/\\\/www.cetys.mx\\\/noticias\\\/\",\"name\":\"CETYS\",\"description\":\"\",\"potentialAction\":[{\"@type\":\"SearchAction\",\"target\":{\"@type\":\"EntryPoint\",\"urlTemplate\":\"https:\\\/\\\/www.cetys.mx\\\/noticias\\\/?s={search_term_string}\"},\"query-input\":{\"@type\":\"PropertyValueSpecification\",\"valueRequired\":true,\"valueName\":\"search_term_string\"}}],\"inLanguage\":\"es\"},{\"@type\":\"Person\",\"@id\":\"https:\\\/\\\/www.cetys.mx\\\/noticias\\\/#\\\/schema\\\/person\\\/e790051ce60e18ae47cfa87011c8653f\",\"name\":\"Campus Tijuana\",\"url\":\"https:\\\/\\\/www.cetys.mx\\\/noticias\\\/author\\\/campustijuana\\\/\"}]}<\/script>\n<!-- \/ Yoast SEO plugin. -->","yoast_head_json":{"title":"\"Voto duro\" no definir\u00e1 elecciones presidenciales - CETYS","description":"Asegura que los llamados \"Switchers\" marcar\u00e1n la diferencia en las elecciones del pr\u00f3ximo primero de julio, seguidos de los j\u00f3venes que buscan un cambio verdadero a favor de M\u00e9xico.","robots":{"index":"index","follow":"follow","max-snippet":"max-snippet:-1","max-image-preview":"max-image-preview:large","max-video-preview":"max-video-preview:-1"},"canonical":"https:\/\/www.cetys.mx\/noticias\/elecciones-presidenciales-voto-duro-2018\/","og_locale":"es_MX","og_type":"article","og_title":"\"Voto duro\" no definir\u00e1 elecciones presidenciales - CETYS","og_description":"Asegura que los llamados \"Switchers\" marcar\u00e1n la diferencia en las elecciones del pr\u00f3ximo primero de julio, seguidos de los j\u00f3venes que buscan un cambio verdadero a favor de M\u00e9xico.","og_url":"https:\/\/www.cetys.mx\/noticias\/elecciones-presidenciales-voto-duro-2018\/","og_site_name":"CETYS","article_publisher":"https:\/\/www.facebook.com\/cetysuniversidadmxl\/","article_published_time":"2018-05-17T19:29:54+00:00","article_modified_time":"2018-05-17T19:42:29+00:00","og_image":[{"width":958,"height":637,"url":"https:\/\/www.cetys.mx\/noticias\/wp-content\/uploads\/2018\/05\/cetys_alfredo17.jpg","type":"image\/jpeg"}],"author":"Campus Tijuana","twitter_card":"summary_large_image","twitter_creator":"@cetysuni","twitter_site":"@cetysuni","twitter_misc":{"Escrito por":"Campus Tijuana","Tiempo de lectura":"1 minuto"},"schema":{"@context":"https:\/\/schema.org","@graph":[{"@type":"Article","@id":"https:\/\/www.cetys.mx\/noticias\/elecciones-presidenciales-voto-duro-2018\/#article","isPartOf":{"@id":"https:\/\/www.cetys.mx\/noticias\/elecciones-presidenciales-voto-duro-2018\/"},"author":{"name":"Campus Tijuana","@id":"https:\/\/www.cetys.mx\/noticias\/#\/schema\/person\/e790051ce60e18ae47cfa87011c8653f"},"headline":"&#8220;Voto duro&#8221; no definir\u00e1 elecciones presidenciales","datePublished":"2018-05-17T19:29:54+00:00","dateModified":"2018-05-17T19:42:29+00:00","mainEntityOfPage":{"@id":"https:\/\/www.cetys.mx\/noticias\/elecciones-presidenciales-voto-duro-2018\/"},"wordCount":300,"commentCount":0,"image":{"@id":"https:\/\/www.cetys.mx\/noticias\/elecciones-presidenciales-voto-duro-2018\/#primaryimage"},"thumbnailUrl":"https:\/\/www.cetys.mx\/noticias\/wp-content\/uploads\/2018\/05\/cetys_alfredo17.jpg","keywords":["Derecho","elecciones","elecciones presidenciales","vocetys-2018-05-18","voto duro"],"articleSection":["Academia","Campus Tijuana","Portada","VoCETYS"],"inLanguage":"es","potentialAction":[{"@type":"CommentAction","name":"Comment","target":["https:\/\/www.cetys.mx\/noticias\/elecciones-presidenciales-voto-duro-2018\/#respond"]}]},{"@type":"WebPage","@id":"https:\/\/www.cetys.mx\/noticias\/elecciones-presidenciales-voto-duro-2018\/","url":"https:\/\/www.cetys.mx\/noticias\/elecciones-presidenciales-voto-duro-2018\/","name":"\"Voto duro\" no definir\u00e1 elecciones presidenciales - CETYS","isPartOf":{"@id":"https:\/\/www.cetys.mx\/noticias\/#website"},"primaryImageOfPage":{"@id":"https:\/\/www.cetys.mx\/noticias\/elecciones-presidenciales-voto-duro-2018\/#primaryimage"},"image":{"@id":"https:\/\/www.cetys.mx\/noticias\/elecciones-presidenciales-voto-duro-2018\/#primaryimage"},"thumbnailUrl":"https:\/\/www.cetys.mx\/noticias\/wp-content\/uploads\/2018\/05\/cetys_alfredo17.jpg","datePublished":"2018-05-17T19:29:54+00:00","dateModified":"2018-05-17T19:42:29+00:00","author":{"@id":"https:\/\/www.cetys.mx\/noticias\/#\/schema\/person\/e790051ce60e18ae47cfa87011c8653f"},"description":"Asegura que los llamados \"Switchers\" marcar\u00e1n la diferencia en las elecciones del pr\u00f3ximo primero de julio, seguidos de los j\u00f3venes que buscan un cambio verdadero a favor de M\u00e9xico.","breadcrumb":{"@id":"https:\/\/www.cetys.mx\/noticias\/elecciones-presidenciales-voto-duro-2018\/#breadcrumb"},"inLanguage":"es","potentialAction":[{"@type":"ReadAction","target":["https:\/\/www.cetys.mx\/noticias\/elecciones-presidenciales-voto-duro-2018\/"]}]},{"@type":"ImageObject","inLanguage":"es","@id":"https:\/\/www.cetys.mx\/noticias\/elecciones-presidenciales-voto-duro-2018\/#primaryimage","url":"https:\/\/www.cetys.mx\/noticias\/wp-content\/uploads\/2018\/05\/cetys_alfredo17.jpg","contentUrl":"https:\/\/www.cetys.mx\/noticias\/wp-content\/uploads\/2018\/05\/cetys_alfredo17.jpg","width":958,"height":637},{"@type":"BreadcrumbList","@id":"https:\/\/www.cetys.mx\/noticias\/elecciones-presidenciales-voto-duro-2018\/#breadcrumb","itemListElement":[{"@type":"ListItem","position":1,"name":"Inicio","item":"https:\/\/www.cetys.mx\/noticias\/"},{"@type":"ListItem","position":2,"name":"&#8220;Voto duro&#8221; no definir\u00e1 elecciones presidenciales"}]},{"@type":"WebSite","@id":"https:\/\/www.cetys.mx\/noticias\/#website","url":"https:\/\/www.cetys.mx\/noticias\/","name":"CETYS","description":"","potentialAction":[{"@type":"SearchAction","target":{"@type":"EntryPoint","urlTemplate":"https:\/\/www.cetys.mx\/noticias\/?s={search_term_string}"},"query-input":{"@type":"PropertyValueSpecification","valueRequired":true,"valueName":"search_term_string"}}],"inLanguage":"es"},{"@type":"Person","@id":"https:\/\/www.cetys.mx\/noticias\/#\/schema\/person\/e790051ce60e18ae47cfa87011c8653f","name":"Campus Tijuana","url":"https:\/\/www.cetys.mx\/noticias\/author\/campustijuana\/"}]}},"_links":{"self":[{"href":"https:\/\/www.cetys.mx\/noticias\/wp-json\/wp\/v2\/posts\/112494","targetHints":{"allow":["GET"]}}],"collection":[{"href":"https:\/\/www.cetys.mx\/noticias\/wp-json\/wp\/v2\/posts"}],"about":[{"href":"https:\/\/www.cetys.mx\/noticias\/wp-json\/wp\/v2\/types\/post"}],"author":[{"embeddable":true,"href":"https:\/\/www.cetys.mx\/noticias\/wp-json\/wp\/v2\/users\/24"}],"replies":[{"embeddable":true,"href":"https:\/\/www.cetys.mx\/noticias\/wp-json\/wp\/v2\/comments?post=112494"}],"version-history":[{"count":0,"href":"https:\/\/www.cetys.mx\/noticias\/wp-json\/wp\/v2\/posts\/112494\/revisions"}],"wp:featuredmedia":[{"embeddable":true,"href":"https:\/\/www.cetys.mx\/noticias\/wp-json\/wp\/v2\/media\/112496"}],"wp:attachment":[{"href":"https:\/\/www.cetys.mx\/noticias\/wp-json\/wp\/v2\/media?parent=112494"}],"wp:term":[{"taxonomy":"category","embeddable":true,"href":"https:\/\/www.cetys.mx\/noticias\/wp-json\/wp\/v2\/categories?post=112494"},{"taxonomy":"post_tag","embeddable":true,"href":"https:\/\/www.cetys.mx\/noticias\/wp-json\/wp\/v2\/tags?post=112494"}],"curies":[{"name":"wp","href":"https:\/\/api.w.org\/{rel}","templated":true}]}}