{"id":112340,"date":"2018-05-10T23:20:00","date_gmt":"2018-05-11T06:20:00","guid":{"rendered":"http:\/\/www.cetys.mx\/noticias\/?p=112340"},"modified":"2020-03-12T19:50:22","modified_gmt":"2020-03-13T02:50:22","slug":"la-historia-de-gardenia-y-el-deporte-que-no-le-gustaba","status":"publish","type":"post","link":"https:\/\/www.cetys.mx\/noticias\/la-historia-de-gardenia-y-el-deporte-que-no-le-gustaba\/","title":{"rendered":"La historia de Gardenia y el deporte que no le gustaba"},"content":{"rendered":"<p style=\"text-align: justify;\">Es apenas el segundo semestre de la <a href=\"https:\/\/www.cetys.mx\/oferta-educativa\/profesional\/licenciatura-en-derecho\/\">Licenciatura en Derecho<\/a> para <strong>Gardenia L\u00f3pez Alcaraz<\/strong> y la novata del equipo representativo de b\u00e1squetbol de Zorros de CETYS Universidad ya cuenta con dos grandes t\u00edtulos nacionales en el 2018 con el equipo representativo: Los Ocho Grandes de la Liga ABE y la medalla de Oro en la <a href=\"https:\/\/universiadanacional2018.uaemex.mx\/\">Universiada Nacional<\/a>.<\/p>\n<p style=\"text-align: justify;\">Y como la mayor\u00eda de los estudiantes for\u00e1neos \u2013ella es de Caborca, Sonora-, le ha costado adaptarse a una nueva ciudad, lejos de sus padres, adem\u00e1s de nuevas y muy importantes responsabilidades, como lo son el estudio y lo que conlleva ser parte de un equipo de alto nivel.<\/p>\n<blockquote><p>\u201cLas cosas que m\u00e1s me pueden, es haber dejado a mi pap\u00e1 y a mi mam\u00e1, pues aunque aqu\u00ed en Mexicali yo vivo con mi hermano se extra\u00f1a mucho dejar a mi familia y el lugar donde nac\u00ed, donde me cri\u00e9, ha sido dif\u00edcil\u201d, nos declara Gardenia, en una charla improvisada que tenemos en una de las gradas del Gimnasio de B\u00e1squetbol.<\/p><\/blockquote>\n<div id=\"attachment_112342\" style=\"width: 650px\" class=\"wp-caption alignnone\"><img loading=\"lazy\" decoding=\"async\" aria-describedby=\"caption-attachment-112342\" class=\"size-full wp-image-112342\" src=\"https:\/\/www.cetys.mx\/noticias\/wp-content\/uploads\/2018\/05\/gardenia01.jpg\" alt=\"\" width=\"640\" height=\"960\" \/><p id=\"caption-attachment-112342\" class=\"wp-caption-text\">Ahora Gardenia es una de las basquetbolistas de Campus Mexicali que juega en el representativo de CETYS Universidad.<\/p><\/div>\n<p style=\"text-align: justify;\"><strong>C\u00f3mo empez\u00f3 <\/strong><\/p>\n<p style=\"text-align: justify;\">Para Gardenia el b\u00e1squetbol no era desconocido, pues su padre fue basquetbolista desde muy chico y cada que pod\u00eda trataba de convencer a su hija a que siguiera el mismo camino, aunque sin resultados, pues Gardenia no estaba interesada a pesar de los esfuerzos de su pap\u00e1 por que comenzara en el baloncesto.<\/p>\n<p style=\"text-align: justify;\">A ella lo que le interesaba era el Atletismo y desde los 7 a\u00f1os comenz\u00f3 a practicarlo, primero en Pruebas Combinadas y despu\u00e9s como Fondista, corriendo los 800 Metros Planos y luego en la prueba de Salto de Altura.<\/p>\n<p style=\"text-align: justify;\">A pesar de los esfuerzos de su padre por que se interesara en b\u00e1squetbol, no fue hasta que un profesor de la Universidad de Sonora (UNISON) Campus Caborca la invit\u00f3 a uno de los entrenamientos del equipo femenil.<\/p>\n<blockquote><p>\u201cEl profe me dijo \u00b4ven un d\u00eda, a ver si te gusta\u00b4 y me fue muy bien, pues a pesar de que yo no sab\u00eda tirar ten\u00eda todas las ventajas de haber practicado el Atletismo: Velocidad, resistencia, brinco, fuerza y coordinaci\u00f3n; as\u00ed que despu\u00e9s de ese primer d\u00eda me qued\u00e9 una semana y luego otra, me fue gustando y me fui quedando\u201d, nos coment\u00f3.<\/p><\/blockquote>\n<div id=\"attachment_112343\" style=\"width: 650px\" class=\"wp-caption alignnone\"><img loading=\"lazy\" decoding=\"async\" aria-describedby=\"caption-attachment-112343\" class=\"size-full wp-image-112343\" src=\"https:\/\/www.cetys.mx\/noticias\/wp-content\/uploads\/2018\/05\/gardenia03.jpg\" alt=\"\" width=\"640\" height=\"960\" \/><p id=\"caption-attachment-112343\" class=\"wp-caption-text\">Gardenia cambi\u00f3 la pista por la duela.<\/p><\/div>\n<p style=\"text-align: justify;\">En ese entonces, Gardenia ten\u00eda 10 a\u00f1os, estudiaba el quinto a\u00f1o de primaria y jugaba en un equipo con j\u00f3venes de 18 a\u00f1os, que en su momento enfrentaron a atletas de hasta 40 a\u00f1os en la Liga Municipal de Caborca; poco a poco aquella peque\u00f1a fue ganando experiencia y tuvo varios llamados a seleccionados sonorenses y en 2015 obtuvo medalla de Bronce en la Olimpiada Regional realizada en Monterrey, Nuevo Le\u00f3n.<\/p>\n<p style=\"text-align: justify;\"><strong>La llamada<\/strong><\/p>\n<p style=\"text-align: justify;\">En el \u00faltimo semestre de su preparaci\u00f3n bachiller, Gardenia ten\u00eda puesta la mira en una Universidad diferente a la que hoy es su Alma Mater, pero su madre la inst\u00f3 a revisar las opciones que ten\u00eda en CETYS Universidad: \u201cM\u00e9tete a las p\u00e1ginas y mira, no importa que tengas en mente otra Universidad, \u00bfQu\u00e9 puedes perder?\u201d, le dec\u00eda. \u201cPero para qu\u00e9, no me han hablado y adem\u00e1s las muchachas del equipo de b\u00e1squetbol de CETYS son buen\u00edsimas\u201d, le contest\u00f3 Gardenia.<\/p>\n<blockquote><p>Un d\u00eda, su madre entr\u00f3 al cuarto y le dijo: \u201cGardenia le est\u00e1n hablando a tu pap\u00e1, es del CETYS\u201d. En ese momento Gardenia no pod\u00eda respirar, y como nos cuenta, \u201cfue muy emocionante, mi pap\u00e1 estaba en la llamada, estaba llorando, literalmente no pod\u00eda hablar de la emoci\u00f3n\u201d.<\/p><\/blockquote>\n<p style=\"text-align: justify;\">\u201cLe dijeron que me pod\u00edan ofrecer una beca, que viniera a conocer la escuela y a hacer algunos ex\u00e1menes y pues vine y me gust\u00f3. Me hicieron las pruebas y me ofrecieron el porcentaje de beca con el que me pod\u00edan ayudar, al final me decid\u00ed y aqu\u00ed estoy, se me hizo la mejor opci\u00f3n\u201d, nos comenta Gardenia.<\/p>\n<div id=\"attachment_112344\" style=\"width: 1664px\" class=\"wp-caption alignnone\"><img loading=\"lazy\" decoding=\"async\" aria-describedby=\"caption-attachment-112344\" class=\"size-full wp-image-112344\" src=\"https:\/\/www.cetys.mx\/noticias\/wp-content\/uploads\/2018\/05\/gardenia04.jpg\" alt=\"\" width=\"1654\" height=\"2481\" srcset=\"https:\/\/www.cetys.mx\/noticias\/wp-content\/uploads\/2018\/05\/gardenia04.jpg 1654w, https:\/\/www.cetys.mx\/noticias\/wp-content\/uploads\/2018\/05\/gardenia04-768x1152.jpg 768w\" sizes=\"auto, (max-width: 1654px) 100vw, 1654px\" \/><p id=\"caption-attachment-112344\" class=\"wp-caption-text\">En su participaci\u00f3n en la Universiada Regional.<\/p><\/div>\n<p style=\"text-align: justify;\"><strong>Agradecida con el equipo y sus pap\u00e1s<\/strong><\/p>\n<p style=\"text-align: justify;\">El 29 de julio de 2018 ser\u00e1 un a\u00f1o de la decisi\u00f3n que tom\u00f3 y que ha cambiado el rumbo de su vida, en donde s\u00f3lo ha podido viajar en 3 ocasiones a casa de sus padres: Un fin de semana en noviembre del a\u00f1o pasado, luego en diciembre, aunque tuvo que acortar la estancia por tener entrenamientos de Liga ABE y en marzo despu\u00e9s de la Universiada Regional con sede en Hermosillo, donde al regresar en cami\u00f3n le dijo al chofer \u201cyo aqu\u00ed me bajo\u201d, cuando pasaban por Caborca; sus pap\u00e1s la recogieron y luego de unos d\u00edas de asueto la llevaron a Mexicali.<\/p>\n<blockquote>\n<p style=\"text-align: justify;\">A pesar de la distancia, Gardenia se siente agradecida de ser parte del equipo representativo de CETYS Universidad y estudiar aqu\u00ed: \u201cYo soy novata, me toc\u00f3 la oportunidad de jugar con Damaris Temores y Miriam Lara en su \u00faltimo a\u00f1o de Maestr\u00eda, la pr\u00f3xima temporada nos dejan su experiencia de a\u00f1os jugando en Zorros y yo espero tener el espacio para poder apoyar m\u00e1s al equipo; por otra parte, creo que mis pap\u00e1s est\u00e1n orgullosos de lo que he logrado por practicar \u00b4basket\u00b4, sin ellos y su apoyo no estar\u00eda donde estoy ahora\u201d, finaliz\u00f3.<\/p>\n<\/blockquote>\n<div id=\"attachment_112345\" style=\"width: 4522px\" class=\"wp-caption alignnone\"><img loading=\"lazy\" decoding=\"async\" aria-describedby=\"caption-attachment-112345\" class=\"size-full wp-image-112345\" src=\"https:\/\/www.cetys.mx\/noticias\/wp-content\/uploads\/2018\/05\/equipocetys.jpg\" alt=\"\" width=\"4512\" height=\"3008\" srcset=\"https:\/\/www.cetys.mx\/noticias\/wp-content\/uploads\/2018\/05\/equipocetys.jpg 4512w, https:\/\/www.cetys.mx\/noticias\/wp-content\/uploads\/2018\/05\/equipocetys-768x512.jpg 768w\" sizes=\"auto, (max-width: 4512px) 100vw, 4512px\" \/><p id=\"caption-attachment-112345\" class=\"wp-caption-text\">Con sus compa\u00f1eras de equipo.<\/p><\/div>\n<p style=\"text-align: justify;\">\n","protected":false},"excerpt":{"rendered":"<p>Es apenas el segundo semestre de la Licenciatura en Derecho para Gardenia L\u00f3pez Alcaraz y la novata del equipo representativo de b\u00e1squetbol&#8230;<\/p>\n","protected":false},"author":20,"featured_media":112341,"comment_status":"open","ping_status":"closed","sticky":false,"template":"","format":"standard","meta":{"footnotes":""},"categories":[133,312,125,105,313],"tags":[2247,1404,729,730,2386,2381],"class_list":["post-112340","post","type-post","status-publish","format-standard","has-post-thumbnail","hentry","category-campus-mexicali","category-deportes","category-portada","category-vida-estudiantil","category-vocetys-2","tag-basquetbol-femenil","tag-liga-abe","tag-medalla-de-oro","tag-universiada-nacional","tag-vocetys-2018-05-16","tag-zorros-de-cetys"],"yoast_head":"<!-- This site is optimized with the Yoast SEO plugin v27.4 - https:\/\/yoast.com\/product\/yoast-seo-wordpress\/ -->\n<title>La historia de Gardenia y el deporte que no le gustaba - CETYS<\/title>\n<meta name=\"description\" content=\"Articulo sobre La historia de Gardenia y el deporte que no le gustaba\" \/>\n<meta name=\"robots\" content=\"index, follow, max-snippet:-1, max-image-preview:large, max-video-preview:-1\" \/>\n<link rel=\"canonical\" href=\"https:\/\/www.cetys.mx\/noticias\/la-historia-de-gardenia-y-el-deporte-que-no-le-gustaba\/\" \/>\n<meta property=\"og:locale\" content=\"es_MX\" \/>\n<meta property=\"og:type\" content=\"article\" \/>\n<meta property=\"og:title\" content=\"La historia de Gardenia y el deporte que no le gustaba - CETYS\" \/>\n<meta property=\"og:description\" content=\"Articulo sobre La historia de Gardenia y el deporte que no le gustaba\" \/>\n<meta property=\"og:url\" content=\"https:\/\/www.cetys.mx\/noticias\/la-historia-de-gardenia-y-el-deporte-que-no-le-gustaba\/\" \/>\n<meta property=\"og:site_name\" content=\"CETYS\" \/>\n<meta property=\"article:publisher\" content=\"https:\/\/www.facebook.com\/cetysuniversidadmxl\/\" \/>\n<meta property=\"article:published_time\" content=\"2018-05-11T06:20:00+00:00\" \/>\n<meta property=\"article:modified_time\" content=\"2020-03-13T02:50:22+00:00\" \/>\n<meta property=\"og:image\" content=\"https:\/\/www.cetys.mx\/noticias\/wp-content\/uploads\/2018\/05\/gardenia06.jpg\" \/>\n\t<meta property=\"og:image:width\" content=\"4512\" \/>\n\t<meta property=\"og:image:height\" content=\"3008\" \/>\n\t<meta property=\"og:image:type\" content=\"image\/jpeg\" \/>\n<meta name=\"author\" content=\"Campus Mexicali\" \/>\n<meta name=\"twitter:card\" content=\"summary_large_image\" \/>\n<meta name=\"twitter:creator\" content=\"@cetysuni\" \/>\n<meta name=\"twitter:site\" content=\"@cetysuni\" \/>\n<meta name=\"twitter:label1\" content=\"Escrito por\" \/>\n\t<meta name=\"twitter:data1\" content=\"Campus Mexicali\" \/>\n\t<meta name=\"twitter:label2\" content=\"Tiempo de lectura\" \/>\n\t<meta name=\"twitter:data2\" content=\"5 minutos\" \/>\n<script type=\"application\/ld+json\" class=\"yoast-schema-graph\">{\"@context\":\"https:\\\/\\\/schema.org\",\"@graph\":[{\"@type\":\"Article\",\"@id\":\"https:\\\/\\\/www.cetys.mx\\\/noticias\\\/la-historia-de-gardenia-y-el-deporte-que-no-le-gustaba\\\/#article\",\"isPartOf\":{\"@id\":\"https:\\\/\\\/www.cetys.mx\\\/noticias\\\/la-historia-de-gardenia-y-el-deporte-que-no-le-gustaba\\\/\"},\"author\":{\"name\":\"Campus Mexicali\",\"@id\":\"https:\\\/\\\/www.cetys.mx\\\/noticias\\\/#\\\/schema\\\/person\\\/79a95c4ac185f3705cf1b9c9340a5f70\"},\"headline\":\"La historia de Gardenia y el deporte que no le gustaba\",\"datePublished\":\"2018-05-11T06:20:00+00:00\",\"dateModified\":\"2020-03-13T02:50:22+00:00\",\"mainEntityOfPage\":{\"@id\":\"https:\\\/\\\/www.cetys.mx\\\/noticias\\\/la-historia-de-gardenia-y-el-deporte-que-no-le-gustaba\\\/\"},\"wordCount\":963,\"commentCount\":0,\"image\":{\"@id\":\"https:\\\/\\\/www.cetys.mx\\\/noticias\\\/la-historia-de-gardenia-y-el-deporte-que-no-le-gustaba\\\/#primaryimage\"},\"thumbnailUrl\":\"https:\\\/\\\/www.cetys.mx\\\/noticias\\\/wp-content\\\/uploads\\\/2018\\\/05\\\/gardenia06.jpg\",\"keywords\":[\"B\u00e1squetbol Femenil\",\"Liga ABE\",\"Medalla de Oro\",\"Universiada Nacional\",\"vocetys-2018-05-16\",\"Zorros de CETYS\"],\"articleSection\":[\"Campus Mexicali\",\"Deportes\",\"Portada\",\"Vida Estudiantil\",\"VoCETYS\"],\"inLanguage\":\"es\",\"potentialAction\":[{\"@type\":\"CommentAction\",\"name\":\"Comment\",\"target\":[\"https:\\\/\\\/www.cetys.mx\\\/noticias\\\/la-historia-de-gardenia-y-el-deporte-que-no-le-gustaba\\\/#respond\"]}]},{\"@type\":\"WebPage\",\"@id\":\"https:\\\/\\\/www.cetys.mx\\\/noticias\\\/la-historia-de-gardenia-y-el-deporte-que-no-le-gustaba\\\/\",\"url\":\"https:\\\/\\\/www.cetys.mx\\\/noticias\\\/la-historia-de-gardenia-y-el-deporte-que-no-le-gustaba\\\/\",\"name\":\"La historia de Gardenia y el deporte que no le gustaba - CETYS\",\"isPartOf\":{\"@id\":\"https:\\\/\\\/www.cetys.mx\\\/noticias\\\/#website\"},\"primaryImageOfPage\":{\"@id\":\"https:\\\/\\\/www.cetys.mx\\\/noticias\\\/la-historia-de-gardenia-y-el-deporte-que-no-le-gustaba\\\/#primaryimage\"},\"image\":{\"@id\":\"https:\\\/\\\/www.cetys.mx\\\/noticias\\\/la-historia-de-gardenia-y-el-deporte-que-no-le-gustaba\\\/#primaryimage\"},\"thumbnailUrl\":\"https:\\\/\\\/www.cetys.mx\\\/noticias\\\/wp-content\\\/uploads\\\/2018\\\/05\\\/gardenia06.jpg\",\"datePublished\":\"2018-05-11T06:20:00+00:00\",\"dateModified\":\"2020-03-13T02:50:22+00:00\",\"author\":{\"@id\":\"https:\\\/\\\/www.cetys.mx\\\/noticias\\\/#\\\/schema\\\/person\\\/79a95c4ac185f3705cf1b9c9340a5f70\"},\"description\":\"Articulo sobre La historia de Gardenia y el deporte que no le gustaba\",\"breadcrumb\":{\"@id\":\"https:\\\/\\\/www.cetys.mx\\\/noticias\\\/la-historia-de-gardenia-y-el-deporte-que-no-le-gustaba\\\/#breadcrumb\"},\"inLanguage\":\"es\",\"potentialAction\":[{\"@type\":\"ReadAction\",\"target\":[\"https:\\\/\\\/www.cetys.mx\\\/noticias\\\/la-historia-de-gardenia-y-el-deporte-que-no-le-gustaba\\\/\"]}]},{\"@type\":\"ImageObject\",\"inLanguage\":\"es\",\"@id\":\"https:\\\/\\\/www.cetys.mx\\\/noticias\\\/la-historia-de-gardenia-y-el-deporte-que-no-le-gustaba\\\/#primaryimage\",\"url\":\"https:\\\/\\\/www.cetys.mx\\\/noticias\\\/wp-content\\\/uploads\\\/2018\\\/05\\\/gardenia06.jpg\",\"contentUrl\":\"https:\\\/\\\/www.cetys.mx\\\/noticias\\\/wp-content\\\/uploads\\\/2018\\\/05\\\/gardenia06.jpg\",\"width\":4512,\"height\":3008,\"caption\":\"La basquetbolista Gardenia L\u00f3pez.\"},{\"@type\":\"BreadcrumbList\",\"@id\":\"https:\\\/\\\/www.cetys.mx\\\/noticias\\\/la-historia-de-gardenia-y-el-deporte-que-no-le-gustaba\\\/#breadcrumb\",\"itemListElement\":[{\"@type\":\"ListItem\",\"position\":1,\"name\":\"Inicio\",\"item\":\"https:\\\/\\\/www.cetys.mx\\\/noticias\\\/\"},{\"@type\":\"ListItem\",\"position\":2,\"name\":\"La historia de Gardenia y el deporte que no le gustaba\"}]},{\"@type\":\"WebSite\",\"@id\":\"https:\\\/\\\/www.cetys.mx\\\/noticias\\\/#website\",\"url\":\"https:\\\/\\\/www.cetys.mx\\\/noticias\\\/\",\"name\":\"CETYS\",\"description\":\"\",\"potentialAction\":[{\"@type\":\"SearchAction\",\"target\":{\"@type\":\"EntryPoint\",\"urlTemplate\":\"https:\\\/\\\/www.cetys.mx\\\/noticias\\\/?s={search_term_string}\"},\"query-input\":{\"@type\":\"PropertyValueSpecification\",\"valueRequired\":true,\"valueName\":\"search_term_string\"}}],\"inLanguage\":\"es\"},{\"@type\":\"Person\",\"@id\":\"https:\\\/\\\/www.cetys.mx\\\/noticias\\\/#\\\/schema\\\/person\\\/79a95c4ac185f3705cf1b9c9340a5f70\",\"name\":\"Campus Mexicali\",\"url\":\"https:\\\/\\\/www.cetys.mx\\\/noticias\\\/author\\\/campusmexicali\\\/\"}]}<\/script>\n<!-- \/ Yoast SEO plugin. -->","yoast_head_json":{"title":"La historia de Gardenia y el deporte que no le gustaba - CETYS","description":"Articulo sobre La historia de Gardenia y el deporte que no le gustaba","robots":{"index":"index","follow":"follow","max-snippet":"max-snippet:-1","max-image-preview":"max-image-preview:large","max-video-preview":"max-video-preview:-1"},"canonical":"https:\/\/www.cetys.mx\/noticias\/la-historia-de-gardenia-y-el-deporte-que-no-le-gustaba\/","og_locale":"es_MX","og_type":"article","og_title":"La historia de Gardenia y el deporte que no le gustaba - CETYS","og_description":"Articulo sobre La historia de Gardenia y el deporte que no le gustaba","og_url":"https:\/\/www.cetys.mx\/noticias\/la-historia-de-gardenia-y-el-deporte-que-no-le-gustaba\/","og_site_name":"CETYS","article_publisher":"https:\/\/www.facebook.com\/cetysuniversidadmxl\/","article_published_time":"2018-05-11T06:20:00+00:00","article_modified_time":"2020-03-13T02:50:22+00:00","og_image":[{"width":4512,"height":3008,"url":"https:\/\/www.cetys.mx\/noticias\/wp-content\/uploads\/2018\/05\/gardenia06.jpg","type":"image\/jpeg"}],"author":"Campus Mexicali","twitter_card":"summary_large_image","twitter_creator":"@cetysuni","twitter_site":"@cetysuni","twitter_misc":{"Escrito por":"Campus Mexicali","Tiempo de lectura":"5 minutos"},"schema":{"@context":"https:\/\/schema.org","@graph":[{"@type":"Article","@id":"https:\/\/www.cetys.mx\/noticias\/la-historia-de-gardenia-y-el-deporte-que-no-le-gustaba\/#article","isPartOf":{"@id":"https:\/\/www.cetys.mx\/noticias\/la-historia-de-gardenia-y-el-deporte-que-no-le-gustaba\/"},"author":{"name":"Campus Mexicali","@id":"https:\/\/www.cetys.mx\/noticias\/#\/schema\/person\/79a95c4ac185f3705cf1b9c9340a5f70"},"headline":"La historia de Gardenia y el deporte que no le gustaba","datePublished":"2018-05-11T06:20:00+00:00","dateModified":"2020-03-13T02:50:22+00:00","mainEntityOfPage":{"@id":"https:\/\/www.cetys.mx\/noticias\/la-historia-de-gardenia-y-el-deporte-que-no-le-gustaba\/"},"wordCount":963,"commentCount":0,"image":{"@id":"https:\/\/www.cetys.mx\/noticias\/la-historia-de-gardenia-y-el-deporte-que-no-le-gustaba\/#primaryimage"},"thumbnailUrl":"https:\/\/www.cetys.mx\/noticias\/wp-content\/uploads\/2018\/05\/gardenia06.jpg","keywords":["B\u00e1squetbol Femenil","Liga ABE","Medalla de Oro","Universiada Nacional","vocetys-2018-05-16","Zorros de CETYS"],"articleSection":["Campus Mexicali","Deportes","Portada","Vida Estudiantil","VoCETYS"],"inLanguage":"es","potentialAction":[{"@type":"CommentAction","name":"Comment","target":["https:\/\/www.cetys.mx\/noticias\/la-historia-de-gardenia-y-el-deporte-que-no-le-gustaba\/#respond"]}]},{"@type":"WebPage","@id":"https:\/\/www.cetys.mx\/noticias\/la-historia-de-gardenia-y-el-deporte-que-no-le-gustaba\/","url":"https:\/\/www.cetys.mx\/noticias\/la-historia-de-gardenia-y-el-deporte-que-no-le-gustaba\/","name":"La historia de Gardenia y el deporte que no le gustaba - CETYS","isPartOf":{"@id":"https:\/\/www.cetys.mx\/noticias\/#website"},"primaryImageOfPage":{"@id":"https:\/\/www.cetys.mx\/noticias\/la-historia-de-gardenia-y-el-deporte-que-no-le-gustaba\/#primaryimage"},"image":{"@id":"https:\/\/www.cetys.mx\/noticias\/la-historia-de-gardenia-y-el-deporte-que-no-le-gustaba\/#primaryimage"},"thumbnailUrl":"https:\/\/www.cetys.mx\/noticias\/wp-content\/uploads\/2018\/05\/gardenia06.jpg","datePublished":"2018-05-11T06:20:00+00:00","dateModified":"2020-03-13T02:50:22+00:00","author":{"@id":"https:\/\/www.cetys.mx\/noticias\/#\/schema\/person\/79a95c4ac185f3705cf1b9c9340a5f70"},"description":"Articulo sobre La historia de Gardenia y el deporte que no le gustaba","breadcrumb":{"@id":"https:\/\/www.cetys.mx\/noticias\/la-historia-de-gardenia-y-el-deporte-que-no-le-gustaba\/#breadcrumb"},"inLanguage":"es","potentialAction":[{"@type":"ReadAction","target":["https:\/\/www.cetys.mx\/noticias\/la-historia-de-gardenia-y-el-deporte-que-no-le-gustaba\/"]}]},{"@type":"ImageObject","inLanguage":"es","@id":"https:\/\/www.cetys.mx\/noticias\/la-historia-de-gardenia-y-el-deporte-que-no-le-gustaba\/#primaryimage","url":"https:\/\/www.cetys.mx\/noticias\/wp-content\/uploads\/2018\/05\/gardenia06.jpg","contentUrl":"https:\/\/www.cetys.mx\/noticias\/wp-content\/uploads\/2018\/05\/gardenia06.jpg","width":4512,"height":3008,"caption":"La basquetbolista Gardenia L\u00f3pez."},{"@type":"BreadcrumbList","@id":"https:\/\/www.cetys.mx\/noticias\/la-historia-de-gardenia-y-el-deporte-que-no-le-gustaba\/#breadcrumb","itemListElement":[{"@type":"ListItem","position":1,"name":"Inicio","item":"https:\/\/www.cetys.mx\/noticias\/"},{"@type":"ListItem","position":2,"name":"La historia de Gardenia y el deporte que no le gustaba"}]},{"@type":"WebSite","@id":"https:\/\/www.cetys.mx\/noticias\/#website","url":"https:\/\/www.cetys.mx\/noticias\/","name":"CETYS","description":"","potentialAction":[{"@type":"SearchAction","target":{"@type":"EntryPoint","urlTemplate":"https:\/\/www.cetys.mx\/noticias\/?s={search_term_string}"},"query-input":{"@type":"PropertyValueSpecification","valueRequired":true,"valueName":"search_term_string"}}],"inLanguage":"es"},{"@type":"Person","@id":"https:\/\/www.cetys.mx\/noticias\/#\/schema\/person\/79a95c4ac185f3705cf1b9c9340a5f70","name":"Campus Mexicali","url":"https:\/\/www.cetys.mx\/noticias\/author\/campusmexicali\/"}]}},"_links":{"self":[{"href":"https:\/\/www.cetys.mx\/noticias\/wp-json\/wp\/v2\/posts\/112340","targetHints":{"allow":["GET"]}}],"collection":[{"href":"https:\/\/www.cetys.mx\/noticias\/wp-json\/wp\/v2\/posts"}],"about":[{"href":"https:\/\/www.cetys.mx\/noticias\/wp-json\/wp\/v2\/types\/post"}],"author":[{"embeddable":true,"href":"https:\/\/www.cetys.mx\/noticias\/wp-json\/wp\/v2\/users\/20"}],"replies":[{"embeddable":true,"href":"https:\/\/www.cetys.mx\/noticias\/wp-json\/wp\/v2\/comments?post=112340"}],"version-history":[{"count":0,"href":"https:\/\/www.cetys.mx\/noticias\/wp-json\/wp\/v2\/posts\/112340\/revisions"}],"wp:featuredmedia":[{"embeddable":true,"href":"https:\/\/www.cetys.mx\/noticias\/wp-json\/wp\/v2\/media\/112341"}],"wp:attachment":[{"href":"https:\/\/www.cetys.mx\/noticias\/wp-json\/wp\/v2\/media?parent=112340"}],"wp:term":[{"taxonomy":"category","embeddable":true,"href":"https:\/\/www.cetys.mx\/noticias\/wp-json\/wp\/v2\/categories?post=112340"},{"taxonomy":"post_tag","embeddable":true,"href":"https:\/\/www.cetys.mx\/noticias\/wp-json\/wp\/v2\/tags?post=112340"}],"curies":[{"name":"wp","href":"https:\/\/api.w.org\/{rel}","templated":true}]}}